{"@context":"https:\/\/schema.org\/","@type":"ProfilePage","@id":"https:\/\/www.telavita.com.br\/blog\/author\/priscila-vasconcelos-peruchi\/#ProfilePage","headline":"About Psic\u00f3loga Priscila Peruchi - CRP 11\/12057","dateCreated":"2020-06-23 20:35:21","datePublished":"2020-07-29 16:15:15","dateModified":"2020-07-29 16:15:28","about":{"@type":"Person","@id":"https:\/\/www.telavita.com.br\/blog\/author\/priscila-vasconcelos-peruchi\/#Person","name":"Psic\u00f3loga Priscila Peruchi - CRP 11\/12057","url":"https:\/\/www.telavita.com.br\/blog\/author\/priscila-vasconcelos-peruchi\/","identifier":24,"description":"Trabalho com a Terapia Cognitiva-Comportamental para ajudar o meu cliente a lidar com suas quest\u00f5es no \u00e2mbito profissional, familiar e de relacionamentos. Meu campo de atua\u00e7\u00e3o \u00e9 Stress, Depress\u00e3o e Ansiedade. Sou Mestranda em Neuropsicologia Aplicada na Universidade Lus\u00f3fona de Lisboa, com p\u00f3s-gradua\u00e7\u00e3o em Neuroci\u00eancia e reabilita\u00e7\u00e3o pela Unifor-Universidade de Fortaleza e certificada pelo IPCS em Avalia\u00e7\u00e3o de Stress nas Empresas. Psic\u00f3loga Cl\u00ednica, com atua\u00e7\u00e3o em S\u00e3o Paulo e em Fortaleza, experi\u00eancia com atendimentos a Adultos e Adolescentes \u00e0 partir de 15 anos.","image":{"@type":"ImageObject","@id":"https:\/\/secure.gravatar.com\/avatar\/3d6fefb3fee7b2553f9a3c32d97ba403?s=96&d=mm&r=g","url":"https:\/\/secure.gravatar.com\/avatar\/3d6fefb3fee7b2553f9a3c32d97ba403?s=96&d=mm&r=g","height":96,"width":96}},"mainEntity":{"@type":"Person","@id":"https:\/\/www.telavita.com.br\/blog\/author\/priscila-vasconcelos-peruchi\/#Person","name":"Psic\u00f3loga Priscila Peruchi - CRP 11\/12057","url":"https:\/\/www.telavita.com.br\/blog\/author\/priscila-vasconcelos-peruchi\/","identifier":24,"description":"Trabalho com a Terapia Cognitiva-Comportamental para ajudar o meu cliente a lidar com suas quest\u00f5es no \u00e2mbito profissional, familiar e de relacionamentos. Meu campo de atua\u00e7\u00e3o \u00e9 Stress, Depress\u00e3o e Ansiedade. Sou Mestranda em Neuropsicologia Aplicada na Universidade Lus\u00f3fona de Lisboa, com p\u00f3s-gradua\u00e7\u00e3o em Neuroci\u00eancia e reabilita\u00e7\u00e3o pela Unifor-Universidade de Fortaleza e certificada pelo IPCS em Avalia\u00e7\u00e3o de Stress nas Empresas. Psic\u00f3loga Cl\u00ednica, com atua\u00e7\u00e3o em S\u00e3o Paulo e em Fortaleza, experi\u00eancia com atendimentos a Adultos e Adolescentes \u00e0 partir de 15 anos.","image":{"@type":"ImageObject","@id":"https:\/\/secure.gravatar.com\/avatar\/3d6fefb3fee7b2553f9a3c32d97ba403?s=96&d=mm&r=g","url":"https:\/\/secure.gravatar.com\/avatar\/3d6fefb3fee7b2553f9a3c32d97ba403?s=96&d=mm&r=g","height":96,"width":96}}}