{"@context":"https:\/\/schema.org\/","@type":"CollectionPage","@id":"https:\/\/www.telavita.com.br\/blog\/category\/doencas\/#CollectionPage","headline":"Doen\u00e7as Category","description":"","url":"https:\/\/www.telavita.com.br\/blog\/category\/doencas\/","hasPart":[{"@type":"BlogPosting","@id":"https:\/\/www.telavita.com.br\/blog\/covid-19-saude-emocional\/","headline":"Covid-19: o micro-organismo que afeta o comportamento e a sa\u00fade emocional","url":"https:\/\/www.telavita.com.br\/blog\/covid-19-saude-emocional\/","datePublished":"2020-03-19","dateModified":"2024-04-23","mainEntityOfPage":"https:\/\/www.telavita.com.br\/blog\/covid-19-saude-emocional\/","author":{"@type":"Person","@id":"https:\/\/www.telavita.com.br\/blog\/author\/sonia-pittigliani\/#Person","name":"Psic\u00f3loga Sonia Pittigliani - CRP 06\/14188","url":"https:\/\/www.telavita.com.br\/blog\/author\/sonia-pittigliani\/","identifier":16,"description":"Psic\u00f3loga formada em 1982, me especializei em Psicoterapia Breve e Psicologia Hospitalar, tendo feito mestrado em Psicologia da Sa\u00fade. Toda minha vida profissional foi fundamentada numa postura \u00e9tica humana, tendo trabalhado como psicoterapeuta (anal\u00edtica din\u00e2mica) em meu consult\u00f3rio, psicologia oncol\u00f3gica e psicologia hospitalar (UTI de adultos - politrauma, cardiologia e neurologia), sala de Emerg\u00eancia (atendendo tentativas de suic\u00eddio por intoxica\u00e7\u00e3o e depend\u00eancia qu\u00edmica) e tamb\u00e9m atuado como professora de Psicologia Educacional, em escolas estaduais no in\u00edcio de carreira, nas Faculdades Oswaldo Cruz (curso de especializa\u00e7\u00e3o em Oncologia) e na UNICID (mat\u00e9ria de toxicologia cl\u00ednica na Faculdade de Medicina e Psicologia Forense na Faculdade de Direito). No hospital fui Chefe da cl\u00ednica de Psicologia Hospitalar (por tr\u00eas anos) e na cl\u00ednica de oncologia coordenei a equipe multiprofissional. Atualmente atendo clinicamente, e desenvolvo um trabalho de mentoria.","image":{"@type":"ImageObject","@id":"https:\/\/secure.gravatar.com\/avatar\/b0b9c286c6073d3dd8121d02e9b86d88?s=96&d=mm&r=g","url":"https:\/\/secure.gravatar.com\/avatar\/b0b9c286c6073d3dd8121d02e9b86d88?s=96&d=mm&r=g","height":96,"width":96}},"publisher":{"@type":"Organization","name":"TELAVITA","logo":{"@type":"ImageObject","@id":"https:\/\/www.telavita.com.br\/blog\/wp-content\/uploads\/2021\/05\/telavita.jpg","url":"https:\/\/www.telavita.com.br\/blog\/wp-content\/uploads\/2021\/05\/telavita.jpg","width":200,"height":200}},"image":{"@type":"ImageObject","@id":"https:\/\/www.telavita.com.br\/blog\/wp-content\/uploads\/2020\/03\/covid-19.jpg","url":"https:\/\/www.telavita.com.br\/blog\/wp-content\/uploads\/2020\/03\/covid-19.jpg","height":560,"width":900},"keywords":null},{"@type":"BlogPosting","@id":"https:\/\/www.telavita.com.br\/blog\/diferenca-entre-hiv-e-aids\/","headline":"Voc\u00ea sabe a diferen\u00e7a entre HIV e Aids?","url":"https:\/\/www.telavita.com.br\/blog\/diferenca-entre-hiv-e-aids\/","datePublished":"2019-12-01","dateModified":"2019-11-12","mainEntityOfPage":"https:\/\/www.telavita.com.br\/blog\/diferenca-entre-hiv-e-aids\/","author":{"@type":"Person","@id":"https:\/\/www.telavita.com.br\/blog\/author\/juliana-sonsin\/#Person","name":"Juliana Sonsin","url":"https:\/\/www.telavita.com.br\/blog\/author\/juliana-sonsin\/","identifier":8,"description":"Jornalista formada pela Faculdade C\u00e1sper Libero e especializada em sa\u00fade. Apaixonada por escrever roteiros de v\u00eddeos, produzir (e assistir) document\u00e1rios e ler sobre tudo um pouco. Acredito no jornalismo \u00e9tico como um meio de trazer ao p\u00fablico informa\u00e7\u00f5es e hist\u00f3rias que valem a pena serem contadas. Gosto de viajar, fazer yoga e assistir s\u00e9ries.","image":{"@type":"ImageObject","@id":"https:\/\/secure.gravatar.com\/avatar\/dfb14c6228cdf7312fea984efc84d04e?s=96&d=mm&r=g","url":"https:\/\/secure.gravatar.com\/avatar\/dfb14c6228cdf7312fea984efc84d04e?s=96&d=mm&r=g","height":96,"width":96}},"publisher":{"@type":"Organization","name":"TELAVITA","logo":{"@type":"ImageObject","@id":"https:\/\/www.telavita.com.br\/blog\/wp-content\/uploads\/2021\/05\/telavita.jpg","url":"https:\/\/www.telavita.com.br\/blog\/wp-content\/uploads\/2021\/05\/telavita.jpg","width":200,"height":200}},"image":{"@type":"ImageObject","@id":"https:\/\/www.telavita.com.br\/blog\/wp-content\/uploads\/2019\/02\/diferenca-de-hiv-e-aids.jpg","url":"https:\/\/www.telavita.com.br\/blog\/wp-content\/uploads\/2019\/02\/diferenca-de-hiv-e-aids.jpg","height":560,"width":900},"keywords":null},{"@type":"BlogPosting","@id":"https:\/\/www.telavita.com.br\/blog\/cancer-de-mama-impacto-psicologico\/","headline":"Outubro Rosa: C\u00e2ncer de mama e o impacto psicol\u00f3gico","url":"https:\/\/www.telavita.com.br\/blog\/cancer-de-mama-impacto-psicologico\/","datePublished":"2019-10-31","dateModified":"2021-09-24","mainEntityOfPage":"https:\/\/www.telavita.com.br\/blog\/cancer-de-mama-impacto-psicologico\/","author":{"@type":"Person","@id":"https:\/\/www.telavita.com.br\/blog\/author\/telavita\/#Person","name":"Telavita","url":"https:\/\/www.telavita.com.br\/blog\/author\/telavita\/","identifier":11,"image":{"@type":"ImageObject","@id":"https:\/\/secure.gravatar.com\/avatar\/ac2e61ce00e3238eb646b649fdcae5e4?s=96&d=mm&r=g","url":"https:\/\/secure.gravatar.com\/avatar\/ac2e61ce00e3238eb646b649fdcae5e4?s=96&d=mm&r=g","height":96,"width":96}},"publisher":{"@type":"Organization","name":"TELAVITA","logo":{"@type":"ImageObject","@id":"https:\/\/www.telavita.com.br\/blog\/wp-content\/uploads\/2021\/05\/telavita.jpg","url":"https:\/\/www.telavita.com.br\/blog\/wp-content\/uploads\/2021\/05\/telavita.jpg","width":200,"height":200}},"image":{"@type":"ImageObject","@id":"https:\/\/www.telavita.com.br\/blog\/wp-content\/uploads\/2019\/10\/outubro-rosa.jpg","url":"https:\/\/www.telavita.com.br\/blog\/wp-content\/uploads\/2019\/10\/outubro-rosa.jpg","height":853,"width":1280},"keywords":null},{"@type":"BlogPosting","@id":"https:\/\/www.telavita.com.br\/blog\/prevenir-demencia\/","headline":"Qual a melhor forma de prevenir dem\u00eancia?","url":"https:\/\/www.telavita.com.br\/blog\/prevenir-demencia\/","datePublished":"2019-09-15","dateModified":"2019-10-16","mainEntityOfPage":"https:\/\/www.telavita.com.br\/blog\/prevenir-demencia\/","author":{"@type":"Person","@id":"https:\/\/www.telavita.com.br\/blog\/author\/telavita\/#Person","name":"Telavita","url":"https:\/\/www.telavita.com.br\/blog\/author\/telavita\/","identifier":11,"image":{"@type":"ImageObject","@id":"https:\/\/secure.gravatar.com\/avatar\/ac2e61ce00e3238eb646b649fdcae5e4?s=96&d=mm&r=g","url":"https:\/\/secure.gravatar.com\/avatar\/ac2e61ce00e3238eb646b649fdcae5e4?s=96&d=mm&r=g","height":96,"width":96}},"publisher":{"@type":"Organization","name":"TELAVITA","logo":{"@type":"ImageObject","@id":"https:\/\/www.telavita.com.br\/blog\/wp-content\/uploads\/2021\/05\/telavita.jpg","url":"https:\/\/www.telavita.com.br\/blog\/wp-content\/uploads\/2021\/05\/telavita.jpg","width":200,"height":200}},"image":{"@type":"ImageObject","@id":"https:\/\/www.telavita.com.br\/blog\/wp-content\/uploads\/2019\/08\/prevenir-demencia.jpg","url":"https:\/\/www.telavita.com.br\/blog\/wp-content\/uploads\/2019\/08\/prevenir-demencia.jpg","height":560,"width":900},"keywords":null,"commentCount":"1","comment":[{"@type":"Comment","@id":"https:\/\/www.telavita.com.br\/blog\/prevenir-demencia\/#Comment1","dateCreated":"2022-03-05 19:01:29","description":"Tem \u00e1reas m\u00e9dicas que ficam mais estagnadas, como o EEG em rela\u00e7\u00e3o a Neurofisiologia, que a exemplo do veterano exame \"Raio X\" ganhou imagens digitais! At\u00e9 hoje N\u00e3o observei aten\u00e7\u00e3o ao c\u00e9rebro no quesito \"Neur\u00f4nios\" que v\u00e1 al\u00e9m  das conex\u00f5es el\u00e9tricas mas a funcionalidade de cada um: est\u00e1 ativa ou absorvida por outros Neur\u00f4nios!","author":{"@type":"Person","name":"Geraldo","url":""}}]},{"@type":"BlogPosting","@id":"https:\/\/www.telavita.com.br\/blog\/cancer-e-obesidade\/","headline":"C\u00e2ncer pode ser uma das doen\u00e7as causadas pela obesidade aponta estudo","url":"https:\/\/www.telavita.com.br\/blog\/cancer-e-obesidade\/","datePublished":"2019-08-13","dateModified":"2019-10-17","mainEntityOfPage":"https:\/\/www.telavita.com.br\/blog\/cancer-e-obesidade\/","author":{"@type":"Person","@id":"https:\/\/www.telavita.com.br\/blog\/author\/telavita\/#Person","name":"Telavita","url":"https:\/\/www.telavita.com.br\/blog\/author\/telavita\/","identifier":11,"image":{"@type":"ImageObject","@id":"https:\/\/secure.gravatar.com\/avatar\/ac2e61ce00e3238eb646b649fdcae5e4?s=96&d=mm&r=g","url":"https:\/\/secure.gravatar.com\/avatar\/ac2e61ce00e3238eb646b649fdcae5e4?s=96&d=mm&r=g","height":96,"width":96}},"publisher":{"@type":"Organization","name":"TELAVITA","logo":{"@type":"ImageObject","@id":"https:\/\/www.telavita.com.br\/blog\/wp-content\/uploads\/2021\/05\/telavita.jpg","url":"https:\/\/www.telavita.com.br\/blog\/wp-content\/uploads\/2021\/05\/telavita.jpg","width":200,"height":200}},"image":{"@type":"ImageObject","@id":"https:\/\/www.telavita.com.br\/blog\/wp-content\/uploads\/2019\/08\/doencas-causadas-pela-obesidade.jpg","url":"https:\/\/www.telavita.com.br\/blog\/wp-content\/uploads\/2019\/08\/doencas-causadas-pela-obesidade.jpg","height":560,"width":900},"keywords":null},{"@type":"BlogPosting","@id":"https:\/\/www.telavita.com.br\/blog\/familia-de-pessoas-com-demencia\/","headline":"Os benef\u00edcios do acompanhamento psicol\u00f3gico para a fam\u00edlia de pessoas com dem\u00eancia","url":"https:\/\/www.telavita.com.br\/blog\/familia-de-pessoas-com-demencia\/","datePublished":"2019-07-31","dateModified":"2024-04-24","mainEntityOfPage":"https:\/\/www.telavita.com.br\/blog\/familia-de-pessoas-com-demencia\/","author":{"@type":"Person","@id":"https:\/\/www.telavita.com.br\/blog\/author\/telavita\/#Person","name":"Telavita","url":"https:\/\/www.telavita.com.br\/blog\/author\/telavita\/","identifier":11,"image":{"@type":"ImageObject","@id":"https:\/\/secure.gravatar.com\/avatar\/ac2e61ce00e3238eb646b649fdcae5e4?s=96&d=mm&r=g","url":"https:\/\/secure.gravatar.com\/avatar\/ac2e61ce00e3238eb646b649fdcae5e4?s=96&d=mm&r=g","height":96,"width":96}},"publisher":{"@type":"Organization","name":"TELAVITA","logo":{"@type":"ImageObject","@id":"https:\/\/www.telavita.com.br\/blog\/wp-content\/uploads\/2021\/05\/telavita.jpg","url":"https:\/\/www.telavita.com.br\/blog\/wp-content\/uploads\/2021\/05\/telavita.jpg","width":200,"height":200}},"image":{"@type":"ImageObject","@id":"https:\/\/www.telavita.com.br\/blog\/wp-content\/uploads\/2019\/08\/familia-de-pessoas-com-demencia.jpg","url":"https:\/\/www.telavita.com.br\/blog\/wp-content\/uploads\/2019\/08\/familia-de-pessoas-com-demencia.jpg","height":560,"width":900},"keywords":null},{"@type":"BlogPosting","@id":"https:\/\/www.telavita.com.br\/blog\/alzheimer-ansiedade-estresse\/","headline":"Alzheimer e sua liga\u00e7\u00e3o com a ansiedade, estresse e cansa\u00e7o","url":"https:\/\/www.telavita.com.br\/blog\/alzheimer-ansiedade-estresse\/","datePublished":"2019-06-04","dateModified":"2024-04-26","mainEntityOfPage":"https:\/\/www.telavita.com.br\/blog\/alzheimer-ansiedade-estresse\/","author":{"@type":"Person","@id":"https:\/\/www.telavita.com.br\/blog\/author\/telavita\/#Person","name":"Telavita","url":"https:\/\/www.telavita.com.br\/blog\/author\/telavita\/","identifier":11,"image":{"@type":"ImageObject","@id":"https:\/\/secure.gravatar.com\/avatar\/ac2e61ce00e3238eb646b649fdcae5e4?s=96&d=mm&r=g","url":"https:\/\/secure.gravatar.com\/avatar\/ac2e61ce00e3238eb646b649fdcae5e4?s=96&d=mm&r=g","height":96,"width":96}},"publisher":{"@type":"Organization","name":"TELAVITA","logo":{"@type":"ImageObject","@id":"https:\/\/www.telavita.com.br\/blog\/wp-content\/uploads\/2021\/05\/telavita.jpg","url":"https:\/\/www.telavita.com.br\/blog\/wp-content\/uploads\/2021\/05\/telavita.jpg","width":200,"height":200}},"image":{"@type":"ImageObject","@id":"https:\/\/www.telavita.com.br\/blog\/wp-content\/uploads\/2019\/06\/alzheimer.jpg","url":"https:\/\/www.telavita.com.br\/blog\/wp-content\/uploads\/2019\/06\/alzheimer.jpg","height":560,"width":900},"keywords":null},{"@type":"BlogPosting","@id":"https:\/\/www.telavita.com.br\/blog\/outubro-rosa\/","headline":"Outubro Rosa em a\u00e7\u00e3o! Confira os sintomas e tratamentos do c\u00e2ncer de mama!","url":"https:\/\/www.telavita.com.br\/blog\/outubro-rosa\/","datePublished":"2018-10-02","dateModified":"2024-07-04","mainEntityOfPage":"https:\/\/www.telavita.com.br\/blog\/outubro-rosa\/","author":{"@type":"Person","@id":"https:\/\/www.telavita.com.br\/blog\/author\/juliana-sonsin\/#Person","name":"Juliana Sonsin","url":"https:\/\/www.telavita.com.br\/blog\/author\/juliana-sonsin\/","identifier":8,"description":"Jornalista formada pela Faculdade C\u00e1sper Libero e especializada em sa\u00fade. Apaixonada por escrever roteiros de v\u00eddeos, produzir (e assistir) document\u00e1rios e ler sobre tudo um pouco. Acredito no jornalismo \u00e9tico como um meio de trazer ao p\u00fablico informa\u00e7\u00f5es e hist\u00f3rias que valem a pena serem contadas. Gosto de viajar, fazer yoga e assistir s\u00e9ries.","image":{"@type":"ImageObject","@id":"https:\/\/secure.gravatar.com\/avatar\/dfb14c6228cdf7312fea984efc84d04e?s=96&d=mm&r=g","url":"https:\/\/secure.gravatar.com\/avatar\/dfb14c6228cdf7312fea984efc84d04e?s=96&d=mm&r=g","height":96,"width":96}},"publisher":{"@type":"Organization","name":"TELAVITA","logo":{"@type":"ImageObject","@id":"https:\/\/www.telavita.com.br\/blog\/wp-content\/uploads\/2021\/05\/telavita.jpg","url":"https:\/\/www.telavita.com.br\/blog\/wp-content\/uploads\/2021\/05\/telavita.jpg","width":200,"height":200}},"image":{"@type":"ImageObject","@id":"https:\/\/www.telavita.com.br\/blog\/wp-content\/uploads\/2018\/09\/cancer-de-mama.jpg","url":"https:\/\/www.telavita.com.br\/blog\/wp-content\/uploads\/2018\/09\/cancer-de-mama.jpg","height":560,"width":900},"keywords":null},{"@type":"BlogPosting","@id":"https:\/\/www.telavita.com.br\/blog\/impacto-psicologico-do-cancer\/","headline":"Saiba mais sobre o impacto do c\u00e2ncer e da import\u00e2ncia do tratamento psicol\u00f3gico","url":"https:\/\/www.telavita.com.br\/blog\/impacto-psicologico-do-cancer\/","datePublished":"2018-10-01","dateModified":"2024-06-28","mainEntityOfPage":"https:\/\/www.telavita.com.br\/blog\/impacto-psicologico-do-cancer\/","author":{"@type":"Person","@id":"https:\/\/www.telavita.com.br\/blog\/author\/juliana-sonsin\/#Person","name":"Juliana Sonsin","url":"https:\/\/www.telavita.com.br\/blog\/author\/juliana-sonsin\/","identifier":8,"description":"Jornalista formada pela Faculdade C\u00e1sper Libero e especializada em sa\u00fade. Apaixonada por escrever roteiros de v\u00eddeos, produzir (e assistir) document\u00e1rios e ler sobre tudo um pouco. Acredito no jornalismo \u00e9tico como um meio de trazer ao p\u00fablico informa\u00e7\u00f5es e hist\u00f3rias que valem a pena serem contadas. Gosto de viajar, fazer yoga e assistir s\u00e9ries.","image":{"@type":"ImageObject","@id":"https:\/\/secure.gravatar.com\/avatar\/dfb14c6228cdf7312fea984efc84d04e?s=96&d=mm&r=g","url":"https:\/\/secure.gravatar.com\/avatar\/dfb14c6228cdf7312fea984efc84d04e?s=96&d=mm&r=g","height":96,"width":96}},"publisher":{"@type":"Organization","name":"TELAVITA","logo":{"@type":"ImageObject","@id":"https:\/\/www.telavita.com.br\/blog\/wp-content\/uploads\/2021\/05\/telavita.jpg","url":"https:\/\/www.telavita.com.br\/blog\/wp-content\/uploads\/2021\/05\/telavita.jpg","width":200,"height":200}},"image":{"@type":"ImageObject","@id":"https:\/\/www.telavita.com.br\/blog\/wp-content\/uploads\/2018\/09\/impacto-cancer.jpg","url":"https:\/\/www.telavita.com.br\/blog\/wp-content\/uploads\/2018\/09\/impacto-cancer.jpg","height":560,"width":900},"keywords":null},{"@type":"BlogPosting","@id":"https:\/\/www.telavita.com.br\/blog\/aids\/","headline":"A import\u00e2ncia do acompanhamento psicol\u00f3gico para as pessoas com AIDS ou HIV","url":"https:\/\/www.telavita.com.br\/blog\/aids\/","datePublished":"2018-02-01","dateModified":"2024-04-23","mainEntityOfPage":"https:\/\/www.telavita.com.br\/blog\/aids\/","author":{"@type":"Person","@id":"https:\/\/www.telavita.com.br\/blog\/author\/telavita\/#Person","name":"Telavita","url":"https:\/\/www.telavita.com.br\/blog\/author\/telavita\/","identifier":11,"image":{"@type":"ImageObject","@id":"https:\/\/secure.gravatar.com\/avatar\/ac2e61ce00e3238eb646b649fdcae5e4?s=96&d=mm&r=g","url":"https:\/\/secure.gravatar.com\/avatar\/ac2e61ce00e3238eb646b649fdcae5e4?s=96&d=mm&r=g","height":96,"width":96}},"publisher":{"@type":"Organization","name":"TELAVITA","logo":{"@type":"ImageObject","@id":"https:\/\/www.telavita.com.br\/blog\/wp-content\/uploads\/2021\/05\/telavita.jpg","url":"https:\/\/www.telavita.com.br\/blog\/wp-content\/uploads\/2021\/05\/telavita.jpg","width":200,"height":200}},"image":{"@type":"ImageObject","@id":"https:\/\/www.telavita.com.br\/blog\/wp-content\/uploads\/2018\/02\/hiv.jpg","url":"https:\/\/www.telavita.com.br\/blog\/wp-content\/uploads\/2018\/02\/hiv.jpg","height":560,"width":900},"keywords":null}]}