{"@context":"https:\/\/schema.org\/","@type":"CollectionPage","@id":"https:\/\/www.telavita.com.br\/blog\/category\/relacionamento\/familia\/#CollectionPage","headline":"Fam\u00edlia Category","description":"","url":"https:\/\/www.telavita.com.br\/blog\/category\/relacionamento\/familia\/","hasPart":[{"@type":"BlogPosting","@id":"https:\/\/www.telavita.com.br\/blog\/alienacao-parental\/","headline":"A aliena\u00e7\u00e3o parental e os seus impactos psicol\u00f3gicos","url":"https:\/\/www.telavita.com.br\/blog\/alienacao-parental\/","datePublished":"2023-05-12","dateModified":"2023-05-12","mainEntityOfPage":"https:\/\/www.telavita.com.br\/blog\/alienacao-parental\/","author":{"@type":"Person","@id":"https:\/\/www.telavita.com.br\/blog\/author\/telavita\/#Person","name":"Telavita","url":"https:\/\/www.telavita.com.br\/blog\/author\/telavita\/","identifier":11,"image":{"@type":"ImageObject","@id":"https:\/\/secure.gravatar.com\/avatar\/ac2e61ce00e3238eb646b649fdcae5e4?s=96&d=mm&r=g","url":"https:\/\/secure.gravatar.com\/avatar\/ac2e61ce00e3238eb646b649fdcae5e4?s=96&d=mm&r=g","height":96,"width":96}},"publisher":{"@type":"Organization","name":"TELAVITA","logo":{"@type":"ImageObject","@id":"https:\/\/www.telavita.com.br\/blog\/wp-content\/uploads\/2021\/05\/telavita.jpg","url":"https:\/\/www.telavita.com.br\/blog\/wp-content\/uploads\/2021\/05\/telavita.jpg","width":200,"height":200}},"image":{"@type":"ImageObject","@id":"https:\/\/www.telavita.com.br\/blog\/wp-content\/uploads\/2023\/05\/alienacao-parental.jpg","url":"https:\/\/www.telavita.com.br\/blog\/wp-content\/uploads\/2023\/05\/alienacao-parental.jpg","height":1707,"width":2560},"keywords":null},{"@type":"BlogPosting","@id":"https:\/\/www.telavita.com.br\/blog\/brigas-familia\/","headline":"Resolvendo brigas antigas na fam\u00edlia","url":"https:\/\/www.telavita.com.br\/blog\/brigas-familia\/","datePublished":"2020-09-17","dateModified":"2020-09-17","mainEntityOfPage":"https:\/\/www.telavita.com.br\/blog\/brigas-familia\/","author":{"@type":"Person","@id":"https:\/\/www.telavita.com.br\/blog\/author\/beatriz-consuelo\/#Person","name":"Psic\u00f3loga Beatriz Campos - CRP 12\/04116","url":"https:\/\/www.telavita.com.br\/blog\/author\/beatriz-consuelo\/","identifier":18,"description":"Trabalho h\u00e1 mais de 30 anos nas \u00e1reas cl\u00ednica, escolar e empresarial. Durante toda essa trajet\u00f3ria fiz v\u00e1rios cursos em todas as \u00e1reas. Gosto muito do meu trabalho e me sinto apta para ajudar meus clientes e pacientes em qualquer setor da vida e facilitar para o encontro da realiza\u00e7\u00e3o pessoal ou profissional. Minha vida \u00e9 proporcionar felicidade para as pessoas. Por isso o meu nome, Beatriz, que significa \"a que tr\u00e1s felicidade\"!","image":{"@type":"ImageObject","@id":"https:\/\/secure.gravatar.com\/avatar\/373d3c97a79535264ec70ececb3314e3?s=96&d=mm&r=g","url":"https:\/\/secure.gravatar.com\/avatar\/373d3c97a79535264ec70ececb3314e3?s=96&d=mm&r=g","height":96,"width":96}},"publisher":{"@type":"Organization","name":"TELAVITA","logo":{"@type":"ImageObject","@id":"https:\/\/www.telavita.com.br\/blog\/wp-content\/uploads\/2021\/05\/telavita.jpg","url":"https:\/\/www.telavita.com.br\/blog\/wp-content\/uploads\/2021\/05\/telavita.jpg","width":200,"height":200}},"image":{"@type":"ImageObject","@id":"https:\/\/www.telavita.com.br\/blog\/wp-content\/uploads\/2020\/09\/brigas.jpg","url":"https:\/\/www.telavita.com.br\/blog\/wp-content\/uploads\/2020\/09\/brigas.jpg","height":888,"width":1280},"keywords":null},{"@type":"BlogPosting","@id":"https:\/\/www.telavita.com.br\/blog\/paternidade-consciente\/","headline":"Paternidade consciente: o que \u00e9 e como alcan\u00e7ar","url":"https:\/\/www.telavita.com.br\/blog\/paternidade-consciente\/","datePublished":"2020-09-11","dateModified":"2020-09-11","mainEntityOfPage":"https:\/\/www.telavita.com.br\/blog\/paternidade-consciente\/","author":{"@type":"Person","@id":"https:\/\/www.telavita.com.br\/blog\/author\/arthur-andrade\/#Person","name":"Psic\u00f3logo Arthur Andrade - CRP 06\/120588","url":"https:\/\/www.telavita.com.br\/blog\/author\/arthur-andrade\/","identifier":20,"description":"Psic\u00f3logo especialista e atuante em cl\u00ednica de Sa\u00fade Mental Multiprofissional (CAPS). Atendimento com foco em psicoterapia breve para cuidar da sua sa\u00fade emocional, o publico \u00e9 destinado a jovens, adultos e idosos. Ap\u00f3s a escuta e a avalia\u00e7\u00e3o psicol\u00f3gica, ser\u00e1 indicado a\u00e7\u00f5es terap\u00eauticas e reflex\u00f5es personalizadas para o seu caso, visando a melhora das dificuldades e do bem-estar. Atuo com media\u00e7\u00e3o de conflitos familiares quando solicitado, casos de crise emocional, pensamentos acelerados ou destrutivos, inseguran\u00e7as, traumas, sexualidade. Atuo em casos de transtornos de ansiedade, depress\u00e3o, bipolaridade, borderline, p\u00e2nico, dentre outras patologias.","image":{"@type":"ImageObject","@id":"https:\/\/secure.gravatar.com\/avatar\/22c85d7c9d92cb4d936b183785699cfc?s=96&d=mm&r=g","url":"https:\/\/secure.gravatar.com\/avatar\/22c85d7c9d92cb4d936b183785699cfc?s=96&d=mm&r=g","height":96,"width":96}},"publisher":{"@type":"Organization","name":"TELAVITA","logo":{"@type":"ImageObject","@id":"https:\/\/www.telavita.com.br\/blog\/wp-content\/uploads\/2021\/05\/telavita.jpg","url":"https:\/\/www.telavita.com.br\/blog\/wp-content\/uploads\/2021\/05\/telavita.jpg","width":200,"height":200}},"image":{"@type":"ImageObject","@id":"https:\/\/www.telavita.com.br\/blog\/wp-content\/uploads\/2020\/09\/paternidade-consciente.jpg","url":"https:\/\/www.telavita.com.br\/blog\/wp-content\/uploads\/2020\/09\/paternidade-consciente.jpg","height":853,"width":1280},"keywords":null,"commentCount":"1","comment":[{"@type":"Comment","@id":"https:\/\/www.telavita.com.br\/blog\/paternidade-consciente\/#Comment1","dateCreated":"2020-09-11 23:37:08","description":"texto muito bem produzido e conte\u00fado reflexivo inspirador para os tempos atuais!!!","author":{"@type":"Person","name":"Pablo Gutierrez","url":"https:\/\/www.netflix.com\/watch\/70241899?trackId=200257858"}}]},{"@type":"BlogPosting","@id":"https:\/\/www.telavita.com.br\/blog\/convivencia-de-qualidade-pais-filhos\/","headline":"A import\u00e2ncia da conviv\u00eancia de qualidade entre pais e filhos","url":"https:\/\/www.telavita.com.br\/blog\/convivencia-de-qualidade-pais-filhos\/","datePublished":"2020-04-23","dateModified":"2020-06-16","mainEntityOfPage":"https:\/\/www.telavita.com.br\/blog\/convivencia-de-qualidade-pais-filhos\/","author":{"@type":"Person","@id":"https:\/\/www.telavita.com.br\/blog\/author\/beatriz-consuelo\/#Person","name":"Psic\u00f3loga Beatriz Campos - CRP 12\/04116","url":"https:\/\/www.telavita.com.br\/blog\/author\/beatriz-consuelo\/","identifier":18,"description":"Trabalho h\u00e1 mais de 30 anos nas \u00e1reas cl\u00ednica, escolar e empresarial. Durante toda essa trajet\u00f3ria fiz v\u00e1rios cursos em todas as \u00e1reas. Gosto muito do meu trabalho e me sinto apta para ajudar meus clientes e pacientes em qualquer setor da vida e facilitar para o encontro da realiza\u00e7\u00e3o pessoal ou profissional. Minha vida \u00e9 proporcionar felicidade para as pessoas. Por isso o meu nome, Beatriz, que significa \"a que tr\u00e1s felicidade\"!","image":{"@type":"ImageObject","@id":"https:\/\/secure.gravatar.com\/avatar\/373d3c97a79535264ec70ececb3314e3?s=96&d=mm&r=g","url":"https:\/\/secure.gravatar.com\/avatar\/373d3c97a79535264ec70ececb3314e3?s=96&d=mm&r=g","height":96,"width":96}},"publisher":{"@type":"Organization","name":"TELAVITA","logo":{"@type":"ImageObject","@id":"https:\/\/www.telavita.com.br\/blog\/wp-content\/uploads\/2021\/05\/telavita.jpg","url":"https:\/\/www.telavita.com.br\/blog\/wp-content\/uploads\/2021\/05\/telavita.jpg","width":200,"height":200}},"image":{"@type":"ImageObject","@id":"https:\/\/www.telavita.com.br\/blog\/wp-content\/uploads\/2020\/04\/conviv\u00eancia-de-qualidade.jpg","url":"https:\/\/www.telavita.com.br\/blog\/wp-content\/uploads\/2020\/04\/conviv\u00eancia-de-qualidade.jpg","height":854,"width":1280},"keywords":null},{"@type":"BlogPosting","@id":"https:\/\/www.telavita.com.br\/blog\/transtorno-ansiedade-separacao\/","headline":"O que \u00e9 o transtorno de ansiedade de separa\u00e7\u00e3o?","url":"https:\/\/www.telavita.com.br\/blog\/transtorno-ansiedade-separacao\/","datePublished":"2019-09-06","dateModified":"2022-09-28","mainEntityOfPage":"https:\/\/www.telavita.com.br\/blog\/transtorno-ansiedade-separacao\/","author":{"@type":"Person","@id":"https:\/\/www.telavita.com.br\/blog\/author\/telavita\/#Person","name":"Telavita","url":"https:\/\/www.telavita.com.br\/blog\/author\/telavita\/","identifier":11,"image":{"@type":"ImageObject","@id":"https:\/\/secure.gravatar.com\/avatar\/ac2e61ce00e3238eb646b649fdcae5e4?s=96&d=mm&r=g","url":"https:\/\/secure.gravatar.com\/avatar\/ac2e61ce00e3238eb646b649fdcae5e4?s=96&d=mm&r=g","height":96,"width":96}},"publisher":{"@type":"Organization","name":"TELAVITA","logo":{"@type":"ImageObject","@id":"https:\/\/www.telavita.com.br\/blog\/wp-content\/uploads\/2021\/05\/telavita.jpg","url":"https:\/\/www.telavita.com.br\/blog\/wp-content\/uploads\/2021\/05\/telavita.jpg","width":200,"height":200}},"image":{"@type":"ImageObject","@id":"https:\/\/www.telavita.com.br\/blog\/wp-content\/uploads\/2019\/09\/transtorno-de-ansiedade-de-separacao.jpg","url":"https:\/\/www.telavita.com.br\/blog\/wp-content\/uploads\/2019\/09\/transtorno-de-ansiedade-de-separacao.jpg","height":560,"width":900},"keywords":null},{"@type":"BlogPosting","@id":"https:\/\/www.telavita.com.br\/blog\/idoso-e-homossexual\/","headline":"Envelhecimento do casal gay e o duplo preconceito","url":"https:\/\/www.telavita.com.br\/blog\/idoso-e-homossexual\/","datePublished":"2019-05-25","dateModified":"2025-12-08","mainEntityOfPage":"https:\/\/www.telavita.com.br\/blog\/idoso-e-homossexual\/","author":{"@type":"Person","@id":"https:\/\/www.telavita.com.br\/blog\/author\/juliana-sonsin\/#Person","name":"Juliana Sonsin","url":"https:\/\/www.telavita.com.br\/blog\/author\/juliana-sonsin\/","identifier":8,"description":"Jornalista formada pela Faculdade C\u00e1sper Libero e especializada em sa\u00fade. Apaixonada por escrever roteiros de v\u00eddeos, produzir (e assistir) document\u00e1rios e ler sobre tudo um pouco. Acredito no jornalismo \u00e9tico como um meio de trazer ao p\u00fablico informa\u00e7\u00f5es e hist\u00f3rias que valem a pena serem contadas. Gosto de viajar, fazer yoga e assistir s\u00e9ries.","image":{"@type":"ImageObject","@id":"https:\/\/secure.gravatar.com\/avatar\/dfb14c6228cdf7312fea984efc84d04e?s=96&d=mm&r=g","url":"https:\/\/secure.gravatar.com\/avatar\/dfb14c6228cdf7312fea984efc84d04e?s=96&d=mm&r=g","height":96,"width":96}},"publisher":{"@type":"Organization","name":"TELAVITA","logo":{"@type":"ImageObject","@id":"https:\/\/www.telavita.com.br\/blog\/wp-content\/uploads\/2021\/05\/telavita.jpg","url":"https:\/\/www.telavita.com.br\/blog\/wp-content\/uploads\/2021\/05\/telavita.jpg","width":200,"height":200}},"image":{"@type":"ImageObject","@id":"https:\/\/www.telavita.com.br\/blog\/wp-content\/uploads\/2019\/05\/idoso-e-homossexual.jpg","url":"https:\/\/www.telavita.com.br\/blog\/wp-content\/uploads\/2019\/05\/idoso-e-homossexual.jpg","height":560,"width":900},"keywords":null,"commentCount":"1","comment":[{"@type":"Comment","@id":"https:\/\/www.telavita.com.br\/blog\/idoso-e-homossexual\/#Comment1","dateCreated":"2022-03-05 13:14:27","description":"A novela Um lugar ao sol, est\u00e1 trazendo a quest\u00e3o do casal na terceira idade: ele octogen\u00e1rio e ela por volta de 74 anos, aonde  ele n\u00e3o teria \"funcionado\" justamente na 1a. noite deles! Essa realidade fisica, no homem, acontece \"mais cedo\" na rela\u00e7\u00e3o com outro homem, porque tem o \"desgaste\" no esfincter, a \"sensibilidade\" que vai ocorrendo na pr\u00f3stata! Tenho vizinhos casal gay e, depois de anos juntos, viagens, casa de praia, colocaram apartamento a venda e, presumo como separados eles n\u00e3o continuariam tendo o mesmo conforto material, continuaram morando juntos, mas indo morar com eles, um novo cara! J\u00e1 vi algumas vezes, esse \"terceiro\" homem na sacada, pensativo. N\u00e3o deve ser f\u00e1cil chegar na vida do casal, com longa hist\u00f3ria e sabendo que est\u00e1 ali para a \"fun\u00e7\u00e3o conjugal\"! Ontem encontrei o que presumo \"substituido\" numa rua e, nem cumprimentou (estava com um cara) talvez confidente, amigo!","author":{"@type":"Person","name":"Geraldo","url":""}}]},{"@type":"BlogPosting","@id":"https:\/\/www.telavita.com.br\/blog\/adocao-homoafetiva\/","headline":"Ado\u00e7\u00e3o homoafetiva: legalidade e preconceitos","url":"https:\/\/www.telavita.com.br\/blog\/adocao-homoafetiva\/","datePublished":"2019-05-20","dateModified":"2024-06-28","mainEntityOfPage":"https:\/\/www.telavita.com.br\/blog\/adocao-homoafetiva\/","author":{"@type":"Person","@id":"https:\/\/www.telavita.com.br\/blog\/author\/telavita\/#Person","name":"Telavita","url":"https:\/\/www.telavita.com.br\/blog\/author\/telavita\/","identifier":11,"image":{"@type":"ImageObject","@id":"https:\/\/secure.gravatar.com\/avatar\/ac2e61ce00e3238eb646b649fdcae5e4?s=96&d=mm&r=g","url":"https:\/\/secure.gravatar.com\/avatar\/ac2e61ce00e3238eb646b649fdcae5e4?s=96&d=mm&r=g","height":96,"width":96}},"publisher":{"@type":"Organization","name":"TELAVITA","logo":{"@type":"ImageObject","@id":"https:\/\/www.telavita.com.br\/blog\/wp-content\/uploads\/2021\/05\/telavita.jpg","url":"https:\/\/www.telavita.com.br\/blog\/wp-content\/uploads\/2021\/05\/telavita.jpg","width":200,"height":200}},"image":{"@type":"ImageObject","@id":"https:\/\/www.telavita.com.br\/blog\/wp-content\/uploads\/2019\/05\/adocao-homo.jpg","url":"https:\/\/www.telavita.com.br\/blog\/wp-content\/uploads\/2019\/05\/adocao-homo.jpg","height":560,"width":900},"keywords":null,"commentCount":"1","comment":[{"@type":"Comment","@id":"https:\/\/www.telavita.com.br\/blog\/adocao-homoafetiva\/#Comment1","dateCreated":"2022-03-12 00:55:11","description":"A ado\u00e7\u00e3o por casais homoafetivos, a quest\u00e3o mais delicada \u00e9 na separa\u00e7\u00e3o. N\u00e3o li quanto a l\u00e9sbicas, mas li relatos quanto aos  gays, que mencionam que uma das partes mant\u00e9m a ado\u00e7\u00e3o para n\u00e3o haver \"devolu\u00e7\u00e3o\" da crian\u00e7a, por ocasi\u00e3o da separa\u00e7\u00e3o do casal! Como trata-se de Uni\u00e3o Est\u00e1vel e n\u00e3o casamento, isto \u00e9, com menos obriga\u00e7\u00f5es conjugais, muitas vezes, h\u00e1 quem \"desista\" da paternidade! Quem sabe deva a legisla\u00e7\u00e3o de ado\u00e7\u00e3o, ser alterada, trazendo obriga\u00e7\u00f5es iguais aos adotantes, em rela\u00e7\u00f5es homoafetivas, para se equipararem ao casal adotante hetero!","author":{"@type":"Person","name":"Geraldo","url":""}}]},{"@type":"BlogPosting","@id":"https:\/\/www.telavita.com.br\/blog\/casal-homoafetivo\/","headline":"Os desafios do casal homoafetivo","url":"https:\/\/www.telavita.com.br\/blog\/casal-homoafetivo\/","datePublished":"2019-05-17","dateModified":"2024-04-12","mainEntityOfPage":"https:\/\/www.telavita.com.br\/blog\/casal-homoafetivo\/","author":{"@type":"Person","@id":"https:\/\/www.telavita.com.br\/blog\/author\/juliana-sonsin\/#Person","name":"Juliana Sonsin","url":"https:\/\/www.telavita.com.br\/blog\/author\/juliana-sonsin\/","identifier":8,"description":"Jornalista formada pela Faculdade C\u00e1sper Libero e especializada em sa\u00fade. Apaixonada por escrever roteiros de v\u00eddeos, produzir (e assistir) document\u00e1rios e ler sobre tudo um pouco. Acredito no jornalismo \u00e9tico como um meio de trazer ao p\u00fablico informa\u00e7\u00f5es e hist\u00f3rias que valem a pena serem contadas. Gosto de viajar, fazer yoga e assistir s\u00e9ries.","image":{"@type":"ImageObject","@id":"https:\/\/secure.gravatar.com\/avatar\/dfb14c6228cdf7312fea984efc84d04e?s=96&d=mm&r=g","url":"https:\/\/secure.gravatar.com\/avatar\/dfb14c6228cdf7312fea984efc84d04e?s=96&d=mm&r=g","height":96,"width":96}},"publisher":{"@type":"Organization","name":"TELAVITA","logo":{"@type":"ImageObject","@id":"https:\/\/www.telavita.com.br\/blog\/wp-content\/uploads\/2021\/05\/telavita.jpg","url":"https:\/\/www.telavita.com.br\/blog\/wp-content\/uploads\/2021\/05\/telavita.jpg","width":200,"height":200}},"image":{"@type":"ImageObject","@id":"https:\/\/www.telavita.com.br\/blog\/wp-content\/uploads\/2019\/05\/casal-homoafitvo.jpg","url":"https:\/\/www.telavita.com.br\/blog\/wp-content\/uploads\/2019\/05\/casal-homoafitvo.jpg","height":560,"width":900},"keywords":null},{"@type":"BlogPosting","@id":"https:\/\/www.telavita.com.br\/blog\/lacos-familiares-na-construcao-psicologica\/","headline":"A import\u00e2ncia dos la\u00e7os familiares na constru\u00e7\u00e3o psicol\u00f3gica","url":"https:\/\/www.telavita.com.br\/blog\/lacos-familiares-na-construcao-psicologica\/","datePublished":"2019-03-06","dateModified":"2019-10-17","mainEntityOfPage":"https:\/\/www.telavita.com.br\/blog\/lacos-familiares-na-construcao-psicologica\/","author":{"@type":"Person","@id":"https:\/\/www.telavita.com.br\/blog\/author\/juliana-sonsin\/#Person","name":"Juliana Sonsin","url":"https:\/\/www.telavita.com.br\/blog\/author\/juliana-sonsin\/","identifier":8,"description":"Jornalista formada pela Faculdade C\u00e1sper Libero e especializada em sa\u00fade. Apaixonada por escrever roteiros de v\u00eddeos, produzir (e assistir) document\u00e1rios e ler sobre tudo um pouco. Acredito no jornalismo \u00e9tico como um meio de trazer ao p\u00fablico informa\u00e7\u00f5es e hist\u00f3rias que valem a pena serem contadas. Gosto de viajar, fazer yoga e assistir s\u00e9ries.","image":{"@type":"ImageObject","@id":"https:\/\/secure.gravatar.com\/avatar\/dfb14c6228cdf7312fea984efc84d04e?s=96&d=mm&r=g","url":"https:\/\/secure.gravatar.com\/avatar\/dfb14c6228cdf7312fea984efc84d04e?s=96&d=mm&r=g","height":96,"width":96}},"publisher":{"@type":"Organization","name":"TELAVITA","logo":{"@type":"ImageObject","@id":"https:\/\/www.telavita.com.br\/blog\/wp-content\/uploads\/2021\/05\/telavita.jpg","url":"https:\/\/www.telavita.com.br\/blog\/wp-content\/uploads\/2021\/05\/telavita.jpg","width":200,"height":200}},"image":{"@type":"ImageObject","@id":"https:\/\/www.telavita.com.br\/blog\/wp-content\/uploads\/2019\/02\/lacos-familiares.jpg","url":"https:\/\/www.telavita.com.br\/blog\/wp-content\/uploads\/2019\/02\/lacos-familiares.jpg","height":560,"width":900},"keywords":null},{"@type":"BlogPosting","@id":"https:\/\/www.telavita.com.br\/blog\/perguntas-de-pais-de-primeira-viagem\/","headline":"7 perguntas que todos pais de primeira viagem fazem","url":"https:\/\/www.telavita.com.br\/blog\/perguntas-de-pais-de-primeira-viagem\/","datePublished":"2018-10-12","dateModified":"2024-06-28","mainEntityOfPage":"https:\/\/www.telavita.com.br\/blog\/perguntas-de-pais-de-primeira-viagem\/","author":{"@type":"Person","@id":"https:\/\/www.telavita.com.br\/blog\/author\/juliana-sonsin\/#Person","name":"Juliana Sonsin","url":"https:\/\/www.telavita.com.br\/blog\/author\/juliana-sonsin\/","identifier":8,"description":"Jornalista formada pela Faculdade C\u00e1sper Libero e especializada em sa\u00fade. Apaixonada por escrever roteiros de v\u00eddeos, produzir (e assistir) document\u00e1rios e ler sobre tudo um pouco. Acredito no jornalismo \u00e9tico como um meio de trazer ao p\u00fablico informa\u00e7\u00f5es e hist\u00f3rias que valem a pena serem contadas. Gosto de viajar, fazer yoga e assistir s\u00e9ries.","image":{"@type":"ImageObject","@id":"https:\/\/secure.gravatar.com\/avatar\/dfb14c6228cdf7312fea984efc84d04e?s=96&d=mm&r=g","url":"https:\/\/secure.gravatar.com\/avatar\/dfb14c6228cdf7312fea984efc84d04e?s=96&d=mm&r=g","height":96,"width":96}},"publisher":{"@type":"Organization","name":"TELAVITA","logo":{"@type":"ImageObject","@id":"https:\/\/www.telavita.com.br\/blog\/wp-content\/uploads\/2021\/05\/telavita.jpg","url":"https:\/\/www.telavita.com.br\/blog\/wp-content\/uploads\/2021\/05\/telavita.jpg","width":200,"height":200}},"image":{"@type":"ImageObject","@id":"https:\/\/www.telavita.com.br\/blog\/wp-content\/uploads\/2018\/10\/pais-de-primeira-viagem.jpg","url":"https:\/\/www.telavita.com.br\/blog\/wp-content\/uploads\/2018\/10\/pais-de-primeira-viagem.jpg","height":560,"width":900},"keywords":null}]}