{"@context":"https:\/\/schema.org\/","@type":"CollectionPage","@id":"https:\/\/www.telavita.com.br\/blog\/category\/sono\/#CollectionPage","headline":"Sono Category","description":"","url":"https:\/\/www.telavita.com.br\/blog\/category\/sono\/","hasPart":[{"@type":"BlogPosting","@id":"https:\/\/www.telavita.com.br\/blog\/sono-em-excesso-saude-mental\/","headline":"Sono em excesso pode prejudicar a sa\u00fade mental","url":"https:\/\/www.telavita.com.br\/blog\/sono-em-excesso-saude-mental\/","datePublished":"2019-12-26","dateModified":"2020-01-09","mainEntityOfPage":"https:\/\/www.telavita.com.br\/blog\/sono-em-excesso-saude-mental\/","author":{"@type":"Person","@id":"https:\/\/www.telavita.com.br\/blog\/author\/telavita\/#Person","name":"Telavita","url":"https:\/\/www.telavita.com.br\/blog\/author\/telavita\/","identifier":11,"image":{"@type":"ImageObject","@id":"https:\/\/secure.gravatar.com\/avatar\/ac2e61ce00e3238eb646b649fdcae5e4?s=96&d=mm&r=g","url":"https:\/\/secure.gravatar.com\/avatar\/ac2e61ce00e3238eb646b649fdcae5e4?s=96&d=mm&r=g","height":96,"width":96}},"publisher":{"@type":"Organization","name":"TELAVITA","logo":{"@type":"ImageObject","@id":"https:\/\/www.telavita.com.br\/blog\/wp-content\/uploads\/2021\/05\/telavita.jpg","url":"https:\/\/www.telavita.com.br\/blog\/wp-content\/uploads\/2021\/05\/telavita.jpg","width":200,"height":200}},"image":{"@type":"ImageObject","@id":"https:\/\/www.telavita.com.br\/blog\/wp-content\/uploads\/2019\/12\/Sono-em-excesso.jpg","url":"https:\/\/www.telavita.com.br\/blog\/wp-content\/uploads\/2019\/12\/Sono-em-excesso.jpg","height":560,"width":900},"keywords":null},{"@type":"BlogPosting","@id":"https:\/\/www.telavita.com.br\/blog\/sindrome-das-pernas-inquietas\/","headline":"S\u00edndrome das pernas inquietas e suas consequ\u00eancias","url":"https:\/\/www.telavita.com.br\/blog\/sindrome-das-pernas-inquietas\/","datePublished":"2019-03-10","dateModified":"2024-06-27","mainEntityOfPage":"https:\/\/www.telavita.com.br\/blog\/sindrome-das-pernas-inquietas\/","author":{"@type":"Person","@id":"https:\/\/www.telavita.com.br\/blog\/author\/juliana-sonsin\/#Person","name":"Juliana Sonsin","url":"https:\/\/www.telavita.com.br\/blog\/author\/juliana-sonsin\/","identifier":8,"description":"Jornalista formada pela Faculdade C\u00e1sper Libero e especializada em sa\u00fade. Apaixonada por escrever roteiros de v\u00eddeos, produzir (e assistir) document\u00e1rios e ler sobre tudo um pouco. Acredito no jornalismo \u00e9tico como um meio de trazer ao p\u00fablico informa\u00e7\u00f5es e hist\u00f3rias que valem a pena serem contadas. Gosto de viajar, fazer yoga e assistir s\u00e9ries.","image":{"@type":"ImageObject","@id":"https:\/\/secure.gravatar.com\/avatar\/dfb14c6228cdf7312fea984efc84d04e?s=96&d=mm&r=g","url":"https:\/\/secure.gravatar.com\/avatar\/dfb14c6228cdf7312fea984efc84d04e?s=96&d=mm&r=g","height":96,"width":96}},"publisher":{"@type":"Organization","name":"TELAVITA","logo":{"@type":"ImageObject","@id":"https:\/\/www.telavita.com.br\/blog\/wp-content\/uploads\/2021\/05\/telavita.jpg","url":"https:\/\/www.telavita.com.br\/blog\/wp-content\/uploads\/2021\/05\/telavita.jpg","width":200,"height":200}},"image":{"@type":"ImageObject","@id":"https:\/\/www.telavita.com.br\/blog\/wp-content\/uploads\/2019\/02\/pernas-inquietas.jpg","url":"https:\/\/www.telavita.com.br\/blog\/wp-content\/uploads\/2019\/02\/pernas-inquietas.jpg","height":560,"width":900},"keywords":null},{"@type":"BlogPosting","@id":"https:\/\/www.telavita.com.br\/blog\/sonambulismo\/","headline":"O sonambulismo e o c\u00e9rebro","url":"https:\/\/www.telavita.com.br\/blog\/sonambulismo\/","datePublished":"2019-01-12","dateModified":"2019-10-17","mainEntityOfPage":"https:\/\/www.telavita.com.br\/blog\/sonambulismo\/","author":{"@type":"Person","@id":"https:\/\/www.telavita.com.br\/blog\/author\/juliana-sonsin\/#Person","name":"Juliana Sonsin","url":"https:\/\/www.telavita.com.br\/blog\/author\/juliana-sonsin\/","identifier":8,"description":"Jornalista formada pela Faculdade C\u00e1sper Libero e especializada em sa\u00fade. Apaixonada por escrever roteiros de v\u00eddeos, produzir (e assistir) document\u00e1rios e ler sobre tudo um pouco. Acredito no jornalismo \u00e9tico como um meio de trazer ao p\u00fablico informa\u00e7\u00f5es e hist\u00f3rias que valem a pena serem contadas. Gosto de viajar, fazer yoga e assistir s\u00e9ries.","image":{"@type":"ImageObject","@id":"https:\/\/secure.gravatar.com\/avatar\/dfb14c6228cdf7312fea984efc84d04e?s=96&d=mm&r=g","url":"https:\/\/secure.gravatar.com\/avatar\/dfb14c6228cdf7312fea984efc84d04e?s=96&d=mm&r=g","height":96,"width":96}},"publisher":{"@type":"Organization","name":"TELAVITA","logo":{"@type":"ImageObject","@id":"https:\/\/www.telavita.com.br\/blog\/wp-content\/uploads\/2021\/05\/telavita.jpg","url":"https:\/\/www.telavita.com.br\/blog\/wp-content\/uploads\/2021\/05\/telavita.jpg","width":200,"height":200}},"image":{"@type":"ImageObject","@id":"https:\/\/www.telavita.com.br\/blog\/wp-content\/uploads\/2018\/11\/sonambulo.jpg","url":"https:\/\/www.telavita.com.br\/blog\/wp-content\/uploads\/2018\/11\/sonambulo.jpg","height":560,"width":900},"keywords":null},{"@type":"BlogPosting","@id":"https:\/\/www.telavita.com.br\/blog\/higiene-tecnologica-pode-ajudar-no-sono\/","headline":"Como a higiene tecnol\u00f3gica pode ajudar na qualidade do sono","url":"https:\/\/www.telavita.com.br\/blog\/higiene-tecnologica-pode-ajudar-no-sono\/","datePublished":"2019-01-08","dateModified":"2019-10-17","mainEntityOfPage":"https:\/\/www.telavita.com.br\/blog\/higiene-tecnologica-pode-ajudar-no-sono\/","author":{"@type":"Person","@id":"https:\/\/www.telavita.com.br\/blog\/author\/juliana-sonsin\/#Person","name":"Juliana Sonsin","url":"https:\/\/www.telavita.com.br\/blog\/author\/juliana-sonsin\/","identifier":8,"description":"Jornalista formada pela Faculdade C\u00e1sper Libero e especializada em sa\u00fade. Apaixonada por escrever roteiros de v\u00eddeos, produzir (e assistir) document\u00e1rios e ler sobre tudo um pouco. Acredito no jornalismo \u00e9tico como um meio de trazer ao p\u00fablico informa\u00e7\u00f5es e hist\u00f3rias que valem a pena serem contadas. Gosto de viajar, fazer yoga e assistir s\u00e9ries.","image":{"@type":"ImageObject","@id":"https:\/\/secure.gravatar.com\/avatar\/dfb14c6228cdf7312fea984efc84d04e?s=96&d=mm&r=g","url":"https:\/\/secure.gravatar.com\/avatar\/dfb14c6228cdf7312fea984efc84d04e?s=96&d=mm&r=g","height":96,"width":96}},"publisher":{"@type":"Organization","name":"TELAVITA","logo":{"@type":"ImageObject","@id":"https:\/\/www.telavita.com.br\/blog\/wp-content\/uploads\/2021\/05\/telavita.jpg","url":"https:\/\/www.telavita.com.br\/blog\/wp-content\/uploads\/2021\/05\/telavita.jpg","width":200,"height":200}},"image":{"@type":"ImageObject","@id":"https:\/\/www.telavita.com.br\/blog\/wp-content\/uploads\/2018\/11\/higiene-do-sono.jpg","url":"https:\/\/www.telavita.com.br\/blog\/wp-content\/uploads\/2018\/11\/higiene-do-sono.jpg","height":560,"width":900},"keywords":null},{"@type":"BlogPosting","@id":"https:\/\/www.telavita.com.br\/blog\/sintomas-da-apneia\/","headline":"Dist\u00farbios do sono: Confira 5 sintomas da apneia do sono!","url":"https:\/\/www.telavita.com.br\/blog\/sintomas-da-apneia\/","datePublished":"2019-01-06","dateModified":"2021-06-30","mainEntityOfPage":"https:\/\/www.telavita.com.br\/blog\/sintomas-da-apneia\/","author":{"@type":"Person","@id":"https:\/\/www.telavita.com.br\/blog\/author\/juliana-sonsin\/#Person","name":"Juliana Sonsin","url":"https:\/\/www.telavita.com.br\/blog\/author\/juliana-sonsin\/","identifier":8,"description":"Jornalista formada pela Faculdade C\u00e1sper Libero e especializada em sa\u00fade. Apaixonada por escrever roteiros de v\u00eddeos, produzir (e assistir) document\u00e1rios e ler sobre tudo um pouco. Acredito no jornalismo \u00e9tico como um meio de trazer ao p\u00fablico informa\u00e7\u00f5es e hist\u00f3rias que valem a pena serem contadas. Gosto de viajar, fazer yoga e assistir s\u00e9ries.","image":{"@type":"ImageObject","@id":"https:\/\/secure.gravatar.com\/avatar\/dfb14c6228cdf7312fea984efc84d04e?s=96&d=mm&r=g","url":"https:\/\/secure.gravatar.com\/avatar\/dfb14c6228cdf7312fea984efc84d04e?s=96&d=mm&r=g","height":96,"width":96}},"publisher":{"@type":"Organization","name":"TELAVITA","logo":{"@type":"ImageObject","@id":"https:\/\/www.telavita.com.br\/blog\/wp-content\/uploads\/2021\/05\/telavita.jpg","url":"https:\/\/www.telavita.com.br\/blog\/wp-content\/uploads\/2021\/05\/telavita.jpg","width":200,"height":200}},"image":{"@type":"ImageObject","@id":"https:\/\/www.telavita.com.br\/blog\/wp-content\/uploads\/2018\/11\/sintomas-da-apneia.jpg","url":"https:\/\/www.telavita.com.br\/blog\/wp-content\/uploads\/2018\/11\/sintomas-da-apneia.jpg","height":560,"width":900},"keywords":null},{"@type":"BlogPosting","@id":"https:\/\/www.telavita.com.br\/blog\/apneia\/","headline":"Apneia do sono: o dist\u00farbio que pode causar hipertens\u00e3o e at\u00e9 depress\u00e3o!","url":"https:\/\/www.telavita.com.br\/blog\/apneia\/","datePublished":"2019-01-05","dateModified":"2019-10-17","mainEntityOfPage":"https:\/\/www.telavita.com.br\/blog\/apneia\/","author":{"@type":"Person","@id":"https:\/\/www.telavita.com.br\/blog\/author\/juliana-sonsin\/#Person","name":"Juliana Sonsin","url":"https:\/\/www.telavita.com.br\/blog\/author\/juliana-sonsin\/","identifier":8,"description":"Jornalista formada pela Faculdade C\u00e1sper Libero e especializada em sa\u00fade. Apaixonada por escrever roteiros de v\u00eddeos, produzir (e assistir) document\u00e1rios e ler sobre tudo um pouco. Acredito no jornalismo \u00e9tico como um meio de trazer ao p\u00fablico informa\u00e7\u00f5es e hist\u00f3rias que valem a pena serem contadas. Gosto de viajar, fazer yoga e assistir s\u00e9ries.","image":{"@type":"ImageObject","@id":"https:\/\/secure.gravatar.com\/avatar\/dfb14c6228cdf7312fea984efc84d04e?s=96&d=mm&r=g","url":"https:\/\/secure.gravatar.com\/avatar\/dfb14c6228cdf7312fea984efc84d04e?s=96&d=mm&r=g","height":96,"width":96}},"publisher":{"@type":"Organization","name":"TELAVITA","logo":{"@type":"ImageObject","@id":"https:\/\/www.telavita.com.br\/blog\/wp-content\/uploads\/2021\/05\/telavita.jpg","url":"https:\/\/www.telavita.com.br\/blog\/wp-content\/uploads\/2021\/05\/telavita.jpg","width":200,"height":200}},"image":{"@type":"ImageObject","@id":"https:\/\/www.telavita.com.br\/blog\/wp-content\/uploads\/2019\/04\/apneia-do-sono.jpg","url":"https:\/\/www.telavita.com.br\/blog\/wp-content\/uploads\/2019\/04\/apneia-do-sono.jpg","height":560,"width":900},"keywords":null},{"@type":"BlogPosting","@id":"https:\/\/www.telavita.com.br\/blog\/insonia-cronica-causa-depressao-e-ansiedade\/","headline":"A ins\u00f4nia cr\u00f4nica pode causar depress\u00e3o e ansiedade","url":"https:\/\/www.telavita.com.br\/blog\/insonia-cronica-causa-depressao-e-ansiedade\/","datePublished":"2018-11-27","dateModified":"2021-06-30","mainEntityOfPage":"https:\/\/www.telavita.com.br\/blog\/insonia-cronica-causa-depressao-e-ansiedade\/","author":{"@type":"Person","@id":"https:\/\/www.telavita.com.br\/blog\/author\/juliana-sonsin\/#Person","name":"Juliana Sonsin","url":"https:\/\/www.telavita.com.br\/blog\/author\/juliana-sonsin\/","identifier":8,"description":"Jornalista formada pela Faculdade C\u00e1sper Libero e especializada em sa\u00fade. Apaixonada por escrever roteiros de v\u00eddeos, produzir (e assistir) document\u00e1rios e ler sobre tudo um pouco. Acredito no jornalismo \u00e9tico como um meio de trazer ao p\u00fablico informa\u00e7\u00f5es e hist\u00f3rias que valem a pena serem contadas. Gosto de viajar, fazer yoga e assistir s\u00e9ries.","image":{"@type":"ImageObject","@id":"https:\/\/secure.gravatar.com\/avatar\/dfb14c6228cdf7312fea984efc84d04e?s=96&d=mm&r=g","url":"https:\/\/secure.gravatar.com\/avatar\/dfb14c6228cdf7312fea984efc84d04e?s=96&d=mm&r=g","height":96,"width":96}},"publisher":{"@type":"Organization","name":"TELAVITA","logo":{"@type":"ImageObject","@id":"https:\/\/www.telavita.com.br\/blog\/wp-content\/uploads\/2021\/05\/telavita.jpg","url":"https:\/\/www.telavita.com.br\/blog\/wp-content\/uploads\/2021\/05\/telavita.jpg","width":200,"height":200}},"image":{"@type":"ImageObject","@id":"https:\/\/www.telavita.com.br\/blog\/wp-content\/uploads\/2018\/11\/insonia-causa-depressao.jpg","url":"https:\/\/www.telavita.com.br\/blog\/wp-content\/uploads\/2018\/11\/insonia-causa-depressao.jpg","height":560,"width":900},"keywords":null},{"@type":"BlogPosting","@id":"https:\/\/www.telavita.com.br\/blog\/consequencias-da-apneia-do-sono\/","headline":"Conhe\u00e7a 5 consequ\u00eancias da apneia do sono","url":"https:\/\/www.telavita.com.br\/blog\/consequencias-da-apneia-do-sono\/","datePublished":"2018-11-26","dateModified":"2024-04-24","mainEntityOfPage":"https:\/\/www.telavita.com.br\/blog\/consequencias-da-apneia-do-sono\/","author":{"@type":"Person","@id":"https:\/\/www.telavita.com.br\/blog\/author\/juliana-sonsin\/#Person","name":"Juliana Sonsin","url":"https:\/\/www.telavita.com.br\/blog\/author\/juliana-sonsin\/","identifier":8,"description":"Jornalista formada pela Faculdade C\u00e1sper Libero e especializada em sa\u00fade. Apaixonada por escrever roteiros de v\u00eddeos, produzir (e assistir) document\u00e1rios e ler sobre tudo um pouco. Acredito no jornalismo \u00e9tico como um meio de trazer ao p\u00fablico informa\u00e7\u00f5es e hist\u00f3rias que valem a pena serem contadas. Gosto de viajar, fazer yoga e assistir s\u00e9ries.","image":{"@type":"ImageObject","@id":"https:\/\/secure.gravatar.com\/avatar\/dfb14c6228cdf7312fea984efc84d04e?s=96&d=mm&r=g","url":"https:\/\/secure.gravatar.com\/avatar\/dfb14c6228cdf7312fea984efc84d04e?s=96&d=mm&r=g","height":96,"width":96}},"publisher":{"@type":"Organization","name":"TELAVITA","logo":{"@type":"ImageObject","@id":"https:\/\/www.telavita.com.br\/blog\/wp-content\/uploads\/2021\/05\/telavita.jpg","url":"https:\/\/www.telavita.com.br\/blog\/wp-content\/uploads\/2021\/05\/telavita.jpg","width":200,"height":200}},"image":{"@type":"ImageObject","@id":"https:\/\/www.telavita.com.br\/blog\/wp-content\/uploads\/2019\/04\/consequencias-da-apneia-do-sono.jpg","url":"https:\/\/www.telavita.com.br\/blog\/wp-content\/uploads\/2019\/04\/consequencias-da-apneia-do-sono.jpg","height":560,"width":900},"keywords":null},{"@type":"BlogPosting","@id":"https:\/\/www.telavita.com.br\/blog\/5-sinais-de-insonia\/","headline":"N\u00e3o consegue dormir \u00e0 noite? Conhe\u00e7a 5 sinais de ins\u00f4nia.","url":"https:\/\/www.telavita.com.br\/blog\/5-sinais-de-insonia\/","datePublished":"2018-11-12","dateModified":"2024-06-27","mainEntityOfPage":"https:\/\/www.telavita.com.br\/blog\/5-sinais-de-insonia\/","author":{"@type":"Person","@id":"https:\/\/www.telavita.com.br\/blog\/author\/juliana-sonsin\/#Person","name":"Juliana Sonsin","url":"https:\/\/www.telavita.com.br\/blog\/author\/juliana-sonsin\/","identifier":8,"description":"Jornalista formada pela Faculdade C\u00e1sper Libero e especializada em sa\u00fade. Apaixonada por escrever roteiros de v\u00eddeos, produzir (e assistir) document\u00e1rios e ler sobre tudo um pouco. Acredito no jornalismo \u00e9tico como um meio de trazer ao p\u00fablico informa\u00e7\u00f5es e hist\u00f3rias que valem a pena serem contadas. Gosto de viajar, fazer yoga e assistir s\u00e9ries.","image":{"@type":"ImageObject","@id":"https:\/\/secure.gravatar.com\/avatar\/dfb14c6228cdf7312fea984efc84d04e?s=96&d=mm&r=g","url":"https:\/\/secure.gravatar.com\/avatar\/dfb14c6228cdf7312fea984efc84d04e?s=96&d=mm&r=g","height":96,"width":96}},"publisher":{"@type":"Organization","name":"TELAVITA","logo":{"@type":"ImageObject","@id":"https:\/\/www.telavita.com.br\/blog\/wp-content\/uploads\/2021\/05\/telavita.jpg","url":"https:\/\/www.telavita.com.br\/blog\/wp-content\/uploads\/2021\/05\/telavita.jpg","width":200,"height":200}},"image":{"@type":"ImageObject","@id":"https:\/\/www.telavita.com.br\/blog\/wp-content\/uploads\/2018\/11\/sinias-de-insonia.jpg","url":"https:\/\/www.telavita.com.br\/blog\/wp-content\/uploads\/2018\/11\/sinias-de-insonia.jpg","height":560,"width":900},"keywords":null},{"@type":"BlogPosting","@id":"https:\/\/www.telavita.com.br\/blog\/dicas-para-melhorar-o-sono\/","headline":"Est\u00e1 dif\u00edcil dormir? Confira 5 dicas para melhorar o sono!","url":"https:\/\/www.telavita.com.br\/blog\/dicas-para-melhorar-o-sono\/","datePublished":"2018-11-12","dateModified":"2019-10-17","mainEntityOfPage":"https:\/\/www.telavita.com.br\/blog\/dicas-para-melhorar-o-sono\/","author":{"@type":"Person","@id":"https:\/\/www.telavita.com.br\/blog\/author\/juliana-sonsin\/#Person","name":"Juliana Sonsin","url":"https:\/\/www.telavita.com.br\/blog\/author\/juliana-sonsin\/","identifier":8,"description":"Jornalista formada pela Faculdade C\u00e1sper Libero e especializada em sa\u00fade. Apaixonada por escrever roteiros de v\u00eddeos, produzir (e assistir) document\u00e1rios e ler sobre tudo um pouco. Acredito no jornalismo \u00e9tico como um meio de trazer ao p\u00fablico informa\u00e7\u00f5es e hist\u00f3rias que valem a pena serem contadas. Gosto de viajar, fazer yoga e assistir s\u00e9ries.","image":{"@type":"ImageObject","@id":"https:\/\/secure.gravatar.com\/avatar\/dfb14c6228cdf7312fea984efc84d04e?s=96&d=mm&r=g","url":"https:\/\/secure.gravatar.com\/avatar\/dfb14c6228cdf7312fea984efc84d04e?s=96&d=mm&r=g","height":96,"width":96}},"publisher":{"@type":"Organization","name":"TELAVITA","logo":{"@type":"ImageObject","@id":"https:\/\/www.telavita.com.br\/blog\/wp-content\/uploads\/2021\/05\/telavita.jpg","url":"https:\/\/www.telavita.com.br\/blog\/wp-content\/uploads\/2021\/05\/telavita.jpg","width":200,"height":200}},"image":{"@type":"ImageObject","@id":"https:\/\/www.telavita.com.br\/blog\/wp-content\/uploads\/2018\/11\/dormir-bem.jpg","url":"https:\/\/www.telavita.com.br\/blog\/wp-content\/uploads\/2018\/11\/dormir-bem.jpg","height":560,"width":900},"keywords":null}]}