{"@context":"https:\/\/schema.org\/","@type":"CollectionPage","@id":"https:\/\/www.telavita.com.br\/blog\/category\/suicidio\/#CollectionPage","headline":"Suic\u00eddio Category","description":"","url":"https:\/\/www.telavita.com.br\/blog\/category\/suicidio\/","hasPart":[{"@type":"BlogPosting","@id":"https:\/\/www.telavita.com.br\/blog\/divulgacao-mortes-por-suicidio\/","headline":"Divulga\u00e7\u00e3o de mortes por suic\u00eddio: porque \u00e9 proibido?","url":"https:\/\/www.telavita.com.br\/blog\/divulgacao-mortes-por-suicidio\/","datePublished":"2023-09-21","dateModified":"2023-09-21","mainEntityOfPage":"https:\/\/www.telavita.com.br\/blog\/divulgacao-mortes-por-suicidio\/","author":{"@type":"Person","@id":"https:\/\/www.telavita.com.br\/blog\/author\/andreia-da-silva\/#Person","name":"Psic\u00f3loga Andreia da Silva Alves CRP 132778\/06","url":"https:\/\/www.telavita.com.br\/blog\/author\/andreia-da-silva\/","identifier":45,"description":"Psic\u00f3loga cl\u00ednica, p\u00f3s-graduanda em Psicologia Transpessoal, especialista em Psicologia Organizacional e do Trabalho pelo CRP\/SP, com 10 anos de experi\u00eancia como consultora de RH, e tamb\u00e9m atuando como volunt\u00e1ria em centro de acolhimento emocional e preven\u00e7\u00e3o ao suic\u00eddio.","image":{"@type":"ImageObject","@id":"https:\/\/secure.gravatar.com\/avatar\/493bb8bc23a8755f53c38443a0639d34?s=96&d=mm&r=g","url":"https:\/\/secure.gravatar.com\/avatar\/493bb8bc23a8755f53c38443a0639d34?s=96&d=mm&r=g","height":96,"width":96}},"publisher":{"@type":"Organization","name":"TELAVITA","logo":{"@type":"ImageObject","@id":"https:\/\/www.telavita.com.br\/blog\/wp-content\/uploads\/2021\/05\/telavita.jpg","url":"https:\/\/www.telavita.com.br\/blog\/wp-content\/uploads\/2021\/05\/telavita.jpg","width":200,"height":200}},"image":{"@type":"ImageObject","@id":"https:\/\/www.telavita.com.br\/blog\/wp-content\/uploads\/2023\/09\/divulgacao-de-mortes-por-suicidio.jpg","url":"https:\/\/www.telavita.com.br\/blog\/wp-content\/uploads\/2023\/09\/divulgacao-de-mortes-por-suicidio.jpg","height":1707,"width":2560},"keywords":null},{"@type":"BlogPosting","@id":"https:\/\/www.telavita.com.br\/blog\/luto-por-suicidio\/","headline":"Luto por suic\u00eddio: como enfrentar uma perda por este tipo de morte","url":"https:\/\/www.telavita.com.br\/blog\/luto-por-suicidio\/","datePublished":"2023-09-01","dateModified":"2023-09-01","mainEntityOfPage":"https:\/\/www.telavita.com.br\/blog\/luto-por-suicidio\/","author":{"@type":"Person","@id":"https:\/\/www.telavita.com.br\/blog\/author\/flavia-romano\/#Person","name":"Psic\u00f3loga Flavia Romano - CRP 06\/55863","url":"https:\/\/www.telavita.com.br\/blog\/author\/flavia-romano\/","identifier":19,"description":"Psic\u00f3loga com mais de 18 anos de experi\u00eancia na \u00e1rea cl\u00ednica. Tenho ampla experi\u00eancia em pessoas com depress\u00e3o, ansiedade, p\u00e2nico, transtorno obsessivo compulsivo, doen\u00e7as cr\u00f4nicas e graves, auto-estima, medos, conflitos pessoais, familiares, amorosos e profissionais. Trabalho com a terapia cognitivo-comportamental, al\u00e9m disso, com psicoterapia breve em momentos de crise. Estou sempre em constante atualiza\u00e7\u00e3o para ter cada vez mais t\u00e9cnicas para ajudar o meu paciente.","image":{"@type":"ImageObject","@id":"https:\/\/secure.gravatar.com\/avatar\/bfcbafcb0ca5b97b728e244d70821c0a?s=96&d=mm&r=g","url":"https:\/\/secure.gravatar.com\/avatar\/bfcbafcb0ca5b97b728e244d70821c0a?s=96&d=mm&r=g","height":96,"width":96}},"publisher":{"@type":"Organization","name":"TELAVITA","logo":{"@type":"ImageObject","@id":"https:\/\/www.telavita.com.br\/blog\/wp-content\/uploads\/2021\/05\/telavita.jpg","url":"https:\/\/www.telavita.com.br\/blog\/wp-content\/uploads\/2021\/05\/telavita.jpg","width":200,"height":200}},"image":{"@type":"ImageObject","@id":"https:\/\/www.telavita.com.br\/blog\/wp-content\/uploads\/2023\/09\/luto-por-suicidio.jpg","url":"https:\/\/www.telavita.com.br\/blog\/wp-content\/uploads\/2023\/09\/luto-por-suicidio.jpg","height":1708,"width":2559},"keywords":null},{"@type":"BlogPosting","@id":"https:\/\/www.telavita.com.br\/blog\/posvencao\/","headline":"Posven\u00e7\u00e3o: o que \u00e9 e a sua ajuda nos lutos por suic\u00eddio","url":"https:\/\/www.telavita.com.br\/blog\/posvencao\/","datePublished":"2022-10-27","dateModified":"2022-11-03","mainEntityOfPage":"https:\/\/www.telavita.com.br\/blog\/posvencao\/","author":{"@type":"Person","@id":"https:\/\/www.telavita.com.br\/blog\/author\/pedro-sammarco\/#Person","name":"Psic\u00f3logo Pedro Sammarco - CRP 06\/66066","url":"https:\/\/www.telavita.com.br\/blog\/author\/pedro-sammarco\/","identifier":23,"description":"Desde que me formei em Psicologia em 2002, j\u00e1 iniciei meus atendimentos em consult\u00f3rio, onde estou at\u00e9 hoje. Logo em seguida fiz cursos na \u00e1rea cl\u00ednica em Gestalt-Terapia e Psicoterapia Existencial. Dediquei-me tamb\u00e9m aos estudos de mestrado e doutorado voltados a Psicologia Social, Sexualidade e Envelhecimento. Al\u00e9m disso, sou plantonista volunt\u00e1rio do Centro de Valoriza\u00e7\u00e3o da Vida (CVV) desde 1998, prestando apoio emocional, ps\u00edquico e preven\u00e7\u00e3o do suic\u00eddio. \u00c9 importante mencionar que atuei cinco anos como Psic\u00f3logo Cl\u00ednico no Instituto de Psiquiatria do Hospital das Cl\u00ednicas da USP. Quando solicitado, palestro em escolas, ONGs, etc. \r\nEm 2013 lancei o livro \"Travestis Envelhecem?\" e em 2017 o meu segundo, intitulado \"Homofobia Internalizada: o preconceito do homossexual contra si mesmo\" ambos pela editora Annablume. Atuo como Psic\u00f3logo volunt\u00e1rio em uma ONG que presta amparo ao LGBTQIAP + idoso dentre outras. Tamb\u00e9m leciono no Centro Universit\u00e1rio S\u00e3o Roque. Atendimento a partir dos 18 anos de idade.","image":{"@type":"ImageObject","@id":"https:\/\/secure.gravatar.com\/avatar\/ca6041da8ef8610c493f19e03c9ebfa4?s=96&d=mm&r=g","url":"https:\/\/secure.gravatar.com\/avatar\/ca6041da8ef8610c493f19e03c9ebfa4?s=96&d=mm&r=g","height":96,"width":96}},"publisher":{"@type":"Organization","name":"TELAVITA","logo":{"@type":"ImageObject","@id":"https:\/\/www.telavita.com.br\/blog\/wp-content\/uploads\/2021\/05\/telavita.jpg","url":"https:\/\/www.telavita.com.br\/blog\/wp-content\/uploads\/2021\/05\/telavita.jpg","width":200,"height":200}},"image":{"@type":"ImageObject","@id":"https:\/\/www.telavita.com.br\/blog\/wp-content\/uploads\/2022\/10\/senhora-passando-por-posvencao-1-scaled.jpg","url":"https:\/\/www.telavita.com.br\/blog\/wp-content\/uploads\/2022\/10\/senhora-passando-por-posvencao-1-scaled.jpg","height":1706,"width":2560},"keywords":null},{"@type":"BlogPosting","@id":"https:\/\/www.telavita.com.br\/blog\/prevencao-suicidio\/","headline":"Como podemos atuar na preven\u00e7\u00e3o ao suic\u00eddio?","url":"https:\/\/www.telavita.com.br\/blog\/prevencao-suicidio\/","datePublished":"2021-10-01","dateModified":"2021-10-01","mainEntityOfPage":"https:\/\/www.telavita.com.br\/blog\/prevencao-suicidio\/","author":{"@type":"Person","@id":"https:\/\/www.telavita.com.br\/blog\/author\/pedro-sammarco\/#Person","name":"Psic\u00f3logo Pedro Sammarco - CRP 06\/66066","url":"https:\/\/www.telavita.com.br\/blog\/author\/pedro-sammarco\/","identifier":23,"description":"Desde que me formei em Psicologia em 2002, j\u00e1 iniciei meus atendimentos em consult\u00f3rio, onde estou at\u00e9 hoje. Logo em seguida fiz cursos na \u00e1rea cl\u00ednica em Gestalt-Terapia e Psicoterapia Existencial. Dediquei-me tamb\u00e9m aos estudos de mestrado e doutorado voltados a Psicologia Social, Sexualidade e Envelhecimento. Al\u00e9m disso, sou plantonista volunt\u00e1rio do Centro de Valoriza\u00e7\u00e3o da Vida (CVV) desde 1998, prestando apoio emocional, ps\u00edquico e preven\u00e7\u00e3o do suic\u00eddio. \u00c9 importante mencionar que atuei cinco anos como Psic\u00f3logo Cl\u00ednico no Instituto de Psiquiatria do Hospital das Cl\u00ednicas da USP. Quando solicitado, palestro em escolas, ONGs, etc. \r\nEm 2013 lancei o livro \"Travestis Envelhecem?\" e em 2017 o meu segundo, intitulado \"Homofobia Internalizada: o preconceito do homossexual contra si mesmo\" ambos pela editora Annablume. Atuo como Psic\u00f3logo volunt\u00e1rio em uma ONG que presta amparo ao LGBTQIAP + idoso dentre outras. Tamb\u00e9m leciono no Centro Universit\u00e1rio S\u00e3o Roque. Atendimento a partir dos 18 anos de idade.","image":{"@type":"ImageObject","@id":"https:\/\/secure.gravatar.com\/avatar\/ca6041da8ef8610c493f19e03c9ebfa4?s=96&d=mm&r=g","url":"https:\/\/secure.gravatar.com\/avatar\/ca6041da8ef8610c493f19e03c9ebfa4?s=96&d=mm&r=g","height":96,"width":96}},"publisher":{"@type":"Organization","name":"TELAVITA","logo":{"@type":"ImageObject","@id":"https:\/\/www.telavita.com.br\/blog\/wp-content\/uploads\/2021\/05\/telavita.jpg","url":"https:\/\/www.telavita.com.br\/blog\/wp-content\/uploads\/2021\/05\/telavita.jpg","width":200,"height":200}},"image":{"@type":"ImageObject","@id":"https:\/\/www.telavita.com.br\/blog\/wp-content\/uploads\/2021\/10\/suic\u00eddio.jpg","url":"https:\/\/www.telavita.com.br\/blog\/wp-content\/uploads\/2021\/10\/suic\u00eddio.jpg","height":853,"width":1280},"keywords":null},{"@type":"BlogPosting","@id":"https:\/\/www.telavita.com.br\/blog\/suicidio-comportamento-suicida\/","headline":"Conhe\u00e7a mais sobre o comportamento suicida","url":"https:\/\/www.telavita.com.br\/blog\/suicidio-comportamento-suicida\/","datePublished":"2020-05-18","dateModified":"2023-08-21","mainEntityOfPage":"https:\/\/www.telavita.com.br\/blog\/suicidio-comportamento-suicida\/","author":{"@type":"Person","@id":"https:\/\/www.telavita.com.br\/blog\/author\/sonia-pittigliani\/#Person","name":"Psic\u00f3loga Sonia Pittigliani - CRP 06\/14188","url":"https:\/\/www.telavita.com.br\/blog\/author\/sonia-pittigliani\/","identifier":16,"description":"Psic\u00f3loga formada em 1982, me especializei em Psicoterapia Breve e Psicologia Hospitalar, tendo feito mestrado em Psicologia da Sa\u00fade. Toda minha vida profissional foi fundamentada numa postura \u00e9tica humana, tendo trabalhado como psicoterapeuta (anal\u00edtica din\u00e2mica) em meu consult\u00f3rio, psicologia oncol\u00f3gica e psicologia hospitalar (UTI de adultos - politrauma, cardiologia e neurologia), sala de Emerg\u00eancia (atendendo tentativas de suic\u00eddio por intoxica\u00e7\u00e3o e depend\u00eancia qu\u00edmica) e tamb\u00e9m atuado como professora de Psicologia Educacional, em escolas estaduais no in\u00edcio de carreira, nas Faculdades Oswaldo Cruz (curso de especializa\u00e7\u00e3o em Oncologia) e na UNICID (mat\u00e9ria de toxicologia cl\u00ednica na Faculdade de Medicina e Psicologia Forense na Faculdade de Direito). No hospital fui Chefe da cl\u00ednica de Psicologia Hospitalar (por tr\u00eas anos) e na cl\u00ednica de oncologia coordenei a equipe multiprofissional. Atualmente atendo clinicamente, e desenvolvo um trabalho de mentoria.","image":{"@type":"ImageObject","@id":"https:\/\/secure.gravatar.com\/avatar\/b0b9c286c6073d3dd8121d02e9b86d88?s=96&d=mm&r=g","url":"https:\/\/secure.gravatar.com\/avatar\/b0b9c286c6073d3dd8121d02e9b86d88?s=96&d=mm&r=g","height":96,"width":96}},"publisher":{"@type":"Organization","name":"TELAVITA","logo":{"@type":"ImageObject","@id":"https:\/\/www.telavita.com.br\/blog\/wp-content\/uploads\/2021\/05\/telavita.jpg","url":"https:\/\/www.telavita.com.br\/blog\/wp-content\/uploads\/2021\/05\/telavita.jpg","width":200,"height":200}},"image":{"@type":"ImageObject","@id":"https:\/\/www.telavita.com.br\/blog\/wp-content\/uploads\/2020\/05\/suic\u00eddio.jpg","url":"https:\/\/www.telavita.com.br\/blog\/wp-content\/uploads\/2020\/05\/suic\u00eddio.jpg","height":560,"width":900},"keywords":null},{"@type":"BlogPosting","@id":"https:\/\/www.telavita.com.br\/blog\/setembro-amarelo-e-cvv\/","headline":"Setembro Amarelo e a import\u00e2ncia do CVV","url":"https:\/\/www.telavita.com.br\/blog\/setembro-amarelo-e-cvv\/","datePublished":"2019-07-27","dateModified":"2024-06-27","mainEntityOfPage":"https:\/\/www.telavita.com.br\/blog\/setembro-amarelo-e-cvv\/","author":{"@type":"Person","@id":"https:\/\/www.telavita.com.br\/blog\/author\/juliana-sonsin\/#Person","name":"Juliana Sonsin","url":"https:\/\/www.telavita.com.br\/blog\/author\/juliana-sonsin\/","identifier":8,"description":"Jornalista formada pela Faculdade C\u00e1sper Libero e especializada em sa\u00fade. Apaixonada por escrever roteiros de v\u00eddeos, produzir (e assistir) document\u00e1rios e ler sobre tudo um pouco. Acredito no jornalismo \u00e9tico como um meio de trazer ao p\u00fablico informa\u00e7\u00f5es e hist\u00f3rias que valem a pena serem contadas. Gosto de viajar, fazer yoga e assistir s\u00e9ries.","image":{"@type":"ImageObject","@id":"https:\/\/secure.gravatar.com\/avatar\/dfb14c6228cdf7312fea984efc84d04e?s=96&d=mm&r=g","url":"https:\/\/secure.gravatar.com\/avatar\/dfb14c6228cdf7312fea984efc84d04e?s=96&d=mm&r=g","height":96,"width":96}},"publisher":{"@type":"Organization","name":"TELAVITA","logo":{"@type":"ImageObject","@id":"https:\/\/www.telavita.com.br\/blog\/wp-content\/uploads\/2021\/05\/telavita.jpg","url":"https:\/\/www.telavita.com.br\/blog\/wp-content\/uploads\/2021\/05\/telavita.jpg","width":200,"height":200}},"image":{"@type":"ImageObject","@id":"https:\/\/www.telavita.com.br\/blog\/wp-content\/uploads\/2019\/07\/setembro-amarelo.jpg","url":"https:\/\/www.telavita.com.br\/blog\/wp-content\/uploads\/2019\/07\/setembro-amarelo.jpg","height":560,"width":900},"keywords":null},{"@type":"BlogPosting","@id":"https:\/\/www.telavita.com.br\/blog\/sinais-de-tendencia-suicida\/","headline":"11 sinais de tend\u00eancia suicida","url":"https:\/\/www.telavita.com.br\/blog\/sinais-de-tendencia-suicida\/","datePublished":"2019-04-03","dateModified":"2025-07-10","mainEntityOfPage":"https:\/\/www.telavita.com.br\/blog\/sinais-de-tendencia-suicida\/","author":{"@type":"Person","@id":"https:\/\/www.telavita.com.br\/blog\/author\/telavita\/#Person","name":"Telavita","url":"https:\/\/www.telavita.com.br\/blog\/author\/telavita\/","identifier":11,"image":{"@type":"ImageObject","@id":"https:\/\/secure.gravatar.com\/avatar\/ac2e61ce00e3238eb646b649fdcae5e4?s=96&d=mm&r=g","url":"https:\/\/secure.gravatar.com\/avatar\/ac2e61ce00e3238eb646b649fdcae5e4?s=96&d=mm&r=g","height":96,"width":96}},"publisher":{"@type":"Organization","name":"TELAVITA","logo":{"@type":"ImageObject","@id":"https:\/\/www.telavita.com.br\/blog\/wp-content\/uploads\/2021\/05\/telavita.jpg","url":"https:\/\/www.telavita.com.br\/blog\/wp-content\/uploads\/2021\/05\/telavita.jpg","width":200,"height":200}},"image":{"@type":"ImageObject","@id":"https:\/\/www.telavita.com.br\/blog\/wp-content\/uploads\/2017\/08\/tendnecia-suicida.jpg","url":"https:\/\/www.telavita.com.br\/blog\/wp-content\/uploads\/2017\/08\/tendnecia-suicida.jpg","height":560,"width":900},"keywords":null,"commentCount":"1","comment":[{"@type":"Comment","@id":"https:\/\/www.telavita.com.br\/blog\/sinais-de-tendencia-suicida\/#Comment1","dateCreated":"2021-09-21 06:28:42","description":"Obrigado por permitir o compartilhamento deste excelente artigo. Fez-me pensar a respeito de tantos assuntos correlatos.","author":{"@type":"Person","name":"Luiz Tanamati Junior","url":""}}]},{"@type":"BlogPosting","@id":"https:\/\/www.telavita.com.br\/blog\/7-sinais-suicidio\/","headline":"Veja 7 sinais de comportamento suicida","url":"https:\/\/www.telavita.com.br\/blog\/7-sinais-suicidio\/","datePublished":"2018-09-05","dateModified":"2023-08-23","mainEntityOfPage":"https:\/\/www.telavita.com.br\/blog\/7-sinais-suicidio\/","author":{"@type":"Person","@id":"https:\/\/www.telavita.com.br\/blog\/author\/juliana-sonsin\/#Person","name":"Juliana Sonsin","url":"https:\/\/www.telavita.com.br\/blog\/author\/juliana-sonsin\/","identifier":8,"description":"Jornalista formada pela Faculdade C\u00e1sper Libero e especializada em sa\u00fade. Apaixonada por escrever roteiros de v\u00eddeos, produzir (e assistir) document\u00e1rios e ler sobre tudo um pouco. Acredito no jornalismo \u00e9tico como um meio de trazer ao p\u00fablico informa\u00e7\u00f5es e hist\u00f3rias que valem a pena serem contadas. Gosto de viajar, fazer yoga e assistir s\u00e9ries.","image":{"@type":"ImageObject","@id":"https:\/\/secure.gravatar.com\/avatar\/dfb14c6228cdf7312fea984efc84d04e?s=96&d=mm&r=g","url":"https:\/\/secure.gravatar.com\/avatar\/dfb14c6228cdf7312fea984efc84d04e?s=96&d=mm&r=g","height":96,"width":96}},"publisher":{"@type":"Organization","name":"TELAVITA","logo":{"@type":"ImageObject","@id":"https:\/\/www.telavita.com.br\/blog\/wp-content\/uploads\/2021\/05\/telavita.jpg","url":"https:\/\/www.telavita.com.br\/blog\/wp-content\/uploads\/2021\/05\/telavita.jpg","width":200,"height":200}},"image":{"@type":"ImageObject","@id":"https:\/\/www.telavita.com.br\/blog\/wp-content\/uploads\/2018\/09\/suicidio.jpg","url":"https:\/\/www.telavita.com.br\/blog\/wp-content\/uploads\/2018\/09\/suicidio.jpg","height":560,"width":900},"keywords":null},{"@type":"BlogPosting","@id":"https:\/\/www.telavita.com.br\/blog\/suicidio\/","headline":"O suic\u00eddio &#8211; um momento de impulso que parece a \u00fanica solu\u00e7\u00e3o","url":"https:\/\/www.telavita.com.br\/blog\/suicidio\/","datePublished":"2017-08-14","dateModified":"2025-12-09","mainEntityOfPage":"https:\/\/www.telavita.com.br\/blog\/suicidio\/","author":{"@type":"Person","@id":"https:\/\/www.telavita.com.br\/blog\/author\/telavita\/#Person","name":"Telavita","url":"https:\/\/www.telavita.com.br\/blog\/author\/telavita\/","identifier":11,"image":{"@type":"ImageObject","@id":"https:\/\/secure.gravatar.com\/avatar\/ac2e61ce00e3238eb646b649fdcae5e4?s=96&d=mm&r=g","url":"https:\/\/secure.gravatar.com\/avatar\/ac2e61ce00e3238eb646b649fdcae5e4?s=96&d=mm&r=g","height":96,"width":96}},"publisher":{"@type":"Organization","name":"TELAVITA","logo":{"@type":"ImageObject","@id":"https:\/\/www.telavita.com.br\/blog\/wp-content\/uploads\/2021\/05\/telavita.jpg","url":"https:\/\/www.telavita.com.br\/blog\/wp-content\/uploads\/2021\/05\/telavita.jpg","width":200,"height":200}},"image":{"@type":"ImageObject","@id":"https:\/\/www.telavita.com.br\/blog\/wp-content\/uploads\/2017\/08\/suicidio.jpg","url":"https:\/\/www.telavita.com.br\/blog\/wp-content\/uploads\/2017\/08\/suicidio.jpg","height":560,"width":900},"keywords":null}]}