{"@context":"https:\/\/schema.org\/","@type":"CollectionPage","@id":"https:\/\/www.telavita.com.br\/blog\/category\/transtornos-psicologicos\/#CollectionPage","headline":"Transtornos Psicol\u00f3gicos Category","description":"","url":"https:\/\/www.telavita.com.br\/blog\/category\/transtornos-psicologicos\/","hasPart":[{"@type":"BlogPosting","@id":"https:\/\/www.telavita.com.br\/blog\/esquizofrenia\/","headline":"Entenda mais sobre a Esquizofrenia","url":"https:\/\/www.telavita.com.br\/blog\/esquizofrenia\/","datePublished":"2024-05-13","dateModified":"2025-12-08","mainEntityOfPage":"https:\/\/www.telavita.com.br\/blog\/esquizofrenia\/","author":{"@type":"Person","@id":"https:\/\/www.telavita.com.br\/blog\/author\/flavia-romano\/#Person","name":"Psic\u00f3loga Flavia Romano - CRP 06\/55863","url":"https:\/\/www.telavita.com.br\/blog\/author\/flavia-romano\/","identifier":19,"description":"Psic\u00f3loga com mais de 18 anos de experi\u00eancia na \u00e1rea cl\u00ednica. Tenho ampla experi\u00eancia em pessoas com depress\u00e3o, ansiedade, p\u00e2nico, transtorno obsessivo compulsivo, doen\u00e7as cr\u00f4nicas e graves, auto-estima, medos, conflitos pessoais, familiares, amorosos e profissionais. Trabalho com a terapia cognitivo-comportamental, al\u00e9m disso, com psicoterapia breve em momentos de crise. Estou sempre em constante atualiza\u00e7\u00e3o para ter cada vez mais t\u00e9cnicas para ajudar o meu paciente.","image":{"@type":"ImageObject","@id":"https:\/\/secure.gravatar.com\/avatar\/bfcbafcb0ca5b97b728e244d70821c0a?s=96&d=mm&r=g","url":"https:\/\/secure.gravatar.com\/avatar\/bfcbafcb0ca5b97b728e244d70821c0a?s=96&d=mm&r=g","height":96,"width":96}},"publisher":{"@type":"Organization","name":"TELAVITA","logo":{"@type":"ImageObject","@id":"https:\/\/www.telavita.com.br\/blog\/wp-content\/uploads\/2021\/05\/telavita.jpg","url":"https:\/\/www.telavita.com.br\/blog\/wp-content\/uploads\/2021\/05\/telavita.jpg","width":200,"height":200}},"image":{"@type":"ImageObject","@id":"https:\/\/www.telavita.com.br\/blog\/wp-content\/uploads\/2024\/05\/esquizofrenia-em-homem.jpg","url":"https:\/\/www.telavita.com.br\/blog\/wp-content\/uploads\/2024\/05\/esquizofrenia-em-homem.jpg","height":1707,"width":2560},"keywords":null},{"@type":"BlogPosting","@id":"https:\/\/www.telavita.com.br\/blog\/ansiedade-e-alcool\/","headline":"Ansiedade e \u00e1lcool: entenda a ang\u00fastia presente na ressaca","url":"https:\/\/www.telavita.com.br\/blog\/ansiedade-e-alcool\/","datePublished":"2024-01-08","dateModified":"2024-01-29","mainEntityOfPage":"https:\/\/www.telavita.com.br\/blog\/ansiedade-e-alcool\/","author":{"@type":"Person","@id":"https:\/\/www.telavita.com.br\/blog\/author\/telavita\/#Person","name":"Telavita","url":"https:\/\/www.telavita.com.br\/blog\/author\/telavita\/","identifier":11,"image":{"@type":"ImageObject","@id":"https:\/\/secure.gravatar.com\/avatar\/ac2e61ce00e3238eb646b649fdcae5e4?s=96&d=mm&r=g","url":"https:\/\/secure.gravatar.com\/avatar\/ac2e61ce00e3238eb646b649fdcae5e4?s=96&d=mm&r=g","height":96,"width":96}},"publisher":{"@type":"Organization","name":"TELAVITA","logo":{"@type":"ImageObject","@id":"https:\/\/www.telavita.com.br\/blog\/wp-content\/uploads\/2021\/05\/telavita.jpg","url":"https:\/\/www.telavita.com.br\/blog\/wp-content\/uploads\/2021\/05\/telavita.jpg","width":200,"height":200}},"image":{"@type":"ImageObject","@id":"https:\/\/www.telavita.com.br\/blog\/wp-content\/uploads\/2024\/01\/ansiedade-e-alcool.jpg","url":"https:\/\/www.telavita.com.br\/blog\/wp-content\/uploads\/2024\/01\/ansiedade-e-alcool.jpg","height":1707,"width":2560},"keywords":null},{"@type":"BlogPosting","@id":"https:\/\/www.telavita.com.br\/blog\/tanatofobia\/","headline":"Conhe\u00e7a a Tanatofobia, o medo excessivo da morte","url":"https:\/\/www.telavita.com.br\/blog\/tanatofobia\/","datePublished":"2023-10-31","dateModified":"2025-12-08","mainEntityOfPage":"https:\/\/www.telavita.com.br\/blog\/tanatofobia\/","author":{"@type":"Person","@id":"https:\/\/www.telavita.com.br\/blog\/author\/flavia-romano\/#Person","name":"Psic\u00f3loga Flavia Romano - CRP 06\/55863","url":"https:\/\/www.telavita.com.br\/blog\/author\/flavia-romano\/","identifier":19,"description":"Psic\u00f3loga com mais de 18 anos de experi\u00eancia na \u00e1rea cl\u00ednica. Tenho ampla experi\u00eancia em pessoas com depress\u00e3o, ansiedade, p\u00e2nico, transtorno obsessivo compulsivo, doen\u00e7as cr\u00f4nicas e graves, auto-estima, medos, conflitos pessoais, familiares, amorosos e profissionais. Trabalho com a terapia cognitivo-comportamental, al\u00e9m disso, com psicoterapia breve em momentos de crise. Estou sempre em constante atualiza\u00e7\u00e3o para ter cada vez mais t\u00e9cnicas para ajudar o meu paciente.","image":{"@type":"ImageObject","@id":"https:\/\/secure.gravatar.com\/avatar\/bfcbafcb0ca5b97b728e244d70821c0a?s=96&d=mm&r=g","url":"https:\/\/secure.gravatar.com\/avatar\/bfcbafcb0ca5b97b728e244d70821c0a?s=96&d=mm&r=g","height":96,"width":96}},"publisher":{"@type":"Organization","name":"TELAVITA","logo":{"@type":"ImageObject","@id":"https:\/\/www.telavita.com.br\/blog\/wp-content\/uploads\/2021\/05\/telavita.jpg","url":"https:\/\/www.telavita.com.br\/blog\/wp-content\/uploads\/2021\/05\/telavita.jpg","width":200,"height":200}},"image":{"@type":"ImageObject","@id":"https:\/\/www.telavita.com.br\/blog\/wp-content\/uploads\/2023\/10\/tanatofobia-medo-da-morte.jpg","url":"https:\/\/www.telavita.com.br\/blog\/wp-content\/uploads\/2023\/10\/tanatofobia-medo-da-morte.jpg","height":1707,"width":2560},"keywords":null},{"@type":"BlogPosting","@id":"https:\/\/www.telavita.com.br\/blog\/dismorfia-corporal\/","headline":"O que \u00e9 a dismorfia corporal e quais os seus sintomas?","url":"https:\/\/www.telavita.com.br\/blog\/dismorfia-corporal\/","datePublished":"2023-10-04","dateModified":"2025-12-08","mainEntityOfPage":"https:\/\/www.telavita.com.br\/blog\/dismorfia-corporal\/","author":{"@type":"Person","@id":"https:\/\/www.telavita.com.br\/blog\/author\/ericluis\/#Person","name":"Psic\u00f3logo Eric Luis Teixeira - CRP 01\/21517","url":"https:\/\/www.telavita.com.br\/blog\/author\/ericluis\/","identifier":36,"description":"Psic\u00f3logo formado pela Universidade Paulista (UNIP) em 2018 com especializa\u00e7\u00e3o em Psicologia Organizacional (IPOG), MBA em Gest\u00e3o de Pessoas (UNISAL).","image":{"@type":"ImageObject","@id":"https:\/\/secure.gravatar.com\/avatar\/f819b8a2fdb13f7c37a6240f27f74926?s=96&d=mm&r=g","url":"https:\/\/secure.gravatar.com\/avatar\/f819b8a2fdb13f7c37a6240f27f74926?s=96&d=mm&r=g","height":96,"width":96}},"publisher":{"@type":"Organization","name":"TELAVITA","logo":{"@type":"ImageObject","@id":"https:\/\/www.telavita.com.br\/blog\/wp-content\/uploads\/2021\/05\/telavita.jpg","url":"https:\/\/www.telavita.com.br\/blog\/wp-content\/uploads\/2021\/05\/telavita.jpg","width":200,"height":200}},"image":{"@type":"ImageObject","@id":"https:\/\/www.telavita.com.br\/blog\/wp-content\/uploads\/2023\/10\/dismorfia-corporal.jpg","url":"https:\/\/www.telavita.com.br\/blog\/wp-content\/uploads\/2023\/10\/dismorfia-corporal.jpg","height":1707,"width":2560},"keywords":null},{"@type":"BlogPosting","@id":"https:\/\/www.telavita.com.br\/blog\/ciclotimia\/","headline":"Saiba o que \u00e9 a ciclotimia e veja seus principais sintomas","url":"https:\/\/www.telavita.com.br\/blog\/ciclotimia\/","datePublished":"2023-10-03","dateModified":"2023-10-03","mainEntityOfPage":"https:\/\/www.telavita.com.br\/blog\/ciclotimia\/","author":{"@type":"Person","@id":"https:\/\/www.telavita.com.br\/blog\/author\/pedro-sammarco\/#Person","name":"Psic\u00f3logo Pedro Sammarco - CRP 06\/66066","url":"https:\/\/www.telavita.com.br\/blog\/author\/pedro-sammarco\/","identifier":23,"description":"Desde que me formei em Psicologia em 2002, j\u00e1 iniciei meus atendimentos em consult\u00f3rio, onde estou at\u00e9 hoje. Logo em seguida fiz cursos na \u00e1rea cl\u00ednica em Gestalt-Terapia e Psicoterapia Existencial. Dediquei-me tamb\u00e9m aos estudos de mestrado e doutorado voltados a Psicologia Social, Sexualidade e Envelhecimento. Al\u00e9m disso, sou plantonista volunt\u00e1rio do Centro de Valoriza\u00e7\u00e3o da Vida (CVV) desde 1998, prestando apoio emocional, ps\u00edquico e preven\u00e7\u00e3o do suic\u00eddio. \u00c9 importante mencionar que atuei cinco anos como Psic\u00f3logo Cl\u00ednico no Instituto de Psiquiatria do Hospital das Cl\u00ednicas da USP. Quando solicitado, palestro em escolas, ONGs, etc. \r\nEm 2013 lancei o livro \"Travestis Envelhecem?\" e em 2017 o meu segundo, intitulado \"Homofobia Internalizada: o preconceito do homossexual contra si mesmo\" ambos pela editora Annablume. Atuo como Psic\u00f3logo volunt\u00e1rio em uma ONG que presta amparo ao LGBTQIAP + idoso dentre outras. Tamb\u00e9m leciono no Centro Universit\u00e1rio S\u00e3o Roque. Atendimento a partir dos 18 anos de idade.","image":{"@type":"ImageObject","@id":"https:\/\/secure.gravatar.com\/avatar\/ca6041da8ef8610c493f19e03c9ebfa4?s=96&d=mm&r=g","url":"https:\/\/secure.gravatar.com\/avatar\/ca6041da8ef8610c493f19e03c9ebfa4?s=96&d=mm&r=g","height":96,"width":96}},"publisher":{"@type":"Organization","name":"TELAVITA","logo":{"@type":"ImageObject","@id":"https:\/\/www.telavita.com.br\/blog\/wp-content\/uploads\/2021\/05\/telavita.jpg","url":"https:\/\/www.telavita.com.br\/blog\/wp-content\/uploads\/2021\/05\/telavita.jpg","width":200,"height":200}},"image":{"@type":"ImageObject","@id":"https:\/\/www.telavita.com.br\/blog\/wp-content\/uploads\/2023\/10\/ciclotimia.jpg","url":"https:\/\/www.telavita.com.br\/blog\/wp-content\/uploads\/2023\/10\/ciclotimia.jpg","height":1707,"width":2560},"keywords":null},{"@type":"BlogPosting","@id":"https:\/\/www.telavita.com.br\/blog\/cleptomania\/","headline":"Cleptomania: sintomas e tratamento","url":"https:\/\/www.telavita.com.br\/blog\/cleptomania\/","datePublished":"2023-09-28","dateModified":"2023-09-28","mainEntityOfPage":"https:\/\/www.telavita.com.br\/blog\/cleptomania\/","author":{"@type":"Person","@id":"https:\/\/www.telavita.com.br\/blog\/author\/flavia-romano\/#Person","name":"Psic\u00f3loga Flavia Romano - CRP 06\/55863","url":"https:\/\/www.telavita.com.br\/blog\/author\/flavia-romano\/","identifier":19,"description":"Psic\u00f3loga com mais de 18 anos de experi\u00eancia na \u00e1rea cl\u00ednica. Tenho ampla experi\u00eancia em pessoas com depress\u00e3o, ansiedade, p\u00e2nico, transtorno obsessivo compulsivo, doen\u00e7as cr\u00f4nicas e graves, auto-estima, medos, conflitos pessoais, familiares, amorosos e profissionais. Trabalho com a terapia cognitivo-comportamental, al\u00e9m disso, com psicoterapia breve em momentos de crise. Estou sempre em constante atualiza\u00e7\u00e3o para ter cada vez mais t\u00e9cnicas para ajudar o meu paciente.","image":{"@type":"ImageObject","@id":"https:\/\/secure.gravatar.com\/avatar\/bfcbafcb0ca5b97b728e244d70821c0a?s=96&d=mm&r=g","url":"https:\/\/secure.gravatar.com\/avatar\/bfcbafcb0ca5b97b728e244d70821c0a?s=96&d=mm&r=g","height":96,"width":96}},"publisher":{"@type":"Organization","name":"TELAVITA","logo":{"@type":"ImageObject","@id":"https:\/\/www.telavita.com.br\/blog\/wp-content\/uploads\/2021\/05\/telavita.jpg","url":"https:\/\/www.telavita.com.br\/blog\/wp-content\/uploads\/2021\/05\/telavita.jpg","width":200,"height":200}},"image":{"@type":"ImageObject","@id":"https:\/\/www.telavita.com.br\/blog\/wp-content\/uploads\/2023\/09\/cleptomania.jpg","url":"https:\/\/www.telavita.com.br\/blog\/wp-content\/uploads\/2023\/09\/cleptomania.jpg","height":1708,"width":2560},"keywords":null},{"@type":"BlogPosting","@id":"https:\/\/www.telavita.com.br\/blog\/prevencao-ao-burnout\/","headline":"14 dicas de preven\u00e7\u00e3o ao burnout","url":"https:\/\/www.telavita.com.br\/blog\/prevencao-ao-burnout\/","datePublished":"2023-09-28","dateModified":"2025-12-08","mainEntityOfPage":"https:\/\/www.telavita.com.br\/blog\/prevencao-ao-burnout\/","author":{"@type":"Person","@id":"https:\/\/www.telavita.com.br\/blog\/author\/monica-silveira\/#Person","name":"Psic\u00f3loga M\u00f4nica Silveira - CRP 06\/92287","url":"https:\/\/www.telavita.com.br\/blog\/author\/monica-silveira\/","identifier":29,"description":"Sou psic\u00f3loga formada desde 2005, e me especializei em Psicologia Anal\u00edtica, de C. Jung. Durante todo esse tempo venho estudando incansavelmente a mente, as emo\u00e7\u00f5es e o comportamento humano para tentar chegar cada vez mais perto da compreens\u00e3o dos dilemas e dos mist\u00e9rios humanos. Me considero uma eterna aprendiz. Minha metodologia terap\u00eautica envolve a an\u00e1lise, o mergulho no inconsciente, e o estudo dos arqu\u00e9tipos manifestados. Meu prop\u00f3sito \u00e9 diminuir a dor da alma, e auxiliar meu cliente na conquista de uma vida interior rica, s\u00f3lida e saud\u00e1vel. Atendimento a partir dos 16 anos de idade.","image":{"@type":"ImageObject","@id":"https:\/\/secure.gravatar.com\/avatar\/08c63ce80716a31cba2755f0a13f4d4a?s=96&d=mm&r=g","url":"https:\/\/secure.gravatar.com\/avatar\/08c63ce80716a31cba2755f0a13f4d4a?s=96&d=mm&r=g","height":96,"width":96}},"publisher":{"@type":"Organization","name":"TELAVITA","logo":{"@type":"ImageObject","@id":"https:\/\/www.telavita.com.br\/blog\/wp-content\/uploads\/2021\/05\/telavita.jpg","url":"https:\/\/www.telavita.com.br\/blog\/wp-content\/uploads\/2021\/05\/telavita.jpg","width":200,"height":200}},"image":{"@type":"ImageObject","@id":"https:\/\/www.telavita.com.br\/blog\/wp-content\/uploads\/2023\/09\/prevencao-ao-burnout.jpg","url":"https:\/\/www.telavita.com.br\/blog\/wp-content\/uploads\/2023\/09\/prevencao-ao-burnout.jpg","height":1810,"width":2560},"keywords":null},{"@type":"BlogPosting","@id":"https:\/\/www.telavita.com.br\/blog\/consequencias-emocionais-do-aborto\/","headline":"Desvende as consequ\u00eancias emocionais do aborto","url":"https:\/\/www.telavita.com.br\/blog\/consequencias-emocionais-do-aborto\/","datePublished":"2023-09-22","dateModified":"2024-04-19","mainEntityOfPage":"https:\/\/www.telavita.com.br\/blog\/consequencias-emocionais-do-aborto\/","author":{"@type":"Person","@id":"https:\/\/www.telavita.com.br\/blog\/author\/larissaaraujo\/#Person","name":"Psic\u00f3loga Larissa de Ara\u00fajo - CRP 06\/167356","url":"https:\/\/www.telavita.com.br\/blog\/author\/larissaaraujo\/","identifier":43,"description":"Psic\u00f3loga cl\u00ednica de abordagem Anal\u00edtica Junguiana. Graduada pela FIG - Faculdades Integradas de Ci\u00eancias Humanas, Sa\u00fade e Educa\u00e7\u00e3o de Guarulhos e p\u00f3s-graduada em Psicopedagogia e Neuroci\u00eancias pela UNIP - Universidade Paulista.","image":{"@type":"ImageObject","@id":"https:\/\/secure.gravatar.com\/avatar\/cf36510ba3a93a020016583cc2ec6e1a?s=96&d=mm&r=g","url":"https:\/\/secure.gravatar.com\/avatar\/cf36510ba3a93a020016583cc2ec6e1a?s=96&d=mm&r=g","height":96,"width":96}},"publisher":{"@type":"Organization","name":"TELAVITA","logo":{"@type":"ImageObject","@id":"https:\/\/www.telavita.com.br\/blog\/wp-content\/uploads\/2021\/05\/telavita.jpg","url":"https:\/\/www.telavita.com.br\/blog\/wp-content\/uploads\/2021\/05\/telavita.jpg","width":200,"height":200}},"image":{"@type":"ImageObject","@id":"https:\/\/www.telavita.com.br\/blog\/wp-content\/uploads\/2023\/09\/consequencias-emocionais-do-aborto.jpg","url":"https:\/\/www.telavita.com.br\/blog\/wp-content\/uploads\/2023\/09\/consequencias-emocionais-do-aborto.jpg","height":1703,"width":2560},"keywords":null},{"@type":"BlogPosting","@id":"https:\/\/www.telavita.com.br\/blog\/como-ajudar-alguem-com-depressao\/","headline":"Como ajudar algu\u00e9m com depress\u00e3o?","url":"https:\/\/www.telavita.com.br\/blog\/como-ajudar-alguem-com-depressao\/","datePublished":"2023-07-20","dateModified":"2024-04-24","mainEntityOfPage":"https:\/\/www.telavita.com.br\/blog\/como-ajudar-alguem-com-depressao\/","author":{"@type":"Person","@id":"https:\/\/www.telavita.com.br\/blog\/author\/larissaaraujo\/#Person","name":"Psic\u00f3loga Larissa de Ara\u00fajo - CRP 06\/167356","url":"https:\/\/www.telavita.com.br\/blog\/author\/larissaaraujo\/","identifier":43,"description":"Psic\u00f3loga cl\u00ednica de abordagem Anal\u00edtica Junguiana. Graduada pela FIG - Faculdades Integradas de Ci\u00eancias Humanas, Sa\u00fade e Educa\u00e7\u00e3o de Guarulhos e p\u00f3s-graduada em Psicopedagogia e Neuroci\u00eancias pela UNIP - Universidade Paulista.","image":{"@type":"ImageObject","@id":"https:\/\/secure.gravatar.com\/avatar\/cf36510ba3a93a020016583cc2ec6e1a?s=96&d=mm&r=g","url":"https:\/\/secure.gravatar.com\/avatar\/cf36510ba3a93a020016583cc2ec6e1a?s=96&d=mm&r=g","height":96,"width":96}},"publisher":{"@type":"Organization","name":"TELAVITA","logo":{"@type":"ImageObject","@id":"https:\/\/www.telavita.com.br\/blog\/wp-content\/uploads\/2021\/05\/telavita.jpg","url":"https:\/\/www.telavita.com.br\/blog\/wp-content\/uploads\/2021\/05\/telavita.jpg","width":200,"height":200}},"image":{"@type":"ImageObject","@id":"https:\/\/www.telavita.com.br\/blog\/wp-content\/uploads\/2019\/11\/amigo-ajudando-alguem-com-depressao-1-scaled.jpg","url":"https:\/\/www.telavita.com.br\/blog\/wp-content\/uploads\/2019\/11\/amigo-ajudando-alguem-com-depressao-1-scaled.jpg","height":1706,"width":2560},"keywords":null},{"@type":"BlogPosting","@id":"https:\/\/www.telavita.com.br\/blog\/tipos-de-transtornos-de-personalidade\/","headline":"Descubra quais s\u00e3o os 10 tipos de transtornos de personalidade que existem","url":"https:\/\/www.telavita.com.br\/blog\/tipos-de-transtornos-de-personalidade\/","datePublished":"2022-09-08","dateModified":"2023-06-01","mainEntityOfPage":"https:\/\/www.telavita.com.br\/blog\/tipos-de-transtornos-de-personalidade\/","author":{"@type":"Person","@id":"https:\/\/www.telavita.com.br\/blog\/author\/telavita\/#Person","name":"Telavita","url":"https:\/\/www.telavita.com.br\/blog\/author\/telavita\/","identifier":11,"image":{"@type":"ImageObject","@id":"https:\/\/secure.gravatar.com\/avatar\/ac2e61ce00e3238eb646b649fdcae5e4?s=96&d=mm&r=g","url":"https:\/\/secure.gravatar.com\/avatar\/ac2e61ce00e3238eb646b649fdcae5e4?s=96&d=mm&r=g","height":96,"width":96}},"publisher":{"@type":"Organization","name":"TELAVITA","logo":{"@type":"ImageObject","@id":"https:\/\/www.telavita.com.br\/blog\/wp-content\/uploads\/2021\/05\/telavita.jpg","url":"https:\/\/www.telavita.com.br\/blog\/wp-content\/uploads\/2021\/05\/telavita.jpg","width":200,"height":200}},"image":{"@type":"ImageObject","@id":"https:\/\/www.telavita.com.br\/blog\/wp-content\/uploads\/2022\/09\/brain-writes-with-white-chalk-is-hand-draw-concept-1-scaled.jpg","url":"https:\/\/www.telavita.com.br\/blog\/wp-content\/uploads\/2022\/09\/brain-writes-with-white-chalk-is-hand-draw-concept-1-scaled.jpg","height":1707,"width":2560},"keywords":null}]}