{"@context":"https:\/\/schema.org\/","@type":"CollectionPage","@id":"https:\/\/www.telavita.com.br\/blog\/category\/transtornos-psicologicos\/ansiedade\/#CollectionPage","headline":"Ansiedade Category","description":"","url":"https:\/\/www.telavita.com.br\/blog\/category\/transtornos-psicologicos\/ansiedade\/","hasPart":[{"@type":"BlogPosting","@id":"https:\/\/www.telavita.com.br\/blog\/como-surge-sindrome-do-panico\/","headline":"Como surge a s\u00edndrome do p\u00e2nico?","url":"https:\/\/www.telavita.com.br\/blog\/como-surge-sindrome-do-panico\/","datePublished":"2020-02-12","dateModified":"2025-12-08","mainEntityOfPage":"https:\/\/www.telavita.com.br\/blog\/como-surge-sindrome-do-panico\/","author":{"@type":"Person","@id":"https:\/\/www.telavita.com.br\/blog\/author\/sonia-pittigliani\/#Person","name":"Psic\u00f3loga Sonia Pittigliani - CRP 06\/14188","url":"https:\/\/www.telavita.com.br\/blog\/author\/sonia-pittigliani\/","identifier":16,"description":"Psic\u00f3loga formada em 1982, me especializei em Psicoterapia Breve e Psicologia Hospitalar, tendo feito mestrado em Psicologia da Sa\u00fade. Toda minha vida profissional foi fundamentada numa postura \u00e9tica humana, tendo trabalhado como psicoterapeuta (anal\u00edtica din\u00e2mica) em meu consult\u00f3rio, psicologia oncol\u00f3gica e psicologia hospitalar (UTI de adultos - politrauma, cardiologia e neurologia), sala de Emerg\u00eancia (atendendo tentativas de suic\u00eddio por intoxica\u00e7\u00e3o e depend\u00eancia qu\u00edmica) e tamb\u00e9m atuado como professora de Psicologia Educacional, em escolas estaduais no in\u00edcio de carreira, nas Faculdades Oswaldo Cruz (curso de especializa\u00e7\u00e3o em Oncologia) e na UNICID (mat\u00e9ria de toxicologia cl\u00ednica na Faculdade de Medicina e Psicologia Forense na Faculdade de Direito). No hospital fui Chefe da cl\u00ednica de Psicologia Hospitalar (por tr\u00eas anos) e na cl\u00ednica de oncologia coordenei a equipe multiprofissional. Atualmente atendo clinicamente, e desenvolvo um trabalho de mentoria.","image":{"@type":"ImageObject","@id":"https:\/\/secure.gravatar.com\/avatar\/b0b9c286c6073d3dd8121d02e9b86d88?s=96&d=mm&r=g","url":"https:\/\/secure.gravatar.com\/avatar\/b0b9c286c6073d3dd8121d02e9b86d88?s=96&d=mm&r=g","height":96,"width":96}},"publisher":{"@type":"Organization","name":"TELAVITA","logo":{"@type":"ImageObject","@id":"https:\/\/www.telavita.com.br\/blog\/wp-content\/uploads\/2021\/05\/telavita.jpg","url":"https:\/\/www.telavita.com.br\/blog\/wp-content\/uploads\/2021\/05\/telavita.jpg","width":200,"height":200}},"image":{"@type":"ImageObject","@id":"https:\/\/www.telavita.com.br\/blog\/wp-content\/uploads\/2020\/01\/como-surge-a-s\u00edndrome-do-p\u00e2nico.jpg","url":"https:\/\/www.telavita.com.br\/blog\/wp-content\/uploads\/2020\/01\/como-surge-a-s\u00edndrome-do-p\u00e2nico.jpg","height":560,"width":900},"keywords":null},{"@type":"BlogPosting","@id":"https:\/\/www.telavita.com.br\/blog\/funcionario-sindrome-do-panico\/","headline":"Como apoiar um funcion\u00e1rio com s\u00edndrome do p\u00e2nico?","url":"https:\/\/www.telavita.com.br\/blog\/funcionario-sindrome-do-panico\/","datePublished":"2020-01-29","dateModified":"2024-04-19","mainEntityOfPage":"https:\/\/www.telavita.com.br\/blog\/funcionario-sindrome-do-panico\/","author":{"@type":"Person","@id":"https:\/\/www.telavita.com.br\/blog\/author\/sonia-pittigliani\/#Person","name":"Psic\u00f3loga Sonia Pittigliani - CRP 06\/14188","url":"https:\/\/www.telavita.com.br\/blog\/author\/sonia-pittigliani\/","identifier":16,"description":"Psic\u00f3loga formada em 1982, me especializei em Psicoterapia Breve e Psicologia Hospitalar, tendo feito mestrado em Psicologia da Sa\u00fade. Toda minha vida profissional foi fundamentada numa postura \u00e9tica humana, tendo trabalhado como psicoterapeuta (anal\u00edtica din\u00e2mica) em meu consult\u00f3rio, psicologia oncol\u00f3gica e psicologia hospitalar (UTI de adultos - politrauma, cardiologia e neurologia), sala de Emerg\u00eancia (atendendo tentativas de suic\u00eddio por intoxica\u00e7\u00e3o e depend\u00eancia qu\u00edmica) e tamb\u00e9m atuado como professora de Psicologia Educacional, em escolas estaduais no in\u00edcio de carreira, nas Faculdades Oswaldo Cruz (curso de especializa\u00e7\u00e3o em Oncologia) e na UNICID (mat\u00e9ria de toxicologia cl\u00ednica na Faculdade de Medicina e Psicologia Forense na Faculdade de Direito). No hospital fui Chefe da cl\u00ednica de Psicologia Hospitalar (por tr\u00eas anos) e na cl\u00ednica de oncologia coordenei a equipe multiprofissional. Atualmente atendo clinicamente, e desenvolvo um trabalho de mentoria.","image":{"@type":"ImageObject","@id":"https:\/\/secure.gravatar.com\/avatar\/b0b9c286c6073d3dd8121d02e9b86d88?s=96&d=mm&r=g","url":"https:\/\/secure.gravatar.com\/avatar\/b0b9c286c6073d3dd8121d02e9b86d88?s=96&d=mm&r=g","height":96,"width":96}},"publisher":{"@type":"Organization","name":"TELAVITA","logo":{"@type":"ImageObject","@id":"https:\/\/www.telavita.com.br\/blog\/wp-content\/uploads\/2021\/05\/telavita.jpg","url":"https:\/\/www.telavita.com.br\/blog\/wp-content\/uploads\/2021\/05\/telavita.jpg","width":200,"height":200}},"image":{"@type":"ImageObject","@id":"https:\/\/www.telavita.com.br\/blog\/wp-content\/uploads\/2020\/01\/funcionario-com-sindrome-de-panico-na-empresa.jpg","url":"https:\/\/www.telavita.com.br\/blog\/wp-content\/uploads\/2020\/01\/funcionario-com-sindrome-de-panico-na-empresa.jpg","height":1707,"width":2560},"keywords":null},{"@type":"BlogPosting","@id":"https:\/\/www.telavita.com.br\/blog\/crise-de-ansiedade\/","headline":"O que \u00e9 uma crise de ansiedade?","url":"https:\/\/www.telavita.com.br\/blog\/crise-de-ansiedade\/","datePublished":"2020-01-22","dateModified":"2022-09-28","mainEntityOfPage":"https:\/\/www.telavita.com.br\/blog\/crise-de-ansiedade\/","author":{"@type":"Person","@id":"https:\/\/www.telavita.com.br\/blog\/author\/telavita\/#Person","name":"Telavita","url":"https:\/\/www.telavita.com.br\/blog\/author\/telavita\/","identifier":11,"image":{"@type":"ImageObject","@id":"https:\/\/secure.gravatar.com\/avatar\/ac2e61ce00e3238eb646b649fdcae5e4?s=96&d=mm&r=g","url":"https:\/\/secure.gravatar.com\/avatar\/ac2e61ce00e3238eb646b649fdcae5e4?s=96&d=mm&r=g","height":96,"width":96}},"publisher":{"@type":"Organization","name":"TELAVITA","logo":{"@type":"ImageObject","@id":"https:\/\/www.telavita.com.br\/blog\/wp-content\/uploads\/2021\/05\/telavita.jpg","url":"https:\/\/www.telavita.com.br\/blog\/wp-content\/uploads\/2021\/05\/telavita.jpg","width":200,"height":200}},"image":{"@type":"ImageObject","@id":"https:\/\/www.telavita.com.br\/blog\/wp-content\/uploads\/2020\/01\/woman-having-headache-during-periods-feeling-frustrated-concerned-touching-temples-frowning-from-discomfort-suffering-from-painful-feeling-migraine-standing-concerned-1-1.jpg","url":"https:\/\/www.telavita.com.br\/blog\/wp-content\/uploads\/2020\/01\/woman-having-headache-during-periods-feeling-frustrated-concerned-touching-temples-frowning-from-discomfort-suffering-from-painful-feeling-migraine-standing-concerned-1-1.jpg","height":1667,"width":2500},"keywords":null},{"@type":"BlogPosting","@id":"https:\/\/www.telavita.com.br\/blog\/sintomas-ansiedade-generalizada\/","headline":"Conhe\u00e7a os sintomas da ansiedade generalizada!","url":"https:\/\/www.telavita.com.br\/blog\/sintomas-ansiedade-generalizada\/","datePublished":"2019-09-12","dateModified":"2022-09-27","mainEntityOfPage":"https:\/\/www.telavita.com.br\/blog\/sintomas-ansiedade-generalizada\/","author":{"@type":"Person","@id":"https:\/\/www.telavita.com.br\/blog\/author\/telavita\/#Person","name":"Telavita","url":"https:\/\/www.telavita.com.br\/blog\/author\/telavita\/","identifier":11,"image":{"@type":"ImageObject","@id":"https:\/\/secure.gravatar.com\/avatar\/ac2e61ce00e3238eb646b649fdcae5e4?s=96&d=mm&r=g","url":"https:\/\/secure.gravatar.com\/avatar\/ac2e61ce00e3238eb646b649fdcae5e4?s=96&d=mm&r=g","height":96,"width":96}},"publisher":{"@type":"Organization","name":"TELAVITA","logo":{"@type":"ImageObject","@id":"https:\/\/www.telavita.com.br\/blog\/wp-content\/uploads\/2021\/05\/telavita.jpg","url":"https:\/\/www.telavita.com.br\/blog\/wp-content\/uploads\/2021\/05\/telavita.jpg","width":200,"height":200}},"image":{"@type":"ImageObject","@id":"https:\/\/www.telavita.com.br\/blog\/wp-content\/uploads\/2019\/09\/sintomas-da-ansiedade-generalizada.jpg","url":"https:\/\/www.telavita.com.br\/blog\/wp-content\/uploads\/2019\/09\/sintomas-da-ansiedade-generalizada.jpg","height":560,"width":900},"keywords":null,"commentCount":"1","comment":[{"@type":"Comment","@id":"https:\/\/www.telavita.com.br\/blog\/sintomas-ansiedade-generalizada\/#Comment1","dateCreated":"2022-03-11 17:07:31","description":"E j\u00e1 ouvi de m\u00e9dico (em rela\u00e7\u00e3o aos exames que realizou em pacientes) e alguns amigos, sobre a cobran\u00e7a que muitas vezes por ser marido ou namorado, colocam em suas costas, pela virilidade na vida conjugal! Aquele misto de heteronormatividade e machismo ainda \"enraizado\"! Nos exames m\u00e9dicos, pela regi\u00e3o  genital, chegam a orgasmo prostatico e ejacula\u00e7\u00e3o \"sem ter tido pressa\"! J\u00e1 tive rela\u00e7\u00f5es fluidas, at\u00e9 sem ter sido objetivo do encontro, mas por desabafar, o cara sentiu a libido \"ressurgir\"!","author":{"@type":"Person","name":"Geraldo","url":""}}]},{"@type":"BlogPosting","@id":"https:\/\/www.telavita.com.br\/blog\/tratamentos-transtorno-ansiedade\/","headline":"Os melhores tratamentos para os transtornos de ansiedade","url":"https:\/\/www.telavita.com.br\/blog\/tratamentos-transtorno-ansiedade\/","datePublished":"2019-09-11","dateModified":"2025-12-08","mainEntityOfPage":"https:\/\/www.telavita.com.br\/blog\/tratamentos-transtorno-ansiedade\/","author":{"@type":"Person","@id":"https:\/\/www.telavita.com.br\/blog\/author\/telavita\/#Person","name":"Telavita","url":"https:\/\/www.telavita.com.br\/blog\/author\/telavita\/","identifier":11,"image":{"@type":"ImageObject","@id":"https:\/\/secure.gravatar.com\/avatar\/ac2e61ce00e3238eb646b649fdcae5e4?s=96&d=mm&r=g","url":"https:\/\/secure.gravatar.com\/avatar\/ac2e61ce00e3238eb646b649fdcae5e4?s=96&d=mm&r=g","height":96,"width":96}},"publisher":{"@type":"Organization","name":"TELAVITA","logo":{"@type":"ImageObject","@id":"https:\/\/www.telavita.com.br\/blog\/wp-content\/uploads\/2021\/05\/telavita.jpg","url":"https:\/\/www.telavita.com.br\/blog\/wp-content\/uploads\/2021\/05\/telavita.jpg","width":200,"height":200}},"image":{"@type":"ImageObject","@id":"https:\/\/www.telavita.com.br\/blog\/wp-content\/uploads\/2019\/09\/tratamento-para-transtorno-de-ansiedade.jpg","url":"https:\/\/www.telavita.com.br\/blog\/wp-content\/uploads\/2019\/09\/tratamento-para-transtorno-de-ansiedade.jpg","height":560,"width":900},"keywords":null},{"@type":"BlogPosting","@id":"https:\/\/www.telavita.com.br\/blog\/transtorno-ansiedade-separacao\/","headline":"O que \u00e9 o transtorno de ansiedade de separa\u00e7\u00e3o?","url":"https:\/\/www.telavita.com.br\/blog\/transtorno-ansiedade-separacao\/","datePublished":"2019-09-06","dateModified":"2022-09-28","mainEntityOfPage":"https:\/\/www.telavita.com.br\/blog\/transtorno-ansiedade-separacao\/","author":{"@type":"Person","@id":"https:\/\/www.telavita.com.br\/blog\/author\/telavita\/#Person","name":"Telavita","url":"https:\/\/www.telavita.com.br\/blog\/author\/telavita\/","identifier":11,"image":{"@type":"ImageObject","@id":"https:\/\/secure.gravatar.com\/avatar\/ac2e61ce00e3238eb646b649fdcae5e4?s=96&d=mm&r=g","url":"https:\/\/secure.gravatar.com\/avatar\/ac2e61ce00e3238eb646b649fdcae5e4?s=96&d=mm&r=g","height":96,"width":96}},"publisher":{"@type":"Organization","name":"TELAVITA","logo":{"@type":"ImageObject","@id":"https:\/\/www.telavita.com.br\/blog\/wp-content\/uploads\/2021\/05\/telavita.jpg","url":"https:\/\/www.telavita.com.br\/blog\/wp-content\/uploads\/2021\/05\/telavita.jpg","width":200,"height":200}},"image":{"@type":"ImageObject","@id":"https:\/\/www.telavita.com.br\/blog\/wp-content\/uploads\/2019\/09\/transtorno-de-ansiedade-de-separacao.jpg","url":"https:\/\/www.telavita.com.br\/blog\/wp-content\/uploads\/2019\/09\/transtorno-de-ansiedade-de-separacao.jpg","height":560,"width":900},"keywords":null},{"@type":"BlogPosting","@id":"https:\/\/www.telavita.com.br\/blog\/tipos-de-transtornos-de-ansiedade\/","headline":"Conhe\u00e7a os 5 tipos de transtornos da ansiedade","url":"https:\/\/www.telavita.com.br\/blog\/tipos-de-transtornos-de-ansiedade\/","datePublished":"2019-09-05","dateModified":"2022-09-27","mainEntityOfPage":"https:\/\/www.telavita.com.br\/blog\/tipos-de-transtornos-de-ansiedade\/","author":{"@type":"Person","@id":"https:\/\/www.telavita.com.br\/blog\/author\/telavita\/#Person","name":"Telavita","url":"https:\/\/www.telavita.com.br\/blog\/author\/telavita\/","identifier":11,"image":{"@type":"ImageObject","@id":"https:\/\/secure.gravatar.com\/avatar\/ac2e61ce00e3238eb646b649fdcae5e4?s=96&d=mm&r=g","url":"https:\/\/secure.gravatar.com\/avatar\/ac2e61ce00e3238eb646b649fdcae5e4?s=96&d=mm&r=g","height":96,"width":96}},"publisher":{"@type":"Organization","name":"TELAVITA","logo":{"@type":"ImageObject","@id":"https:\/\/www.telavita.com.br\/blog\/wp-content\/uploads\/2021\/05\/telavita.jpg","url":"https:\/\/www.telavita.com.br\/blog\/wp-content\/uploads\/2021\/05\/telavita.jpg","width":200,"height":200}},"image":{"@type":"ImageObject","@id":"https:\/\/www.telavita.com.br\/blog\/wp-content\/uploads\/2019\/09\/tipos-de-transtorno-de-ansiedade.jpg","url":"https:\/\/www.telavita.com.br\/blog\/wp-content\/uploads\/2019\/09\/tipos-de-transtorno-de-ansiedade.jpg","height":560,"width":900},"keywords":null},{"@type":"BlogPosting","@id":"https:\/\/www.telavita.com.br\/blog\/transtorno-ansiedade-generalizada\/","headline":"O que \u00e9 o Transtorno de Ansiedade Generalizada?","url":"https:\/\/www.telavita.com.br\/blog\/transtorno-ansiedade-generalizada\/","datePublished":"2019-09-04","dateModified":"2024-06-26","mainEntityOfPage":"https:\/\/www.telavita.com.br\/blog\/transtorno-ansiedade-generalizada\/","author":{"@type":"Person","@id":"https:\/\/www.telavita.com.br\/blog\/author\/telavita\/#Person","name":"Telavita","url":"https:\/\/www.telavita.com.br\/blog\/author\/telavita\/","identifier":11,"image":{"@type":"ImageObject","@id":"https:\/\/secure.gravatar.com\/avatar\/ac2e61ce00e3238eb646b649fdcae5e4?s=96&d=mm&r=g","url":"https:\/\/secure.gravatar.com\/avatar\/ac2e61ce00e3238eb646b649fdcae5e4?s=96&d=mm&r=g","height":96,"width":96}},"publisher":{"@type":"Organization","name":"TELAVITA","logo":{"@type":"ImageObject","@id":"https:\/\/www.telavita.com.br\/blog\/wp-content\/uploads\/2021\/05\/telavita.jpg","url":"https:\/\/www.telavita.com.br\/blog\/wp-content\/uploads\/2021\/05\/telavita.jpg","width":200,"height":200}},"image":{"@type":"ImageObject","@id":"https:\/\/www.telavita.com.br\/blog\/wp-content\/uploads\/2019\/09\/transtorno-de-ansiedade-generalizada.jpg","url":"https:\/\/www.telavita.com.br\/blog\/wp-content\/uploads\/2019\/09\/transtorno-de-ansiedade-generalizada.jpg","height":560,"width":900},"keywords":null},{"@type":"BlogPosting","@id":"https:\/\/www.telavita.com.br\/blog\/pressao-e-ansiedade-terapia\/","headline":"Press\u00e3o e ansiedade? Saiba como a Telavita pode te ajudar","url":"https:\/\/www.telavita.com.br\/blog\/pressao-e-ansiedade-terapia\/","datePublished":"2019-05-09","dateModified":"2025-12-08","mainEntityOfPage":"https:\/\/www.telavita.com.br\/blog\/pressao-e-ansiedade-terapia\/","author":{"@type":"Person","@id":"https:\/\/www.telavita.com.br\/blog\/author\/telavita\/#Person","name":"Telavita","url":"https:\/\/www.telavita.com.br\/blog\/author\/telavita\/","identifier":11,"image":{"@type":"ImageObject","@id":"https:\/\/secure.gravatar.com\/avatar\/ac2e61ce00e3238eb646b649fdcae5e4?s=96&d=mm&r=g","url":"https:\/\/secure.gravatar.com\/avatar\/ac2e61ce00e3238eb646b649fdcae5e4?s=96&d=mm&r=g","height":96,"width":96}},"publisher":{"@type":"Organization","name":"TELAVITA","logo":{"@type":"ImageObject","@id":"https:\/\/www.telavita.com.br\/blog\/wp-content\/uploads\/2021\/05\/telavita.jpg","url":"https:\/\/www.telavita.com.br\/blog\/wp-content\/uploads\/2021\/05\/telavita.jpg","width":200,"height":200}},"image":{"@type":"ImageObject","@id":"https:\/\/www.telavita.com.br\/blog\/wp-content\/uploads\/2019\/05\/pressao-e-ansiedade.jpg","url":"https:\/\/www.telavita.com.br\/blog\/wp-content\/uploads\/2019\/05\/pressao-e-ansiedade.jpg","height":560,"width":900},"keywords":null},{"@type":"BlogPosting","@id":"https:\/\/www.telavita.com.br\/blog\/ansiedade-e-psicologia\/","headline":"Ansiedade e psicologia: a terapia \u00e9 a maior arma contra o mal do s\u00e9culo!","url":"https:\/\/www.telavita.com.br\/blog\/ansiedade-e-psicologia\/","datePublished":"2019-05-08","dateModified":"2025-12-08","mainEntityOfPage":"https:\/\/www.telavita.com.br\/blog\/ansiedade-e-psicologia\/","author":{"@type":"Person","@id":"https:\/\/www.telavita.com.br\/blog\/author\/juliana-sonsin\/#Person","name":"Juliana Sonsin","url":"https:\/\/www.telavita.com.br\/blog\/author\/juliana-sonsin\/","identifier":8,"description":"Jornalista formada pela Faculdade C\u00e1sper Libero e especializada em sa\u00fade. Apaixonada por escrever roteiros de v\u00eddeos, produzir (e assistir) document\u00e1rios e ler sobre tudo um pouco. Acredito no jornalismo \u00e9tico como um meio de trazer ao p\u00fablico informa\u00e7\u00f5es e hist\u00f3rias que valem a pena serem contadas. Gosto de viajar, fazer yoga e assistir s\u00e9ries.","image":{"@type":"ImageObject","@id":"https:\/\/secure.gravatar.com\/avatar\/dfb14c6228cdf7312fea984efc84d04e?s=96&d=mm&r=g","url":"https:\/\/secure.gravatar.com\/avatar\/dfb14c6228cdf7312fea984efc84d04e?s=96&d=mm&r=g","height":96,"width":96}},"publisher":{"@type":"Organization","name":"TELAVITA","logo":{"@type":"ImageObject","@id":"https:\/\/www.telavita.com.br\/blog\/wp-content\/uploads\/2021\/05\/telavita.jpg","url":"https:\/\/www.telavita.com.br\/blog\/wp-content\/uploads\/2021\/05\/telavita.jpg","width":200,"height":200}},"image":{"@type":"ImageObject","@id":"https:\/\/www.telavita.com.br\/blog\/wp-content\/uploads\/2019\/04\/ansiedade-e-psicologia.jpg","url":"https:\/\/www.telavita.com.br\/blog\/wp-content\/uploads\/2019\/04\/ansiedade-e-psicologia.jpg","height":560,"width":900},"keywords":null}]}