[{"@context":"https:\/\/schema.org\/","@type":"BlogPosting","@id":"https:\/\/www.telavita.com.br\/blog\/divulgacao-mortes-por-suicidio\/#BlogPosting","mainEntityOfPage":"https:\/\/www.telavita.com.br\/blog\/divulgacao-mortes-por-suicidio\/","headline":"Divulga\u00e7\u00e3o de mortes por suic\u00eddio: porque \u00e9 proibido?","name":"Divulga\u00e7\u00e3o de mortes por suic\u00eddio: porque \u00e9 proibido?","description":"A divulga&ccedil;&atilde;o de mortes por suic&iacute;dio, ou a aus&ecirc;ncia dela, &eacute; um tema de extrema relev&acirc;ncia em nossa sociedade atual. Em um mundo as trag&eacute;dias inundam nossos feeds de not&iacute;cias e conversas cotidianas, &eacute; intrigante o por que as mortes por suic&iacute;dio n&atilde;o s&atilde;o divulgadas. Entretanto, &eacute; necess&aacute;rio explorar as raz&otilde;es por tr&aacute;s desse sil&ecirc;ncio [&hellip;]","datePublished":"2023-09-21","dateModified":"2023-09-21","author":{"@type":"Person","@id":"https:\/\/www.telavita.com.br\/blog\/author\/andreia-da-silva\/#Person","name":"Psic\u00f3loga Andreia da Silva Alves CRP 132778\/06","url":"https:\/\/www.telavita.com.br\/blog\/author\/andreia-da-silva\/","identifier":45,"image":{"@type":"ImageObject","@id":"https:\/\/secure.gravatar.com\/avatar\/493bb8bc23a8755f53c38443a0639d34?s=96&d=mm&r=g","url":"https:\/\/secure.gravatar.com\/avatar\/493bb8bc23a8755f53c38443a0639d34?s=96&d=mm&r=g","height":96,"width":96}},"publisher":{"@type":"Organization","name":"TELAVITA","logo":{"@type":"ImageObject","@id":"https:\/\/www.telavita.com.br\/blog\/wp-content\/uploads\/2021\/05\/telavita.jpg","url":"https:\/\/www.telavita.com.br\/blog\/wp-content\/uploads\/2021\/05\/telavita.jpg","width":200,"height":200}},"image":{"@type":"ImageObject","@id":"https:\/\/www.telavita.com.br\/blog\/wp-content\/uploads\/2023\/09\/divulgacao-de-mortes-por-suicidio.jpg","url":"https:\/\/www.telavita.com.br\/blog\/wp-content\/uploads\/2023\/09\/divulgacao-de-mortes-por-suicidio.jpg","height":1707,"width":2560},"url":"https:\/\/www.telavita.com.br\/blog\/divulgacao-mortes-por-suicidio\/","about":["Suic\u00eddio"],"wordCount":1045,"articleBody":"A divulga&ccedil;&atilde;o de mortes por suic&iacute;dio, ou a aus&ecirc;ncia dela, &eacute; um tema de extrema relev&acirc;ncia em nossa sociedade atual. Em um mundo as trag&eacute;dias inundam nossos feeds de not&iacute;cias e conversas cotidianas, &eacute; intrigante o por que as mortes por suic&iacute;dio n&atilde;o s&atilde;o divulgadas.Entretanto, &eacute; necess&aacute;rio explorar as raz&otilde;es por tr&aacute;s desse sil&ecirc;ncio que envolve as mortes por suic&iacute;dio. Por conseguinte, isso implica destacar os complexos fatores sociais, culturais e individuais que contribuem para a falta de visibilidade na divulga&ccedil;&atilde;o dos &oacute;bitos.Por que a divulga&ccedil;&atilde;o de mortes por suic&iacute;dio &eacute; proibida?A quest&atilde;o da divulga&ccedil;&atilde;o de mortes por suic&iacute;dio &eacute; um tema sens&iacute;vel e complexo que merece nossa aten&ccedil;&atilde;o. Ademias, em muitos pa&iacute;ses, incluindo o Brasil, existe uma restri&ccedil;&atilde;o severa &agrave; divulga&ccedil;&atilde;o detalhada de casos de suic&iacute;dio na m&iacute;dia.&nbsp;Isso ocorre por uma raz&atilde;o crucial: o efeito de cont&aacute;gio, tamb&eacute;m conhecido como &ldquo;efeito Werther&rdquo;, nomeado em refer&ecirc;ncia ao romance &ldquo;Os Sofrimentos do Jovem Werther&rdquo; de Goethe, que descreve o suic&iacute;dio do protagonista.O que &eacute; o efeito de cont&aacute;gio?O efeito de cont&aacute;gio &eacute; um fen&ocirc;meno que pode ocorrer quando a cobertura midi&aacute;tica sensacionalista e detalhada de suic&iacute;dios leva a um aumento nas taxas de suic&iacute;dio. Dessa forma, o fen&ocirc;meno est&aacute; profundamente relacionado &agrave; vulnerabilidade de certos grupos, como adolescentes, pessoas com transtornos de sa&uacute;de mental e aqueles que j&aacute; t&ecirc;m pensamentos suicidas.&nbsp;Nesse sentido, quando essas pessoas s&atilde;o expostas a relatos sensacionalistas e detalhados de suic&iacute;dios, podem come&ccedil;ar a ver o ato como uma solu&ccedil;&atilde;o plaus&iacute;vel para seus pr&oacute;prios problemas, desencadeando uma cadeia de eventos potencialmente tr&aacute;gica.Al&eacute;m disso, o efeito de cont&aacute;gio destaca a import&acirc;ncia da maneira como a m&iacute;dia comunica sobre o suic&iacute;dio. Assim sendo, as palavras, imagens e narrativas usadas na cobertura midi&aacute;tica desempenham um papel crucial na influ&ecirc;ncia que podem exercer sobre o comportamento das pessoas.&nbsp;Diretrizes e compromissos &eacute;ticos como medida de prote&ccedil;&atilde;o&nbsp;Dado esse cen&aacute;rio, os &oacute;rg&atilde;os reguladores de m&iacute;dia imp&otilde;em diretrizes r&iacute;gidas para a divulga&ccedil;&atilde;o de mortes por suic&iacute;dios. Sendo assim, os profissionais da m&iacute;dia s&atilde;o orientados a evitar detalhes gr&aacute;ficos, imagens chocantes e a n&atilde;o romantizar ou glorificar o ato.&nbsp;Ao contr&aacute;rio disso, o foco deve ser direcionado &agrave; preven&ccedil;&atilde;o ao suic&iacute;dio, na busca de ajuda e no apoio &agrave;s pessoas em sofrimento emocional. Dessa forma, a n&atilde;o divulga&ccedil;&atilde;o expl&iacute;cita torna-se uma medida de prote&ccedil;&atilde;o essencial no esfor&ccedil;o para promo&ccedil;&atilde;o de sa&uacute;de mental, orienta&ccedil;&atilde;o adequada e, acima de tudo, a preven&ccedil;&atilde;o de fatalidades evit&aacute;veis.&nbsp;Todavia, a restri&ccedil;&atilde;o &agrave; divulga&ccedil;&atilde;o de mortes por suic&iacute;dio n&atilde;o &eacute; uma restri&ccedil;&atilde;o &agrave; informa&ccedil;&atilde;o, mas sim um ato de cuidado com a sociedade. &Eacute; uma medida fundamental para salvar vidas e garantir orienta&ccedil;&atilde;o adequada.A import&acirc;ncia da promo&ccedil;&atilde;o a sa&uacute;de mentalA Organiza&ccedil;&atilde;o Mundial da Sa&uacute;de (OMS) define sa&uacute;de como um &ldquo;estado de completo bem estar f&iacute;sico, mental e social e n&atilde;o somente a aus&ecirc;ncia de doen&ccedil;as&rdquo;. Dessa maneira, &eacute; um estado de bem-estar no qual o indiv&iacute;duo &eacute; capaz de usar suas pr&oacute;prias habilidades, recuperar-se do estresse rotineiro, ser produtivo e contribuir com a sua comunidade.&nbsp;Nesse contexto, para sermos saud&aacute;veis &eacute; necess&aacute;rio o equil&iacute;brio entre sa&uacute;de f&iacute;sica, mental e social. Logo, quando nossa sa&uacute;de mental est&aacute; em equil&iacute;brio, adquirimos a capacidade de raciocinar com clareza, resolver dilemas, enfrentar desafios e desfrutar da exist&ecirc;ncia.&nbsp;No entanto, &eacute; comum que muitas pessoas descuidem de sua sa&uacute;de mental, o que pode acarretar transtornos como ansiedade, depress&atilde;o, estresse e outros. Abordar o tema da sa&uacute;de mental assume import&acirc;ncia crucial para combater o estigma relacionado ao suic&iacute;dio e prestar aux&iacute;lio &agrave;s pessoas que enfrentam sofrimento emocional, redirecionando o foco para cuidado, acolhimento e preven&ccedil;&atilde;o.&nbsp;Toda vida importa!&nbsp;A iniciativa ou campanha &ldquo;Setembro Amarelo&rdquo;, com in&iacute;cio no Brasil em 2015, visa enfatizar a necessidade de discutir esses temas e desconstruir o estigma associado ao suic&iacute;dio.&nbsp;Se voc&ecirc; est&aacute; pensando em suic&iacute;dio, procure ajuda!&nbsp;Existem muitos recursos dispon&iacute;veis para lhe ajudar a superar esse momento dif&iacute;cil.Se conhecer algu&eacute;m que precise de ajuda e n&atilde;o souber o que falar ou que fazer, ofere&ccedil;a um abra&ccedil;o. Escuta ativa, presen&ccedil;a e gestos de acolhimento podem fazer a diferen&ccedil;a em situa&ccedil;&otilde;es cr&iacute;ticas.Al&eacute;m disso, voc&ecirc; pode ligar para o CVV pelo n&uacute;mero 188 ou tamb&eacute;m, acessar o site oficial para conversar com um volunt&aacute;rio. No mais, tente procurar tamb&eacute;m um profissional de sa&uacute;de mental para um tratamento a longo prazo.Encontre seu psic&oacute;logo online"},{"@context":"https:\/\/schema.org\/","@type":"BreadcrumbList","itemListElement":[{"@type":"ListItem","position":1,"name":"Blog","item":"https:\/\/www.telavita.com.br\/blog\/#breadcrumbitem"},{"@type":"ListItem","position":2,"name":"Divulga\u00e7\u00e3o de mortes por suic\u00eddio: porque \u00e9 proibido?","item":"https:\/\/www.telavita.com.br\/blog\/divulgacao-mortes-por-suicidio\/#breadcrumbitem"}]}]