[{"@context":"https:\/\/schema.org\/","@type":"BlogPosting","@id":"https:\/\/www.telavita.com.br\/blog\/familia-de-pessoas-com-demencia\/#BlogPosting","mainEntityOfPage":"https:\/\/www.telavita.com.br\/blog\/familia-de-pessoas-com-demencia\/","headline":"Os benef\u00edcios do acompanhamento psicol\u00f3gico para a fam\u00edlia de pessoas com dem\u00eancia","name":"Os benef\u00edcios do acompanhamento psicol\u00f3gico para a fam\u00edlia de pessoas com dem\u00eancia","description":"No come&ccedil;o, ela esquecia uma coisa ou outra: chaves, dire&ccedil;&otilde;es, anivers&aacute;rios&hellip; Ach&aacute;vamos at&eacute; engra&ccedil;ado. &ldquo;Afinal, quem nunca fez isso?&rdquo;. Depois, surgiram os problemas na fala. Nem conseguia manter direito uma conversa. &ldquo;&Eacute; a idade chegando&rdquo;, pens&aacute;vamos. No final, n&atilde;o lembrava nem quem &eacute;ramos e n&atilde;o podia sair sozinha de casa. &ldquo;Ah, mas ela estava t&atilde;o [&hellip;]","datePublished":"2019-07-31","dateModified":"2024-04-24","author":{"@type":"Person","@id":"https:\/\/www.telavita.com.br\/blog\/author\/telavita\/#Person","name":"Telavita","url":"https:\/\/www.telavita.com.br\/blog\/author\/telavita\/","identifier":11,"image":{"@type":"ImageObject","@id":"https:\/\/secure.gravatar.com\/avatar\/ac2e61ce00e3238eb646b649fdcae5e4?s=96&d=mm&r=g","url":"https:\/\/secure.gravatar.com\/avatar\/ac2e61ce00e3238eb646b649fdcae5e4?s=96&d=mm&r=g","height":96,"width":96}},"publisher":{"@type":"Organization","name":"TELAVITA","logo":{"@type":"ImageObject","@id":"https:\/\/www.telavita.com.br\/blog\/wp-content\/uploads\/2021\/05\/telavita.jpg","url":"https:\/\/www.telavita.com.br\/blog\/wp-content\/uploads\/2021\/05\/telavita.jpg","width":200,"height":200}},"image":{"@type":"ImageObject","@id":"https:\/\/www.telavita.com.br\/blog\/wp-content\/uploads\/2019\/08\/familia-de-pessoas-com-demencia.jpg","url":"https:\/\/www.telavita.com.br\/blog\/wp-content\/uploads\/2019\/08\/familia-de-pessoas-com-demencia.jpg","height":560,"width":900},"url":"https:\/\/www.telavita.com.br\/blog\/familia-de-pessoas-com-demencia\/","about":["Doen\u00e7as"],"wordCount":1072,"articleBody":"No come&ccedil;o, ela esquecia uma coisa ou outra: chaves, dire&ccedil;&otilde;es, anivers&aacute;rios&hellip; Ach&aacute;vamos at&eacute; engra&ccedil;ado. &ldquo;Afinal, quem nunca fez isso?&rdquo;. Depois, surgiram os problemas na fala. Nem conseguia manter direito uma conversa. &ldquo;&Eacute; a idade chegando&rdquo;, pens&aacute;vamos. No final, n&atilde;o lembrava nem quem &eacute;ramos e n&atilde;o podia sair sozinha de casa. &ldquo;Ah, mas ela estava t&atilde;o bem&rdquo;, era o que mais escut&aacute;vamos.Esse relato pode se encaixar no cotidiano de diversas fam&iacute;lias. Os sinais de dem&ecirc;ncia s&atilde;o m&iacute;nimos no in&iacute;cio. Classifica&ccedil;&otilde;es como dem&ecirc;ncia de Alzheimer ou dem&ecirc;ncia com corpos de Lewy, nem passam pela cabe&ccedil;a dos familiares. Entretanto, uma pequena desaten&ccedil;&atilde;o pode agravar severamente a situa&ccedil;&atilde;o.Os cuidados s&atilde;o necess&aacute;rios, principalmente com a dem&ecirc;ncia na terceira idade. Quanto mais a s&iacute;ndrome avan&ccedil;a, maior &eacute; o tempo despendido. A fam&iacute;lia tamb&eacute;m passa por um processo de transforma&ccedil;&atilde;o com a condi&ccedil;&atilde;o.O peso na fam&iacute;lia cuidadoraA dem&ecirc;ncia &eacute; uma s&iacute;ndrome que afeta a capacidade cognitiva do indiv&iacute;duo. Dessa forma, apesar de atuar de forma lenta, ela impossibilita a pessoa de realizar diversas atividades consideradas simples, como cozinhar e dirigir.Sendo assim, a fam&iacute;lia de pessoas com dem&ecirc;ncia aparece como uma figura fundamental, pois &eacute; ela que, geralmente, adota uma postura para tomar conta dessa pessoa. Os cuidados n&atilde;o s&atilde;o f&aacute;ceis, pois ser&aacute; necess&aacute;rio muito esfor&ccedil;o e tempo para realizar as necessidades de quem est&aacute; com dem&ecirc;ncia.Sobre o assunto, o artigo &ldquo;Doen&ccedil;a de Alzheimer: o que muda na vida do familiar cuidador?&rdquo; procurou elucidar melhor esse tema. De acordo com os relatos obtidos, percebeu-se uma sobrecarga f&iacute;sica e emocional nos cuidadores, principalmente porque eles n&atilde;o contam com outras membros da fam&iacute;lia para dividir as responsabilidades.&ldquo;Destaca-se tamb&eacute;m que, como conseq&uuml;&ecirc;ncia de assumir essa fun&ccedil;&atilde;o, v&aacute;rias &aacute;reas de sua vida foram afetadas (social, afetiva, profissional, sa&uacute;de f&iacute;sica e emocional), o que, muitas vezes, exigiu renunciar ou adiar seus pr&oacute;prios projetos de vida&rdquo;, relatou o estudo.Na mesma linha, o artigo &ldquo;Cuidadores familiares de pessoas com dem&ecirc;ncia&rdquo; chegou em conclus&otilde;es semelhantes. &ldquo;Os efeitos (&hellip;) s&atilde;o geralmente negativos, com altas taxas de sobrecarga e morbidade psicol&oacute;gica, bem como isolamento social, problemas f&iacute;sicos e dificuldades financeiras&rdquo;.Entretanto, a pesquisa tamb&eacute;m procurou solucionar a quest&atilde;o. Segundo os autores, interven&ccedil;&otilde;es psicossociais t&ecirc;m demonstrado reduzir a sobrecarga e depress&atilde;o do cuidador familiar. Al&eacute;m disso, essa medida foi respons&aacute;vel por adiar a interna&ccedil;&atilde;o em lares de idosos.Nesse sentido, a Associa&ccedil;&atilde;o Brit&acirc;nica de Psicologia levantou alguns n&uacute;meros sobre a rela&ccedil;&atilde;o da fam&iacute;lia de pessoas com dem&ecirc;ncia:&ndash; 61% dos cuidadores relataram que sua sa&uacute;de piorou;&ndash; Cerca de metade dos cuidadores prim&aacute;rios experimentam altos n&iacute;veis de sobrecarga;&ndash; De 22 a 33% dos cuidadores relatam n&iacute;veis significativos de depress&atilde;o;&ndash; Quase tr&ecirc;s quartos dos cuidadores relatam luto por perdas, incluindo perda de intimidade e perda de pap&eacute;is passados com a pessoa com dem&ecirc;ncia.Leia tamb&eacute;m em nosso blog: os sintomas de dem&ecirc;nciaImport&acirc;ncia do acompanhamento psicol&oacute;gico para a fam&iacute;lia de pessoas com dem&ecirc;nciaCompreender o que &eacute; dem&ecirc;ncia n&atilde;o &eacute; f&aacute;cil. As mudan&ccedil;as, como vimos, geralmente, trazem consequ&ecirc;ncias negativas para a fam&iacute;lia. Por&eacute;m, isso significa que &eacute; necess&aacute;rio compreender o que est&aacute; acontecendo para poder lidar melhor com a situa&ccedil;&atilde;o. Por estarmos tratando de v&aacute;rios problemas de ordem mental, o acompanhamento psicol&oacute;gico &eacute; recomendado.A Associa&ccedil;&atilde;o Brit&acirc;nica de Psicologia, ent&atilde;o, realizou um levantamento sobre o tema. Nele, apontou que interven&ccedil;&otilde;es psicol&oacute;gicas para cuidadores podem ser eficazes na produ&ccedil;&atilde;o de resultados positivos.&ldquo;Programas psicoeducacionais, treinamento de habilidades, aconselhamento individual e familiar, terapias comportamentais cognitivas e programas de m&uacute;ltiplos componentes podem reduzir o estresse do cuidador&rdquo;, complementa o levantamento.Contudo, &eacute; necess&aacute;rio compreender o papel do psic&oacute;logo na quest&atilde;o. Ele ajudar&aacute; a fam&iacute;lia a compreender o novo papel dela em rela&ccedil;&atilde;o a pessoa com dem&ecirc;ncia. &Eacute; necess&aacute;rio trabalhar essa resignifica&ccedil;&atilde;o para poder lidar corretamente com o indiv&iacute;duo.A terapia &eacute; um local importante para entender mais sobre a pr&oacute;pria s&iacute;ndrome e as limita&ccedil;&otilde;es que dela incorrem. Al&eacute;m disso, funciona como um espa&ccedil;o em que as pessoas podem falar sobre as frustra&ccedil;&otilde;es e ocorr&ecirc;ncias que as afligem.O acompanhamento psicol&oacute;gico tamb&eacute;m atua no desenvolvimento das faculdades mentais. A paci&ecirc;ncia &eacute; importante no trato de pessoas com dem&ecirc;ncia. Ent&atilde;o, por mais dif&iacute;cil que seja a situa&ccedil;&atilde;o, ela ajudar&aacute; a pessoa a entender o que est&aacute; acontecendo e como lidar melhor com ela.O trabalho com o psic&oacute;logo ser&aacute; respons&aacute;vel por ajudar os familiares na adapta&ccedil;&atilde;o da nova rotina. Ainda, &eacute; importante que as pessoas n&atilde;o tratem o indiv&iacute;duo com dem&ecirc;ncia como inv&aacute;lido. N&atilde;o &eacute; preciso apagar os bons momentos da mem&oacute;ria por conta dessa situa&ccedil;&atilde;o."},{"@context":"https:\/\/schema.org\/","@type":"BreadcrumbList","itemListElement":[{"@type":"ListItem","position":1,"name":"Blog","item":"https:\/\/www.telavita.com.br\/blog\/#breadcrumbitem"},{"@type":"ListItem","position":2,"name":"Os benef\u00edcios do acompanhamento psicol\u00f3gico para a fam\u00edlia de pessoas com dem\u00eancia","item":"https:\/\/www.telavita.com.br\/blog\/familia-de-pessoas-com-demencia\/#breadcrumbitem"}]}]