[{"@context":"https:\/\/schema.org\/","@type":"BlogPosting","@id":"https:\/\/www.telavita.com.br\/blog\/profissionais-com-deficiencia\/#BlogPosting","mainEntityOfPage":"https:\/\/www.telavita.com.br\/blog\/profissionais-com-deficiencia\/","headline":"PCD no mercado de trabalho: a inclus\u00e3o de profissionais com defici\u00eancia","name":"PCD no mercado de trabalho: a inclus\u00e3o de profissionais com defici\u00eancia","description":"A inclus&atilde;o de PCD no mercado de trabalho &eacute; um tema que tem gerado bastante debate. No entanto, n&atilde;o se trata apenas de dar emprego para os profissionais com defici&ecirc;ncia. Aspectos como acessibilidade, condutas adequadas no ambiente de trabalho, cargos e sal&aacute;rios compat&iacute;veis precisam de maior aten&ccedil;&atilde;o das empresas contratantes. O Brasil possui 45 milh&otilde;es [&hellip;]","datePublished":"2019-09-03","dateModified":"2024-04-19","author":{"@type":"Person","@id":"https:\/\/www.telavita.com.br\/blog\/author\/telavita\/#Person","name":"Telavita","url":"https:\/\/www.telavita.com.br\/blog\/author\/telavita\/","identifier":11,"image":{"@type":"ImageObject","@id":"https:\/\/secure.gravatar.com\/avatar\/ac2e61ce00e3238eb646b649fdcae5e4?s=96&d=mm&r=g","url":"https:\/\/secure.gravatar.com\/avatar\/ac2e61ce00e3238eb646b649fdcae5e4?s=96&d=mm&r=g","height":96,"width":96}},"publisher":{"@type":"Organization","name":"TELAVITA","logo":{"@type":"ImageObject","@id":"https:\/\/www.telavita.com.br\/blog\/wp-content\/uploads\/2021\/05\/telavita.jpg","url":"https:\/\/www.telavita.com.br\/blog\/wp-content\/uploads\/2021\/05\/telavita.jpg","width":200,"height":200}},"image":{"@type":"ImageObject","@id":"https:\/\/www.telavita.com.br\/blog\/wp-content\/uploads\/2019\/09\/pessoa-com-deficiencia-no-trabalho.jpg","url":"https:\/\/www.telavita.com.br\/blog\/wp-content\/uploads\/2019\/09\/pessoa-com-deficiencia-no-trabalho.jpg","height":1703,"width":2559},"url":"https:\/\/www.telavita.com.br\/blog\/profissionais-com-deficiencia\/","about":["Recursos Humanos"],"wordCount":1298,"articleBody":"A inclus&atilde;o de PCD no mercado de trabalho &eacute; um tema que tem gerado bastante debate. No entanto, n&atilde;o se trata apenas de dar emprego para os profissionais com defici&ecirc;ncia. Aspectos como acessibilidade, condutas adequadas no ambiente de trabalho, cargos e sal&aacute;rios compat&iacute;veis precisam de maior aten&ccedil;&atilde;o das empresas contratantes.O Brasil possui 45 milh&otilde;es de pessoas com alguma defici&ecirc;ncia diagnosticada. Desses n&uacute;meros menos de 1% s&atilde;o empregados, dados que por sua vez, refletem na disparidade de oportunidades que essas pessoas recebem.A inclus&atilde;o de pessoas com defici&ecirc;ncia nas empresas faz parte da Lei de Cotas, sendo obrigat&oacute;ria caso a empresa tenha entre 100 a 200 empregados.Contudo, mesmo que as corpora&ccedil;&otilde;es desejem inserir essa popula&ccedil;&atilde;o dentro de seu corpo empresarial, muitas n&atilde;o sabem como fazer.As contrata&ccedil;&otilde;es de profissionais com defici&ecirc;nciaApesar do marco importante da Lei de Cotas, a insatisfa&ccedil;&atilde;o continua evidente. De acordo com a psic&oacute;loga e int&eacute;rprete de Libras (L&iacute;ngua Brasileira de Sinais), Amanda Ribeiro, a inser&ccedil;&atilde;o no mercado de trabalho por parte dos deficientes ocorre principalmente &ndash; e quase que exclusivamente &ndash; por conta da Lei de Cotas.Entretanto, a contrata&ccedil;&atilde;o de pessoas com defici&ecirc;ncia por uma empresa &eacute; de grande import&acirc;ncia tanto para a economia brasileira, quanto para a inclus&atilde;o dessas pessoas no mercado de trabalho.Possibilitar vagas para portadores de defici&ecirc;ncia contribui para trazer dignidade, democracia, reabilita&ccedil;&atilde;o social e psicol&oacute;gica para eles. Logo, o colaborador que tem defici&ecirc;ncia tem a oportunidade de interagir com outras pessoas, se sentir &uacute;til e produtivo, contribuindo tamb&eacute;m com vis&otilde;es e experi&ecirc;ncias diversificadas que agregar&atilde;o valor &agrave; empresa.O papel do RH na inclus&atilde;o de profissionais com&nbsp; defici&ecirc;nciaAntes de tudo, precisamos entender a diferen&ccedil;a entre os termos &rdquo;integra&ccedil;&atilde;o&rdquo; e &ldquo;inclus&atilde;o&rdquo;. No primeiro, a pessoa com defici&ecirc;ncia precisa se adaptar a sociedade, com as caracter&iacute;sticas e costumes que j&aacute; possui. J&aacute; no segundo, com a inclus&atilde;o, entende-se que os dois lados precisam se modificar e adaptar simultaneamente.A inclus&atilde;o de deficientes no quadro de funcion&aacute;rios n&atilde;o &eacute; um favor que a empresa faz, afinal, essa pessoa &eacute; t&atilde;o capacitada quanto qualquer outra para desempenhar uma fun&ccedil;&atilde;o. Portanto, &eacute; preciso se&nbsp; libertar do estigma que o estere&oacute;tipo induz para depois aderir a disponibiliza&ccedil;&atilde;o de vagas para pessoas com defici&ecirc;ncia.A contrata&ccedil;&atilde;o envolve responsabilidade social, respeito, empatia e conhecimento perante as informa&ccedil;&otilde;es necess&aacute;rias. Por isso, &eacute; dever do RH evitar que a admiss&atilde;o seja feita somente para cumprir os termos da lei e deixar a inclus&atilde;o como segundo plano.No cen&aacute;rio perfeito, a obrigatoriedade de uma lei para assegurar a inser&ccedil;&atilde;o desse profissional no mercado de trabalho n&atilde;o seria necess&aacute;ria, pois o ideal &eacute; que essa fosse uma atitude natural. Logo, a falta de informa&ccedil;&atilde;o e o preconceito s&atilde;o os maiores impedimentos na hora de contratar profissionais com defici&ecirc;ncia.&nbsp;Como lidar com os profissionais com defici&ecirc;ncia?Ap&oacute;s a contrata&ccedil;&atilde;o de pessoas com defici&ecirc;ncia, &eacute; normal se sentir confuso e com medo de ferir os sentimentos dos novos colaboradores sem inten&ccedil;&atilde;o. Deste modo, uma dica importante &eacute; o cuidado com a utiliza&ccedil;&atilde;o de termos pejorativos para se referir &agrave;s pessoas portadoras de defici&ecirc;ncia.N&atilde;o devemos usar palavras que denigrem, humilhem ou inferiorizem, mesmo que na brincadeira. Termos como &ldquo;aleijado&rdquo;,&rdquo;inv&aacute;lido&rdquo;,&rdquo;mongol&rdquo;, &ldquo;excepcional&rdquo;, &ldquo;retardado&rdquo;, &ldquo;incapaz&rdquo; s&atilde;o maliciosos e carregam uma conduta negativa em seus significados.Muitas s&atilde;o as adversidades que o portador de defici&ecirc;ncia enfrenta todos os dias, como no caso dos deficientes f&iacute;sicos, a falta de acessibilidade, por exemplo. A resili&ecirc;ncia, portanto, &eacute; um de seus maiores tra&ccedil;os, ou seja, s&atilde;o pessoas mais preparadas para lidar com situa&ccedil;&otilde;es de cr&iacute;ticas ou desentendimentos, e a se adaptarem melhor &agrave;s situa&ccedil;&otilde;es.A import&acirc;ncia do apoio psicol&oacute;gico dentro das empresasA sa&uacute;de emocional dos colaboradores &eacute; um elemento importante a ser monitorado pois aumenta a produtividade, aumenta o engajamento e diminui os gastos decorrentes da rotatividade de funcion&aacute;rios.Quando um profissional com defici&ecirc;ncia &eacute; contratado, pelas dificuldades que podem ser encontradas quanto a preconceitos, desafios e novas responsabilidades, &eacute; interessante que haja um acompanhamento para que possam se sentir inclu&iacute;dos. O ambiente de trabalho deve ser acolhedor, respeitoso e acess&iacute;vel para todas as pessoas, independente de cor, ra&ccedil;a, doen&ccedil;as, defici&ecirc;ncias ou orienta&ccedil;&atilde;o sexual. Logo, a mudan&ccedil;a come&ccedil;a por voc&ecirc;.Dicas para lidar com PCD no trabalhoBoas pr&aacute;ticas sempre s&atilde;o bem-vindas. Lembre-se que todos devem ser tratados igualmente com respeito e busque ser sua melhor vers&atilde;o sempre. Conhecer universos diferentes do nosso favorece na constru&ccedil;&atilde;o de uma sociedade mais inclusiva e no bom relacionamento com as pessoas.&nbsp;Confira as melhores pr&aacute;ticas de conv&iacute;vio para aderir no dia a dia com uma pessoa com defici&ecirc;ncia:Boas pr&aacute;ticas para lidar com pessoas com defici&ecirc;ncia f&iacute;sicaAo conversar com um profissional que utiliza cadeira de rodas, sente-se, para que fiquem com os olhos no mesmo n&iacute;vel do outro;N&atilde;o se apoie bengala ou cadeira de rodas;Empurre a pessoa em cadeira de rodas com cuidado;Sempre que for oferecer ajuda, perguntar como voc&ecirc; deve proceder;N&atilde;o se ofender se a ajuda for recusada;Atentar-se &agrave;s barreiras que existem quando for escolher locais para encontros como reuni&otilde;es ou comemora&ccedil;&otilde;es.Lidando com pessoas com defici&ecirc;ncia visualAo gui&aacute;-los, coloque sempre a m&atilde;o da pessoa no seu cotovelo, que deve estar dobrado. Se estiverem em algum lugar apertado, colocar as m&atilde;os para tr&aacute;s;Avisar com anteced&ecirc;ncia a exist&ecirc;ncia de degraus, buracos, etc;Falar em tom de voz normal, a menos que a pessoa tamb&eacute;m possua defici&ecirc;ncia auditiva;Pessoas com defici&ecirc;ncia auditivaQuando for falar com uma pessoa surda, se posicione &agrave; frente da mesma, para que ela possa visualizar os movimentos labiais;Seja sempre expressivo;Mantenha sempre o contato visual;Mesmo que estejam acompanhadas por um int&eacute;rprete, dirija-se ao indiv&iacute;duo;De prefer&ecirc;ncia, pergunte sempre se a pessoa prefere a comunica&ccedil;&atilde;o escrita.&Eacute; importante lembrar de que existem outros tipos de defici&ecirc;ncia, n&atilde;o se limitando somente a essas. A inclus&atilde;o no Brasil ainda &eacute; um grande problema e &eacute; essencial que os direitos das pessoas com defici&ecirc;ncia sejam respeitados.&nbsp;Conhe&ccedil;a a Telavita"},{"@context":"https:\/\/schema.org\/","@type":"BreadcrumbList","itemListElement":[{"@type":"ListItem","position":1,"name":"Blog","item":"https:\/\/www.telavita.com.br\/blog\/#breadcrumbitem"},{"@type":"ListItem","position":2,"name":"PCD no mercado de trabalho: a inclus\u00e3o de profissionais com defici\u00eancia","item":"https:\/\/www.telavita.com.br\/blog\/profissionais-com-deficiencia\/#breadcrumbitem"}]}]