{"id":1029,"date":"2018-11-02T08:00:13","date_gmt":"2018-11-02T11:00:13","guid":{"rendered":"https:\/\/www.telavita.com.br\/blog\/?p=1029"},"modified":"2025-12-08T18:24:16","modified_gmt":"2025-12-08T20:24:16","slug":"sindrome-de-peter-pan","status":"publish","type":"post","link":"https:\/\/www.telavita.com.br\/blog\/sindrome-de-peter-pan\/","title":{"rendered":"A s\u00edndrome de Peter Pan e o medo de crescer"},"content":{"rendered":"<p><span style=\"font-weight: 400;\">A vida adulta pode parecer assustadora: responsabilidades sem fim, press\u00f5es sociais, <\/span><a href=\"https:\/\/www.telavita.com.br\/blog\/como-controlar-estresse-no-trabalho\/\"><b>estresse no trabalho<\/b><\/a><span style=\"font-weight: 400;\"> e nenhuma magia de conto de fadas para ajudar. A verdade \u00e9 que crescer tem muitas implica\u00e7\u00f5es e ser crian\u00e7a \u00e9 mais gostoso. No entanto, \u00e9 desse sentimento exacerbado que nasce a <\/span><b>s\u00edndrome de Peter Pan.<\/b><\/p>\n<p><span style=\"font-weight: 400;\">Peter Pan e seu medo de crescer n\u00e3o passaram despercebidos para a psicologia. Em 1983, o psic\u00f3logo<\/span><b> Dr. Dan Kiley<\/b><span style=\"font-weight: 400;\"> estudou um tipo de padr\u00e3o comportamental a fundo e aprofundou sobre as tem\u00e1ticas que envolviam as causas e o significado do que era ter uma s\u00edndrome de Peter Pan.<\/span><\/p>\n<h2><b>O que \u00e9 a s\u00edndrome de Peter Pan?<\/b><\/h2>\n<p><span style=\"font-weight: 400;\">A<\/span><b> s\u00edndrome de Peter Pan <\/b><span style=\"font-weight: 400;\">desperta nos indiv\u00edduos comportamentos infantis e inseguros que os impedem de amadurecer normalmente. Sendo assim, acabam falhando em diversos assuntos da vida adulta.<\/span><\/p>\n<p><span style=\"font-weight: 400;\">A maioria dessas pessoas sabem que agem diferente do padr\u00e3o, mas<\/span><b> se recusam a crescer. <\/b><span style=\"font-weight: 400;\">Possuem muito medo de serem rejeitadas pela sociedade e, principalmente, de serem julgadas.<\/span><\/p>\n<p><span style=\"font-weight: 400;\">O transtorno foi batizado com o nome de Peter Pan porque as atitudes das pessoas com essa s\u00edndrome \u00e9 exatamente a <\/span><b>de viver em um mundo imagin\u00e1rio, onde elas n\u00e3o t\u00eam a obriga\u00e7\u00e3o de amadurecer. <\/b><span style=\"font-weight: 400;\">Por este motivo, elas n\u00e3o possuem sucesso em suas rela\u00e7\u00f5es profissionais, familiares e amorosas.<\/span><\/p>\n<h2><b>Como \u00e9 ter a s\u00edndrome de Peter Pan?<\/b><\/h2>\n<p><span style=\"font-weight: 400;\">O apego com a fantasia \u00e9 t\u00e3o grande que eles n\u00e3o conseguem se desprender dos pais e continuam a viver dependentes dos seus respons\u00e1veis,\u00a0 possuindo grande dificuldade em se aprofundar em outras rela\u00e7\u00f5es. <\/span><b>O medo de viver no mundo real \u00e9 grande demais.<\/b><\/p>\n<p><span style=\"font-weight: 400;\">Diversas pesquisas constataram que esse transtorno \u00e9 mais comum entre homens do que em mulheres. O que mais preocupa \u00e9 <\/span><b>o aumento da incid\u00eancia de casos diagnosticados com a s\u00edndrome.<\/b><\/p>\n<p><span style=\"font-weight: 400;\">Ainda, vale ressaltar que o complexo de Peter Pan n\u00e3o est\u00e1 listado no <\/span><b>Manual de Diagn\u00f3stico e Estat\u00edstico de Transtornos Mentais realizado pela Associa\u00e7\u00e3o Americana de Psiquiatria.<\/b><span style=\"font-weight: 400;\"> O psic\u00f3logo Dr. Dan Kiley foi o respons\u00e1vel por identificar e cunhar o termo.<\/span><\/p>\n<h3><b>Voc\u00ea sabia que existe a S\u00edndrome de Wendy?<\/b><\/h3>\n<p><span style=\"font-weight: 400;\">A <\/span><b>personagem Wendy <\/b><span style=\"font-weight: 400;\">tamb\u00e9m foi utilizada para descrever um dist\u00farbio mental. Nesse sentido, o complexo de Wendy \u00e9 conhecido pela necessidade imperativa de satisfazer o outro, principalmente se for o parceiro ou os filhos. Essa condi\u00e7\u00e3o, geralmente, \u00e9 <\/span><b>associada mais \u00e0s mulheres.<\/b><\/p>\n<p><span style=\"font-weight: 400;\">Dessa forma, a pessoa que possui tal s\u00edndrome sente-se <\/span><b>respons\u00e1vel pelo bem estar dos outros e quer agradar ao m\u00e1ximo<\/b><span style=\"font-weight: 400;\">. Al\u00e9m disso, \u00e9 poss\u00edvel perceber um grande senso de culpa quando as coisas n\u00e3o est\u00e3o sob controle ou quando algu\u00e9m est\u00e1 desconfort\u00e1vel com a situa\u00e7\u00e3o.<\/span><\/p>\n<h2><b>S\u00edndrome de Peter Pan: diagn\u00f3stico<\/b><\/h2>\n<p><span style=\"font-weight: 400;\">A princ\u00edpio, <\/span><b>n\u00e3o \u00e9 t\u00e3o f\u00e1cil assim identificar uma pessoa que possui a s\u00edndrome da infantilidade. <\/b><span style=\"font-weight: 400;\">Entretanto, \u00e9 poss\u00edvel observar algumas caracter\u00edsticas pessoais para delimitar o dist\u00farbio. Nesse sentido, acompanhe abaixo alguns atributos que ajudam a reconhecer algu\u00e9m que possui essa condi\u00e7\u00e3o:<\/span><\/p>\n<ul>\n<li style=\"font-weight: 400;\" aria-level=\"1\"><span style=\"font-weight: 400;\">Inseguran\u00e7a;<\/span><\/li>\n<li style=\"font-weight: 400;\" aria-level=\"1\"><a href=\"https:\/\/www.telavita.com.br\/blog\/dicas-para-autoestima\/\"><b>Pouca autoestima<\/b><\/a><span style=\"font-weight: 400;\">;<\/span><\/li>\n<li style=\"font-weight: 400;\" aria-level=\"1\"><span style=\"font-weight: 400;\">Se relacionam com pessoas mais novas;<\/span><\/li>\n<li style=\"font-weight: 400;\" aria-level=\"1\"><span style=\"font-weight: 400;\">Sempre d\u00e3o desculpas para tudo;<\/span><\/li>\n<li style=\"font-weight: 400;\" aria-level=\"1\"><span style=\"font-weight: 400;\">N\u00e3o possuem responsabilidades;<\/span><\/li>\n<li style=\"font-weight: 400;\" aria-level=\"1\"><span style=\"font-weight: 400;\">Insatisfa\u00e7\u00e3o;<\/span><\/li>\n<li style=\"font-weight: 400;\" aria-level=\"1\"><span style=\"font-weight: 400;\">N\u00e3o se esfor\u00e7am para conseguir algo;<\/span><\/li>\n<li style=\"font-weight: 400;\" aria-level=\"1\"><span style=\"font-weight: 400;\">Ego\u00edstas;<\/span><\/li>\n<li style=\"font-weight: 400;\" aria-level=\"1\"><span style=\"font-weight: 400;\">Gostam de ordenar e criticar;<\/span><\/li>\n<li style=\"font-weight: 400;\" aria-level=\"1\"><span style=\"font-weight: 400;\">Necessitam chamar aten\u00e7\u00e3o;<\/span><\/li>\n<li style=\"font-weight: 400;\" aria-level=\"1\"><span style=\"font-weight: 400;\">Se comportam como crian\u00e7as;<\/span><\/li>\n<li style=\"font-weight: 400;\" aria-level=\"1\"><span style=\"font-weight: 400;\">Choram com facilidade.<\/span><\/li>\n<\/ul>\n<span class='mb-center maxbutton-3-center'><span class='maxbutton-3-container mb-container'><a class=\"maxbutton-3 maxbutton maxbutton-manda-para-pagina-psicologos\" href=\"https:\/\/app.telavita.com.br\/psicologia-online\/encontre-seu-psicologo\"><span class='mb-text'>Agende agora uma consulta com psic\u00f3logo<\/span><\/a><\/span><\/span>\n<h3><b>As atitudes pelo medo de crescer<\/b><\/h3>\n<p><span style=\"font-weight: 400;\">As pessoas com essa s\u00edndrome apresentam arrog\u00e2ncia, mas <\/span><b>escondem uma fragilidade emocional muito grande. <\/b><span style=\"font-weight: 400;\">Por tamb\u00e9m estarem sempre em um mundo de fantasias, a curiosidade e criatividade s\u00e3o agu\u00e7adas.<\/span><\/p>\n<p><span style=\"font-weight: 400;\">Contudo, quem tem a s\u00edndrome de Peter Pan se esfor\u00e7a e desperta aten\u00e7\u00e3o e admira\u00e7\u00e3o de algumas pessoas, porque aparentam levar uma vida leve. Apesar de sempre demonstrarem grande felicidade,a mente costuma estar repleta de conflitos, medos e tristezas constantes. Eles s\u00e3o <\/span><b>inseguros, exigentes, magoados e intolerantes.<\/b><\/p>\n<p><span style=\"font-weight: 400;\">Dessa forma, nos relacionamentos trocam de parceiros(a) v\u00e1rias vezes, mas quando gostam e percebem que podem confiar, <\/span><b>n\u00e3o conseguem desapegar. <\/b><span style=\"font-weight: 400;\">Ent\u00e3o, \u00e9 importante ficar atento nessa quest\u00e3o.<\/span><\/p>\n<h2><b>Caracter\u00edsticas do complexo de Peter Pan<\/b><\/h2>\n<p><span style=\"font-weight: 400;\">As pessoas que possuem essa s\u00edndrome, geralmente, <\/span><b>possuem uma incapacidade de cuidar de si e assumir a responsabilidade por suas pr\u00f3prias a\u00e7\u00f5es.<\/b><span style=\"font-weight: 400;\"> Dessa forma, acabam culpando os outros pelas suas faltas de conquistas como uma forma de tirar o peso das pr\u00f3prias a\u00e7\u00f5es.<\/span><\/p>\n<p><span style=\"font-weight: 400;\">Essas pessoas t\u00eam comportamentos de adolescentes e agem impulsivamente. Sendo assim, demonstram falta de confian\u00e7a em si mesmos e sempre <\/span><b>recorrem \u00e0s figuras paternas por aux\u00edlio.<\/b><\/p>\n<p><span style=\"font-weight: 400;\">Em rela\u00e7\u00e3o ao trabalho, demonstram<\/span><b> instabilidades nos cargos que possuem.<\/b><span style=\"font-weight: 400;\"> Nesse sentido, saltam de empregos e falham em construir uma carreira linear e segura. A falta de comprometimento com as tarefas atrapalha o desempenho.<\/span><\/p>\n<p><span style=\"font-weight: 400;\">Nos relacionamentos, tamb\u00e9m vivem situa\u00e7\u00f5es complicadas, pois <\/span><b>n\u00e3o demonstram muito interesse na manuten\u00e7\u00e3o da proximidade.<\/b><span style=\"font-weight: 400;\"> Mesmo assim, s\u00e3o<\/span> <a href=\"https:\/\/www.telavita.com.br\/blog\/dependencia-emocional-psicologia\/\"><b>emocionalmente dependentes<\/b><\/a> <span style=\"font-weight: 400;\">e dif\u00edceis de lidar.<\/span><\/p>\n<h2><b>Causas da S\u00edndrome de Peter Pan<\/b><\/h2>\n<p><span style=\"font-weight: 400;\">Existem in\u00fameros fatores psicol\u00f3gicos que levam uma pessoa a desenvolver essa s\u00edndrome. Nesse sentido, o dist\u00farbio pode ocorrer por <\/span><b>fatores que se desencadearam na inf\u00e2ncia. <\/b><span style=\"font-weight: 400;\">Dessa forma, um per\u00edodo de inf\u00e2ncia muito feliz e completo pode gerar medo de crescimento ou de responsabilidade.\u00a0<\/span><\/p>\n<p><span style=\"font-weight: 400;\">Essas pessoas sentem <\/span><b>necessidade do conforto da casa dos pais e se assustam ao verem as muitas possibilidades e incertezas que uma vida adulta apresenta. Al\u00e9m<\/b><span style=\"font-weight: 400;\"> disso, uma inf\u00e2ncia perturbada e que n\u00e3o foi bem vivida tamb\u00e9m pode ser o motivo pelo desencadeamento da s\u00edndrome.<\/span><\/p>\n<p><span style=\"font-weight: 400;\">Nesse caso, h\u00e1 o desejo da liberdade de crian\u00e7a e a pessoa n\u00e3o aceita que quando adulta n\u00e3o poder\u00e1 mais viv\u00ea-la. Ent\u00e3o, ter\u00e1 que enterrar algo que n\u00e3o usufruiu, <\/span><b>o que gera um conflito interno.<\/b><\/p>\n<h2><b>Como lidar com algu\u00e9m com s\u00edndrome do Peter Pan<\/b><\/h2>\n<p><span style=\"font-weight: 400;\">Conviver com uma pessoa que possui a s\u00edndrome de Peter Pan pode n\u00e3o ser t\u00e3o f\u00e1cil. Entretanto, \u00e9 fundamental saber como lidar com algu\u00e9m que est\u00e1 passando por essa situa\u00e7\u00e3o. <\/span><b>O apoio, no entanto, \u00e9 pe\u00e7a chave para tal.<\/b><\/p>\n<p><span style=\"font-weight: 400;\">O suporte precisa ser constante, pois \u00e9 necess\u00e1rio lembrar que, muitas vezes, <\/span><b>o indiv\u00edduo n\u00e3o consegue controlar a maneira como est\u00e1 se comportando.<\/b><span style=\"font-weight: 400;\"> Sendo assim, a <\/span><a href=\"https:\/\/www.telavita.com.br\/blog\/capacidade-empatia\/\"><b>empatia<\/b><\/a><span style=\"font-weight: 400;\"> e a paci\u00eancia s\u00e3o fundamentais para seguir em contato.<\/span><\/p>\n<p><span style=\"font-weight: 400;\">Al\u00e9m disso, \u00e9 sempre importante o incentivo e o apoio para<\/span><b> mudan\u00e7as positivas<\/b><span style=\"font-weight: 400;\">. Isso pode ser um pouco complicado no in\u00edcio, mas os entes pr\u00f3ximos conseguem tamb\u00e9m ajudar a definir um tom de idade adulta para quem tem a S\u00edndrome de Peter Pan.<\/span><\/p>\n<h2><b>Tratamento<\/b><\/h2>\n<p><span style=\"font-weight: 400;\">O mais aconselh\u00e1vel \u00e9 buscar um tratamento psicol\u00f3gico adequado para que o paciente possa, em primeiro lugar,<\/span><b> assumir que possui a doen\u00e7a e buscar junto com um profissional, melhorias e crescimento.\u00a0<\/b><\/p>\n<p><span style=\"font-weight: 400;\">A aceita\u00e7\u00e3o do problema e a vontade de super\u00e1-lo \u00e9 o primeiro e mais importante passo para o crescimento pessoal e cura. O <\/span><a href=\"https:\/\/www.telavita.com.br\/blog\/orientacao-psicologica-online\/\"><b>tratamento psicol\u00f3gico<\/b><\/a><span style=\"font-weight: 400;\"> ir\u00e1 <\/span><b>detectar traumas e identificar maneiras de superar a inseguran\u00e7a e imaturidade<\/b><span style=\"font-weight: 400;\">, para que de forma livre a pessoa consiga superar frustra\u00e7\u00f5es e assumir com alegria e responsabilidade o seu <\/span><b>mundo real.<\/b><\/p>\n<p><span style=\"font-weight: 400;\">N\u00e3o h\u00e1 porque nos desligarmos do que fomos ou vivemos quando menores, o que \u00e9 preciso \u00e9 <\/span><b>a aceita\u00e7\u00e3o.<\/b><span style=\"font-weight: 400;\"> Se a inf\u00e2ncia foi repleta de alegrias, que elas sejam motivadoras e inspirem a vida adulta.<\/span><\/p>\n<p><span style=\"font-weight: 400;\">Logo, se o passado foi traum\u00e1tico e o fato de n\u00e3o ter o desfrutado como deveria \u00e9 o que pesa, lembre-se que uma nova fase da vida<\/span><b> tamb\u00e9m \u00e9 algo a se desfrutar e preencher com realiza\u00e7\u00f5es.<\/b><\/p>\n<p><a href=\"https:\/\/app.telavita.com.br\/psicologia-online\/encontre-seu-psicologo?utm_source=blog&amp;utm_medium=botao&amp;utm_campaign=blog_peter_pan_pacientes_1&amp;utm_content=peter_pan&amp;utm_term=1\"><img loading=\"lazy\" decoding=\"async\" class=\"aligncenter wp-image-9617 \" title=\"Untitled presentation (3)\" src=\"https:\/\/www.telavita.com.br\/blog\/wp-content\/uploads\/2025\/07\/Untitled-presentation-3.png\" alt=\"Untitled presentation (3)\" width=\"437\" height=\"86\" srcset=\"https:\/\/www.telavita.com.br\/blog\/wp-content\/uploads\/2025\/07\/Untitled-presentation-3.png 955w, https:\/\/www.telavita.com.br\/blog\/wp-content\/uploads\/2025\/07\/Untitled-presentation-3-300x59.png 300w, https:\/\/www.telavita.com.br\/blog\/wp-content\/uploads\/2025\/07\/Untitled-presentation-3-768x151.png 768w, https:\/\/www.telavita.com.br\/blog\/wp-content\/uploads\/2025\/07\/Untitled-presentation-3-696x137.png 696w\" sizes=\"(max-width: 437px) 100vw, 437px\" \/><\/a><\/p>\n","protected":false},"excerpt":{"rendered":"<p>A vida adulta pode parecer assustadora: responsabilidades sem fim, press\u00f5es sociais, estresse no trabalho e nenhuma magia de conto de fadas para ajudar. A verdade \u00e9 que crescer tem muitas implica\u00e7\u00f5es e ser crian\u00e7a \u00e9 mais gostoso. No entanto, \u00e9 desse sentimento exacerbado que nasce a s\u00edndrome de Peter Pan. Peter Pan e seu medo [&hellip;]<\/p>\n","protected":false},"author":11,"featured_media":1062,"comment_status":"open","ping_status":"open","sticky":false,"template":"","format":"standard","meta":{"_lmt_disableupdate":"no","_lmt_disable":"no","footnotes":""},"categories":[277],"tags":[],"yoast_head":"<!-- This site is optimized with the Yoast SEO plugin v19.8 - https:\/\/yoast.com\/wordpress\/plugins\/seo\/ -->\n<title>O que \u00e9 a s\u00edndrome de Peter Pan? | TelaVita<\/title>\n<meta name=\"description\" content=\"Conhe\u00e7a sobre o que se trata a s\u00edndrome de Peter Pan e entenda as causas e caracter\u00edsticas de indiv\u00edduos que sofrem com esse transtorno.\" \/>\n<meta name=\"robots\" content=\"index, follow, max-snippet:-1, max-image-preview:large, max-video-preview:-1\" \/>\n<link rel=\"canonical\" href=\"https:\/\/www.telavita.com.br\/blog\/sindrome-de-peter-pan\/\" \/>\n<meta property=\"og:locale\" content=\"pt_BR\" \/>\n<meta property=\"og:type\" content=\"article\" \/>\n<meta property=\"og:title\" content=\"O que \u00e9 a s\u00edndrome de Peter Pan? | TelaVita\" \/>\n<meta property=\"og:description\" content=\"Conhe\u00e7a sobre o que se trata a s\u00edndrome de Peter Pan e entenda as causas e caracter\u00edsticas de indiv\u00edduos que sofrem com esse transtorno.\" \/>\n<meta property=\"og:url\" content=\"https:\/\/www.telavita.com.br\/blog\/sindrome-de-peter-pan\/\" \/>\n<meta property=\"og:site_name\" content=\"Telavita\" \/>\n<meta property=\"article:publisher\" content=\"https:\/\/www.facebook.com\/Telavita\" \/>\n<meta property=\"article:published_time\" content=\"2018-11-02T11:00:13+00:00\" \/>\n<meta property=\"article:modified_time\" content=\"2025-12-08T20:24:16+00:00\" \/>\n<meta property=\"og:image\" content=\"https:\/\/www.telavita.com.br\/blog\/wp-content\/uploads\/2017\/10\/sindrome-peter-pan.jpg\" \/>\n\t<meta property=\"og:image:width\" content=\"900\" \/>\n\t<meta property=\"og:image:height\" content=\"560\" \/>\n\t<meta property=\"og:image:type\" content=\"image\/jpeg\" \/>\n<meta name=\"author\" content=\"Telavita\" \/>\n<meta name=\"twitter:card\" content=\"summary_large_image\" \/>\n<meta name=\"twitter:label1\" content=\"Escrito por\" \/>\n\t<meta name=\"twitter:data1\" content=\"Telavita\" \/>\n\t<meta name=\"twitter:label2\" content=\"Est. tempo de leitura\" \/>\n\t<meta name=\"twitter:data2\" content=\"7 minutos\" \/>\n<!-- \/ Yoast SEO plugin. -->","yoast_head_json":{"title":"O que \u00e9 a s\u00edndrome de Peter Pan? | TelaVita","description":"Conhe\u00e7a sobre o que se trata a s\u00edndrome de Peter Pan e entenda as causas e caracter\u00edsticas de indiv\u00edduos que sofrem com esse transtorno.","robots":{"index":"index","follow":"follow","max-snippet":"max-snippet:-1","max-image-preview":"max-image-preview:large","max-video-preview":"max-video-preview:-1"},"canonical":"https:\/\/www.telavita.com.br\/blog\/sindrome-de-peter-pan\/","og_locale":"pt_BR","og_type":"article","og_title":"O que \u00e9 a s\u00edndrome de Peter Pan? | TelaVita","og_description":"Conhe\u00e7a sobre o que se trata a s\u00edndrome de Peter Pan e entenda as causas e caracter\u00edsticas de indiv\u00edduos que sofrem com esse transtorno.","og_url":"https:\/\/www.telavita.com.br\/blog\/sindrome-de-peter-pan\/","og_site_name":"Telavita","article_publisher":"https:\/\/www.facebook.com\/Telavita","article_published_time":"2018-11-02T11:00:13+00:00","article_modified_time":"2025-12-08T20:24:16+00:00","og_image":[{"width":900,"height":560,"url":"https:\/\/www.telavita.com.br\/blog\/wp-content\/uploads\/2017\/10\/sindrome-peter-pan.jpg","type":"image\/jpeg"}],"author":"Telavita","twitter_card":"summary_large_image","twitter_misc":{"Escrito por":"Telavita","Est. tempo de leitura":"7 minutos"},"schema":{"@context":"https:\/\/schema.org","@graph":[{"@type":"Article","@id":"https:\/\/www.telavita.com.br\/blog\/sindrome-de-peter-pan\/#article","isPartOf":{"@id":"https:\/\/www.telavita.com.br\/blog\/sindrome-de-peter-pan\/"},"author":{"name":"Telavita","@id":"https:\/\/www.telavita.com.br\/blog\/#\/schema\/person\/365e554815ae72366924ab1f2b06fdaa"},"headline":"A s\u00edndrome de Peter Pan e o medo de crescer","datePublished":"2018-11-02T11:00:13+00:00","dateModified":"2025-12-08T20:24:16+00:00","mainEntityOfPage":{"@id":"https:\/\/www.telavita.com.br\/blog\/sindrome-de-peter-pan\/"},"wordCount":1315,"commentCount":2,"publisher":{"@id":"https:\/\/www.telavita.com.br\/blog\/#organization"},"articleSection":["Outras S\u00edndromes"],"inLanguage":"pt-BR","potentialAction":[{"@type":"CommentAction","name":"Comment","target":["https:\/\/www.telavita.com.br\/blog\/sindrome-de-peter-pan\/#respond"]}]},{"@type":"WebPage","@id":"https:\/\/www.telavita.com.br\/blog\/sindrome-de-peter-pan\/","url":"https:\/\/www.telavita.com.br\/blog\/sindrome-de-peter-pan\/","name":"O que \u00e9 a s\u00edndrome de Peter Pan? | TelaVita","isPartOf":{"@id":"https:\/\/www.telavita.com.br\/blog\/#website"},"datePublished":"2018-11-02T11:00:13+00:00","dateModified":"2025-12-08T20:24:16+00:00","description":"Conhe\u00e7a sobre o que se trata a s\u00edndrome de Peter Pan e entenda as causas e caracter\u00edsticas de indiv\u00edduos que sofrem com esse transtorno.","breadcrumb":{"@id":"https:\/\/www.telavita.com.br\/blog\/sindrome-de-peter-pan\/#breadcrumb"},"inLanguage":"pt-BR","potentialAction":[{"@type":"ReadAction","target":["https:\/\/www.telavita.com.br\/blog\/sindrome-de-peter-pan\/"]}]},{"@type":"BreadcrumbList","@id":"https:\/\/www.telavita.com.br\/blog\/sindrome-de-peter-pan\/#breadcrumb","itemListElement":[{"@type":"ListItem","position":1,"name":"In\u00edcio","item":"https:\/\/www.telavita.com.br\/blog\/"},{"@type":"ListItem","position":2,"name":"A s\u00edndrome de Peter Pan e o medo de crescer"}]},{"@type":"WebSite","@id":"https:\/\/www.telavita.com.br\/blog\/#website","url":"https:\/\/www.telavita.com.br\/blog\/","name":"Telavita","description":"Conte\u00fados especializados sobre sa\u00fade mental e bem-estar","publisher":{"@id":"https:\/\/www.telavita.com.br\/blog\/#organization"},"potentialAction":[{"@type":"SearchAction","target":{"@type":"EntryPoint","urlTemplate":"https:\/\/www.telavita.com.br\/blog\/?s={search_term_string}"},"query-input":"required name=search_term_string"}],"inLanguage":"pt-BR"},{"@type":"Organization","@id":"https:\/\/www.telavita.com.br\/blog\/#organization","name":"Telavita","url":"https:\/\/www.telavita.com.br\/blog\/","sameAs":["https:\/\/www.linkedin.com\/company\/telavita\/mycompany\/verification\/","https:\/\/www.instagram.com\/telavita\/","https:\/\/www.facebook.com\/Telavita"],"logo":{"@type":"ImageObject","inLanguage":"pt-BR","@id":"https:\/\/www.telavita.com.br\/blog\/#\/schema\/logo\/image\/","url":"https:\/\/www.telavita.com.br\/blog\/wp-content\/uploads\/2021\/05\/telavita.jpg","contentUrl":"https:\/\/www.telavita.com.br\/blog\/wp-content\/uploads\/2021\/05\/telavita.jpg","width":200,"height":200,"caption":"Telavita"},"image":{"@id":"https:\/\/www.telavita.com.br\/blog\/#\/schema\/logo\/image\/"}},{"@type":"Person","@id":"https:\/\/www.telavita.com.br\/blog\/#\/schema\/person\/365e554815ae72366924ab1f2b06fdaa","name":"Telavita","image":{"@type":"ImageObject","inLanguage":"pt-BR","@id":"https:\/\/www.telavita.com.br\/blog\/#\/schema\/person\/image\/","url":"https:\/\/secure.gravatar.com\/avatar\/ac2e61ce00e3238eb646b649fdcae5e4?s=96&d=mm&r=g","contentUrl":"https:\/\/secure.gravatar.com\/avatar\/ac2e61ce00e3238eb646b649fdcae5e4?s=96&d=mm&r=g","caption":"Telavita"},"url":"https:\/\/www.telavita.com.br\/blog\/author\/telavita\/"}]}},"modified_by":"Marcelo Vilas Boas","_links":{"self":[{"href":"https:\/\/www.telavita.com.br\/blog\/wp-json\/wp\/v2\/posts\/1029"}],"collection":[{"href":"https:\/\/www.telavita.com.br\/blog\/wp-json\/wp\/v2\/posts"}],"about":[{"href":"https:\/\/www.telavita.com.br\/blog\/wp-json\/wp\/v2\/types\/post"}],"author":[{"embeddable":true,"href":"https:\/\/www.telavita.com.br\/blog\/wp-json\/wp\/v2\/users\/11"}],"replies":[{"embeddable":true,"href":"https:\/\/www.telavita.com.br\/blog\/wp-json\/wp\/v2\/comments?post=1029"}],"version-history":[{"count":19,"href":"https:\/\/www.telavita.com.br\/blog\/wp-json\/wp\/v2\/posts\/1029\/revisions"}],"predecessor-version":[{"id":9646,"href":"https:\/\/www.telavita.com.br\/blog\/wp-json\/wp\/v2\/posts\/1029\/revisions\/9646"}],"wp:featuredmedia":[{"embeddable":true,"href":"https:\/\/www.telavita.com.br\/blog\/wp-json\/wp\/v2\/media\/1062"}],"wp:attachment":[{"href":"https:\/\/www.telavita.com.br\/blog\/wp-json\/wp\/v2\/media?parent=1029"}],"wp:term":[{"taxonomy":"category","embeddable":true,"href":"https:\/\/www.telavita.com.br\/blog\/wp-json\/wp\/v2\/categories?post=1029"},{"taxonomy":"post_tag","embeddable":true,"href":"https:\/\/www.telavita.com.br\/blog\/wp-json\/wp\/v2\/tags?post=1029"}],"curies":[{"name":"wp","href":"https:\/\/api.w.org\/{rel}","templated":true}]}}