{"id":1041,"date":"2017-10-09T10:33:17","date_gmt":"2017-10-09T13:33:17","guid":{"rendered":"https:\/\/www.telavita.com.br\/blog\/?p=1041"},"modified":"2024-04-23T14:11:29","modified_gmt":"2024-04-23T17:11:29","slug":"dia-da-saude-mental","status":"publish","type":"post","link":"https:\/\/www.telavita.com.br\/blog\/dia-da-saude-mental\/","title":{"rendered":"Dia Internacional da Sa\u00fade Mental &#8211; 10 de outubro"},"content":{"rendered":"<p>Celebra-se no dia 10 de Outubro, o <a href=\"https:\/\/www.telavita.com.br\/blog\/orientacao-psicologica-online\/\"><strong>dia Internacional da Sa\u00fade Mental<\/strong><\/a>. Em todas as circunst\u00e2ncias \u00e9 evidente que precisamos ter cuidado com a nossa mente. Muitas pessoas se preocupam com o f\u00edsico, n\u00e3o lembrando que a sa\u00fade engloba tamb\u00e9m os aspectos mentais. Somos como uma m\u00e1quina complexa e perfeita e por isso devemos prestar aten\u00e7\u00e3o ao conjunto, isto \u00e9: onde as a\u00e7\u00f5es de responsabilidade e cuidado com o corpo precisam visar o f\u00edsico e a mente.<\/p>\n<p>No <strong>dia Internacional da Sa\u00fade Mental<\/strong>, \u00e9 nosso dever lembrar\u00a0 do compromisso que possu\u00edmos com nosso pr\u00f3prio corpo.\u00a0Este dia ainda \u00e9 mais relevante quando sabemos que cerca de 31% a 50% da popula\u00e7\u00e3o brasileira pode apresentar um momento de transtorno ou perturba\u00e7\u00e3o mental em suas vidas ( <strong>segundo a Organiza\u00e7\u00e3o Mundial de Sa\u00fade &#8211; OMS<\/strong>).<\/p>\n<h2>O desenvolvimento do tratamento para a sa\u00fade mental<\/h2>\n<p>Antigamente em tempos mais dif\u00edceis onde os problemas psicol\u00f3gicos n\u00e3o tinham um estudo t\u00e3o profundo quanto mereciam, pessoas eram colocadas em centros psiqui\u00e1tricos e manic\u00f4mios, por serem consideradas diferentes dos padr\u00f5es naturais de comportamentos. Foi em 1978, na <strong>Reforma Psiqui\u00e1trica<\/strong> que todos os indiv\u00edduos que passam por algum tipo de perturba\u00e7\u00e3o, tiveram o total direito a um cuidado especifico.<\/p>\n<p>Por isso hoje o cen\u00e1rio possui maior\u00a0compreens\u00e3o do ponto de vista da sociedade.\u00a0Pessoas com algum tipo de <strong>transtorno<\/strong> n\u00e3o podem ser simplesmente exclu\u00eddas do meio social,\u00a0elas possuem agora a op\u00e7\u00e3o de buscar ajuda em\u00a0<strong>Centros de Aten\u00e7\u00e3o Psicossocial<\/strong> (CAPS) ou entre profissionais qualificados da \u00e1rea.\u00a0Esse tipo de op\u00e7\u00e3o de sa\u00fade beneficia in\u00fameras pessoas, as tirando do conceito err\u00f4neo da nomenclatura de &#8220;loucas&#8221; e de serem abandonadas em condi\u00e7\u00f5es que s\u00f3 pioravam os seus problemas.<\/p>\n<p>Para se ter uma ideia da disparidade entre o real problema e o tratamento traum\u00e1tico realizado antigamente, podemos citar as doen\u00e7as mentais mais comuns em nossos dias: <a href=\"https:\/\/www.telavita.com.br\/blog\/5-sinais-de-depressao\/\"><strong>depress\u00e3o<\/strong><\/a>, <a href=\"https:\/\/www.telavita.com.br\/blog\/prevenir-ataque-panico\/\"><strong>s\u00edndrome do p\u00e2nico<\/strong><\/a> e<a href=\"https:\/\/www.telavita.com.br\/blog\/5-sinais-de-bipolaridade\/\"><strong> transtorno bipolar<\/strong><\/a>. Todas elas possuem formas de serem amenizadas sem necessitar do isolamento do paciente do meio social.<\/p>\n<h2>Dicas de boas pr\u00e1ticas para a sa\u00fade mental<\/h2>\n<ul>\n<li>Se antes de dormir seus pensamentos n\u00e3o param de te perturbar, e voc\u00ea come\u00e7a a ficar desesperado, h\u00e1 uma boa estrat\u00e9gia para relaxar a mente: escrever! Pegue um caderno, ou se preferir compre um somente para isso, e comece a escrever tudo que te perturba e aflige, voc\u00ea ver\u00e1 que seus pensamentos\u00a0ficar\u00e3o rapidamente mais tranquilos;<\/li>\n<li>Sabemos que o trabalho \u00e9 muito importante,<a href=\"https:\/\/www.telavita.com.br\/blog\/5-sinais-de-que-voce-e-um-workaholic\/\"> mas voc\u00ea precisa tirar um tempo para o lazer<\/a>. Fa\u00e7a qualquer coisa que voc\u00ea goste e te fa\u00e7a relaxar;<\/li>\n<li>O tempo \u00e0s vezes n\u00e3o \u00e9 muito nosso amigo. Mas \u00e9 preciso que voc\u00ea organize o lugar que vive, assim seus pensamentos estar\u00e3o calmos e\u00a0no lugar tamb\u00e9m;<\/li>\n<li>Aquele velho ditado: &#8220;pense\u00a0muito bem antes de falar&#8221;. <a href=\"https:\/\/www.telavita.com.br\/blog\/como-administrar-raiva\/\">Se voc\u00ea \u00e9 uma pessoa explosiva<\/a> e constantemente corre risco de despejar milh\u00f5es de palavras que machuque os outros, tente se acalmar\u00a0trabalhando a respira\u00e7\u00e3o pausadamente e enchendo todo o pulm\u00e3o;<\/li>\n<li>Esse \u00e9 o t\u00f3pico mais importante! Busque ajuda profissional se voc\u00ea est\u00e1 com algum problema de ansiedade, ataques de p\u00e2nico, um sentimento de tristeza sem fim. N\u00e3o tenha vergonha de procurar um\u00a0psic\u00f3logo para que voc\u00ea encontre sa\u00fade\u00a0mental;<\/li>\n<li>Acredite que voc\u00ea \u00e9 capaz de tudo e se ame. Mude sua casa quando quiser, ou\u00e7a m\u00fasicas que te fa\u00e7am flutuar na alegria, cuide muito bem de seu cora\u00e7\u00e3o e da sua apar\u00eancia;<\/li>\n<li>Busque novos amigos, e cative os que voc\u00ea j\u00e1 possui. Estar rodeado de pessoas que te presenteiem com alegria e bem-estar \u00e9 fundamental para cuidar muito bem do seu lado mental.<\/li>\n<\/ul>\n<p>Portanto, esse dia visa chamar aten\u00e7\u00e3o de todos para a sa\u00fade psicol\u00f3gica do homem. Ultrapassando barreiras e apresentando uma conscientiza\u00e7\u00e3o que derruba qualquer preconceito, julgamento ou obst\u00e1culo cultural.<\/p>\n","protected":false},"excerpt":{"rendered":"<p>Celebra-se no dia 10 de Outubro, o dia Internacional da Sa\u00fade Mental. Em todas as circunst\u00e2ncias \u00e9 evidente que precisamos ter cuidado com a nossa mente. Muitas pessoas se preocupam com o f\u00edsico, n\u00e3o lembrando que a sa\u00fade engloba tamb\u00e9m os aspectos mentais. Somos como uma m\u00e1quina complexa e perfeita e por isso devemos prestar [&hellip;]<\/p>\n","protected":false},"author":11,"featured_media":1052,"comment_status":"open","ping_status":"open","sticky":false,"template":"","format":"standard","meta":{"_lmt_disableupdate":"","_lmt_disable":"","footnotes":""},"categories":[30],"tags":[],"yoast_head":"<!-- This site is optimized with the Yoast SEO plugin v19.8 - https:\/\/yoast.com\/wordpress\/plugins\/seo\/ -->\n<title>Dia Internacional Da Sa\u00fade Mental - Saiba Mais | TelaVita<\/title>\n<meta name=\"description\" content=\"Dia da Sa\u00fade Mental: um tema que deveria ser abordado com mais frequ\u00eancia em nossa sociedade, para nos conscientizarmos de sua import\u00e2ncia.\" \/>\n<meta name=\"robots\" content=\"index, follow, max-snippet:-1, max-image-preview:large, max-video-preview:-1\" \/>\n<link rel=\"canonical\" href=\"https:\/\/www.telavita.com.br\/blog\/dia-da-saude-mental\/\" \/>\n<meta property=\"og:locale\" content=\"pt_BR\" \/>\n<meta property=\"og:type\" content=\"article\" \/>\n<meta property=\"og:title\" content=\"Dia Internacional Da Sa\u00fade Mental - Saiba Mais | TelaVita\" \/>\n<meta property=\"og:description\" content=\"Dia da Sa\u00fade Mental: um tema que deveria ser abordado com mais frequ\u00eancia em nossa sociedade, para nos conscientizarmos de sua import\u00e2ncia.\" \/>\n<meta property=\"og:url\" content=\"https:\/\/www.telavita.com.br\/blog\/dia-da-saude-mental\/\" \/>\n<meta property=\"og:site_name\" content=\"Telavita\" \/>\n<meta property=\"article:publisher\" content=\"https:\/\/www.facebook.com\/Telavita\" \/>\n<meta property=\"article:published_time\" content=\"2017-10-09T13:33:17+00:00\" \/>\n<meta property=\"article:modified_time\" content=\"2024-04-23T17:11:29+00:00\" \/>\n<meta property=\"og:image\" content=\"https:\/\/www.telavita.com.br\/blog\/wp-content\/uploads\/2017\/10\/dia-da-saude-mental.jpg\" \/>\n\t<meta property=\"og:image:width\" content=\"900\" \/>\n\t<meta property=\"og:image:height\" content=\"560\" \/>\n\t<meta property=\"og:image:type\" content=\"image\/jpeg\" \/>\n<meta name=\"author\" content=\"Telavita\" \/>\n<meta name=\"twitter:card\" content=\"summary_large_image\" \/>\n<meta name=\"twitter:label1\" content=\"Escrito por\" \/>\n\t<meta name=\"twitter:data1\" content=\"Telavita\" \/>\n\t<meta name=\"twitter:label2\" content=\"Est. tempo de leitura\" \/>\n\t<meta name=\"twitter:data2\" content=\"4 minutos\" \/>\n<!-- \/ Yoast SEO plugin. -->","yoast_head_json":{"title":"Dia Internacional Da Sa\u00fade Mental - Saiba Mais | TelaVita","description":"Dia da Sa\u00fade Mental: um tema que deveria ser abordado com mais frequ\u00eancia em nossa sociedade, para nos conscientizarmos de sua import\u00e2ncia.","robots":{"index":"index","follow":"follow","max-snippet":"max-snippet:-1","max-image-preview":"max-image-preview:large","max-video-preview":"max-video-preview:-1"},"canonical":"https:\/\/www.telavita.com.br\/blog\/dia-da-saude-mental\/","og_locale":"pt_BR","og_type":"article","og_title":"Dia Internacional Da Sa\u00fade Mental - Saiba Mais | TelaVita","og_description":"Dia da Sa\u00fade Mental: um tema que deveria ser abordado com mais frequ\u00eancia em nossa sociedade, para nos conscientizarmos de sua import\u00e2ncia.","og_url":"https:\/\/www.telavita.com.br\/blog\/dia-da-saude-mental\/","og_site_name":"Telavita","article_publisher":"https:\/\/www.facebook.com\/Telavita","article_published_time":"2017-10-09T13:33:17+00:00","article_modified_time":"2024-04-23T17:11:29+00:00","og_image":[{"width":900,"height":560,"url":"https:\/\/www.telavita.com.br\/blog\/wp-content\/uploads\/2017\/10\/dia-da-saude-mental.jpg","type":"image\/jpeg"}],"author":"Telavita","twitter_card":"summary_large_image","twitter_misc":{"Escrito por":"Telavita","Est. tempo de leitura":"4 minutos"},"schema":{"@context":"https:\/\/schema.org","@graph":[{"@type":"Article","@id":"https:\/\/www.telavita.com.br\/blog\/dia-da-saude-mental\/#article","isPartOf":{"@id":"https:\/\/www.telavita.com.br\/blog\/dia-da-saude-mental\/"},"author":{"name":"Telavita","@id":"https:\/\/www.telavita.com.br\/blog\/#\/schema\/person\/365e554815ae72366924ab1f2b06fdaa"},"headline":"Dia Internacional da Sa\u00fade Mental &#8211; 10 de outubro","datePublished":"2017-10-09T13:33:17+00:00","dateModified":"2024-04-23T17:11:29+00:00","mainEntityOfPage":{"@id":"https:\/\/www.telavita.com.br\/blog\/dia-da-saude-mental\/"},"wordCount":683,"commentCount":0,"publisher":{"@id":"https:\/\/www.telavita.com.br\/blog\/#organization"},"articleSection":["Psicoterapia"],"inLanguage":"pt-BR","potentialAction":[{"@type":"CommentAction","name":"Comment","target":["https:\/\/www.telavita.com.br\/blog\/dia-da-saude-mental\/#respond"]}]},{"@type":"WebPage","@id":"https:\/\/www.telavita.com.br\/blog\/dia-da-saude-mental\/","url":"https:\/\/www.telavita.com.br\/blog\/dia-da-saude-mental\/","name":"Dia Internacional Da Sa\u00fade Mental - Saiba Mais | TelaVita","isPartOf":{"@id":"https:\/\/www.telavita.com.br\/blog\/#website"},"datePublished":"2017-10-09T13:33:17+00:00","dateModified":"2024-04-23T17:11:29+00:00","description":"Dia da Sa\u00fade Mental: um tema que deveria ser abordado com mais frequ\u00eancia em nossa sociedade, para nos conscientizarmos de sua import\u00e2ncia.","breadcrumb":{"@id":"https:\/\/www.telavita.com.br\/blog\/dia-da-saude-mental\/#breadcrumb"},"inLanguage":"pt-BR","potentialAction":[{"@type":"ReadAction","target":["https:\/\/www.telavita.com.br\/blog\/dia-da-saude-mental\/"]}]},{"@type":"BreadcrumbList","@id":"https:\/\/www.telavita.com.br\/blog\/dia-da-saude-mental\/#breadcrumb","itemListElement":[{"@type":"ListItem","position":1,"name":"In\u00edcio","item":"https:\/\/www.telavita.com.br\/blog\/"},{"@type":"ListItem","position":2,"name":"Dia Internacional da Sa\u00fade Mental &#8211; 10 de outubro"}]},{"@type":"WebSite","@id":"https:\/\/www.telavita.com.br\/blog\/#website","url":"https:\/\/www.telavita.com.br\/blog\/","name":"Telavita","description":"Conte\u00fados especializados sobre sa\u00fade mental e bem-estar","publisher":{"@id":"https:\/\/www.telavita.com.br\/blog\/#organization"},"potentialAction":[{"@type":"SearchAction","target":{"@type":"EntryPoint","urlTemplate":"https:\/\/www.telavita.com.br\/blog\/?s={search_term_string}"},"query-input":"required name=search_term_string"}],"inLanguage":"pt-BR"},{"@type":"Organization","@id":"https:\/\/www.telavita.com.br\/blog\/#organization","name":"Telavita","url":"https:\/\/www.telavita.com.br\/blog\/","sameAs":["https:\/\/www.linkedin.com\/company\/telavita\/mycompany\/verification\/","https:\/\/www.instagram.com\/telavita\/","https:\/\/www.facebook.com\/Telavita"],"logo":{"@type":"ImageObject","inLanguage":"pt-BR","@id":"https:\/\/www.telavita.com.br\/blog\/#\/schema\/logo\/image\/","url":"https:\/\/www.telavita.com.br\/blog\/wp-content\/uploads\/2021\/05\/telavita.jpg","contentUrl":"https:\/\/www.telavita.com.br\/blog\/wp-content\/uploads\/2021\/05\/telavita.jpg","width":200,"height":200,"caption":"Telavita"},"image":{"@id":"https:\/\/www.telavita.com.br\/blog\/#\/schema\/logo\/image\/"}},{"@type":"Person","@id":"https:\/\/www.telavita.com.br\/blog\/#\/schema\/person\/365e554815ae72366924ab1f2b06fdaa","name":"Telavita","image":{"@type":"ImageObject","inLanguage":"pt-BR","@id":"https:\/\/www.telavita.com.br\/blog\/#\/schema\/person\/image\/","url":"https:\/\/secure.gravatar.com\/avatar\/ac2e61ce00e3238eb646b649fdcae5e4?s=96&d=mm&r=g","contentUrl":"https:\/\/secure.gravatar.com\/avatar\/ac2e61ce00e3238eb646b649fdcae5e4?s=96&d=mm&r=g","caption":"Telavita"},"url":"https:\/\/www.telavita.com.br\/blog\/author\/telavita\/"}]}},"modified_by":null,"_links":{"self":[{"href":"https:\/\/www.telavita.com.br\/blog\/wp-json\/wp\/v2\/posts\/1041"}],"collection":[{"href":"https:\/\/www.telavita.com.br\/blog\/wp-json\/wp\/v2\/posts"}],"about":[{"href":"https:\/\/www.telavita.com.br\/blog\/wp-json\/wp\/v2\/types\/post"}],"author":[{"embeddable":true,"href":"https:\/\/www.telavita.com.br\/blog\/wp-json\/wp\/v2\/users\/11"}],"replies":[{"embeddable":true,"href":"https:\/\/www.telavita.com.br\/blog\/wp-json\/wp\/v2\/comments?post=1041"}],"version-history":[{"count":11,"href":"https:\/\/www.telavita.com.br\/blog\/wp-json\/wp\/v2\/posts\/1041\/revisions"}],"predecessor-version":[{"id":9409,"href":"https:\/\/www.telavita.com.br\/blog\/wp-json\/wp\/v2\/posts\/1041\/revisions\/9409"}],"wp:featuredmedia":[{"embeddable":true,"href":"https:\/\/www.telavita.com.br\/blog\/wp-json\/wp\/v2\/media\/1052"}],"wp:attachment":[{"href":"https:\/\/www.telavita.com.br\/blog\/wp-json\/wp\/v2\/media?parent=1041"}],"wp:term":[{"taxonomy":"category","embeddable":true,"href":"https:\/\/www.telavita.com.br\/blog\/wp-json\/wp\/v2\/categories?post=1041"},{"taxonomy":"post_tag","embeddable":true,"href":"https:\/\/www.telavita.com.br\/blog\/wp-json\/wp\/v2\/tags?post=1041"}],"curies":[{"name":"wp","href":"https:\/\/api.w.org\/{rel}","templated":true}]}}