{"id":121,"date":"2017-01-16T16:22:38","date_gmt":"2017-01-16T18:22:38","guid":{"rendered":"https:\/\/www.telavita.com.br\/blog\/?p=121"},"modified":"2019-10-17T09:17:37","modified_gmt":"2019-10-17T12:17:37","slug":"psicologia-junguiana","status":"publish","type":"post","link":"https:\/\/www.telavita.com.br\/blog\/psicologia-junguiana\/","title":{"rendered":"A Psicologia Junguiana e o inconsciente coletivo"},"content":{"rendered":"<p>Carl Gustav Jung, psiquiatra que colaborou com Freud em diversos artigos de psican\u00e1lise. A <strong>teoria Junguiana<\/strong>\u00a0de <strong>Inconsciente Coletivo<\/strong> consiste em uma transmiss\u00e3o de materiais atrav\u00e9s de ancestrais em nossa mais profunda psique. Vamos entender um pouco mais sobre isso!<\/p>\n<h2>Os Arqu\u00e9tipos e o Inconsciente Coletivo<\/h2>\n<p>N\u00f3s n\u00e3o dominamos tudo o que pensamos, o nosso eu n\u00e3o \u00e9 capaz de fugir de alguns sentimentos ou pensamento que surgem de repente. Sendo assim, podemos dizer que o inconsciente \u00e9 algo nosso que n\u00e3o temos conhecimento.<\/p>\n<p>Na <strong>Psicologia Junguiana<\/strong> h\u00e1 a distin\u00e7\u00e3o de inconscientes, podendo ser ele pessoal ou coletivo.<\/p>\n<p><strong>O que \u00e9 Inconsciente Pessoal<\/strong><\/p>\n<p>O Inconsciente Pessoal \u00e9 a \u00e1rea em que est\u00e3o nossas mem\u00f3rias esquecidas e nossos pensamentos reprimidos. Esse inconsciente foi estudado por Freud. Ele pode se manifestar em nossos sonhos ou at\u00e9 mesmo como sintomas ps\u00edquicos e f\u00edsicos.<\/p>\n<p><strong>O que \u00e9 Inconsciente\u00a0Coletivo<\/strong><\/p>\n<p>Esse inconsciente ao contr\u00e1rio do pessoal, \u00a0n\u00e3o se trata s\u00f3 do que vivenciamos, e sim de tudo que a humanidade teve como experi\u00eancia. E foi nesse estudo\u00a0que ele come\u00e7ou a ter diverg\u00eancias com Freud, mas essa tamb\u00e9m foi sua maior contribui\u00e7\u00e3o na psicologia.<\/p>\n<p>Essa teoria aponta que n\u00f3s nascemos tamb\u00e9m com uma heran\u00e7a psicol\u00f3gica al\u00e9m da biol\u00f3gica. Ele compara a estrutura do corpo, dos \u00f3rg\u00e3os e suas fun\u00e7\u00f5es que se evoluem conforme os anos com a humanidade, com a exist\u00eancia tamb\u00e9m de uma evolu\u00e7\u00e3o da mente, que traz tra\u00e7os de toda a hist\u00f3ria, afirmando que n\u00e3o seria poss\u00edvel um organismo todos se modificar e a mente nascer vazia. Assim, nosso corpo e mente s\u00e3o dep\u00f3sitos de hist\u00f3rias do passado.<\/p>\n<p>Os <strong>arqu\u00e9tipos Junguianos<\/strong> s\u00e3o \u00a0canais de organiza\u00e7\u00e3o de todo o material psicol\u00f3gico que herdamos ao decorrer dos anos. Um dos pontos interessantes dos arqu\u00e9tipos, s\u00e3o as imagens primordiais. Elas s\u00e3o na maioria das vezes de conte\u00fado mitol\u00f3gico e abordam assuntos de culturas t\u00e3o long\u00ednquas que temos certeza de nunca termos escutado, mas de alguma forma ela existe em sua mente e surgem de repente, geralmente em sonhos.<\/p>\n<p>Jung reparou esse ponto em suas viagens experimentais pelo mundo, onde viu que as pessoas tinham sonhos com caracter\u00edsticas de mitos e religi\u00f5es que eles n\u00e3o conheciam, mas ao lembrar deles,\u00a0eles poderiam os descrever detalhadamente, mesmo sem o conhecimento do que aquilo se tratava. Ou seja, algo lhe foi passado inconscientemente de d\u00e9cadas passadas e estava armazenado em sua mente, seu inconsciente.<\/p>\n<p>Um exemplo do inconsciente coletivo \u00e9 o que\u00a0se entende por pai. O peso dessa palavra vai muito al\u00e9m do que o que se vivencia com o pai, progenitor. Esse arqu\u00e9tipo paterno \u00e9 a imagem de todos os tipos de pais que nutrem sua mente, ele pode ter rela\u00e7\u00e3o com a religi\u00e3o por exemplo, como Deus, ou o Sol e nem sempre estar\u00e1 ligado a algo bom, pode ser um pai severo, punidor, coisas que n\u00e3o fizeram parte da sua pr\u00f3pria viv\u00eancia mas voc\u00ea consegue atribuir a essa \u00fanica palavra.<\/p>\n<p>Esse material que voc\u00ea possui no inconsciente\u00a0coletivo, ele n\u00e3o pode ser destru\u00eddo, mesmo que a imagem passe a fazer parte de seu consciente, ele estar\u00e1 l\u00e1 entrela\u00e7ado nessa \u00e1rea para continuar fazendo parte da cadeia evolutiva. Assim afirma Jung:<\/p>\n<blockquote><p>&#8220;os conte\u00fados de um arqu\u00e9tipo podem ser integrados na consci\u00eancia, mas eles pr\u00f3prios n\u00e3o tem esta capacidade. Portanto, os arqu\u00e9tipos n\u00e3o podem ser destru\u00eddos atrav\u00e9s da integra\u00e7\u00e3o ou da recusa em admitir a entrada de seus conte\u00fados na consci\u00eancia. Eles permanecem uma fonte \u00e0 canaliza\u00e7\u00e3o das energias ps\u00edquicas durante a vida inteira e precisam ser continuamente trabalhados&#8221; (Jung, 1951, p.20).<\/p><\/blockquote>\n<h2>Os principais arqu\u00e9tipos da estrutura da personalidade segundo Jung:<\/h2>\n<p><strong>A Persona<\/strong>: \u00e9 a forma que nos apresentamos para a sociedade. Ela possui diversos aspectos negativos, ela pode esconder quem realmente voc\u00ea \u00e9 por conta de esteri\u00f3tipos. Mas por outro lado ela te protege de atitudes sociais externas que procuram de alguma forma te derrubar. Tamb\u00e9m \u00e9 muito importante para a comunica\u00e7\u00e3o.<\/p>\n<p><strong>Anima e Animus<\/strong>: \u00e9 um arqu\u00e9tipo do inconsciente da parte sexual, sendo Anima para os homens e Animus para as mulheres. Ele \u00e9 o principal regulador de comportamento, ele filtra o que \u00e9 feminino e masculino e alimenta seu animus ou anima assim definindo\u00a0suas caracter\u00edsticas pessoais.<\/p>\n<p><strong>Self<\/strong>: O self \u00e9 o consciente e inconsciente se completando para formar uma totalidade.<\/p>\n<blockquote><p>&#8220;O self designa a personalidade total. A personalidade total do Homem \u00e9 indescrit\u00edvel&#8230; porque seu inconsciente n\u00e3o pode ser descrito.&#8221; (Jung em Evans, 1964, p. 62).<\/p><\/blockquote>\n<p><strong>Ego<\/strong>: ele \u00e9 o arqu\u00e9tipo da personalidade, o centro de nossa consci\u00eancia. N\u00e3o \u00e9 tra\u00e7os de inconsci\u00eancia no ego, somente a consci\u00eancia e aprendizado de tudo que foi vivido.<\/p>\n<p><strong>Sombra<\/strong>: \u00e9 aquela voz que &#8220;escutamos&#8221; quando refletimos, ela \u00e9 tudo o que a consci\u00eancia descartou por n\u00e3o fazer parte de sua persona ou n\u00e3o se encaixar no que \u00e9 sociavelmente aceit\u00e1vel.<\/p>\n<p>O <strong>inconsciente coletivo<\/strong>, fruto do estudo de Jung \u00e9 uma explica\u00e7\u00e3o para conhecimentos que temos mas n\u00e3o sabemos explicar de onde eles foram extra\u00eddos, mas na verdade eles s\u00e3o provenientes de uma sabedoria coletiva que foi transmitido para n\u00f3s atrav\u00e9s da evolu\u00e7\u00e3o humana e estavam armazenados em nosso mais profundo eu, nos acompanhando desde nosso nascimento.<\/p>\n","protected":false},"excerpt":{"rendered":"<p>Carl Gustav Jung, psiquiatra que colaborou com Freud em diversos artigos de psican\u00e1lise. A teoria Junguiana\u00a0de Inconsciente Coletivo consiste em uma transmiss\u00e3o de materiais atrav\u00e9s de ancestrais em nossa mais profunda psique. Vamos entender um pouco mais sobre isso! Os Arqu\u00e9tipos e o Inconsciente Coletivo N\u00f3s n\u00e3o dominamos tudo o que pensamos, o nosso eu [&hellip;]<\/p>\n","protected":false},"author":11,"featured_media":126,"comment_status":"open","ping_status":"open","sticky":false,"template":"","format":"standard","meta":{"_lmt_disableupdate":"","_lmt_disable":"","footnotes":""},"categories":[281],"tags":[],"yoast_head":"<!-- This site is optimized with the Yoast SEO plugin v19.8 - https:\/\/yoast.com\/wordpress\/plugins\/seo\/ -->\n<title>Inconsciente Coletivo e a Psicologia Junguiana | TelaVita<\/title>\n<meta name=\"description\" content=\"Voc\u00ea j\u00e1 ouviu falar em inconsciente coletivo? A Psicologia Junguiana explica com detalhes esta manifesta\u00e7\u00e3o! Saiba mais aqui!\" \/>\n<meta name=\"robots\" content=\"index, follow, max-snippet:-1, max-image-preview:large, max-video-preview:-1\" \/>\n<link rel=\"canonical\" href=\"https:\/\/www.telavita.com.br\/blog\/psicologia-junguiana\/\" \/>\n<meta property=\"og:locale\" content=\"pt_BR\" \/>\n<meta property=\"og:type\" content=\"article\" \/>\n<meta property=\"og:title\" content=\"Inconsciente Coletivo e a Psicologia Junguiana | TelaVita\" \/>\n<meta property=\"og:description\" content=\"Voc\u00ea j\u00e1 ouviu falar em inconsciente coletivo? A Psicologia Junguiana explica com detalhes esta manifesta\u00e7\u00e3o! Saiba mais aqui!\" \/>\n<meta property=\"og:url\" content=\"https:\/\/www.telavita.com.br\/blog\/psicologia-junguiana\/\" \/>\n<meta property=\"og:site_name\" content=\"Telavita\" \/>\n<meta property=\"article:publisher\" content=\"https:\/\/www.facebook.com\/Telavita\" \/>\n<meta property=\"article:published_time\" content=\"2017-01-16T18:22:38+00:00\" \/>\n<meta property=\"article:modified_time\" content=\"2019-10-17T12:17:37+00:00\" \/>\n<meta property=\"og:image\" content=\"https:\/\/www.telavita.com.br\/blog\/wp-content\/uploads\/2017\/01\/inconsciente-coletivo.jpg\" \/>\n\t<meta property=\"og:image:width\" content=\"1232\" \/>\n\t<meta property=\"og:image:height\" content=\"767\" \/>\n\t<meta property=\"og:image:type\" content=\"image\/jpeg\" \/>\n<meta name=\"author\" content=\"Telavita\" \/>\n<meta name=\"twitter:card\" content=\"summary_large_image\" \/>\n<meta name=\"twitter:label1\" content=\"Escrito por\" \/>\n\t<meta name=\"twitter:data1\" content=\"Telavita\" \/>\n\t<meta name=\"twitter:label2\" content=\"Est. tempo de leitura\" \/>\n\t<meta name=\"twitter:data2\" content=\"5 minutos\" \/>\n<!-- \/ Yoast SEO plugin. -->","yoast_head_json":{"title":"Inconsciente Coletivo e a Psicologia Junguiana | TelaVita","description":"Voc\u00ea j\u00e1 ouviu falar em inconsciente coletivo? A Psicologia Junguiana explica com detalhes esta manifesta\u00e7\u00e3o! Saiba mais aqui!","robots":{"index":"index","follow":"follow","max-snippet":"max-snippet:-1","max-image-preview":"max-image-preview:large","max-video-preview":"max-video-preview:-1"},"canonical":"https:\/\/www.telavita.com.br\/blog\/psicologia-junguiana\/","og_locale":"pt_BR","og_type":"article","og_title":"Inconsciente Coletivo e a Psicologia Junguiana | TelaVita","og_description":"Voc\u00ea j\u00e1 ouviu falar em inconsciente coletivo? A Psicologia Junguiana explica com detalhes esta manifesta\u00e7\u00e3o! Saiba mais aqui!","og_url":"https:\/\/www.telavita.com.br\/blog\/psicologia-junguiana\/","og_site_name":"Telavita","article_publisher":"https:\/\/www.facebook.com\/Telavita","article_published_time":"2017-01-16T18:22:38+00:00","article_modified_time":"2019-10-17T12:17:37+00:00","og_image":[{"width":1232,"height":767,"url":"https:\/\/www.telavita.com.br\/blog\/wp-content\/uploads\/2017\/01\/inconsciente-coletivo.jpg","type":"image\/jpeg"}],"author":"Telavita","twitter_card":"summary_large_image","twitter_misc":{"Escrito por":"Telavita","Est. tempo de leitura":"5 minutos"},"schema":{"@context":"https:\/\/schema.org","@graph":[{"@type":"Article","@id":"https:\/\/www.telavita.com.br\/blog\/psicologia-junguiana\/#article","isPartOf":{"@id":"https:\/\/www.telavita.com.br\/blog\/psicologia-junguiana\/"},"author":{"name":"Telavita","@id":"https:\/\/www.telavita.com.br\/blog\/#\/schema\/person\/365e554815ae72366924ab1f2b06fdaa"},"headline":"A Psicologia Junguiana e o inconsciente coletivo","datePublished":"2017-01-16T18:22:38+00:00","dateModified":"2019-10-17T12:17:37+00:00","mainEntityOfPage":{"@id":"https:\/\/www.telavita.com.br\/blog\/psicologia-junguiana\/"},"wordCount":934,"commentCount":1,"publisher":{"@id":"https:\/\/www.telavita.com.br\/blog\/#organization"},"articleSection":["Psicologia"],"inLanguage":"pt-BR","potentialAction":[{"@type":"CommentAction","name":"Comment","target":["https:\/\/www.telavita.com.br\/blog\/psicologia-junguiana\/#respond"]}]},{"@type":"WebPage","@id":"https:\/\/www.telavita.com.br\/blog\/psicologia-junguiana\/","url":"https:\/\/www.telavita.com.br\/blog\/psicologia-junguiana\/","name":"Inconsciente Coletivo e a Psicologia Junguiana | TelaVita","isPartOf":{"@id":"https:\/\/www.telavita.com.br\/blog\/#website"},"datePublished":"2017-01-16T18:22:38+00:00","dateModified":"2019-10-17T12:17:37+00:00","description":"Voc\u00ea j\u00e1 ouviu falar em inconsciente coletivo? A Psicologia Junguiana explica com detalhes esta manifesta\u00e7\u00e3o! Saiba mais aqui!","breadcrumb":{"@id":"https:\/\/www.telavita.com.br\/blog\/psicologia-junguiana\/#breadcrumb"},"inLanguage":"pt-BR","potentialAction":[{"@type":"ReadAction","target":["https:\/\/www.telavita.com.br\/blog\/psicologia-junguiana\/"]}]},{"@type":"BreadcrumbList","@id":"https:\/\/www.telavita.com.br\/blog\/psicologia-junguiana\/#breadcrumb","itemListElement":[{"@type":"ListItem","position":1,"name":"In\u00edcio","item":"https:\/\/www.telavita.com.br\/blog\/"},{"@type":"ListItem","position":2,"name":"A Psicologia Junguiana e o inconsciente coletivo"}]},{"@type":"WebSite","@id":"https:\/\/www.telavita.com.br\/blog\/#website","url":"https:\/\/www.telavita.com.br\/blog\/","name":"Telavita","description":"Conte\u00fados especializados sobre sa\u00fade mental e bem-estar","publisher":{"@id":"https:\/\/www.telavita.com.br\/blog\/#organization"},"potentialAction":[{"@type":"SearchAction","target":{"@type":"EntryPoint","urlTemplate":"https:\/\/www.telavita.com.br\/blog\/?s={search_term_string}"},"query-input":"required name=search_term_string"}],"inLanguage":"pt-BR"},{"@type":"Organization","@id":"https:\/\/www.telavita.com.br\/blog\/#organization","name":"Telavita","url":"https:\/\/www.telavita.com.br\/blog\/","sameAs":["https:\/\/www.linkedin.com\/company\/telavita\/mycompany\/verification\/","https:\/\/www.instagram.com\/telavita\/","https:\/\/www.facebook.com\/Telavita"],"logo":{"@type":"ImageObject","inLanguage":"pt-BR","@id":"https:\/\/www.telavita.com.br\/blog\/#\/schema\/logo\/image\/","url":"https:\/\/www.telavita.com.br\/blog\/wp-content\/uploads\/2021\/05\/telavita.jpg","contentUrl":"https:\/\/www.telavita.com.br\/blog\/wp-content\/uploads\/2021\/05\/telavita.jpg","width":200,"height":200,"caption":"Telavita"},"image":{"@id":"https:\/\/www.telavita.com.br\/blog\/#\/schema\/logo\/image\/"}},{"@type":"Person","@id":"https:\/\/www.telavita.com.br\/blog\/#\/schema\/person\/365e554815ae72366924ab1f2b06fdaa","name":"Telavita","image":{"@type":"ImageObject","inLanguage":"pt-BR","@id":"https:\/\/www.telavita.com.br\/blog\/#\/schema\/person\/image\/","url":"https:\/\/secure.gravatar.com\/avatar\/ac2e61ce00e3238eb646b649fdcae5e4?s=96&d=mm&r=g","contentUrl":"https:\/\/secure.gravatar.com\/avatar\/ac2e61ce00e3238eb646b649fdcae5e4?s=96&d=mm&r=g","caption":"Telavita"},"url":"https:\/\/www.telavita.com.br\/blog\/author\/telavita\/"}]}},"modified_by":null,"_links":{"self":[{"href":"https:\/\/www.telavita.com.br\/blog\/wp-json\/wp\/v2\/posts\/121"}],"collection":[{"href":"https:\/\/www.telavita.com.br\/blog\/wp-json\/wp\/v2\/posts"}],"about":[{"href":"https:\/\/www.telavita.com.br\/blog\/wp-json\/wp\/v2\/types\/post"}],"author":[{"embeddable":true,"href":"https:\/\/www.telavita.com.br\/blog\/wp-json\/wp\/v2\/users\/11"}],"replies":[{"embeddable":true,"href":"https:\/\/www.telavita.com.br\/blog\/wp-json\/wp\/v2\/comments?post=121"}],"version-history":[{"count":10,"href":"https:\/\/www.telavita.com.br\/blog\/wp-json\/wp\/v2\/posts\/121\/revisions"}],"predecessor-version":[{"id":5664,"href":"https:\/\/www.telavita.com.br\/blog\/wp-json\/wp\/v2\/posts\/121\/revisions\/5664"}],"wp:featuredmedia":[{"embeddable":true,"href":"https:\/\/www.telavita.com.br\/blog\/wp-json\/wp\/v2\/media\/126"}],"wp:attachment":[{"href":"https:\/\/www.telavita.com.br\/blog\/wp-json\/wp\/v2\/media?parent=121"}],"wp:term":[{"taxonomy":"category","embeddable":true,"href":"https:\/\/www.telavita.com.br\/blog\/wp-json\/wp\/v2\/categories?post=121"},{"taxonomy":"post_tag","embeddable":true,"href":"https:\/\/www.telavita.com.br\/blog\/wp-json\/wp\/v2\/tags?post=121"}],"curies":[{"name":"wp","href":"https:\/\/api.w.org\/{rel}","templated":true}]}}