{"id":1223,"date":"2017-12-12T12:37:39","date_gmt":"2017-12-12T14:37:39","guid":{"rendered":"https:\/\/www.telavita.com.br\/blog\/?p=1223"},"modified":"2025-12-08T19:07:21","modified_gmt":"2025-12-08T21:07:21","slug":"aproveitar-as-ferias","status":"publish","type":"post","link":"https:\/\/www.telavita.com.br\/blog\/aproveitar-as-ferias\/","title":{"rendered":"Saiba como se desligar completamente do trabalho e aproveitar as f\u00e9rias"},"content":{"rendered":"<p><em>Saber aproveitar as f\u00e9rias \u00e9 algo fundamental para o descanso da mente<\/em><\/p>\n<p>Depois de tanto tempo trabalhando, finalmente chegou o momento de voc\u00ea tirar suas f\u00e9rias para relaxar e descansar. Ent\u00e3o, \u00e9 hora de colocar em pr\u00e1tica tudo que voc\u00ea n\u00e3o conseguiu fazer quando estava ocupado por completo.<\/p>\n<p>Saber<strong> como aproveitar as f\u00e9rias<\/strong> \u00e9 fundamental, pois nos torna mais resilientes diante do estresse e mais produtivos e engajados no trabalho, conforme aponta um <a href=\"https:\/\/www.psychologytoday.com\/us\/blog\/feeling-it\/201708\/three-science-based-reasons-vacations-boost-productivity\">estudo<\/a>. Sendo assim, saber separar o emprego desse momento de descanso \u00e9 imprescind\u00edvel.<\/p>\n<p>Entretanto, para muitos, essa divis\u00e3o de prioridades \u00e9 muito dif\u00edcil. Elas podem at\u00e9 ter uma <strong>lista de coisas para fazer nas f\u00e9rias<\/strong>, por\u00e9m n\u00e3o conseguem deixar de lado o trabalho. Dessa forma, n\u00e3o conseguem <strong>aproveitar os momentos<\/strong> de tranquilidade.<\/p>\n<p><strong>LEIA MAIS: <a href=\"https:\/\/www.telavita.com.br\/blog\/5-exercicios-para-saude-mental\/\">Confira esses 5 exerc\u00edcios que te ajudar\u00e3o a manter a sa\u00fade mental<\/a><\/strong><\/p>\n<p>\u00c9 comum observar essas pessoas verificando e-mails e respondendo mensagens do emprego. Elas continuam trabalhando mesmo quando est\u00e3o temporariamente dispensadas de suas atividades.<\/p>\n<p>Bem, n\u00e3o h\u00e1 nada de errado em ser um funcion\u00e1rio eficiente e que se entrega ao trabalho. Por\u00e9m, \u00e9 preciso balancear os momentos e <a href=\"https:\/\/www.telavita.com.br\/blog\/qualidade-de-vida\/\">procurar ter uma qualidade de vida<\/a>. Ou seja, \u00e9 importante n\u00e3o misturar o tempo das f\u00e9rias com os neg\u00f3cios da empresa, pois \u00e9 necess\u00e1rio para a sa\u00fade aproveitar essas oportunidades de descanso.<\/p>\n<h2>Se programe para sair de f\u00e9rias<\/h2>\n<p>Depois de muitos meses vivendo no estresse da rotina e do ambiente de trabalho, \u00e9 normal que o colaborador se sinta cansado e, principalmente, ansioso para sair de f\u00e9rias. Isso \u00e9 natural, pois o corpo exige, naturalmente, um descanso merecido.<\/p>\n<p>Entretanto, antes de aproveitar esses momentos de sossego, \u00e9 fundamental preencher uma <span data-sheets-value=\"{&quot;1&quot;:2,&quot;2&quot;:&quot;lista de ferias&quot;}\" data-sheets-userformat=\"{&quot;2&quot;:513,&quot;3&quot;:{&quot;1&quot;:0},&quot;12&quot;:0}\"><strong>lista de f\u00e9rias<\/strong>. Ou seja, \u00e9 importante se atentar a alguns t\u00f3picos antes de sair completamente do servi\u00e7o.<\/span><\/p>\n<p><strong>LEIA MAIS: <a href=\"https:\/\/www.telavita.com.br\/blog\/sinais-de-ser-bem-sucedido\/\">5 sinais de que voc\u00ea \u00e9 bem-sucedido e nem sabe<\/a><\/strong><\/p>\n<p>Ao fazer isso, a pessoa consegue deixar tudo organizado antes do per\u00edodo de aus\u00eancia para n\u00e3o prejudicar a sua equipe, al\u00e9m de conseguir se desconectar com mais facilidade do emprego, pois sabe que as coisas est\u00e3o claras para todos.<\/p>\n<p>Confira abaixo algumas <strong>dicas de f\u00e9rias<\/strong> para que voc\u00ea possa aproveitar todos os momentos de seu descanso, sem pensar no trabalho ou nas tarefes que estar\u00e3o acumuladas.<\/p>\n<ul>\n<li>Organize a sua mesa e fa\u00e7a uma faxina nas gazetas. Dessa forma, quando voc\u00ea voltar ir\u00e1 encontrar um ambiente limpo e com os materiais importantes separados;<\/li>\n<li>Resolva os assuntos pendentes. N\u00e3o saia do escrit\u00f3rio antes de resolver algumas situa\u00e7\u00f5es, sen\u00e3o poder\u00e1 deixar uma cena complicada para seus colegas, al\u00e9m de ficar preocupado durantes as suas f\u00e9rias;<\/li>\n<li>Oriente o seu substituto. \u00c9 fundamental deixar a equipe a par de todas as atividades que voc\u00ea desempenha e passar as instru\u00e7\u00f5es necess\u00e1rias para que elas continuem sendo executadas mesmo na sua aus\u00eancia;<\/li>\n<li>Fa\u00e7a uma lista com as a\u00e7\u00f5es necess\u00e1rias na sua primeira semana ap\u00f3s as f\u00e9rias. Isso ir\u00e1 ajudar voc\u00ea a se organizar logo que voltar e otimizar\u00e1 melhor o seu tempo;<\/li>\n<li>Deixe uma <strong>mensagem de f\u00e9rias do trabalho<\/strong>. Isto \u00e9, programe o seu e-mail com respostas autom\u00e1ticas e deixe um aviso de f\u00e9rias;<\/li>\n<li>Anote todas as suas senhas. \u00c9 muito comum esquec\u00ea-las assim que voltamos, por isso, deixe essas informa\u00e7\u00f5es num local seguro e de f\u00e1cil acesso.<\/li>\n<\/ul>\n<p>Ent\u00e3o, se antes de sair de f\u00e9rias tudo estiver organizado e esquematizado, o corpo e o c\u00e9rebro conseguir\u00e3o se desligar com mais facilidade e n\u00e3o tentar\u00e3o arrumar os problemas que perturbar\u00e3o o seu lazer.<\/p>\n<h2><span data-sheets-value=\"{&quot;1&quot;:2,&quot;2&quot;:&quot;o que fazer nas f\u00e9rias do trabalho&quot;}\" data-sheets-userformat=\"{&quot;2&quot;:513,&quot;3&quot;:{&quot;1&quot;:0},&quot;12&quot;:0}\">O que fazer nas f\u00e9rias do trabalho?\u00a0<\/span><\/h2>\n<p>E <strong>como aproveitar as f\u00e9rias<\/strong>? Bem, isso pode n\u00e3o ser t\u00e3o f\u00e1cil quanto parece, por isso, selecionamos algumas dicas sobre <span data-sheets-value=\"{&quot;1&quot;:2,&quot;2&quot;:&quot;o que fazer nas f\u00e9rias do trabalho&quot;}\" data-sheets-userformat=\"{&quot;2&quot;:513,&quot;3&quot;:{&quot;1&quot;:0},&quot;12&quot;:0}\"><strong>o que fazer nas f\u00e9rias do trabalho<\/strong>. Voc\u00ea est\u00e1 pronto para aproveitar esse per\u00edodo ao m\u00e1ximo?<\/span><\/p>\n<p><strong>LEIA MAIS: <a href=\"https:\/\/www.telavita.com.br\/blog\/felicidade-no-trabalho\/\">Felicidade no trabalho: aprenda a criar um ambiente feliz<\/a><\/strong><\/p>\n<p>Ent\u00e3o, se desligue completamente do escrit\u00f3rio e busque aproveitar cada momento do seu merecido descanso. Confira a seguir algumas <strong>coisas para fazer nas f\u00e9rias<\/strong>:<\/p>\n<ul>\n<li>Na primeira semana de suas f\u00e9rias, voc\u00ea deve colocar todas as ideias em ordem. Como o seu corpo estava acostumado at\u00e9 esse momento com a rotina, ele pode estranhar essa pausa sossegada. Por isso, voc\u00ea precisar\u00e1 usar uma boa parte do seu tempo para descansar e reorganizar o dia a dia;<\/li>\n<li>Ou\u00e7a seus pensamentos e se d\u00ea a liberdade de fazer o que sentir vontade. Assista diversos filmes, aproveite o ar livre de um parque, v\u00e1 ao cinema, visite um museus, etc. N\u00e3o h\u00e1 limites para o que possa querer fazer;<\/li>\n<li>Aproveite para mudar os h\u00e1bitos. Fa\u00e7a as coisas diferentes da sua rotina, ou seja, mude desde simples a\u00e7\u00f5es at\u00e9 mesmo os lugares que frequenta;<\/li>\n<li>Cuide do seu corpo. Fa\u00e7a caminhadas para manter a atividade di\u00e1ria de exerc\u00edcios. Al\u00e9m disso, procure aproveitar o tempo para promover reflex\u00f5es e melhorar a sa\u00fade mental. Fa\u00e7a medita\u00e7\u00e3o e tente relaxar os pensamentos;<\/li>\n<li>Fa\u00e7a uma lista com os lugares que voc\u00ea quer visitar. Antes de conhecer os locais, \u00e9 interessante montar um roteiro com a atra\u00e7\u00e3o desejada e as op\u00e7\u00f5es de lazer e comida da regi\u00e3o. Essa \u00e9 uma oportunidade para expandir os horizontes e conhecer coisas novas;<\/li>\n<li>Reencontre amigos e saia com pessoas que n\u00e3o v\u00ea h\u00e1 muito tempo. Esse pode ser um bom per\u00edodo tamb\u00e9m para reunir a fam\u00edlia e contar como a vida est\u00e1;<\/li>\n<li>N\u00e3o transforme as f\u00e9rias em metas enormes. \u00c9 \u00f3timo fazer roteiros, mas deixe alguns dias livres para ser espont\u00e2neo;<\/li>\n<li>Se estiver no computador ou no celular, n\u00e3o fique verificando o e-mail. Esse \u00e9 um momento de se desligar e relaxar. Para que voc\u00ea consiga descansar bem, precisa primeiro desconectar.<\/li>\n<\/ul>\n<p>No per\u00edodo de f\u00e9rias, evite o estresse, a ang\u00fastia e, principalmente, a ansiedade. N\u00e3o fique com os pensamentos na empresa. Saiba <strong>como aproveitar as f\u00e9rias do trabalho<\/strong> curtindo cada minuto do seu merecido descanso.<\/p>\n<p>As f\u00e9rias s\u00e3o algo realmente necess\u00e1rias. Al\u00e9m de beneficiarem mentalmente e fisicamente uma pessoa, elas otimizam o indiv\u00edduo para exercer melhor sua fun\u00e7\u00e3o em uma nova jornada de trabalho quando retornar.<\/p>\n","protected":false},"excerpt":{"rendered":"<p>Saber aproveitar as f\u00e9rias \u00e9 algo fundamental para o descanso da mente Depois de tanto tempo trabalhando, finalmente chegou o momento de voc\u00ea tirar suas f\u00e9rias para relaxar e descansar. Ent\u00e3o, \u00e9 hora de colocar em pr\u00e1tica tudo que voc\u00ea n\u00e3o conseguiu fazer quando estava ocupado por completo. Saber como aproveitar as f\u00e9rias \u00e9 fundamental, [&hellip;]<\/p>\n","protected":false},"author":11,"featured_media":1964,"comment_status":"open","ping_status":"open","sticky":false,"template":"","format":"standard","meta":{"_lmt_disableupdate":"no","_lmt_disable":"no","footnotes":""},"categories":[19],"tags":[],"yoast_head":"<!-- This site is optimized with the Yoast SEO plugin v19.8 - https:\/\/yoast.com\/wordpress\/plugins\/seo\/ -->\n<title>Saiba aproveitar as f\u00e9rias e se desligar do trabalho | Telavita<\/title>\n<meta name=\"description\" content=\"Depois de tanto tempo de trabalho, as f\u00e9rias \u00e9 o tempo mais esperado! Saiba como voc\u00ea pode aproveitar suas f\u00e9rias, se desligando completamente do trabalho.\" \/>\n<meta name=\"robots\" content=\"index, follow, max-snippet:-1, max-image-preview:large, max-video-preview:-1\" \/>\n<link rel=\"canonical\" href=\"https:\/\/www.telavita.com.br\/blog\/aproveitar-as-ferias\/\" \/>\n<meta property=\"og:locale\" content=\"pt_BR\" \/>\n<meta property=\"og:type\" content=\"article\" \/>\n<meta property=\"og:title\" content=\"Saiba aproveitar as f\u00e9rias e se desligar do trabalho | Telavita\" \/>\n<meta property=\"og:description\" content=\"Depois de tanto tempo de trabalho, as f\u00e9rias \u00e9 o tempo mais esperado! Saiba como voc\u00ea pode aproveitar suas f\u00e9rias, se desligando completamente do trabalho.\" \/>\n<meta property=\"og:url\" content=\"https:\/\/www.telavita.com.br\/blog\/aproveitar-as-ferias\/\" \/>\n<meta property=\"og:site_name\" content=\"Telavita\" \/>\n<meta property=\"article:publisher\" content=\"https:\/\/www.facebook.com\/Telavita\" \/>\n<meta property=\"article:published_time\" content=\"2017-12-12T14:37:39+00:00\" \/>\n<meta property=\"article:modified_time\" content=\"2025-12-08T21:07:21+00:00\" \/>\n<meta property=\"og:image\" content=\"https:\/\/www.telavita.com.br\/blog\/wp-content\/uploads\/2018\/08\/telavita_artigo_interno_blog_27-08.jpg\" \/>\n\t<meta property=\"og:image:width\" content=\"900\" \/>\n\t<meta property=\"og:image:height\" content=\"560\" \/>\n\t<meta property=\"og:image:type\" content=\"image\/jpeg\" \/>\n<meta name=\"author\" content=\"Telavita\" \/>\n<meta name=\"twitter:card\" content=\"summary_large_image\" \/>\n<meta name=\"twitter:label1\" content=\"Escrito por\" \/>\n\t<meta name=\"twitter:data1\" content=\"Telavita\" \/>\n\t<meta name=\"twitter:label2\" content=\"Est. tempo de leitura\" \/>\n\t<meta name=\"twitter:data2\" content=\"5 minutos\" \/>\n<!-- \/ Yoast SEO plugin. -->","yoast_head_json":{"title":"Saiba aproveitar as f\u00e9rias e se desligar do trabalho | Telavita","description":"Depois de tanto tempo de trabalho, as f\u00e9rias \u00e9 o tempo mais esperado! Saiba como voc\u00ea pode aproveitar suas f\u00e9rias, se desligando completamente do trabalho.","robots":{"index":"index","follow":"follow","max-snippet":"max-snippet:-1","max-image-preview":"max-image-preview:large","max-video-preview":"max-video-preview:-1"},"canonical":"https:\/\/www.telavita.com.br\/blog\/aproveitar-as-ferias\/","og_locale":"pt_BR","og_type":"article","og_title":"Saiba aproveitar as f\u00e9rias e se desligar do trabalho | Telavita","og_description":"Depois de tanto tempo de trabalho, as f\u00e9rias \u00e9 o tempo mais esperado! Saiba como voc\u00ea pode aproveitar suas f\u00e9rias, se desligando completamente do trabalho.","og_url":"https:\/\/www.telavita.com.br\/blog\/aproveitar-as-ferias\/","og_site_name":"Telavita","article_publisher":"https:\/\/www.facebook.com\/Telavita","article_published_time":"2017-12-12T14:37:39+00:00","article_modified_time":"2025-12-08T21:07:21+00:00","og_image":[{"width":900,"height":560,"url":"https:\/\/www.telavita.com.br\/blog\/wp-content\/uploads\/2018\/08\/telavita_artigo_interno_blog_27-08.jpg","type":"image\/jpeg"}],"author":"Telavita","twitter_card":"summary_large_image","twitter_misc":{"Escrito por":"Telavita","Est. tempo de leitura":"5 minutos"},"schema":{"@context":"https:\/\/schema.org","@graph":[{"@type":"Article","@id":"https:\/\/www.telavita.com.br\/blog\/aproveitar-as-ferias\/#article","isPartOf":{"@id":"https:\/\/www.telavita.com.br\/blog\/aproveitar-as-ferias\/"},"author":{"name":"Telavita","@id":"https:\/\/www.telavita.com.br\/blog\/#\/schema\/person\/365e554815ae72366924ab1f2b06fdaa"},"headline":"Saiba como se desligar completamente do trabalho e aproveitar as f\u00e9rias","datePublished":"2017-12-12T14:37:39+00:00","dateModified":"2025-12-08T21:07:21+00:00","mainEntityOfPage":{"@id":"https:\/\/www.telavita.com.br\/blog\/aproveitar-as-ferias\/"},"wordCount":1088,"commentCount":0,"publisher":{"@id":"https:\/\/www.telavita.com.br\/blog\/#organization"},"articleSection":["Trabalho"],"inLanguage":"pt-BR","potentialAction":[{"@type":"CommentAction","name":"Comment","target":["https:\/\/www.telavita.com.br\/blog\/aproveitar-as-ferias\/#respond"]}]},{"@type":"WebPage","@id":"https:\/\/www.telavita.com.br\/blog\/aproveitar-as-ferias\/","url":"https:\/\/www.telavita.com.br\/blog\/aproveitar-as-ferias\/","name":"Saiba aproveitar as f\u00e9rias e se desligar do trabalho | Telavita","isPartOf":{"@id":"https:\/\/www.telavita.com.br\/blog\/#website"},"datePublished":"2017-12-12T14:37:39+00:00","dateModified":"2025-12-08T21:07:21+00:00","description":"Depois de tanto tempo de trabalho, as f\u00e9rias \u00e9 o tempo mais esperado! Saiba como voc\u00ea pode aproveitar suas f\u00e9rias, se desligando completamente do trabalho.","breadcrumb":{"@id":"https:\/\/www.telavita.com.br\/blog\/aproveitar-as-ferias\/#breadcrumb"},"inLanguage":"pt-BR","potentialAction":[{"@type":"ReadAction","target":["https:\/\/www.telavita.com.br\/blog\/aproveitar-as-ferias\/"]}]},{"@type":"BreadcrumbList","@id":"https:\/\/www.telavita.com.br\/blog\/aproveitar-as-ferias\/#breadcrumb","itemListElement":[{"@type":"ListItem","position":1,"name":"In\u00edcio","item":"https:\/\/www.telavita.com.br\/blog\/"},{"@type":"ListItem","position":2,"name":"Saiba como se desligar completamente do trabalho e aproveitar as f\u00e9rias"}]},{"@type":"WebSite","@id":"https:\/\/www.telavita.com.br\/blog\/#website","url":"https:\/\/www.telavita.com.br\/blog\/","name":"Telavita","description":"Conte\u00fados especializados sobre sa\u00fade mental e bem-estar","publisher":{"@id":"https:\/\/www.telavita.com.br\/blog\/#organization"},"potentialAction":[{"@type":"SearchAction","target":{"@type":"EntryPoint","urlTemplate":"https:\/\/www.telavita.com.br\/blog\/?s={search_term_string}"},"query-input":"required name=search_term_string"}],"inLanguage":"pt-BR"},{"@type":"Organization","@id":"https:\/\/www.telavita.com.br\/blog\/#organization","name":"Telavita","url":"https:\/\/www.telavita.com.br\/blog\/","sameAs":["https:\/\/www.linkedin.com\/company\/telavita\/mycompany\/verification\/","https:\/\/www.instagram.com\/telavita\/","https:\/\/www.facebook.com\/Telavita"],"logo":{"@type":"ImageObject","inLanguage":"pt-BR","@id":"https:\/\/www.telavita.com.br\/blog\/#\/schema\/logo\/image\/","url":"https:\/\/www.telavita.com.br\/blog\/wp-content\/uploads\/2021\/05\/telavita.jpg","contentUrl":"https:\/\/www.telavita.com.br\/blog\/wp-content\/uploads\/2021\/05\/telavita.jpg","width":200,"height":200,"caption":"Telavita"},"image":{"@id":"https:\/\/www.telavita.com.br\/blog\/#\/schema\/logo\/image\/"}},{"@type":"Person","@id":"https:\/\/www.telavita.com.br\/blog\/#\/schema\/person\/365e554815ae72366924ab1f2b06fdaa","name":"Telavita","image":{"@type":"ImageObject","inLanguage":"pt-BR","@id":"https:\/\/www.telavita.com.br\/blog\/#\/schema\/person\/image\/","url":"https:\/\/secure.gravatar.com\/avatar\/ac2e61ce00e3238eb646b649fdcae5e4?s=96&d=mm&r=g","contentUrl":"https:\/\/secure.gravatar.com\/avatar\/ac2e61ce00e3238eb646b649fdcae5e4?s=96&d=mm&r=g","caption":"Telavita"},"url":"https:\/\/www.telavita.com.br\/blog\/author\/telavita\/"}]}},"modified_by":"Marcelo Vilas Boas","_links":{"self":[{"href":"https:\/\/www.telavita.com.br\/blog\/wp-json\/wp\/v2\/posts\/1223"}],"collection":[{"href":"https:\/\/www.telavita.com.br\/blog\/wp-json\/wp\/v2\/posts"}],"about":[{"href":"https:\/\/www.telavita.com.br\/blog\/wp-json\/wp\/v2\/types\/post"}],"author":[{"embeddable":true,"href":"https:\/\/www.telavita.com.br\/blog\/wp-json\/wp\/v2\/users\/11"}],"replies":[{"embeddable":true,"href":"https:\/\/www.telavita.com.br\/blog\/wp-json\/wp\/v2\/comments?post=1223"}],"version-history":[{"count":13,"href":"https:\/\/www.telavita.com.br\/blog\/wp-json\/wp\/v2\/posts\/1223\/revisions"}],"predecessor-version":[{"id":9698,"href":"https:\/\/www.telavita.com.br\/blog\/wp-json\/wp\/v2\/posts\/1223\/revisions\/9698"}],"wp:featuredmedia":[{"embeddable":true,"href":"https:\/\/www.telavita.com.br\/blog\/wp-json\/wp\/v2\/media\/1964"}],"wp:attachment":[{"href":"https:\/\/www.telavita.com.br\/blog\/wp-json\/wp\/v2\/media?parent=1223"}],"wp:term":[{"taxonomy":"category","embeddable":true,"href":"https:\/\/www.telavita.com.br\/blog\/wp-json\/wp\/v2\/categories?post=1223"},{"taxonomy":"post_tag","embeddable":true,"href":"https:\/\/www.telavita.com.br\/blog\/wp-json\/wp\/v2\/tags?post=1223"}],"curies":[{"name":"wp","href":"https:\/\/api.w.org\/{rel}","templated":true}]}}