{"id":1227,"date":"2017-12-14T09:03:07","date_gmt":"2017-12-14T11:03:07","guid":{"rendered":"https:\/\/www.telavita.com.br\/blog\/?p=1227"},"modified":"2019-11-13T12:23:08","modified_gmt":"2019-11-13T14:23:08","slug":"reflexao-e-balanco-pessoal","status":"publish","type":"post","link":"https:\/\/www.telavita.com.br\/blog\/reflexao-e-balanco-pessoal\/","title":{"rendered":"A import\u00e2ncia da reflex\u00e3o e do balan\u00e7o pessoal no fim de ano"},"content":{"rendered":"<p><em>A <strong>reflex\u00e3o<\/strong> \u00e9 uma atividade fundamental no crescimento individual<\/em><\/p>\n<p>Todo\u00a0final do ano \u00e9 uma oportunidade de pensar em tudo que aconteceu. \u00c9 um <strong>tempo de reflex\u00e3o<\/strong>. Nesse per\u00edodo, falhas s\u00e3o apontadas e solu\u00e7\u00f5es apresentadas. As pessoas querem mudar suas atitudes para alcan\u00e7ar as expectativas que n\u00e3o foram atingidas.<\/p>\n<p>Essa ideia de tempo e prazos que surgem no per\u00edodo de um ano auxilia muito na elabora\u00e7\u00e3o de metas pessoais e, principalmente, para a compreens\u00e3o do que foi realizado at\u00e9 o momento.<\/p>\n<p>Por isso, fazer uma <strong>reflex\u00e3o sobre a vida<\/strong> e sobre tudo o que aconteceu nesses \u00faltimos meses permite mudar as percep\u00e7\u00f5es ao redor e trilhar novos caminhos. Nesse sentido, \u00e9 fundamental ser sincero durante o <strong>balan\u00e7o pessoal<\/strong>.<\/p>\n<p>\u00c9 importante entender que <a href=\"https:\/\/www.telavita.com.br\/blog\/empreendedorismo\/\">atrav\u00e9s dessas <strong>reflex\u00f5es di\u00e1rias<\/strong>, o indiv\u00edduo consegue\u00a0estabelecer metas renovadas<\/a> e avaliar como ser\u00e1 sua performasse em todas as \u00e1reas de sua vida.<\/p>\n<p>Pode parecer algo muito simpl\u00f3rio, <a href=\"https:\/\/www.telavita.com.br\/blog\/aproveitar-as-ferias\/\">mas quem realiza essa <strong>reflex\u00e3o de ano novo<\/strong> tem uma forma muito mais l\u00f3gica de se organizar<\/a> para o pr\u00f3ximo ano, al\u00e9m de cumprir o que foi esperado.<\/p>\n<h2>Como posso fazer as melhores reflex\u00f5es?<\/h2>\n<p>Uma dica: para essa <strong>reflex\u00e3o pessoal<\/strong> acontecer, pense de maneira individual sobre os assuntos da sua vida. Isto \u00e9, separar todos os campos e analisar os pontos positivos e negativos de cada uma.<\/p>\n<blockquote><p>\n<a href=\"https:\/\/www.telavita.com.br\/blog\/7-beneficios-consulta-online\/\"><\/p>\n<h4 style=\"text-align: center;border: 1px solid;padding: 15px;color: #fff;background-color: #FF8000;border-radius: 90px;\">&#8220;O autoconhecimento \u00e9 a chave de mudan\u00e7as. Saiba como a psicologia online pode te ajudar!&#8221;<\/h4>\n<p><\/a>\n<\/p><\/blockquote>\n<p>Dessa forma, voc\u00ea pode realizar uma <strong>reflex\u00e3o sobre fam\u00edlia<\/strong>, uma <strong>reflex\u00e3o sobre relacionamentos<\/strong> ou at\u00e9 uma <strong>reflex\u00e3o sobre o tempo<\/strong>. O importante \u00e9 examinar as nuances que cerca cada um de n\u00f3s, seja no \u00e2mbito da sa\u00fade ou mesmo no financeiro.<\/p>\n<p>Sendo assim, separamos algumas perguntas pr\u00e1ticas e claras que podem ajud\u00e1-lo na <strong>reflex\u00e3o da vida<\/strong>:<\/p>\n<ul>\n<li>&#8220;Qual foi a minha maior dificuldade nesta \u00e1rea?&#8221;;<\/li>\n<li>&#8220;Quais foram as realiza\u00e7\u00f5es?&#8221;;<\/li>\n<li>&#8220;O que gostaria de conquistar?&#8221;;<\/li>\n<li>&#8220;As metas estabelecidas anteriormente, eu consegui alcan\u00e7ar?&#8221;;<\/li>\n<li>&#8220;Quais s\u00e3o os pontos que preciso desenvolver e aqueles que posso manter?&#8221;.<\/li>\n<\/ul>\n<p>A partir desses simples passos, voc\u00ea conseguir\u00e1 definir suas reais fraquezas e for\u00e7as. Por\u00e9m, \u00e9 necess\u00e1rio <strong>refletir<\/strong> e\u00a0 reconhecer seus pr\u00f3prios erros, porque s\u00f3 assim encontrar\u00e1 o que \u00e9 preciso para efetuar as mudan\u00e7as necess\u00e1rias.<\/p>\n<p>LEIA MAIS:\u00a0<a href=\"https:\/\/www.telavita.com.br\/blog\/aproveitar-as-ferias\/\">Saiba como se desligar completamente do trabalho e aproveitar as f\u00e9rias!<\/a><\/p>\n<h2>Avalia\u00e7\u00e3o pessoal e uma reflex\u00e3o sobre a vida<\/h2>\n<p>No processo de autoavalia\u00e7\u00e3o \u00e9 fundamental reconhecer que olhar para tr\u00e1s, abre a possibilidade de crescimento e aprendizado. Somente assim, a pessoa conseguir\u00e1 compreender com os erros e trilhar o seu caminho.<\/p>\n<p>O importante \u00e9 n\u00e3o ficar lembrando s\u00f3 das coisas ruins que aconteceram ou dos objetivos que voc\u00ea n\u00e3o conseguiu conquistar. A <strong>reflex\u00e3o sobre a vida<\/strong> tamb\u00e9m pressup\u00f5e reconhecer os sucessos e, assim, aprender a apreciar as pequenas coisas e os pequenos passos que fizeram diferen\u00e7as.<\/p>\n<p>Al\u00e9m disso, vale lembrar que as situa\u00e7\u00f5es dif\u00edceis trazem maturidade, ali\u00e1s, tais fatos <a href=\"https:\/\/www.telavita.com.br\/blog\/conflitos-ambiente-trabalho\/\">ajudam muito tamb\u00e9m no trabalho da empatia<\/a>. Sendo assim, a pessoa ser\u00e1 capaz de se colocar no lugar do pr\u00f3ximo com mais facilidade.<\/p>\n<p>Nesse sentido, o agradecimento surge como uma das maiores virtudes. Por isso, reconhe\u00e7a todos os momentos e saiba agradecer. Ainda, aproveite toda a avalia\u00e7\u00e3o e fa\u00e7a planos e metas para o futuro, isso \u00e9 uma forma motivadora de alcan\u00e7ar mais r\u00e1pido o que se deseja.<\/p>\n<p>LEIA MAIS:<a href=\"https:\/\/www.telavita.com.br\/blog\/dicas-para-autoestima\/\">\u00a0Confira 7 dicas para melhorar a autoestima!<\/a><\/p>\n<h2>Como a reflex\u00e3o profunda pode ajudar?<\/h2>\n<p><a href=\"https:\/\/www.telavita.com.br\/blog\/orientacao-vocacional\/\">A <strong>reflex\u00e3o para o ano novo<\/strong> permite um olhar mais cr\u00edtico em rela\u00e7\u00e3o ao futuro<\/a>, pois pode indicar qualquer mudan\u00e7a v\u00e1lida para conseguir o que anseia.<\/p>\n<p>Ent\u00e3o, ap\u00f3s o processo de respostas e planejamentos, o indiv\u00edduo consegue vislumbrar mais seguran\u00e7a na sua trajet\u00f3ria. A partir disso, ocorrer\u00e1 tamb\u00e9m a alegria e disposi\u00e7\u00e3o para enfrentar os obst\u00e1culos e se direcionar ao melhor caminho a percorrer.<\/p>\n<p>Seja em uma <strong>reflex\u00e3o sobre amizade<\/strong> ou at\u00e9 mesmo uma <strong>reflex\u00e3o sobre mentiras<\/strong>, o pr\u00f3prio feedback consiste numa poderosa ferramente de transforma\u00e7\u00e3o. Ela apreseta caminhos e aprende com os erros do passado.<\/p>\n<p>Todas essas perguntas e dicas servem para serem feitas n\u00e3o s\u00f3 no final do ano, mas a cada semestre ou bimestre. Toda autoavalia\u00e7\u00e3o representa caminhos para a evolu\u00e7\u00e3o e mudan\u00e7as positivas na vida.<\/p>\n<h4 style=\"text-align: center;\"><strong>A psic\u00f3loga da Telavita,<a href=\"https:\/\/www.telavita.com.br\/app\/psicologia-online\/flavia-romano-barbato\"> Flavia Romano Barbato (CRP 06\/55863)<\/a>, pode te ajudar na sua reflex\u00e3o e busca pelo autoconhecimento!<\/strong><\/h4>\n<p><img loading=\"lazy\" decoding=\"async\" class=\"wp-image-6330 alignleft\" src=\"https:\/\/www.telavita.com.br\/blog\/wp-content\/uploads\/2019\/11\/flavia-romano-300x300.jpeg\" alt=\"flavia romano\" width=\"187\" height=\"187\" srcset=\"https:\/\/www.telavita.com.br\/blog\/wp-content\/uploads\/2019\/11\/flavia-romano-300x300.jpeg 300w, https:\/\/www.telavita.com.br\/blog\/wp-content\/uploads\/2019\/11\/flavia-romano-150x150.jpeg 150w, https:\/\/www.telavita.com.br\/blog\/wp-content\/uploads\/2019\/11\/flavia-romano.jpeg 410w\" sizes=\"(max-width: 187px) 100vw, 187px\" \/>Psic\u00f3loga com mais de 18 anos de experi\u00eancia na \u00e1rea cl\u00ednica. Tenho ampla experi\u00eancia em pessoas com depress\u00e3o, ansiedade, p\u00e2nico, transtorno obsessivo compulsivo, doen\u00e7as cr\u00f4nicas e graves, autoestima, medos, conflitos pessoais, familiares, amorosos e profissionais. Trabalho com a terapia cognitivo-comportamental, al\u00e9m disso, com psicoterapia breve em momentos de crise. Estou sempre em constante atualiza\u00e7\u00e3o para ter cada vez mais t\u00e9cnicas para ajudar o meu paciente.<\/p>\n<blockquote><p>&nbsp;<\/p><\/blockquote>\n<blockquote><p>\n<a href=\"https:\/\/www.telavita.com.br\/app\/psicologia-online\/flavia-romano-barbato\"><\/p>\n<h4 style=\"text-align: center;border: 1px solid;padding: 15px;color: #fff;background-color: #FF8000;border-radius: 90px;\">&#8220;Agende uma consulta com a Flavia aqui!&#8221;<\/h4>\n<p><\/a>\n<\/p><\/blockquote>\n","protected":false},"excerpt":{"rendered":"<p>A reflex\u00e3o \u00e9 uma atividade fundamental no crescimento individual Todo\u00a0final do ano \u00e9 uma oportunidade de pensar em tudo que aconteceu. \u00c9 um tempo de reflex\u00e3o. Nesse per\u00edodo, falhas s\u00e3o apontadas e solu\u00e7\u00f5es apresentadas. As pessoas querem mudar suas atitudes para alcan\u00e7ar as expectativas que n\u00e3o foram atingidas. Essa ideia de tempo e prazos que [&hellip;]<\/p>\n","protected":false},"author":11,"featured_media":1262,"comment_status":"open","ping_status":"open","sticky":false,"template":"","format":"standard","meta":{"_lmt_disableupdate":"","_lmt_disable":"","footnotes":""},"categories":[266],"tags":[],"yoast_head":"<!-- This site is optimized with the Yoast SEO plugin v19.8 - https:\/\/yoast.com\/wordpress\/plugins\/seo\/ -->\n<title>A Import\u00e2ncia da Reflex\u00e3o e do Balan\u00e7o Pessoal no Fim de Ano | TelaVita<\/title>\n<meta name=\"description\" content=\"Conhe\u00e7a a import\u00e2ncia da reflex\u00e3o e do balan\u00e7o pessoal de fim de ano, para que possa come\u00e7ar 2018 com mais seguran\u00e7a, autoestima e confian\u00e7a.\" \/>\n<meta name=\"robots\" content=\"index, follow, max-snippet:-1, max-image-preview:large, max-video-preview:-1\" \/>\n<link rel=\"canonical\" href=\"https:\/\/www.telavita.com.br\/blog\/reflexao-e-balanco-pessoal\/\" \/>\n<meta property=\"og:locale\" content=\"pt_BR\" \/>\n<meta property=\"og:type\" content=\"article\" \/>\n<meta property=\"og:title\" content=\"A Import\u00e2ncia da Reflex\u00e3o e do Balan\u00e7o Pessoal no Fim de Ano | TelaVita\" \/>\n<meta property=\"og:description\" content=\"Conhe\u00e7a a import\u00e2ncia da reflex\u00e3o e do balan\u00e7o pessoal de fim de ano, para que possa come\u00e7ar 2018 com mais seguran\u00e7a, autoestima e confian\u00e7a.\" \/>\n<meta property=\"og:url\" content=\"https:\/\/www.telavita.com.br\/blog\/reflexao-e-balanco-pessoal\/\" \/>\n<meta property=\"og:site_name\" content=\"Telavita\" \/>\n<meta property=\"article:publisher\" content=\"https:\/\/www.facebook.com\/Telavita\" \/>\n<meta property=\"article:published_time\" content=\"2017-12-14T11:03:07+00:00\" \/>\n<meta property=\"article:modified_time\" content=\"2019-11-13T14:23:08+00:00\" \/>\n<meta property=\"og:image\" content=\"https:\/\/www.telavita.com.br\/blog\/wp-content\/uploads\/2017\/12\/reflexao.jpg\" \/>\n\t<meta property=\"og:image:width\" content=\"900\" \/>\n\t<meta property=\"og:image:height\" content=\"560\" \/>\n\t<meta property=\"og:image:type\" content=\"image\/jpeg\" \/>\n<meta name=\"author\" content=\"Telavita\" \/>\n<meta name=\"twitter:card\" content=\"summary_large_image\" \/>\n<meta name=\"twitter:label1\" content=\"Escrito por\" \/>\n\t<meta name=\"twitter:data1\" content=\"Telavita\" \/>\n\t<meta name=\"twitter:label2\" content=\"Est. tempo de leitura\" \/>\n\t<meta name=\"twitter:data2\" content=\"4 minutos\" \/>\n<!-- \/ Yoast SEO plugin. -->","yoast_head_json":{"title":"A Import\u00e2ncia da Reflex\u00e3o e do Balan\u00e7o Pessoal no Fim de Ano | TelaVita","description":"Conhe\u00e7a a import\u00e2ncia da reflex\u00e3o e do balan\u00e7o pessoal de fim de ano, para que possa come\u00e7ar 2018 com mais seguran\u00e7a, autoestima e confian\u00e7a.","robots":{"index":"index","follow":"follow","max-snippet":"max-snippet:-1","max-image-preview":"max-image-preview:large","max-video-preview":"max-video-preview:-1"},"canonical":"https:\/\/www.telavita.com.br\/blog\/reflexao-e-balanco-pessoal\/","og_locale":"pt_BR","og_type":"article","og_title":"A Import\u00e2ncia da Reflex\u00e3o e do Balan\u00e7o Pessoal no Fim de Ano | TelaVita","og_description":"Conhe\u00e7a a import\u00e2ncia da reflex\u00e3o e do balan\u00e7o pessoal de fim de ano, para que possa come\u00e7ar 2018 com mais seguran\u00e7a, autoestima e confian\u00e7a.","og_url":"https:\/\/www.telavita.com.br\/blog\/reflexao-e-balanco-pessoal\/","og_site_name":"Telavita","article_publisher":"https:\/\/www.facebook.com\/Telavita","article_published_time":"2017-12-14T11:03:07+00:00","article_modified_time":"2019-11-13T14:23:08+00:00","og_image":[{"width":900,"height":560,"url":"https:\/\/www.telavita.com.br\/blog\/wp-content\/uploads\/2017\/12\/reflexao.jpg","type":"image\/jpeg"}],"author":"Telavita","twitter_card":"summary_large_image","twitter_misc":{"Escrito por":"Telavita","Est. tempo de leitura":"4 minutos"},"schema":{"@context":"https:\/\/schema.org","@graph":[{"@type":"Article","@id":"https:\/\/www.telavita.com.br\/blog\/reflexao-e-balanco-pessoal\/#article","isPartOf":{"@id":"https:\/\/www.telavita.com.br\/blog\/reflexao-e-balanco-pessoal\/"},"author":{"name":"Telavita","@id":"https:\/\/www.telavita.com.br\/blog\/#\/schema\/person\/365e554815ae72366924ab1f2b06fdaa"},"headline":"A import\u00e2ncia da reflex\u00e3o e do balan\u00e7o pessoal no fim de ano","datePublished":"2017-12-14T11:03:07+00:00","dateModified":"2019-11-13T14:23:08+00:00","mainEntityOfPage":{"@id":"https:\/\/www.telavita.com.br\/blog\/reflexao-e-balanco-pessoal\/"},"wordCount":873,"commentCount":0,"publisher":{"@id":"https:\/\/www.telavita.com.br\/blog\/#organization"},"articleSection":["Autoconhecimento"],"inLanguage":"pt-BR","potentialAction":[{"@type":"CommentAction","name":"Comment","target":["https:\/\/www.telavita.com.br\/blog\/reflexao-e-balanco-pessoal\/#respond"]}]},{"@type":"WebPage","@id":"https:\/\/www.telavita.com.br\/blog\/reflexao-e-balanco-pessoal\/","url":"https:\/\/www.telavita.com.br\/blog\/reflexao-e-balanco-pessoal\/","name":"A Import\u00e2ncia da Reflex\u00e3o e do Balan\u00e7o Pessoal no Fim de Ano | TelaVita","isPartOf":{"@id":"https:\/\/www.telavita.com.br\/blog\/#website"},"datePublished":"2017-12-14T11:03:07+00:00","dateModified":"2019-11-13T14:23:08+00:00","description":"Conhe\u00e7a a import\u00e2ncia da reflex\u00e3o e do balan\u00e7o pessoal de fim de ano, para que possa come\u00e7ar 2018 com mais seguran\u00e7a, autoestima e confian\u00e7a.","breadcrumb":{"@id":"https:\/\/www.telavita.com.br\/blog\/reflexao-e-balanco-pessoal\/#breadcrumb"},"inLanguage":"pt-BR","potentialAction":[{"@type":"ReadAction","target":["https:\/\/www.telavita.com.br\/blog\/reflexao-e-balanco-pessoal\/"]}]},{"@type":"BreadcrumbList","@id":"https:\/\/www.telavita.com.br\/blog\/reflexao-e-balanco-pessoal\/#breadcrumb","itemListElement":[{"@type":"ListItem","position":1,"name":"In\u00edcio","item":"https:\/\/www.telavita.com.br\/blog\/"},{"@type":"ListItem","position":2,"name":"A import\u00e2ncia da reflex\u00e3o e do balan\u00e7o pessoal no fim de ano"}]},{"@type":"WebSite","@id":"https:\/\/www.telavita.com.br\/blog\/#website","url":"https:\/\/www.telavita.com.br\/blog\/","name":"Telavita","description":"Conte\u00fados especializados sobre sa\u00fade mental e bem-estar","publisher":{"@id":"https:\/\/www.telavita.com.br\/blog\/#organization"},"potentialAction":[{"@type":"SearchAction","target":{"@type":"EntryPoint","urlTemplate":"https:\/\/www.telavita.com.br\/blog\/?s={search_term_string}"},"query-input":"required name=search_term_string"}],"inLanguage":"pt-BR"},{"@type":"Organization","@id":"https:\/\/www.telavita.com.br\/blog\/#organization","name":"Telavita","url":"https:\/\/www.telavita.com.br\/blog\/","sameAs":["https:\/\/www.linkedin.com\/company\/telavita\/mycompany\/verification\/","https:\/\/www.instagram.com\/telavita\/","https:\/\/www.facebook.com\/Telavita"],"logo":{"@type":"ImageObject","inLanguage":"pt-BR","@id":"https:\/\/www.telavita.com.br\/blog\/#\/schema\/logo\/image\/","url":"https:\/\/www.telavita.com.br\/blog\/wp-content\/uploads\/2021\/05\/telavita.jpg","contentUrl":"https:\/\/www.telavita.com.br\/blog\/wp-content\/uploads\/2021\/05\/telavita.jpg","width":200,"height":200,"caption":"Telavita"},"image":{"@id":"https:\/\/www.telavita.com.br\/blog\/#\/schema\/logo\/image\/"}},{"@type":"Person","@id":"https:\/\/www.telavita.com.br\/blog\/#\/schema\/person\/365e554815ae72366924ab1f2b06fdaa","name":"Telavita","image":{"@type":"ImageObject","inLanguage":"pt-BR","@id":"https:\/\/www.telavita.com.br\/blog\/#\/schema\/person\/image\/","url":"https:\/\/secure.gravatar.com\/avatar\/ac2e61ce00e3238eb646b649fdcae5e4?s=96&d=mm&r=g","contentUrl":"https:\/\/secure.gravatar.com\/avatar\/ac2e61ce00e3238eb646b649fdcae5e4?s=96&d=mm&r=g","caption":"Telavita"},"url":"https:\/\/www.telavita.com.br\/blog\/author\/telavita\/"}]}},"modified_by":"Juliana Sonsin","_links":{"self":[{"href":"https:\/\/www.telavita.com.br\/blog\/wp-json\/wp\/v2\/posts\/1227"}],"collection":[{"href":"https:\/\/www.telavita.com.br\/blog\/wp-json\/wp\/v2\/posts"}],"about":[{"href":"https:\/\/www.telavita.com.br\/blog\/wp-json\/wp\/v2\/types\/post"}],"author":[{"embeddable":true,"href":"https:\/\/www.telavita.com.br\/blog\/wp-json\/wp\/v2\/users\/11"}],"replies":[{"embeddable":true,"href":"https:\/\/www.telavita.com.br\/blog\/wp-json\/wp\/v2\/comments?post=1227"}],"version-history":[{"count":14,"href":"https:\/\/www.telavita.com.br\/blog\/wp-json\/wp\/v2\/posts\/1227\/revisions"}],"predecessor-version":[{"id":6333,"href":"https:\/\/www.telavita.com.br\/blog\/wp-json\/wp\/v2\/posts\/1227\/revisions\/6333"}],"wp:featuredmedia":[{"embeddable":true,"href":"https:\/\/www.telavita.com.br\/blog\/wp-json\/wp\/v2\/media\/1262"}],"wp:attachment":[{"href":"https:\/\/www.telavita.com.br\/blog\/wp-json\/wp\/v2\/media?parent=1227"}],"wp:term":[{"taxonomy":"category","embeddable":true,"href":"https:\/\/www.telavita.com.br\/blog\/wp-json\/wp\/v2\/categories?post=1227"},{"taxonomy":"post_tag","embeddable":true,"href":"https:\/\/www.telavita.com.br\/blog\/wp-json\/wp\/v2\/tags?post=1227"}],"curies":[{"name":"wp","href":"https:\/\/api.w.org\/{rel}","templated":true}]}}