{"id":1284,"date":"2017-12-27T14:24:27","date_gmt":"2017-12-27T16:24:27","guid":{"rendered":"https:\/\/www.telavita.com.br\/blog\/?p=1284"},"modified":"2024-04-19T15:50:25","modified_gmt":"2024-04-19T18:50:25","slug":"jovens-mercado-de-trabalho","status":"publish","type":"post","link":"https:\/\/www.telavita.com.br\/blog\/jovens-mercado-de-trabalho\/","title":{"rendered":"As frustra\u00e7\u00f5es dos jovens no mercado de trabalho e seu impacto mental"},"content":{"rendered":"<p><span style=\"font-weight: 400;\">Segundo a OIT, a taxa atual de desemprego chega a 17% no mundo e por isso, <\/span><a href=\"https:\/\/www.aedb.br\/seget\/arquivos\/artigos09\/293_ARTIGO.pdf\"><b>apenas 36% dos jovens entre 15 e 24 anos t\u00eam empregos<\/b><\/a><span style=\"font-weight: 400;\">, enquanto 22% j\u00e1 trabalharam, mas atualmente se encontram desempregados. No entanto, a situa\u00e7\u00e3o do jovem no mercado de trabalho tem se mostrado complicada.<\/span><\/p>\n<p><span style=\"font-weight: 400;\">Logo, as regi\u00f5es que mais tiveram impacto do desemprego entre os jovens encontram-se na Am\u00e9rica Latina. No continente, a falta de emprego atinge 19,6% dessa parcela da popula\u00e7\u00e3o, marcando assim o maior \u00edndice <\/span><b>desde 2004.<\/b><\/p>\n<p><span style=\"font-weight: 400;\">O problema \u00e9 que cada jovem demora 15 meses para <\/span><b>conseguir o primeiro emprego.<\/b><span style=\"font-weight: 400;\"> Ainda, segundo a ONU, 66% precisam do trabalho porque <\/span><b>todo seu ganho serve como complemento para renda familiar<\/b><span style=\"font-weight: 400;\">.\u00a0<\/span><\/p>\n<h2><b>O impacto negativo do desemprego na sa\u00fade mental<\/b><\/h2>\n<p><span style=\"font-weight: 400;\">Mesmo com leis como a de <\/span><b>n\u00ba 10.097\/2000<\/b> <span style=\"font-weight: 400;\">que determina que todas as empresas precisam ter o <\/span><b>menor aprendiz<\/b><span style=\"font-weight: 400;\"> no seu quadro de funcion\u00e1rios, isso n\u00e3o diminui o problema do desemprego para os jovens.\u00a0<\/span><\/p>\n<p><span style=\"font-weight: 400;\">A <\/span><a href=\"https:\/\/www.telavita.com.br\/blog\/a-relacao-entre-saude-mental-e-vida-financeira\/\"><b>situa\u00e7\u00e3o financeira tem grande influ\u00eancia em nossa sa\u00fade mental.<\/b><\/a><span style=\"font-weight: 400;\"> Logo, quando passamos por sucessivas tentativas e necessitamos de uma resposta, <strong>desenvolvemos quadros emocionais perigosos. <\/strong><\/span><\/p>\n<p><span style=\"font-weight: 400;\">Contudo, todo esse impacto global faz com que surjam desmotiva\u00e7\u00f5es entre a juventude, que acima de tudo, <\/span><b>passam tamb\u00e9m a questionar as suas escolhas e esfor\u00e7os ao decorrer da vida.<\/b><\/p>\n<h2><b>De onde nascem os problemas?<\/b><\/h2>\n<p><span style=\"font-weight: 400;\">Quando o assunto \u00e9 direcionado para os<\/span><b> jovens no mercado de trabalho<\/b><span style=\"font-weight: 400;\">, \u00e9 necess\u00e1rio lembrar do processo inteiro que se passa at\u00e9 chegar no profissional.<\/span> <span style=\"font-weight: 400;\">Tudo se inicia com a <\/span><a href=\"https:\/\/www.telavita.com.br\/blog\/pressao-psicologica-vestibular\/\"><b>proximidade do vestibular<\/b><\/a><span style=\"font-weight: 400;\">, que \u00e9 o momento exato para escolher a carreira.<\/span><\/p>\n<p><span style=\"font-weight: 400;\">\u00c9 neste per\u00edodo que <\/span><b>muitas d\u00favidas s\u00e3o lan\u00e7adas atrav\u00e9s de perguntas<\/b><span style=\"font-weight: 400;\">: &#8220;o que escolher?&#8221;, &#8220;como ser\u00e1 meu primeiro emprego?&#8221; ou at\u00e9 mesmo &#8220;optar pelo dinheiro ou pelo que realmente gosto?&#8221;.<\/span><\/p>\n<p><span style=\"font-weight: 400;\">Dessa forma, \u00e9 a partir dessa situa\u00e7\u00e3o que o jovem se v\u00ea obrigado a decidir o que far\u00e1 com t\u00e3o pouca idade. Dessa forma, se sente pressionado por todos que acreditam que essa \u00e9 uma escolha crucial,<\/span><b> que ter\u00e1 que desempenhar para o resto da vida.<\/b><\/p>\n<p><span style=\"font-weight: 400;\">Ap\u00f3s esse <\/span><a href=\"https:\/\/www.telavita.com.br\/blog\/psicologia-carreira\/\"><b>per\u00edodo de avalia\u00e7\u00e3o de carreira<\/b><\/a><span style=\"font-weight: 400;\">, com a chegada da faculdade,\u00a0 <\/span><b>novos questionamentos aparecem. <\/b>Sendo assim, se acumulam novamente na cabe\u00e7a do jovem que quer entrar no mercado de trabalho.<\/p>\n<h2><b>Na faculdade, a press\u00e3o ainda continua grande<\/b><\/h2>\n<p><span style=\"font-weight: 400;\">Depois de tudo isso, a porta de entrada para concluir o processo de aprendizado \u00e9 <\/span><b>o est\u00e1gio.<\/b><span style=\"font-weight: 400;\"> A medida que todos avan\u00e7am na gradua\u00e7\u00e3o, teoricamente possuem a oportunidade de ingressar em uma empresa para <strong>aprender em pr\u00e1tica tudo aquilo que a faculdade quis demonstrar.\u00a0<\/strong><\/span><\/p>\n<p><span style=\"font-weight: 400;\">Por\u00e9m, a conquista por uma vaga nem sempre \u00e9 t\u00e3o f\u00e1cil e isso acontece por diversos motivos: pela baixa oferta, exig\u00eancia muito grande do mercado, <\/span><b>al\u00e9m dos sal\u00e1rios que muitas vezes n\u00e3o s\u00e3o o suficiente.<\/b><\/p>\n<p><span style=\"font-weight: 400;\">Em diversas entrevistas, os jovens de v\u00e1rias faculdades dizem que as oportunidades est\u00e3o escassas e principalmente citam muito sobre as exig\u00eancias. As empresas querem que os estagi\u00e1rios <\/span><b>possuam qualifica\u00e7\u00f5es profissionais de pessoas formadas<\/b><span style=\"font-weight: 400;\"> e muitas vezes n\u00e3o possuem nem instrutores para orient\u00e1-los devidamente na \u00e1rea.<\/span><\/p>\n<h2><b>Como contornar toda essa situa\u00e7\u00e3o e se destacar?<\/b><\/h2>\n<p><span style=\"font-weight: 400;\">Para contornar toda essa situa\u00e7\u00e3o e principalmente cessar um pouco essa d\u00favida sobre o futuro profissional, o principal \u00e9 estar<\/span><b> preparado e consciente do que ir\u00e1 enfrentar.<\/b><span style=\"font-weight: 400;\"> Por isso enrique\u00e7a o curr\u00edculo, fa\u00e7a cursos de l\u00ednguas e opte por estudar aquilo que ama.<\/span><\/p>\n<p><span style=\"font-weight: 400;\">Assim, todo o processo se tornar\u00e1 menos sofrido, o estudo n\u00e3o termina nunca, continue buscando sempre mais conhecimento,<\/span> <a href=\"https:\/\/www.telavita.com.br\/blog\/5-dicas-como-comportar-em-entrevista\/\"><b>se d\u00ea valor nas entrevistas<\/b><\/a><span style=\"font-weight: 400;\">, mostre sua capacidade sem precisar ser esnobe.<\/span><\/p>\n<p><span style=\"font-weight: 400;\">O processo todo pode ser bem mais f\u00e1cil tamb\u00e9m quando o jovem tem<\/span><b> a presen\u00e7a da ajuda psicol\u00f3gica<\/b><span style=\"font-weight: 400;\">, se puder realizar o <\/span><a href=\"https:\/\/www.telavita.com.br\/blog\/beneficios-orientacao-vocacional\/\"><b>acompanhamento vocacional<\/b><\/a><span style=\"font-weight: 400;\">, garantir\u00e1 uma forma de obter autoconhecimento e escolher com mais certeza e seguran\u00e7a qual caminho seguir.<\/span><\/p>\n<span class='mb-center maxbutton-3-center'><span class='maxbutton-3-container mb-container'><a class=\"maxbutton-3 maxbutton maxbutton-manda-para-pagina-psicologos\" href=\"https:\/\/app.telavita.com.br\/psicologia-online\/encontre-seu-psicologo\"><span class='mb-text'>Agende agora uma consulta com psic\u00f3logo<\/span><\/a><\/span><\/span>\n","protected":false},"excerpt":{"rendered":"<p>Segundo a OIT, a taxa atual de desemprego chega a 17% no mundo e por isso, apenas 36% dos jovens entre 15 e 24 anos t\u00eam empregos, enquanto 22% j\u00e1 trabalharam, mas atualmente se encontram desempregados. No entanto, a situa\u00e7\u00e3o do jovem no mercado de trabalho tem se mostrado complicada. Logo, as regi\u00f5es que mais [&hellip;]<\/p>\n","protected":false},"author":11,"featured_media":1295,"comment_status":"open","ping_status":"open","sticky":false,"template":"","format":"standard","meta":{"_lmt_disableupdate":"","_lmt_disable":"","footnotes":""},"categories":[384],"tags":[],"yoast_head":"<!-- This site is optimized with the Yoast SEO plugin v19.8 - https:\/\/yoast.com\/wordpress\/plugins\/seo\/ -->\n<title>As frustra\u00e7\u00f5es do jovem no mercado de trabalho | Telavita<\/title>\n<meta name=\"description\" content=\"N\u00e3o h\u00e1 como discutir as reais dificuldades do mercado de trabalho e, para os jovens tudo isso pode parecer ainda mais assustador.\" \/>\n<meta name=\"robots\" content=\"index, follow, max-snippet:-1, max-image-preview:large, max-video-preview:-1\" \/>\n<link rel=\"canonical\" href=\"https:\/\/www.telavita.com.br\/blog\/jovens-mercado-de-trabalho\/\" \/>\n<meta property=\"og:locale\" content=\"pt_BR\" \/>\n<meta property=\"og:type\" content=\"article\" \/>\n<meta property=\"og:title\" content=\"As frustra\u00e7\u00f5es do jovem no mercado de trabalho | Telavita\" \/>\n<meta property=\"og:description\" content=\"N\u00e3o h\u00e1 como discutir as reais dificuldades do mercado de trabalho e, para os jovens tudo isso pode parecer ainda mais assustador.\" \/>\n<meta property=\"og:url\" content=\"https:\/\/www.telavita.com.br\/blog\/jovens-mercado-de-trabalho\/\" \/>\n<meta property=\"og:site_name\" content=\"Telavita\" \/>\n<meta property=\"article:publisher\" content=\"https:\/\/www.facebook.com\/Telavita\" \/>\n<meta property=\"article:published_time\" content=\"2017-12-27T16:24:27+00:00\" \/>\n<meta property=\"article:modified_time\" content=\"2024-04-19T18:50:25+00:00\" \/>\n<meta property=\"og:image\" content=\"https:\/\/www.telavita.com.br\/blog\/wp-content\/uploads\/2017\/12\/tv.jpg\" \/>\n\t<meta property=\"og:image:width\" content=\"900\" \/>\n\t<meta property=\"og:image:height\" content=\"560\" \/>\n\t<meta property=\"og:image:type\" content=\"image\/jpeg\" \/>\n<meta name=\"author\" content=\"Telavita\" \/>\n<meta name=\"twitter:card\" content=\"summary_large_image\" \/>\n<meta name=\"twitter:label1\" content=\"Escrito por\" \/>\n\t<meta name=\"twitter:data1\" content=\"Telavita\" \/>\n\t<meta name=\"twitter:label2\" content=\"Est. tempo de leitura\" \/>\n\t<meta name=\"twitter:data2\" content=\"4 minutos\" \/>\n<!-- \/ Yoast SEO plugin. -->","yoast_head_json":{"title":"As frustra\u00e7\u00f5es do jovem no mercado de trabalho | Telavita","description":"N\u00e3o h\u00e1 como discutir as reais dificuldades do mercado de trabalho e, para os jovens tudo isso pode parecer ainda mais assustador.","robots":{"index":"index","follow":"follow","max-snippet":"max-snippet:-1","max-image-preview":"max-image-preview:large","max-video-preview":"max-video-preview:-1"},"canonical":"https:\/\/www.telavita.com.br\/blog\/jovens-mercado-de-trabalho\/","og_locale":"pt_BR","og_type":"article","og_title":"As frustra\u00e7\u00f5es do jovem no mercado de trabalho | Telavita","og_description":"N\u00e3o h\u00e1 como discutir as reais dificuldades do mercado de trabalho e, para os jovens tudo isso pode parecer ainda mais assustador.","og_url":"https:\/\/www.telavita.com.br\/blog\/jovens-mercado-de-trabalho\/","og_site_name":"Telavita","article_publisher":"https:\/\/www.facebook.com\/Telavita","article_published_time":"2017-12-27T16:24:27+00:00","article_modified_time":"2024-04-19T18:50:25+00:00","og_image":[{"width":900,"height":560,"url":"https:\/\/www.telavita.com.br\/blog\/wp-content\/uploads\/2017\/12\/tv.jpg","type":"image\/jpeg"}],"author":"Telavita","twitter_card":"summary_large_image","twitter_misc":{"Escrito por":"Telavita","Est. tempo de leitura":"4 minutos"},"schema":{"@context":"https:\/\/schema.org","@graph":[{"@type":"Article","@id":"https:\/\/www.telavita.com.br\/blog\/jovens-mercado-de-trabalho\/#article","isPartOf":{"@id":"https:\/\/www.telavita.com.br\/blog\/jovens-mercado-de-trabalho\/"},"author":{"name":"Telavita","@id":"https:\/\/www.telavita.com.br\/blog\/#\/schema\/person\/365e554815ae72366924ab1f2b06fdaa"},"headline":"As frustra\u00e7\u00f5es dos jovens no mercado de trabalho e seu impacto mental","datePublished":"2017-12-27T16:24:27+00:00","dateModified":"2024-04-19T18:50:25+00:00","mainEntityOfPage":{"@id":"https:\/\/www.telavita.com.br\/blog\/jovens-mercado-de-trabalho\/"},"wordCount":674,"commentCount":0,"publisher":{"@id":"https:\/\/www.telavita.com.br\/blog\/#organization"},"articleSection":["Recursos Humanos"],"inLanguage":"pt-BR","potentialAction":[{"@type":"CommentAction","name":"Comment","target":["https:\/\/www.telavita.com.br\/blog\/jovens-mercado-de-trabalho\/#respond"]}]},{"@type":"WebPage","@id":"https:\/\/www.telavita.com.br\/blog\/jovens-mercado-de-trabalho\/","url":"https:\/\/www.telavita.com.br\/blog\/jovens-mercado-de-trabalho\/","name":"As frustra\u00e7\u00f5es do jovem no mercado de trabalho | Telavita","isPartOf":{"@id":"https:\/\/www.telavita.com.br\/blog\/#website"},"datePublished":"2017-12-27T16:24:27+00:00","dateModified":"2024-04-19T18:50:25+00:00","description":"N\u00e3o h\u00e1 como discutir as reais dificuldades do mercado de trabalho e, para os jovens tudo isso pode parecer ainda mais assustador.","breadcrumb":{"@id":"https:\/\/www.telavita.com.br\/blog\/jovens-mercado-de-trabalho\/#breadcrumb"},"inLanguage":"pt-BR","potentialAction":[{"@type":"ReadAction","target":["https:\/\/www.telavita.com.br\/blog\/jovens-mercado-de-trabalho\/"]}]},{"@type":"BreadcrumbList","@id":"https:\/\/www.telavita.com.br\/blog\/jovens-mercado-de-trabalho\/#breadcrumb","itemListElement":[{"@type":"ListItem","position":1,"name":"In\u00edcio","item":"https:\/\/www.telavita.com.br\/blog\/"},{"@type":"ListItem","position":2,"name":"As frustra\u00e7\u00f5es dos jovens no mercado de trabalho e seu impacto mental"}]},{"@type":"WebSite","@id":"https:\/\/www.telavita.com.br\/blog\/#website","url":"https:\/\/www.telavita.com.br\/blog\/","name":"Telavita","description":"Conte\u00fados especializados sobre sa\u00fade mental e bem-estar","publisher":{"@id":"https:\/\/www.telavita.com.br\/blog\/#organization"},"potentialAction":[{"@type":"SearchAction","target":{"@type":"EntryPoint","urlTemplate":"https:\/\/www.telavita.com.br\/blog\/?s={search_term_string}"},"query-input":"required name=search_term_string"}],"inLanguage":"pt-BR"},{"@type":"Organization","@id":"https:\/\/www.telavita.com.br\/blog\/#organization","name":"Telavita","url":"https:\/\/www.telavita.com.br\/blog\/","sameAs":["https:\/\/www.linkedin.com\/company\/telavita\/mycompany\/verification\/","https:\/\/www.instagram.com\/telavita\/","https:\/\/www.facebook.com\/Telavita"],"logo":{"@type":"ImageObject","inLanguage":"pt-BR","@id":"https:\/\/www.telavita.com.br\/blog\/#\/schema\/logo\/image\/","url":"https:\/\/www.telavita.com.br\/blog\/wp-content\/uploads\/2021\/05\/telavita.jpg","contentUrl":"https:\/\/www.telavita.com.br\/blog\/wp-content\/uploads\/2021\/05\/telavita.jpg","width":200,"height":200,"caption":"Telavita"},"image":{"@id":"https:\/\/www.telavita.com.br\/blog\/#\/schema\/logo\/image\/"}},{"@type":"Person","@id":"https:\/\/www.telavita.com.br\/blog\/#\/schema\/person\/365e554815ae72366924ab1f2b06fdaa","name":"Telavita","image":{"@type":"ImageObject","inLanguage":"pt-BR","@id":"https:\/\/www.telavita.com.br\/blog\/#\/schema\/person\/image\/","url":"https:\/\/secure.gravatar.com\/avatar\/ac2e61ce00e3238eb646b649fdcae5e4?s=96&d=mm&r=g","contentUrl":"https:\/\/secure.gravatar.com\/avatar\/ac2e61ce00e3238eb646b649fdcae5e4?s=96&d=mm&r=g","caption":"Telavita"},"url":"https:\/\/www.telavita.com.br\/blog\/author\/telavita\/"}]}},"modified_by":null,"_links":{"self":[{"href":"https:\/\/www.telavita.com.br\/blog\/wp-json\/wp\/v2\/posts\/1284"}],"collection":[{"href":"https:\/\/www.telavita.com.br\/blog\/wp-json\/wp\/v2\/posts"}],"about":[{"href":"https:\/\/www.telavita.com.br\/blog\/wp-json\/wp\/v2\/types\/post"}],"author":[{"embeddable":true,"href":"https:\/\/www.telavita.com.br\/blog\/wp-json\/wp\/v2\/users\/11"}],"replies":[{"embeddable":true,"href":"https:\/\/www.telavita.com.br\/blog\/wp-json\/wp\/v2\/comments?post=1284"}],"version-history":[{"count":11,"href":"https:\/\/www.telavita.com.br\/blog\/wp-json\/wp\/v2\/posts\/1284\/revisions"}],"predecessor-version":[{"id":8571,"href":"https:\/\/www.telavita.com.br\/blog\/wp-json\/wp\/v2\/posts\/1284\/revisions\/8571"}],"wp:featuredmedia":[{"embeddable":true,"href":"https:\/\/www.telavita.com.br\/blog\/wp-json\/wp\/v2\/media\/1295"}],"wp:attachment":[{"href":"https:\/\/www.telavita.com.br\/blog\/wp-json\/wp\/v2\/media?parent=1284"}],"wp:term":[{"taxonomy":"category","embeddable":true,"href":"https:\/\/www.telavita.com.br\/blog\/wp-json\/wp\/v2\/categories?post=1284"},{"taxonomy":"post_tag","embeddable":true,"href":"https:\/\/www.telavita.com.br\/blog\/wp-json\/wp\/v2\/tags?post=1284"}],"curies":[{"name":"wp","href":"https:\/\/api.w.org\/{rel}","templated":true}]}}