{"id":1317,"date":"2018-01-05T09:00:55","date_gmt":"2018-01-05T11:00:55","guid":{"rendered":"https:\/\/www.telavita.com.br\/blog\/?p=1317"},"modified":"2024-04-23T13:51:56","modified_gmt":"2024-04-23T16:51:56","slug":"adolescentes-em-conflito-com-a-lei","status":"publish","type":"post","link":"https:\/\/www.telavita.com.br\/blog\/adolescentes-em-conflito-com-a-lei\/","title":{"rendered":"Adolescentes em conflito com a lei: a import\u00e2ncia das rela\u00e7\u00f5es familiares"},"content":{"rendered":"<p>O n\u00famero de\u00a0adolescentes em conflito com a lei, ou seja, que cometeram\u00a0<strong>infra\u00e7\u00f5es e crimes<\/strong>\u00a0tem\u00a0aumentado drasticamente,\u00a0o que causa interfer\u00eancia negativa na composi\u00e7\u00e3o familiar, assunto que precisa ter um foco maior\u00a0pois \u00e9 um impacto n\u00e3o somente na sa\u00fade do jovem, mas \u00e9 algo de abrang\u00eancia coletiva.<\/p>\n<p>As propor\u00e7\u00f5es foram\u00a0mostradas pelo IBGE, onde existem um total de 34.870 adolescentes autores conscientes do crime cometido.<\/p>\n<p>Esse \u00e9 um cen\u00e1rio que n\u00e3o\u00a0s\u00f3 reflete a dificuldade das fam\u00edlias\u00a0de entregar as condi\u00e7\u00f5es b\u00e1sicas no desenvolvimento dos jovens, mas tamb\u00e9m em rela\u00e7\u00e3o ao ps\u00edquico que <a href=\"https:\/\/www.telavita.com.br\/blog\/agressao-verbal\/\">por causa das\u00a0a\u00e7\u00f5es desfavor\u00e1veis eles come\u00e7am a ver a vida de um modo inapropriado<\/a>, pensam como se n\u00e3o tivessem capacidade, e por isso\u00a0se autoexcluem.<\/p>\n<h2>Entendendo a situa\u00e7\u00e3o<\/h2>\n<p>No Brasil o indiv\u00edduo menor de idade, que comete alguma infra\u00e7\u00e3o \u00e9 chamado de &#8221; <strong>adolescente em conflito com a lei<\/strong>&#8220;, denominado assim pelo Estatuto da Crian\u00e7a e Adolescente. E para todos os atos desses adolescentes, internacionalmente se utiliza o termo &#8220;<strong>delinqu\u00eancia juvenil<\/strong>&#8220;. Mas o que precisa ser avaliado antes mesmo das nomenclaturas que s\u00e3o utilizadas, \u00e9 a situa\u00e7\u00e3o desses\u00a0jovens em rela\u00e7\u00e3o ao seu desenvolvimento.<\/p>\n<p>No Departamento de administra\u00e7\u00e3o Socioeducativa de Santa Catarina, &#8211; conhecido por Dease &#8211; mostra uma pesquisa que de\u00a0633 adolescentes que cometeram uma infra\u00e7\u00e3o, somente 562 passaram pelo sistema de recupera\u00e7\u00e3o. Ou seja, infelizmente esse n\u00famero \u00e9 mais do que os adolescentes que receberam tratamento.<\/p>\n<h3>Por que tantos adolescentes envolvidos?<\/h3>\n<p>A grande resposta est\u00e1 na <strong>desigualdade econ\u00f4mica,<\/strong> que dificulta o crescimento e desenvolvimento de milh\u00f5es de adolescentes, e \u00e9 por isso que n\u00e3o possuem uma base s\u00f3lida para a educa\u00e7\u00e3o ou oportunidades de crescimento.<\/p>\n<p>O IBGE novamente prova essas informa\u00e7\u00f5es atrav\u00e9s das porcentagens, onde quatro em cada dez brasileiros vivem em estado de total mis\u00e9ria, entre eles 40% s\u00e3o meninos e meninas de at\u00e9 14 anos. E completando, de toda a popula\u00e7\u00e3o 38% dos adolescentes ( de 12 a 17 anos)\u00a0 ent\u00e3o em condi\u00e7\u00e3o de pobreza.<\/p>\n<p>Por\u00e9m a revolta que se estabelece no psicol\u00f3gico desses adolescentes n\u00e3o s\u00e3o exclusivamente das fam\u00edlias de renda baixa. Menores que partem para o mundo do crime ou apresentam descontrole comportamental no geral s\u00e3o na maioria das vezes frutos de rela\u00e7\u00f5es familiares desequilibradas, e isso n\u00e3o representa somente condi\u00e7\u00f5es financeiras.<\/p>\n<p>Esse ponto fr\u00e1gil em suas forma\u00e7\u00f5es, \u00e9 reflexo de uma m\u00e1 constru\u00e7\u00e3o de identidade, que \u00e9 constru\u00edda dentro da escola e principalmente na fam\u00edlia. Os pontos mais comuns que mostram os motivos pelos quais esses jovens se desestruturam s\u00e3o:<\/p>\n<ul>\n<li>Discuss\u00f5es entre pessoas da fam\u00edlia;<\/li>\n<li>Diversas <a href=\"https:\/\/www.telavita.com.br\/blog\/agressao-verbal\/\">formas de viv\u00eancia de viol\u00eancia<\/a> (seja f\u00edsica ou verbal, seja com ele ou n\u00e3o);<\/li>\n<li>Pessoas pr\u00f3ximas com v\u00edcios, principalmente quando se mostram agressivas e geram medo.<\/li>\n<\/ul>\n<p>Ou seja, resumindo o problema principal na forma\u00e7\u00e3o dos jovens que apresentam agressividade \u00e9 a viol\u00eancia em todas suas faces. E esta tamb\u00e9m se mostra na forma de educ\u00e1-los e corrigi-los.<\/p>\n<h3>Qual Perfil dos adolescentes?<\/h3>\n<p>Segundo o Dease, com base no sistema socioeducativo de Santa Catarina, com o total de 562 adolescentes entrevistados, o perfil se completa:<\/p>\n<ul>\n<li><strong>sexo:\u00a0<\/strong>529 s\u00e3o do sexo masculino;<\/li>\n<li><strong>idade:\u00a0<\/strong>398 de 15 a 17 anos;<\/li>\n<li><strong>escolaridade:\u00a0<\/strong>335 com ensino fundamental incompleto;<\/li>\n<li><strong><a href=\"https:\/\/www.telavita.com.br\/blog\/escola-ideal-do-filho\/\">frequ\u00eancia escolar<\/a>:\u00a0<\/strong>234 que n\u00e3o estudam atualmente;<\/li>\n<li><strong>drogas:\u00a0<\/strong>193 que atualmente faz uso de drogas;<\/li>\n<li><strong>tipos de infra\u00e7\u00f5es:\u00a0<\/strong>tendo uma escala de 287 por roubo e em segundo por tr\u00e1fico de drogas por 114 indiv\u00edduos.<\/li>\n<\/ul>\n<h3>\u00c9 poss\u00edvel recuperar um adolescente?<\/h3>\n<p>Sim, \u00e9 poss\u00edvel\u00a0a recupera\u00e7\u00e3o desses <strong>adolescentes<\/strong>, pois\u00a0eles apresentam uma vis\u00e3o equivocada da vida. Por isso que atrav\u00e9s da orienta\u00e7\u00f5es de sistemas educacionais e principalmente de psicol\u00f3gicos e da fam\u00edlia, far\u00e3o com que o indiv\u00edduo mude sua forma de pensar e agir. Isto \u00e9, deixar que eles entendam que o caminho da educa\u00e7\u00e3o, \u00e9 o melhor para se seguir em rela\u00e7\u00e3o\u00a0a todas as \u00e1reas da vida.<\/p>\n<p>\u00c9 preciso atuar com uma forma r\u00e1pida para que a recupera\u00e7\u00e3o seja da mesma agilidade, e assim recuperar a vida de milhares de jovens que por falta das condi\u00e7\u00f5es necess\u00e1rias, n\u00e3o tiveram<a href=\"https:\/\/www.telavita.com.br\/blog\/tempo-livre-estimula-crianca\/\"> a oportunidade de aprender, crescer<\/a> e serem inclusos na sociedade de modo correto.<\/p>\n<p>Esses adolescentes precisam se sentir acolhidos e necess\u00e1rios na estrutura\u00e7\u00e3o familiar, ele precisa enxergar que ele faz parte desse todo e o processo de recupera\u00e7\u00e3o se torna muito mais eficiente quando h\u00e1 o trabalho dos parentes nessa reestrutura\u00e7\u00e3o. Sozinho, para eles ficar\u00e1 mais complexo e dif\u00edcil de entender e criar expectativas de um futuro melhor.<\/p>\n<p>O di\u00e1logo se torna mais uma vez a principal chave de sucesso para a recupera\u00e7\u00e3o, e ele precisa ser aprendido pelas pessoas respons\u00e1veis por esses jovens, ou seja, esse \u00e9 um processo que inclui a reeduca\u00e7\u00e3o de todos.<\/p>\n<p>A mente do ser humano \u00e9 muito complexa e ela necessita de\u00a0direcionamento adequado, desde o in\u00edcio de sua vida. Quando um desses pontos t\u00e3o importantes se desfaz, o indiv\u00edduo perde a base e a fam\u00edlia pode ser o maior impacto para a determina\u00e7\u00e3o de car\u00e1ter e \u00edndole de uma pessoa.<\/p>\n","protected":false},"excerpt":{"rendered":"<p>O n\u00famero de\u00a0adolescentes em conflito com a lei, ou seja, que cometeram\u00a0infra\u00e7\u00f5es e crimes\u00a0tem\u00a0aumentado drasticamente,\u00a0o que causa interfer\u00eancia negativa na composi\u00e7\u00e3o familiar, assunto que precisa ter um foco maior\u00a0pois \u00e9 um impacto n\u00e3o somente na sa\u00fade do jovem, mas \u00e9 algo de abrang\u00eancia coletiva. As propor\u00e7\u00f5es foram\u00a0mostradas pelo IBGE, onde existem um total de 34.870 [&hellip;]<\/p>\n","protected":false},"author":11,"featured_media":1341,"comment_status":"open","ping_status":"open","sticky":false,"template":"","format":"standard","meta":{"_lmt_disableupdate":"","_lmt_disable":"","footnotes":""},"categories":[269],"tags":[],"yoast_head":"<!-- This site is optimized with the Yoast SEO plugin v19.8 - https:\/\/yoast.com\/wordpress\/plugins\/seo\/ -->\n<title>Adolescentes Em Conflito Com A Lei - A Import\u00e2ncia Da Fam\u00edlia | TelaVita<\/title>\n<meta name=\"description\" content=\"Saiba mais sobre o perfil dos adolescentes em conflito com a lei e entenda como \u00e9 poss\u00edvel a recupera\u00e7\u00e3o desses indiv\u00edduos.\" \/>\n<meta name=\"robots\" content=\"index, follow, max-snippet:-1, max-image-preview:large, max-video-preview:-1\" \/>\n<link rel=\"canonical\" href=\"https:\/\/www.telavita.com.br\/blog\/adolescentes-em-conflito-com-a-lei\/\" \/>\n<meta property=\"og:locale\" content=\"pt_BR\" \/>\n<meta property=\"og:type\" content=\"article\" \/>\n<meta property=\"og:title\" content=\"Adolescentes Em Conflito Com A Lei - A Import\u00e2ncia Da Fam\u00edlia | TelaVita\" \/>\n<meta property=\"og:description\" content=\"Saiba mais sobre o perfil dos adolescentes em conflito com a lei e entenda como \u00e9 poss\u00edvel a recupera\u00e7\u00e3o desses indiv\u00edduos.\" \/>\n<meta property=\"og:url\" content=\"https:\/\/www.telavita.com.br\/blog\/adolescentes-em-conflito-com-a-lei\/\" \/>\n<meta property=\"og:site_name\" content=\"Telavita\" \/>\n<meta property=\"article:publisher\" content=\"https:\/\/www.facebook.com\/Telavita\" \/>\n<meta property=\"article:published_time\" content=\"2018-01-05T11:00:55+00:00\" \/>\n<meta property=\"article:modified_time\" content=\"2024-04-23T16:51:56+00:00\" \/>\n<meta property=\"og:image\" content=\"https:\/\/www.telavita.com.br\/blog\/wp-content\/uploads\/2018\/01\/Untitled-1.jpg\" \/>\n\t<meta property=\"og:image:width\" content=\"900\" \/>\n\t<meta property=\"og:image:height\" content=\"560\" \/>\n\t<meta property=\"og:image:type\" content=\"image\/jpeg\" \/>\n<meta name=\"author\" content=\"Telavita\" \/>\n<meta name=\"twitter:card\" content=\"summary_large_image\" \/>\n<meta name=\"twitter:label1\" content=\"Escrito por\" \/>\n\t<meta name=\"twitter:data1\" content=\"Telavita\" \/>\n\t<meta name=\"twitter:label2\" content=\"Est. tempo de leitura\" \/>\n\t<meta name=\"twitter:data2\" content=\"5 minutos\" \/>\n<!-- \/ Yoast SEO plugin. -->","yoast_head_json":{"title":"Adolescentes Em Conflito Com A Lei - A Import\u00e2ncia Da Fam\u00edlia | TelaVita","description":"Saiba mais sobre o perfil dos adolescentes em conflito com a lei e entenda como \u00e9 poss\u00edvel a recupera\u00e7\u00e3o desses indiv\u00edduos.","robots":{"index":"index","follow":"follow","max-snippet":"max-snippet:-1","max-image-preview":"max-image-preview:large","max-video-preview":"max-video-preview:-1"},"canonical":"https:\/\/www.telavita.com.br\/blog\/adolescentes-em-conflito-com-a-lei\/","og_locale":"pt_BR","og_type":"article","og_title":"Adolescentes Em Conflito Com A Lei - A Import\u00e2ncia Da Fam\u00edlia | TelaVita","og_description":"Saiba mais sobre o perfil dos adolescentes em conflito com a lei e entenda como \u00e9 poss\u00edvel a recupera\u00e7\u00e3o desses indiv\u00edduos.","og_url":"https:\/\/www.telavita.com.br\/blog\/adolescentes-em-conflito-com-a-lei\/","og_site_name":"Telavita","article_publisher":"https:\/\/www.facebook.com\/Telavita","article_published_time":"2018-01-05T11:00:55+00:00","article_modified_time":"2024-04-23T16:51:56+00:00","og_image":[{"width":900,"height":560,"url":"https:\/\/www.telavita.com.br\/blog\/wp-content\/uploads\/2018\/01\/Untitled-1.jpg","type":"image\/jpeg"}],"author":"Telavita","twitter_card":"summary_large_image","twitter_misc":{"Escrito por":"Telavita","Est. tempo de leitura":"5 minutos"},"schema":{"@context":"https:\/\/schema.org","@graph":[{"@type":"Article","@id":"https:\/\/www.telavita.com.br\/blog\/adolescentes-em-conflito-com-a-lei\/#article","isPartOf":{"@id":"https:\/\/www.telavita.com.br\/blog\/adolescentes-em-conflito-com-a-lei\/"},"author":{"name":"Telavita","@id":"https:\/\/www.telavita.com.br\/blog\/#\/schema\/person\/365e554815ae72366924ab1f2b06fdaa"},"headline":"Adolescentes em conflito com a lei: a import\u00e2ncia das rela\u00e7\u00f5es familiares","datePublished":"2018-01-05T11:00:55+00:00","dateModified":"2024-04-23T16:51:56+00:00","mainEntityOfPage":{"@id":"https:\/\/www.telavita.com.br\/blog\/adolescentes-em-conflito-com-a-lei\/"},"wordCount":905,"commentCount":0,"publisher":{"@id":"https:\/\/www.telavita.com.br\/blog\/#organization"},"articleSection":["Inf\u00e2ncia e Adolesc\u00eancia"],"inLanguage":"pt-BR","potentialAction":[{"@type":"CommentAction","name":"Comment","target":["https:\/\/www.telavita.com.br\/blog\/adolescentes-em-conflito-com-a-lei\/#respond"]}]},{"@type":"WebPage","@id":"https:\/\/www.telavita.com.br\/blog\/adolescentes-em-conflito-com-a-lei\/","url":"https:\/\/www.telavita.com.br\/blog\/adolescentes-em-conflito-com-a-lei\/","name":"Adolescentes Em Conflito Com A Lei - A Import\u00e2ncia Da Fam\u00edlia | TelaVita","isPartOf":{"@id":"https:\/\/www.telavita.com.br\/blog\/#website"},"datePublished":"2018-01-05T11:00:55+00:00","dateModified":"2024-04-23T16:51:56+00:00","description":"Saiba mais sobre o perfil dos adolescentes em conflito com a lei e entenda como \u00e9 poss\u00edvel a recupera\u00e7\u00e3o desses indiv\u00edduos.","breadcrumb":{"@id":"https:\/\/www.telavita.com.br\/blog\/adolescentes-em-conflito-com-a-lei\/#breadcrumb"},"inLanguage":"pt-BR","potentialAction":[{"@type":"ReadAction","target":["https:\/\/www.telavita.com.br\/blog\/adolescentes-em-conflito-com-a-lei\/"]}]},{"@type":"BreadcrumbList","@id":"https:\/\/www.telavita.com.br\/blog\/adolescentes-em-conflito-com-a-lei\/#breadcrumb","itemListElement":[{"@type":"ListItem","position":1,"name":"In\u00edcio","item":"https:\/\/www.telavita.com.br\/blog\/"},{"@type":"ListItem","position":2,"name":"Adolescentes em conflito com a lei: a import\u00e2ncia das rela\u00e7\u00f5es familiares"}]},{"@type":"WebSite","@id":"https:\/\/www.telavita.com.br\/blog\/#website","url":"https:\/\/www.telavita.com.br\/blog\/","name":"Telavita","description":"Conte\u00fados especializados sobre sa\u00fade mental e bem-estar","publisher":{"@id":"https:\/\/www.telavita.com.br\/blog\/#organization"},"potentialAction":[{"@type":"SearchAction","target":{"@type":"EntryPoint","urlTemplate":"https:\/\/www.telavita.com.br\/blog\/?s={search_term_string}"},"query-input":"required name=search_term_string"}],"inLanguage":"pt-BR"},{"@type":"Organization","@id":"https:\/\/www.telavita.com.br\/blog\/#organization","name":"Telavita","url":"https:\/\/www.telavita.com.br\/blog\/","sameAs":["https:\/\/www.linkedin.com\/company\/telavita\/mycompany\/verification\/","https:\/\/www.instagram.com\/telavita\/","https:\/\/www.facebook.com\/Telavita"],"logo":{"@type":"ImageObject","inLanguage":"pt-BR","@id":"https:\/\/www.telavita.com.br\/blog\/#\/schema\/logo\/image\/","url":"https:\/\/www.telavita.com.br\/blog\/wp-content\/uploads\/2021\/05\/telavita.jpg","contentUrl":"https:\/\/www.telavita.com.br\/blog\/wp-content\/uploads\/2021\/05\/telavita.jpg","width":200,"height":200,"caption":"Telavita"},"image":{"@id":"https:\/\/www.telavita.com.br\/blog\/#\/schema\/logo\/image\/"}},{"@type":"Person","@id":"https:\/\/www.telavita.com.br\/blog\/#\/schema\/person\/365e554815ae72366924ab1f2b06fdaa","name":"Telavita","image":{"@type":"ImageObject","inLanguage":"pt-BR","@id":"https:\/\/www.telavita.com.br\/blog\/#\/schema\/person\/image\/","url":"https:\/\/secure.gravatar.com\/avatar\/ac2e61ce00e3238eb646b649fdcae5e4?s=96&d=mm&r=g","contentUrl":"https:\/\/secure.gravatar.com\/avatar\/ac2e61ce00e3238eb646b649fdcae5e4?s=96&d=mm&r=g","caption":"Telavita"},"url":"https:\/\/www.telavita.com.br\/blog\/author\/telavita\/"}]}},"modified_by":null,"_links":{"self":[{"href":"https:\/\/www.telavita.com.br\/blog\/wp-json\/wp\/v2\/posts\/1317"}],"collection":[{"href":"https:\/\/www.telavita.com.br\/blog\/wp-json\/wp\/v2\/posts"}],"about":[{"href":"https:\/\/www.telavita.com.br\/blog\/wp-json\/wp\/v2\/types\/post"}],"author":[{"embeddable":true,"href":"https:\/\/www.telavita.com.br\/blog\/wp-json\/wp\/v2\/users\/11"}],"replies":[{"embeddable":true,"href":"https:\/\/www.telavita.com.br\/blog\/wp-json\/wp\/v2\/comments?post=1317"}],"version-history":[{"count":16,"href":"https:\/\/www.telavita.com.br\/blog\/wp-json\/wp\/v2\/posts\/1317\/revisions"}],"predecessor-version":[{"id":9391,"href":"https:\/\/www.telavita.com.br\/blog\/wp-json\/wp\/v2\/posts\/1317\/revisions\/9391"}],"wp:featuredmedia":[{"embeddable":true,"href":"https:\/\/www.telavita.com.br\/blog\/wp-json\/wp\/v2\/media\/1341"}],"wp:attachment":[{"href":"https:\/\/www.telavita.com.br\/blog\/wp-json\/wp\/v2\/media?parent=1317"}],"wp:term":[{"taxonomy":"category","embeddable":true,"href":"https:\/\/www.telavita.com.br\/blog\/wp-json\/wp\/v2\/categories?post=1317"},{"taxonomy":"post_tag","embeddable":true,"href":"https:\/\/www.telavita.com.br\/blog\/wp-json\/wp\/v2\/tags?post=1317"}],"curies":[{"name":"wp","href":"https:\/\/api.w.org\/{rel}","templated":true}]}}