{"id":1347,"date":"2018-01-09T15:44:48","date_gmt":"2018-01-09T17:44:48","guid":{"rendered":"https:\/\/www.telavita.com.br\/blog\/?p=1347"},"modified":"2019-12-23T17:10:39","modified_gmt":"2019-12-23T19:10:39","slug":"volta-as-aulas","status":"publish","type":"post","link":"https:\/\/www.telavita.com.br\/blog\/volta-as-aulas\/","title":{"rendered":"A volta \u00e0s aulas: aprenda a lidar com esse momento"},"content":{"rendered":"<p><em><strong>De volta \u00e0s aulas<\/strong>, pais e crian\u00e7as precisam aprender a lidar com a separa\u00e7\u00e3o<\/em><\/p>\n<p>N\u00e3o existe idade exata para os filhos come\u00e7arem a frequentar uma <strong>escola<\/strong>. Ali\u00e1s, a decis\u00e3o de matricular uma crian\u00e7a em uma creche, escola ou col\u00e9gio, geralmente, \u00e9 uma necessidade devida a rotina de trabalho dos familiares.<\/p>\n<p>Dessa forma, essa decis\u00e3o j\u00e1 implica num momento delicado na vida de pais e filhos: a separa\u00e7\u00e3o. Ela \u00e9 dif\u00edcil, mas ocorrer\u00e1 diversas vezes durante o crescimento escolar das crian\u00e7as. E, ent\u00e3o, ao final de cada f\u00e9rias deles o sentimento volta.<\/p>\n<p>Para muitos<strong> pais,<\/strong> a <strong>volta \u00e0s aulas<\/strong> traz um pesado sentimento de abandono dos <strong>filhos<\/strong> ou medo de que algo n\u00e3o d\u00ea certo para a crian\u00e7a. Por\u00e9m, essa fase tamb\u00e9m faz parte da evolu\u00e7\u00e3o dos pequenos, e ela \u00e9 necess\u00e1ria por diversos motivos: desde o contexto educativo at\u00e9 mesmo ao amadurecimentos dos pr\u00f3prios pais.<\/p>\n<p>Essa \u00e9 a <strong>import\u00e2ncia da volta \u00e0s aulas<\/strong>. <strong>As aulas voltam<\/strong> e o ensinamento tamb\u00e9m ocorre fora da sala. Saber lidar com o turbilh\u00e3o de sentimentos \u00e9 fundamental no crescimento emocional da fam\u00edlia.<\/p>\n<h2>Volta \u00e0s aulas: o que fazer<\/h2>\n<p><strong>Enfim, volta \u00e0s aulas<\/strong>, mas o que fazer com essa mistura de separa\u00e7\u00e3o com empolgamento? Primeiramente, \u00e9 necess\u00e1rio compreender o que est\u00e1 passando com as crian\u00e7as para poder ajud\u00e1-las.<\/p>\n<p>Segundo a <a href=\"https:\/\/www.apa.org\/helpcenter\/school-rush\">Associa\u00e7\u00e3o Americana de Psicologia<\/a> (APA),&#8221;muitas vezes, \u00e9 o medo do desconhecido &#8211; novos colegas de classe, professores ou o pensamento de ter aulas dif\u00edceis &#8211; que \u00e9 mais estressante para as crian\u00e7as, no in\u00edcio da escola.<\/p>\n<p>Sendo assim, \u00e9 preciso que os pais deem suporte aos filhos nessa transi\u00e7\u00e3o. Al\u00e9m disso, os pequenos s\u00e3o sens\u00edveis aos problemas que afetam os pais, portanto, \u00e9 importante saber o que \u00e9 transparecido no ambiente familiar.<\/p>\n<p>De acordo com o psic\u00f3logo <a href=\"https:\/\/www.psychologytoday.com\/intl\/blog\/emotional-fitness\/201909\/back-school-blues\">Barton Goldsmith<\/a>, &#8220;esteja ciente de que seus filhos perceber\u00e3o sua preocupa\u00e7\u00e3o e depress\u00e3o e, se voc\u00ea expressar seus medos a eles, eles mesmos sentir\u00e3o. Isso pode prejudic\u00e1-los ainda mais do que o habitual, \u00e0 medida que eles reentram na matr\u00edcula&#8221;.<\/p>\n<p>Nesse sentido, tamb\u00e9m \u00e9 necess\u00e1rio servir de modelo para os filhos e incentivar a busca pelo novo, al\u00e9m de apresentar essa experi\u00eancia como algo positivo.<\/p>\n<p>&#8220;\u00c9 (o trabalho dos pais) modelar o comportamento e demonstrar que as crian\u00e7as precisam manter a ansiedade e a tristeza afastadas, enquanto obt\u00eam o m\u00e1ximo de conhecimento poss\u00edvel e se divertem um pouco no processo&#8221;, complementa Goldsmith.<\/p>\n<h2>Volta \u00e0s aulas: dicas e conselhos gerais<\/h2>\n<p><strong>E como lidar com a volta \u00e0s aulas?<\/strong> Nem sempre \u00e9 f\u00e1cil voltar a rotina e ajustar novamente as atividades do cotidiano. <strong>Voltar \u00e0s aulas<\/strong> para as crian\u00e7as pode ser mais simples, mas j\u00e1 para os pais trata-se de uma maratona.<\/p>\n<p>Confira abaixo alguns <strong>truques de volta \u00e0s aulas<\/strong>:<\/p>\n<h3>Passem seguran\u00e7a<\/h3>\n<p>\u00c9 indispens\u00e1vel a demonstra\u00e7\u00e3o de que tudo est\u00e1 bem e que voc\u00ea estar\u00e1 ali para receber a crian\u00e7a ao final do hor\u00e1rio escolar.<\/p>\n<h3>N\u00e3o fa\u00e7am rodeios<\/h3>\n<p>N\u00e3o fique contando muitas hist\u00f3rias, nem se prolongando sobre o assunto com a crian\u00e7a. Nesse sentido, \u00e9 importante explicar como funcionar\u00e1 a rotina e que esse processo \u00e9 importante em sua vida.<\/p>\n<p>Lembre-se que essa fase n\u00e3o \u00e9 um per\u00edodo de traumas. \u00c9 algo normal e muitos nem se recordam de seu primeiro dia de aula.<\/p>\n<h3>Seja sensato<\/h3>\n<p>O seu filho precisa aprender e se desenvolver. Ent\u00e3o, n\u00e3o \u00e9 preciso perder a calma e se afundar em preocupa\u00e7\u00f5es enquanto ele est\u00e1 ocupado crescendo.<\/p>\n<p>Lembre-se que se caso algo ocorrer, as pessoas respons\u00e1veis por ele na escola ir\u00e3o entrar em contato com voc\u00ea.<\/p>\n<h3>N\u00e3o d\u00ea pr\u00eamios<\/h3>\n<p>Responsabilidades n\u00e3o devem ser premiadas. A escola n\u00e3o \u00e9 algo ruim onde a crian\u00e7a mere\u00e7a pr\u00eamio e presentes por ter se comportado bem.<\/p>\n<p>Assim, ela precisa come\u00e7ar a v\u00ea-la como algo indispens\u00e1vel e que lhe d\u00e1 prazer de vivenciar.<\/p>\n<h3>O choro n\u00e3o \u00e9 certeza de nada<\/h3>\n<p><strong>Quando volta \u00e0s aulas<\/strong>, o seu filho pode chorar ao separar-se de voc\u00ea, mas isso nem sempre significa que ele est\u00e1 passando por algo ruim l\u00e1 dentro. <a href=\"https:\/\/www.telavita.com.br\/blog\/vitima-de-bullying\/\">\u00c9 preciso prestar aten\u00e7\u00e3o em um todo para poder concluir se ele sofre algo dentro do col\u00e9gio<\/a>.<\/p>\n<p>N\u00e3o chorar tamb\u00e9m n\u00e3o significa que ele n\u00e3o o ama ou que n\u00e3o sente nada ao despedir-se. Algumas crian\u00e7as se apegam mais facilmente ao novo e anseiam mais por conhecimento, o que as motivam \u00e0s descobertas.<\/p>\n<h3>A rotina faz bem<\/h3>\n<p>Realizar os mesmos procedimentos de forma organizada todos os dias, incluindo o trajeto at\u00e9 a escola s\u00e3o dicas muito boas para desenvolver a seguran\u00e7a na crian\u00e7a.<\/p>\n<p>Lembre-se que lidar com o desconhecido \u00e9 complicado, por isso criar h\u00e1bitos saud\u00e1veis a transmitir\u00e1 maior confian\u00e7a.<\/p>\n<h3>Saiba dar tchau<\/h3>\n<p>Despe\u00e7a-se do seu filho quando ele sai de casa ou quando voc\u00ea leva ele at\u00e9 a escola. Nada de se esconder ou &#8220;sair de fininho&#8221; para evitar o choro, pelo contr\u00e1rio, sempre que poss\u00edvel diga que voc\u00ea est\u00e1 saindo, mas que mais tarde retornar\u00e1 para busc\u00e1-lo.<\/p>\n<h3>Ser organizado \u00e9 a alma de tudo<\/h3>\n<p>Delegar responsabilidades \u00e0 crian\u00e7a em sua pr\u00f3pria casa auxilia no desenvolvimento de um bom comportamento na escola. Portanto, coloque hor\u00e1rios justos para que ela estude e fa\u00e7a suas atividades escolares.<\/p>\n<h3>E quando a crian\u00e7a n\u00e3o quer ir para a escola?<\/h3>\n<p>Nem sempre essa atitude \u00e9 birra. \u00c9 natural do ser humano ter medo diante de cen\u00e1rios desconhecidos e isso n\u00e3o \u00e9 diferente quando se \u00e9 crian\u00e7a.<\/p>\n<p>Portanto, se poss\u00edvel, leve os filhos para conhecer o ambiente antes das aulas come\u00e7arem ou reforce o tema da import\u00e2ncia do <strong>ensino<\/strong> e de fazer amigos.<\/p>\n<h2><span data-sheets-value=\"{&quot;1&quot;:2,&quot;2&quot;:&quot;dicas de voltas aulas&quot;}\" data-sheets-userformat=\"{&quot;2&quot;:513,&quot;3&quot;:{&quot;1&quot;:0},&quot;12&quot;:0}\">Dicas de voltas \u00e0s aulas sobre c<\/span>omportamentos de seguran\u00e7a<\/h2>\n<p>Algumas atitudes seguras podem evitar traumas relacionados com a rotina escolar. Sendo assim, confira a seguir algumas <strong>sugest\u00f5es de volta \u00e0s aulas<\/strong> e alguns temas para tomar cuidado.<\/p>\n<h3>Em casa<\/h3>\n<ul>\n<li>Explique para seu filho sobre o uso de aparelhos eletr\u00f4nicos. Pe\u00e7a tamb\u00e9m que ele n\u00e3o os utilizem em locais abertos ou fora de casa ou da escola;<\/li>\n<li>Se for dar algum dinheiro ao seu filho para alguma eventual necessidade, fa\u00e7a em casa. N\u00e3o abra bolsas, mochilas ou carteiras na rua;<\/li>\n<li>Oriente seu filho para n\u00e3o conversar com estranhos. Caso algum se aproxime, o ensine a sempre buscar ajuda de policiais, conhecidos ou representantes da escola;<\/li>\n<li>Caso a crian\u00e7a v\u00e1 sozinha para a escola, sempre procure por pais que fazem o mesmo caminho para ela poder ir junto ou grupos de colegas que realizam o mesmo trajeto;<\/li>\n<li>\u00c9 muito importante anotar e deixar nos pertences da crian\u00e7a endere\u00e7o, telefone e contatos de emerg\u00eancia. N\u00e3o se esque\u00e7a tamb\u00e9m de ensin\u00e1-lo esses dados para que memorize essas informa\u00e7\u00f5es.<\/li>\n<\/ul>\n<h3>Travessias<\/h3>\n<ul>\n<li>Seja o exemplo, utilize sempre a faixa de pedestre para as travessias;<\/li>\n<li>N\u00e3o atravesse por tr\u00e1s de objetos grandes, como ve\u00edculos parados e \u00e1rvores. Voc\u00eas podem ficar em ponto cego para os motoristas.<\/li>\n<\/ul>\n<h3>No carro<\/h3>\n<ul>\n<li>Respeite a legisla\u00e7\u00e3o em vigor e mantenha a crian\u00e7a devidamente no bando traseiro;<\/li>\n<li>Os pais precisam durante todo o trajeto prestarem aten\u00e7\u00e3o nos arredores e observar se n\u00e3o h\u00e1 ningu\u00e9m os olhando. \u00c9 provado que a maioria dos furtos e roubos na entrada dos col\u00e9gios acontecem em momentos de distra\u00e7\u00e3o e que as v\u00edtimas foram visadas minutos antes ao ocorrido.<\/li>\n<\/ul>\n<h3>Transporte p\u00fablico<\/h3>\n<ul>\n<li>No transporte de \u00f4nibus p\u00fablico, quando houver poucos passageiros, sentem-se sempre pr\u00f3ximos ao motorista;<\/li>\n<li>N\u00e3o retire grande quantidade de dinheiro do bolso, bolsa ou carteira. De prefer\u00eancia ande com o dinheiro contado;<\/li>\n<li>Mantenha sempre bolsas e mochilas pr\u00f3ximos e na frente do seu corpo;<\/li>\n<li>Evite que a crian\u00e7a use aparelhos eletr\u00f4nicos durante o trajeto de transporte p\u00fablico.<\/li>\n<\/ul>\n<p>Tendo em vista algumas dessas <strong>ideias para volta \u00e0s aulas<\/strong>, \u00e9 importante pensar em alguns pontos de melhoria. Sempre queremos o melhor para os filhos, portanto, estar atento a diversos pontos pode ajudar nessa rela\u00e7\u00e3o.<\/p>\n","protected":false},"excerpt":{"rendered":"<p>De volta \u00e0s aulas, pais e crian\u00e7as precisam aprender a lidar com a separa\u00e7\u00e3o N\u00e3o existe idade exata para os filhos come\u00e7arem a frequentar uma escola. Ali\u00e1s, a decis\u00e3o de matricular uma crian\u00e7a em uma creche, escola ou col\u00e9gio, geralmente, \u00e9 uma necessidade devida a rotina de trabalho dos familiares. Dessa forma, essa decis\u00e3o j\u00e1 [&hellip;]<\/p>\n","protected":false},"author":11,"featured_media":1349,"comment_status":"open","ping_status":"open","sticky":false,"template":"","format":"standard","meta":{"_lmt_disableupdate":"","_lmt_disable":"","footnotes":""},"categories":[269],"tags":[],"yoast_head":"<!-- This site is optimized with the Yoast SEO plugin v19.8 - https:\/\/yoast.com\/wordpress\/plugins\/seo\/ -->\n<title>Volta \u00c0s Aulas - Confira Dicas Valiosas Para Esse Momento | TelaVita<\/title>\n<meta name=\"description\" content=\"Alguns pais entram em crise na volta \u00e0s aulas, o motivo muitas vezes \u00e9 a preocupa\u00e7\u00e3o com a rea\u00e7\u00e3o dos filhos nesse momento t\u00e3o importante.\" \/>\n<meta name=\"robots\" content=\"index, follow, max-snippet:-1, max-image-preview:large, max-video-preview:-1\" \/>\n<link rel=\"canonical\" href=\"https:\/\/www.telavita.com.br\/blog\/volta-as-aulas\/\" \/>\n<meta property=\"og:locale\" content=\"pt_BR\" \/>\n<meta property=\"og:type\" content=\"article\" \/>\n<meta property=\"og:title\" content=\"Volta \u00c0s Aulas - Confira Dicas Valiosas Para Esse Momento | TelaVita\" \/>\n<meta property=\"og:description\" content=\"Alguns pais entram em crise na volta \u00e0s aulas, o motivo muitas vezes \u00e9 a preocupa\u00e7\u00e3o com a rea\u00e7\u00e3o dos filhos nesse momento t\u00e3o importante.\" \/>\n<meta property=\"og:url\" content=\"https:\/\/www.telavita.com.br\/blog\/volta-as-aulas\/\" \/>\n<meta property=\"og:site_name\" content=\"Telavita\" \/>\n<meta property=\"article:publisher\" content=\"https:\/\/www.facebook.com\/Telavita\" \/>\n<meta property=\"article:published_time\" content=\"2018-01-09T17:44:48+00:00\" \/>\n<meta property=\"article:modified_time\" content=\"2019-12-23T19:10:39+00:00\" \/>\n<meta property=\"og:image\" content=\"https:\/\/www.telavita.com.br\/blog\/wp-content\/uploads\/2018\/01\/escola.jpg\" \/>\n\t<meta property=\"og:image:width\" content=\"900\" \/>\n\t<meta property=\"og:image:height\" content=\"560\" \/>\n\t<meta property=\"og:image:type\" content=\"image\/jpeg\" \/>\n<meta name=\"author\" content=\"Telavita\" \/>\n<meta name=\"twitter:card\" content=\"summary_large_image\" \/>\n<meta name=\"twitter:label1\" content=\"Escrito por\" \/>\n\t<meta name=\"twitter:data1\" content=\"Telavita\" \/>\n\t<meta name=\"twitter:label2\" content=\"Est. tempo de leitura\" \/>\n\t<meta name=\"twitter:data2\" content=\"7 minutos\" \/>\n<!-- \/ Yoast SEO plugin. -->","yoast_head_json":{"title":"Volta \u00c0s Aulas - Confira Dicas Valiosas Para Esse Momento | TelaVita","description":"Alguns pais entram em crise na volta \u00e0s aulas, o motivo muitas vezes \u00e9 a preocupa\u00e7\u00e3o com a rea\u00e7\u00e3o dos filhos nesse momento t\u00e3o importante.","robots":{"index":"index","follow":"follow","max-snippet":"max-snippet:-1","max-image-preview":"max-image-preview:large","max-video-preview":"max-video-preview:-1"},"canonical":"https:\/\/www.telavita.com.br\/blog\/volta-as-aulas\/","og_locale":"pt_BR","og_type":"article","og_title":"Volta \u00c0s Aulas - Confira Dicas Valiosas Para Esse Momento | TelaVita","og_description":"Alguns pais entram em crise na volta \u00e0s aulas, o motivo muitas vezes \u00e9 a preocupa\u00e7\u00e3o com a rea\u00e7\u00e3o dos filhos nesse momento t\u00e3o importante.","og_url":"https:\/\/www.telavita.com.br\/blog\/volta-as-aulas\/","og_site_name":"Telavita","article_publisher":"https:\/\/www.facebook.com\/Telavita","article_published_time":"2018-01-09T17:44:48+00:00","article_modified_time":"2019-12-23T19:10:39+00:00","og_image":[{"width":900,"height":560,"url":"https:\/\/www.telavita.com.br\/blog\/wp-content\/uploads\/2018\/01\/escola.jpg","type":"image\/jpeg"}],"author":"Telavita","twitter_card":"summary_large_image","twitter_misc":{"Escrito por":"Telavita","Est. tempo de leitura":"7 minutos"},"schema":{"@context":"https:\/\/schema.org","@graph":[{"@type":"Article","@id":"https:\/\/www.telavita.com.br\/blog\/volta-as-aulas\/#article","isPartOf":{"@id":"https:\/\/www.telavita.com.br\/blog\/volta-as-aulas\/"},"author":{"name":"Telavita","@id":"https:\/\/www.telavita.com.br\/blog\/#\/schema\/person\/365e554815ae72366924ab1f2b06fdaa"},"headline":"A volta \u00e0s aulas: aprenda a lidar com esse momento","datePublished":"2018-01-09T17:44:48+00:00","dateModified":"2019-12-23T19:10:39+00:00","mainEntityOfPage":{"@id":"https:\/\/www.telavita.com.br\/blog\/volta-as-aulas\/"},"wordCount":1397,"commentCount":0,"publisher":{"@id":"https:\/\/www.telavita.com.br\/blog\/#organization"},"articleSection":["Inf\u00e2ncia e Adolesc\u00eancia"],"inLanguage":"pt-BR","potentialAction":[{"@type":"CommentAction","name":"Comment","target":["https:\/\/www.telavita.com.br\/blog\/volta-as-aulas\/#respond"]}]},{"@type":"WebPage","@id":"https:\/\/www.telavita.com.br\/blog\/volta-as-aulas\/","url":"https:\/\/www.telavita.com.br\/blog\/volta-as-aulas\/","name":"Volta \u00c0s Aulas - Confira Dicas Valiosas Para Esse Momento | TelaVita","isPartOf":{"@id":"https:\/\/www.telavita.com.br\/blog\/#website"},"datePublished":"2018-01-09T17:44:48+00:00","dateModified":"2019-12-23T19:10:39+00:00","description":"Alguns pais entram em crise na volta \u00e0s aulas, o motivo muitas vezes \u00e9 a preocupa\u00e7\u00e3o com a rea\u00e7\u00e3o dos filhos nesse momento t\u00e3o importante.","breadcrumb":{"@id":"https:\/\/www.telavita.com.br\/blog\/volta-as-aulas\/#breadcrumb"},"inLanguage":"pt-BR","potentialAction":[{"@type":"ReadAction","target":["https:\/\/www.telavita.com.br\/blog\/volta-as-aulas\/"]}]},{"@type":"BreadcrumbList","@id":"https:\/\/www.telavita.com.br\/blog\/volta-as-aulas\/#breadcrumb","itemListElement":[{"@type":"ListItem","position":1,"name":"In\u00edcio","item":"https:\/\/www.telavita.com.br\/blog\/"},{"@type":"ListItem","position":2,"name":"A volta \u00e0s aulas: aprenda a lidar com esse momento"}]},{"@type":"WebSite","@id":"https:\/\/www.telavita.com.br\/blog\/#website","url":"https:\/\/www.telavita.com.br\/blog\/","name":"Telavita","description":"Conte\u00fados especializados sobre sa\u00fade mental e bem-estar","publisher":{"@id":"https:\/\/www.telavita.com.br\/blog\/#organization"},"potentialAction":[{"@type":"SearchAction","target":{"@type":"EntryPoint","urlTemplate":"https:\/\/www.telavita.com.br\/blog\/?s={search_term_string}"},"query-input":"required name=search_term_string"}],"inLanguage":"pt-BR"},{"@type":"Organization","@id":"https:\/\/www.telavita.com.br\/blog\/#organization","name":"Telavita","url":"https:\/\/www.telavita.com.br\/blog\/","sameAs":["https:\/\/www.linkedin.com\/company\/telavita\/mycompany\/verification\/","https:\/\/www.instagram.com\/telavita\/","https:\/\/www.facebook.com\/Telavita"],"logo":{"@type":"ImageObject","inLanguage":"pt-BR","@id":"https:\/\/www.telavita.com.br\/blog\/#\/schema\/logo\/image\/","url":"https:\/\/www.telavita.com.br\/blog\/wp-content\/uploads\/2021\/05\/telavita.jpg","contentUrl":"https:\/\/www.telavita.com.br\/blog\/wp-content\/uploads\/2021\/05\/telavita.jpg","width":200,"height":200,"caption":"Telavita"},"image":{"@id":"https:\/\/www.telavita.com.br\/blog\/#\/schema\/logo\/image\/"}},{"@type":"Person","@id":"https:\/\/www.telavita.com.br\/blog\/#\/schema\/person\/365e554815ae72366924ab1f2b06fdaa","name":"Telavita","image":{"@type":"ImageObject","inLanguage":"pt-BR","@id":"https:\/\/www.telavita.com.br\/blog\/#\/schema\/person\/image\/","url":"https:\/\/secure.gravatar.com\/avatar\/ac2e61ce00e3238eb646b649fdcae5e4?s=96&d=mm&r=g","contentUrl":"https:\/\/secure.gravatar.com\/avatar\/ac2e61ce00e3238eb646b649fdcae5e4?s=96&d=mm&r=g","caption":"Telavita"},"url":"https:\/\/www.telavita.com.br\/blog\/author\/telavita\/"}]}},"modified_by":null,"_links":{"self":[{"href":"https:\/\/www.telavita.com.br\/blog\/wp-json\/wp\/v2\/posts\/1347"}],"collection":[{"href":"https:\/\/www.telavita.com.br\/blog\/wp-json\/wp\/v2\/posts"}],"about":[{"href":"https:\/\/www.telavita.com.br\/blog\/wp-json\/wp\/v2\/types\/post"}],"author":[{"embeddable":true,"href":"https:\/\/www.telavita.com.br\/blog\/wp-json\/wp\/v2\/users\/11"}],"replies":[{"embeddable":true,"href":"https:\/\/www.telavita.com.br\/blog\/wp-json\/wp\/v2\/comments?post=1347"}],"version-history":[{"count":10,"href":"https:\/\/www.telavita.com.br\/blog\/wp-json\/wp\/v2\/posts\/1347\/revisions"}],"predecessor-version":[{"id":6407,"href":"https:\/\/www.telavita.com.br\/blog\/wp-json\/wp\/v2\/posts\/1347\/revisions\/6407"}],"wp:featuredmedia":[{"embeddable":true,"href":"https:\/\/www.telavita.com.br\/blog\/wp-json\/wp\/v2\/media\/1349"}],"wp:attachment":[{"href":"https:\/\/www.telavita.com.br\/blog\/wp-json\/wp\/v2\/media?parent=1347"}],"wp:term":[{"taxonomy":"category","embeddable":true,"href":"https:\/\/www.telavita.com.br\/blog\/wp-json\/wp\/v2\/categories?post=1347"},{"taxonomy":"post_tag","embeddable":true,"href":"https:\/\/www.telavita.com.br\/blog\/wp-json\/wp\/v2\/tags?post=1347"}],"curies":[{"name":"wp","href":"https:\/\/api.w.org\/{rel}","templated":true}]}}