{"id":1374,"date":"2018-01-19T11:11:39","date_gmt":"2018-01-19T13:11:39","guid":{"rendered":"https:\/\/www.telavita.com.br\/blog\/?p=1374"},"modified":"2023-02-16T01:13:43","modified_gmt":"2023-02-16T03:13:43","slug":"ambicao-no-trabalho","status":"publish","type":"post","link":"https:\/\/www.telavita.com.br\/blog\/ambicao-no-trabalho\/","title":{"rendered":"Saiba em que momento a ambi\u00e7\u00e3o no trabalho se torna prejudicial"},"content":{"rendered":"<p><span style=\"font-weight: 400;\">Um tema muito pol\u00eamico \u00e9 a <\/span><b>ambi\u00e7\u00e3o no trabalho<\/b><span style=\"font-weight: 400;\">. Ela \u00e9 encarada como algo muito negativo, mas na verdade, na medida certa \u00e9 um dos principais ingredientes para a conquista de sucesso na \u00e1rea profissional.\u00a0<\/span><\/p>\n<p><span style=\"font-weight: 400;\">Por\u00e9m, como tudo na vida h\u00e1 limites, \u00e0 ambi\u00e7\u00e3o em excesso transforma totalmente o car\u00e1ter de uma pessoa. Sendo assim, o que era para ser ben\u00e9fico para a imagem torna-se a perfeita descri\u00e7\u00e3o <\/span><b>do que n\u00e3o se deve ser em um ambiente de trabalho.<\/b><\/p>\n<p><span style=\"font-weight: 400;\">A ambi\u00e7\u00e3o no emprego auxilia a cumprir metas, organizar-se e <\/span><a href=\"https:\/\/www.telavita.com.br\/blog\/pensar-fora-da-caixa\/\"><b>desenvolver a criatividade.<\/b><\/a> <span style=\"font-weight: 400;\">Logo, dentro dos limites saud\u00e1veis ela se torna uma ferramenta para aquisi\u00e7\u00e3o de sabedoria e uma <\/span><b>fonte inesgot\u00e1vel de boas ideias e dinamismo.<\/b><\/p>\n<h2><b>Quando a ambi\u00e7\u00e3o passa dos limites?<\/b><\/h2>\n<p><span style=\"font-weight: 400;\">Quando a ambi\u00e7\u00e3o passa a ser obsessiva e n\u00e3o \u00e9 mais somente um simples mecanismo de desenvolvimento, mas um sentimento compulsivo de conseguir algo e de crescer rapidamente,\u00a0 ela passa <\/span><b>a construir uma imagem negativa da pessoa no ambiente de trabalho.<\/b><\/p>\n<p><span style=\"font-weight: 400;\">Contudo, a ambi\u00e7\u00e3o no trabalho pode comprometer at\u00e9 mesmo o relacionamento com os colegas. Isto porque a pessoa em quest\u00e3o<\/span><b> n\u00e3o est\u00e1 preocupada com o desenvolvimento da equipe<\/b><span style=\"font-weight: 400;\">, mas busca somente prest\u00edgios para a pr\u00f3pria <\/span><a href=\"https:\/\/www.telavita.com.br\/blog\/psicologia-carreira\/\"><b>carreira profissional<\/b><span style=\"font-weight: 400;\">.<\/span><\/a><\/p>\n<h3><b>Quais s\u00e3o os primeiros sinais que mostram quando a ambi\u00e7\u00e3o passa dos limites?<\/b><\/h3>\n<p><span style=\"font-weight: 400;\">Para identificar a ambi\u00e7\u00e3o t\u00f3xica \u00e9 muito simples, segundo especialistas, dentre diversos sinais existem<\/span><b> tr\u00eas que s\u00e3o principais:<\/b><\/p>\n<ul>\n<li style=\"font-weight: 400;\" aria-level=\"1\"><span style=\"font-weight: 400;\">Arrog\u00e2ncia;<\/span><\/li>\n<li style=\"font-weight: 400;\" aria-level=\"1\"><span style=\"font-weight: 400;\">Individualismo;<\/span><\/li>\n<li style=\"font-weight: 400;\" aria-level=\"1\"><span style=\"font-weight: 400;\">Egocentrismo.<\/span><\/li>\n<\/ul>\n<p><span style=\"font-weight: 400;\">Quando a pessoa n\u00e3o consegue controlar a ambi\u00e7\u00e3o, al\u00e9m destas 3 atitudes, ainda <\/span><b>agir\u00e1 com falta de \u00e9tica em muitos casos<\/b><span style=\"font-weight: 400;\">, sendo capazes de prejudicar os outros para conseguirem o que querem.<\/span><\/p>\n<p><span style=\"font-weight: 400;\">Al\u00e9m disso, n\u00e3o acreditam que podem crescer e conseguir o que querem profissionalmente atrav\u00e9s do aperfei\u00e7oamento dos conhecimentos. Por isso, acabam <\/span><b>deixando os pr\u00f3prios valores de lado<\/b><span style=\"font-weight: 400;\">, e principalmente aqueles que s\u00e3o universalmente julgados eticamente corretos, como <\/span><a href=\"https:\/\/www.telavita.com.br\/blog\/trabalho-em-equipe\/\"><b>o trabalho em equipe<\/b><\/a><span style=\"font-weight: 400;\">, paci\u00eancia, honestidade, entre outros.<\/span><\/p>\n<h2><b>Como ser ambicioso do jeito certo?<\/b><\/h2>\n<p><span style=\"font-weight: 400;\">Ser ambicioso \u00e9 querer se tornar melhor naquilo que se faz. Portanto, para chegar nesse ponto t\u00e3o sonhado, a ambi\u00e7\u00e3o \u00e9 uma \u00f3tima aliada para melhorar a organiza\u00e7\u00e3o e a se incentivar. Para isso \u00e9 necess\u00e1rio:<\/span><\/p>\n<h3><b>Fazer um planejamento l\u00f3gico e espec\u00edfico<\/b><\/h3>\n<p><span style=\"font-weight: 400;\">N\u00e3o coloque suas metas muito acima do poss\u00edvel, <\/span><a href=\"https:\/\/www.telavita.com.br\/blog\/dicas-para-terminar-objetivos\/\"><b>trace planos em escalas alcan\u00e7\u00e1veis<\/b><\/a><span style=\"font-weight: 400;\">, assim voc\u00ea ir\u00e1 atingi-los por merecimento e se sentir\u00e1 uma pessoa de sucesso em cada etapa alcan\u00e7ada.\u00a0<\/span><\/p>\n<p><span style=\"font-weight: 400;\">Lembre-se sempre de realizar tudo de forma l\u00f3gica, realista, que possa ser mensurada. Isso n\u00e3o quer dizer que voc\u00ea n\u00e3o poder\u00e1 atingir grandes sonhos, mas sim que, quando chegar l\u00e1,<\/span><b> a base estar\u00e1 s\u00f3lida pois foi bem planejada;<\/b><\/p>\n<h3><b>N\u00e3o ter medo de fracassar<\/b><\/h3>\n<p><span style=\"font-weight: 400;\">Errar \u00e9 uma forma de encontrar os pontos fracos dos projetos. N\u00e3o h\u00e1 uma pessoa bem-sucedida que n\u00e3o tenha cometido algum erro em sua hist\u00f3ria de carreira. Logo, isso nunca deve ser motivo de <\/span><a href=\"https:\/\/www.telavita.com.br\/blog\/desmotivado-no-trabalho\/\"><b>desmotiva\u00e7\u00e3o<\/b><\/a><span style=\"font-weight: 400;\">, mas sim <\/span><b>uma forma de agregar conhecimento<\/b><\/p>\n<h3><b>Pense positivo<\/b><\/h3>\n<p><span style=\"font-weight: 400;\">A sua mente \u00e9 sua principal aliada e inimiga, se voc\u00ea souber nutri-la e se concentrar em pontos proveitosos desse caminho, voc\u00ea estar\u00e1 sempre respirando fundo e continuando <\/span><b>mesmo diante dos obst\u00e1culos que surgir\u00e3o<\/b><span style=\"font-weight: 400;\">, porque voc\u00ea se conhece e saber\u00e1 que \u00e9 capaz.\u00a0<\/span><\/p>\n<h2><b>Quando devo procurar ajuda profissional?<\/b><\/h2>\n<p><span style=\"font-weight: 400;\">Tudo na vida tem uma<\/span><b> medida certa para ser algo positivo<\/b><span style=\"font-weight: 400;\"> e, com\u00a0 a ambi\u00e7\u00e3o no trabalho n\u00e3o \u00e9 diferente. N\u00e3o h\u00e1 nada de errado em ser ambicioso e se esfor\u00e7ar para ser reconhecido e se destacar na empresa, por\u00e9m \u00e9 <\/span><b>preciso enxergar os limites <\/b><span style=\"font-weight: 400;\">e saber quando voc\u00ea falta com \u00e9tica com aqueles que est\u00e3o trabalhando juntamente com voc\u00ea.<\/span><\/p>\n<p><span style=\"font-weight: 400;\">Como visto, h\u00e1 uma linha t\u00eanue entre ser um ambicioso positivo e um ambicioso negativo. Logo, quando deixamos a gan\u00e2ncia tomar conta de nosso ser, podemos <\/span><b>acabar enfrentando situa\u00e7\u00f5es conflitantes, que necessitam de aten\u00e7\u00e3o.\u00a0<\/b><\/p>\n<p><span style=\"font-weight: 400;\">Nesses casos, <\/span><a href=\"https:\/\/www.telavita.com.br\/blog\/diferenca-conversar-psicologo-e-amigo\/\"><b>conversar com um psic\u00f3logo<\/b><\/a><span style=\"font-weight: 400;\"> pode ajudar a manejar o seu comportamento para que ele seja o mais ben\u00e9fico poss\u00edvel para voc\u00ea se sentir bem, sem interferir na caminhada do outro.<\/span><b> \u00c9 uma jornada de autoconhecimento que vale a pena investir.<\/b><\/p>\n<span class='mb-center maxbutton-3-center'><span class='maxbutton-3-container mb-container'><a class=\"maxbutton-3 maxbutton maxbutton-manda-para-pagina-psicologos\" href=\"https:\/\/app.telavita.com.br\/psicologia-online\/encontre-seu-psicologo\"><span class='mb-text'>Agende agora uma consulta com psic\u00f3logo<\/span><\/a><\/span><\/span>\n","protected":false},"excerpt":{"rendered":"<p>Um tema muito pol\u00eamico \u00e9 a ambi\u00e7\u00e3o no trabalho. Ela \u00e9 encarada como algo muito negativo, mas na verdade, na medida certa \u00e9 um dos principais ingredientes para a conquista de sucesso na \u00e1rea profissional.\u00a0 Por\u00e9m, como tudo na vida h\u00e1 limites, \u00e0 ambi\u00e7\u00e3o em excesso transforma totalmente o car\u00e1ter de uma pessoa. Sendo assim, [&hellip;]<\/p>\n","protected":false},"author":11,"featured_media":1382,"comment_status":"open","ping_status":"open","sticky":false,"template":"","format":"standard","meta":{"_lmt_disableupdate":"","_lmt_disable":"","footnotes":""},"categories":[19],"tags":[],"yoast_head":"<!-- This site is optimized with the Yoast SEO plugin v19.8 - https:\/\/yoast.com\/wordpress\/plugins\/seo\/ -->\n<title>Quando a ambi\u00e7\u00e3o no trabalho se torna ruim? | Telavita<\/title>\n<meta name=\"description\" content=\"Saiba qual \u00e9 o limite da ambi\u00e7\u00e3o no trabalho e entenda quais s\u00e3o as principais caracter\u00edsticas do profissional que passa dos limites.\" \/>\n<meta name=\"robots\" content=\"index, follow, max-snippet:-1, max-image-preview:large, max-video-preview:-1\" \/>\n<link rel=\"canonical\" href=\"https:\/\/www.telavita.com.br\/blog\/ambicao-no-trabalho\/\" \/>\n<meta property=\"og:locale\" content=\"pt_BR\" \/>\n<meta property=\"og:type\" content=\"article\" \/>\n<meta property=\"og:title\" content=\"Quando a ambi\u00e7\u00e3o no trabalho se torna ruim? | Telavita\" \/>\n<meta property=\"og:description\" content=\"Saiba qual \u00e9 o limite da ambi\u00e7\u00e3o no trabalho e entenda quais s\u00e3o as principais caracter\u00edsticas do profissional que passa dos limites.\" \/>\n<meta property=\"og:url\" content=\"https:\/\/www.telavita.com.br\/blog\/ambicao-no-trabalho\/\" \/>\n<meta property=\"og:site_name\" content=\"Telavita\" \/>\n<meta property=\"article:publisher\" content=\"https:\/\/www.facebook.com\/Telavita\" \/>\n<meta property=\"article:published_time\" content=\"2018-01-19T13:11:39+00:00\" \/>\n<meta property=\"article:modified_time\" content=\"2023-02-16T03:13:43+00:00\" \/>\n<meta property=\"og:image\" content=\"https:\/\/www.telavita.com.br\/blog\/wp-content\/uploads\/2018\/01\/ambicao.jpg\" \/>\n\t<meta property=\"og:image:width\" content=\"900\" \/>\n\t<meta property=\"og:image:height\" content=\"560\" \/>\n\t<meta property=\"og:image:type\" content=\"image\/jpeg\" \/>\n<meta name=\"author\" content=\"Telavita\" \/>\n<meta name=\"twitter:card\" content=\"summary_large_image\" \/>\n<meta name=\"twitter:label1\" content=\"Escrito por\" \/>\n\t<meta name=\"twitter:data1\" content=\"Telavita\" \/>\n\t<meta name=\"twitter:label2\" content=\"Est. tempo de leitura\" \/>\n\t<meta name=\"twitter:data2\" content=\"4 minutos\" \/>\n<!-- \/ Yoast SEO plugin. -->","yoast_head_json":{"title":"Quando a ambi\u00e7\u00e3o no trabalho se torna ruim? | Telavita","description":"Saiba qual \u00e9 o limite da ambi\u00e7\u00e3o no trabalho e entenda quais s\u00e3o as principais caracter\u00edsticas do profissional que passa dos limites.","robots":{"index":"index","follow":"follow","max-snippet":"max-snippet:-1","max-image-preview":"max-image-preview:large","max-video-preview":"max-video-preview:-1"},"canonical":"https:\/\/www.telavita.com.br\/blog\/ambicao-no-trabalho\/","og_locale":"pt_BR","og_type":"article","og_title":"Quando a ambi\u00e7\u00e3o no trabalho se torna ruim? | Telavita","og_description":"Saiba qual \u00e9 o limite da ambi\u00e7\u00e3o no trabalho e entenda quais s\u00e3o as principais caracter\u00edsticas do profissional que passa dos limites.","og_url":"https:\/\/www.telavita.com.br\/blog\/ambicao-no-trabalho\/","og_site_name":"Telavita","article_publisher":"https:\/\/www.facebook.com\/Telavita","article_published_time":"2018-01-19T13:11:39+00:00","article_modified_time":"2023-02-16T03:13:43+00:00","og_image":[{"width":900,"height":560,"url":"https:\/\/www.telavita.com.br\/blog\/wp-content\/uploads\/2018\/01\/ambicao.jpg","type":"image\/jpeg"}],"author":"Telavita","twitter_card":"summary_large_image","twitter_misc":{"Escrito por":"Telavita","Est. tempo de leitura":"4 minutos"},"schema":{"@context":"https:\/\/schema.org","@graph":[{"@type":"Article","@id":"https:\/\/www.telavita.com.br\/blog\/ambicao-no-trabalho\/#article","isPartOf":{"@id":"https:\/\/www.telavita.com.br\/blog\/ambicao-no-trabalho\/"},"author":{"name":"Telavita","@id":"https:\/\/www.telavita.com.br\/blog\/#\/schema\/person\/365e554815ae72366924ab1f2b06fdaa"},"headline":"Saiba em que momento a ambi\u00e7\u00e3o no trabalho se torna prejudicial","datePublished":"2018-01-19T13:11:39+00:00","dateModified":"2023-02-16T03:13:43+00:00","mainEntityOfPage":{"@id":"https:\/\/www.telavita.com.br\/blog\/ambicao-no-trabalho\/"},"wordCount":728,"commentCount":0,"publisher":{"@id":"https:\/\/www.telavita.com.br\/blog\/#organization"},"articleSection":["Trabalho"],"inLanguage":"pt-BR","potentialAction":[{"@type":"CommentAction","name":"Comment","target":["https:\/\/www.telavita.com.br\/blog\/ambicao-no-trabalho\/#respond"]}]},{"@type":"WebPage","@id":"https:\/\/www.telavita.com.br\/blog\/ambicao-no-trabalho\/","url":"https:\/\/www.telavita.com.br\/blog\/ambicao-no-trabalho\/","name":"Quando a ambi\u00e7\u00e3o no trabalho se torna ruim? | Telavita","isPartOf":{"@id":"https:\/\/www.telavita.com.br\/blog\/#website"},"datePublished":"2018-01-19T13:11:39+00:00","dateModified":"2023-02-16T03:13:43+00:00","description":"Saiba qual \u00e9 o limite da ambi\u00e7\u00e3o no trabalho e entenda quais s\u00e3o as principais caracter\u00edsticas do profissional que passa dos limites.","breadcrumb":{"@id":"https:\/\/www.telavita.com.br\/blog\/ambicao-no-trabalho\/#breadcrumb"},"inLanguage":"pt-BR","potentialAction":[{"@type":"ReadAction","target":["https:\/\/www.telavita.com.br\/blog\/ambicao-no-trabalho\/"]}]},{"@type":"BreadcrumbList","@id":"https:\/\/www.telavita.com.br\/blog\/ambicao-no-trabalho\/#breadcrumb","itemListElement":[{"@type":"ListItem","position":1,"name":"In\u00edcio","item":"https:\/\/www.telavita.com.br\/blog\/"},{"@type":"ListItem","position":2,"name":"Saiba em que momento a ambi\u00e7\u00e3o no trabalho se torna prejudicial"}]},{"@type":"WebSite","@id":"https:\/\/www.telavita.com.br\/blog\/#website","url":"https:\/\/www.telavita.com.br\/blog\/","name":"Telavita","description":"Conte\u00fados especializados sobre sa\u00fade mental e bem-estar","publisher":{"@id":"https:\/\/www.telavita.com.br\/blog\/#organization"},"potentialAction":[{"@type":"SearchAction","target":{"@type":"EntryPoint","urlTemplate":"https:\/\/www.telavita.com.br\/blog\/?s={search_term_string}"},"query-input":"required name=search_term_string"}],"inLanguage":"pt-BR"},{"@type":"Organization","@id":"https:\/\/www.telavita.com.br\/blog\/#organization","name":"Telavita","url":"https:\/\/www.telavita.com.br\/blog\/","sameAs":["https:\/\/www.linkedin.com\/company\/telavita\/mycompany\/verification\/","https:\/\/www.instagram.com\/telavita\/","https:\/\/www.facebook.com\/Telavita"],"logo":{"@type":"ImageObject","inLanguage":"pt-BR","@id":"https:\/\/www.telavita.com.br\/blog\/#\/schema\/logo\/image\/","url":"https:\/\/www.telavita.com.br\/blog\/wp-content\/uploads\/2021\/05\/telavita.jpg","contentUrl":"https:\/\/www.telavita.com.br\/blog\/wp-content\/uploads\/2021\/05\/telavita.jpg","width":200,"height":200,"caption":"Telavita"},"image":{"@id":"https:\/\/www.telavita.com.br\/blog\/#\/schema\/logo\/image\/"}},{"@type":"Person","@id":"https:\/\/www.telavita.com.br\/blog\/#\/schema\/person\/365e554815ae72366924ab1f2b06fdaa","name":"Telavita","image":{"@type":"ImageObject","inLanguage":"pt-BR","@id":"https:\/\/www.telavita.com.br\/blog\/#\/schema\/person\/image\/","url":"https:\/\/secure.gravatar.com\/avatar\/ac2e61ce00e3238eb646b649fdcae5e4?s=96&d=mm&r=g","contentUrl":"https:\/\/secure.gravatar.com\/avatar\/ac2e61ce00e3238eb646b649fdcae5e4?s=96&d=mm&r=g","caption":"Telavita"},"url":"https:\/\/www.telavita.com.br\/blog\/author\/telavita\/"}]}},"modified_by":null,"_links":{"self":[{"href":"https:\/\/www.telavita.com.br\/blog\/wp-json\/wp\/v2\/posts\/1374"}],"collection":[{"href":"https:\/\/www.telavita.com.br\/blog\/wp-json\/wp\/v2\/posts"}],"about":[{"href":"https:\/\/www.telavita.com.br\/blog\/wp-json\/wp\/v2\/types\/post"}],"author":[{"embeddable":true,"href":"https:\/\/www.telavita.com.br\/blog\/wp-json\/wp\/v2\/users\/11"}],"replies":[{"embeddable":true,"href":"https:\/\/www.telavita.com.br\/blog\/wp-json\/wp\/v2\/comments?post=1374"}],"version-history":[{"count":11,"href":"https:\/\/www.telavita.com.br\/blog\/wp-json\/wp\/v2\/posts\/1374\/revisions"}],"predecessor-version":[{"id":8580,"href":"https:\/\/www.telavita.com.br\/blog\/wp-json\/wp\/v2\/posts\/1374\/revisions\/8580"}],"wp:featuredmedia":[{"embeddable":true,"href":"https:\/\/www.telavita.com.br\/blog\/wp-json\/wp\/v2\/media\/1382"}],"wp:attachment":[{"href":"https:\/\/www.telavita.com.br\/blog\/wp-json\/wp\/v2\/media?parent=1374"}],"wp:term":[{"taxonomy":"category","embeddable":true,"href":"https:\/\/www.telavita.com.br\/blog\/wp-json\/wp\/v2\/categories?post=1374"},{"taxonomy":"post_tag","embeddable":true,"href":"https:\/\/www.telavita.com.br\/blog\/wp-json\/wp\/v2\/tags?post=1374"}],"curies":[{"name":"wp","href":"https:\/\/api.w.org\/{rel}","templated":true}]}}