{"id":1412,"date":"2018-02-01T10:40:35","date_gmt":"2018-02-01T12:40:35","guid":{"rendered":"https:\/\/www.telavita.com.br\/blog\/?p=1412"},"modified":"2024-04-23T13:52:58","modified_gmt":"2024-04-23T16:52:58","slug":"aids","status":"publish","type":"post","link":"https:\/\/www.telavita.com.br\/blog\/aids\/","title":{"rendered":"A import\u00e2ncia do acompanhamento psicol\u00f3gico para as pessoas com AIDS ou HIV"},"content":{"rendered":"<p>Para compreender a import\u00e2ncia de se falar sobre esse tema, \u00e9 preciso\u00a0entender de in\u00edcio uma ressalva: ter <strong>AIDS<\/strong>\u00a0n\u00e3o significa em nenhum momento ter rela\u00e7\u00e3o com a libertinagem.<\/p>\n<p>Esse tabu cultural de que pessoas que se comportam de maneira\u00a0libertina e que n\u00e3o mant\u00eam um relacionamento est\u00e1vel s\u00e3o as \u00fanicas que est\u00e3o sujeitas a virarem <strong>soropositivo<\/strong>, desencadeia a fraqueza que abre portas para essa doen\u00e7a. Onde sujeitos em uma uni\u00e3o longa e est\u00e1vel deixam de se prevenir por confiar totalmente em seu parceiro(a) e ainda por cima destroem a integridade e complicam o processo de aceita\u00e7\u00e3o psicol\u00f3gica daqueles que t\u00eam\u00a0AIDS ou HIV e precisam se tratar.<\/p>\n<p>Nesse momento \u00e9 necess\u00e1rio deixar um pouco de lado a tradi\u00e7\u00e3o e entender que pessoas portadoras do HIV n\u00e3o est\u00e3o nessas condi\u00e7\u00f5es por falta de car\u00e1ter ou m\u00e1 conduta, elas s\u00e3o v\u00edtimas em diversos pontos da vida, inclusive da ignor\u00e2ncia de uma sociedade.<\/p>\n<h2>O que \u00e9 a AIDS e o HIV?<\/h2>\n<p>H\u00e1 diferen\u00e7a entre ter HIV e ter AIDS. Uma pessoa pode ser portadora do v\u00edrus HIV mas n\u00e3o desenvolver a doen\u00e7a (Aids).<\/p>\n<p><strong>HIV<\/strong> =\u00a0v\u00edrus da imunodefici\u00eancia humana<\/p>\n<p><strong>AIDS<\/strong>\u00a0=\u00a0s\u00edndrome da imunodefici\u00eancia adquirida<\/p>\n<p>A infec\u00e7\u00e3o do HIV n\u00e3o tem cura, ent\u00e3o mesmo que a pessoa seja somente portadora e n\u00e3o desenvolva AIDS, ela viver\u00e1 para sempre com o v\u00edrus no corpo, ou seja ela poder\u00e1 transmitir a doen\u00e7a para todos aqueles com quem tiver rela\u00e7\u00e3o sexual sem prote\u00e7\u00e3o ou contato de alguma maneira com seu sangue, s\u00eamen e flu\u00eddos vaginais.<\/p>\n<p>Com a contamina\u00e7\u00e3o, o corpo do indiv\u00edduo passa a ter baixa imunidade pois o v\u00edrus ataca as c\u00e9lulas, principalmente a CD4, se instala nelas e se multiplicam juntamente com essas c\u00e9lulas.<\/p>\n<p>Os rem\u00e9dios para o tratamento, mais conhecidos como coquet\u00e9is s\u00e3o respons\u00e1veis por inibir o avan\u00e7o da prolifera\u00e7\u00e3o do v\u00edrus, causando tamb\u00e9m o seu enfraquecimento.<\/p>\n<h2>A import\u00e2ncia da orienta\u00e7\u00e3o psicol\u00f3gica<\/h2>\n<p>Ao descobrir que se \u00e9 soropositivo (que possui o v\u00edrus do HIV no corpo), a pessoa precisar\u00e1 mudar seu estilo de vida e n\u00e3o seus planos ou sonhos.<\/p>\n<p>Para encarar essa nova fase a orienta\u00e7\u00e3o psicol\u00f3gica \u00e9 de extrema import\u00e2ncia pois o indiv\u00edduo n\u00e3o ter\u00e1 que lidar somente com a doen\u00e7a, mas tamb\u00e9m com o preconceito social e principalmente com o seu pr\u00f3prio preconceito a respeito do assunto.<\/p>\n<p>Ser\u00e1 uma nova fase onde ele precisar\u00e1 compreender a maneira de lidar com a fam\u00edlia e com os relacionamentos no geral, muitos se encontram na ang\u00fastia ao pensarem em um novo relacionamento amoroso. Mas o conhecimento de que \u00e9 poss\u00edvel uma uni\u00e3o entre pessoas que s\u00e3o soropositivo e soronegativo (e isso \u00e9 muito comum), de forma segura e com as instru\u00e7\u00f5es necess\u00e1rias a serem seguidas os far\u00e3o entender que essa \u00e9 sim uma situa\u00e7\u00e3o cab\u00edvel para todos.<\/p>\n<h2>A depress\u00e3o \u00e9 a principal fraqueza nesse tratamento<\/h2>\n<p>Uma pesquisa feita entre pessoas de soropositivo no\u00a0Instituto de Infectologia Em\u00edlio Ribas, apontou que 53% dos tratamentos realizados com os pacientes falham por causa da depress\u00e3o. A segunda maior porcentagem est\u00e1 na explica\u00e7\u00e3o do medo de perder o emprego para comparecer nas sess\u00f5es e falta de tempo, com 38%.<\/p>\n<p>Essas duas grandes causas podem ser amenizadas nos dias de hoje com o tratamento psicol\u00f3gico a dist\u00e2ncia, realizados por meio das consultas online, onde o tempo gasto com o deslocamento e demais situa\u00e7\u00f5es que geram o constrangimento podem ser evitados.<\/p>\n<p>Esse acompanhamento \u00e9 primordial para a aceita\u00e7\u00e3o dos pacientes, e para evitar o desencadeamento dos problemas psicol\u00f3gicos que surgem no decorrer da vida das pessoas de soropositivo.<\/p>\n<h3>O que pode levar\u00a0o soropositivo \u00e0 depress\u00e3o<\/h3>\n<ul>\n<li>A\u00e7\u00e3o do v\u00edrus no c\u00e9rebro;<\/li>\n<li>isolamento social;<\/li>\n<li>as medica\u00e7\u00f5es;<\/li>\n<li>quadro de depress\u00e3o na fam\u00edlia;<\/li>\n<li>estresse cr\u00f4nico.<\/li>\n<\/ul>\n<p>Uma pessoa soropositivo n\u00e3o est\u00e1 a merc\u00ea da doen\u00e7a, ela pode\u00a0amenizar o efeito do v\u00edrus em seu corpo, basta manter as condi\u00e7\u00f5es estabelecidas pelo m\u00e9dico e ser acompanhada por um profissional de psicologia para que sua sa\u00fade f\u00edsica e mental seja preservada.<\/p>\n","protected":false},"excerpt":{"rendered":"<p>Para compreender a import\u00e2ncia de se falar sobre esse tema, \u00e9 preciso\u00a0entender de in\u00edcio uma ressalva: ter AIDS\u00a0n\u00e3o significa em nenhum momento ter rela\u00e7\u00e3o com a libertinagem. Esse tabu cultural de que pessoas que se comportam de maneira\u00a0libertina e que n\u00e3o mant\u00eam um relacionamento est\u00e1vel s\u00e3o as \u00fanicas que est\u00e3o sujeitas a virarem soropositivo, desencadeia [&hellip;]<\/p>\n","protected":false},"author":11,"featured_media":1417,"comment_status":"open","ping_status":"open","sticky":false,"template":"","format":"standard","meta":{"_lmt_disableupdate":"","_lmt_disable":"","footnotes":""},"categories":[272],"tags":[],"yoast_head":"<!-- This site is optimized with the Yoast SEO plugin v19.8 - https:\/\/yoast.com\/wordpress\/plugins\/seo\/ -->\n<title>AIDS E HIV - A Import\u00e2ncia Do Acompanhamento Psicol\u00f3gico | TelaVita<\/title>\n<meta name=\"description\" content=\"Voc\u00ea conhece a import\u00e2ncia do acompanhamento psicol\u00f3gico para as pessoas com AIDS? Saiba mais sobre esse assunto neste artigo!\" \/>\n<meta name=\"robots\" content=\"index, follow, max-snippet:-1, max-image-preview:large, max-video-preview:-1\" \/>\n<link rel=\"canonical\" href=\"https:\/\/www.telavita.com.br\/blog\/aids\/\" \/>\n<meta property=\"og:locale\" content=\"pt_BR\" \/>\n<meta property=\"og:type\" content=\"article\" \/>\n<meta property=\"og:title\" content=\"AIDS E HIV - A Import\u00e2ncia Do Acompanhamento Psicol\u00f3gico | TelaVita\" \/>\n<meta property=\"og:description\" content=\"Voc\u00ea conhece a import\u00e2ncia do acompanhamento psicol\u00f3gico para as pessoas com AIDS? Saiba mais sobre esse assunto neste artigo!\" \/>\n<meta property=\"og:url\" content=\"https:\/\/www.telavita.com.br\/blog\/aids\/\" \/>\n<meta property=\"og:site_name\" content=\"Telavita\" \/>\n<meta property=\"article:publisher\" content=\"https:\/\/www.facebook.com\/Telavita\" \/>\n<meta property=\"article:published_time\" content=\"2018-02-01T12:40:35+00:00\" \/>\n<meta property=\"article:modified_time\" content=\"2024-04-23T16:52:58+00:00\" \/>\n<meta property=\"og:image\" content=\"https:\/\/www.telavita.com.br\/blog\/wp-content\/uploads\/2018\/02\/hiv.jpg\" \/>\n\t<meta property=\"og:image:width\" content=\"900\" \/>\n\t<meta property=\"og:image:height\" content=\"560\" \/>\n\t<meta property=\"og:image:type\" content=\"image\/jpeg\" \/>\n<meta name=\"author\" content=\"Telavita\" \/>\n<meta name=\"twitter:card\" content=\"summary_large_image\" \/>\n<meta name=\"twitter:label1\" content=\"Escrito por\" \/>\n\t<meta name=\"twitter:data1\" content=\"Telavita\" \/>\n\t<meta name=\"twitter:label2\" content=\"Est. tempo de leitura\" \/>\n\t<meta name=\"twitter:data2\" content=\"4 minutos\" \/>\n<!-- \/ Yoast SEO plugin. -->","yoast_head_json":{"title":"AIDS E HIV - A Import\u00e2ncia Do Acompanhamento Psicol\u00f3gico | TelaVita","description":"Voc\u00ea conhece a import\u00e2ncia do acompanhamento psicol\u00f3gico para as pessoas com AIDS? Saiba mais sobre esse assunto neste artigo!","robots":{"index":"index","follow":"follow","max-snippet":"max-snippet:-1","max-image-preview":"max-image-preview:large","max-video-preview":"max-video-preview:-1"},"canonical":"https:\/\/www.telavita.com.br\/blog\/aids\/","og_locale":"pt_BR","og_type":"article","og_title":"AIDS E HIV - A Import\u00e2ncia Do Acompanhamento Psicol\u00f3gico | TelaVita","og_description":"Voc\u00ea conhece a import\u00e2ncia do acompanhamento psicol\u00f3gico para as pessoas com AIDS? Saiba mais sobre esse assunto neste artigo!","og_url":"https:\/\/www.telavita.com.br\/blog\/aids\/","og_site_name":"Telavita","article_publisher":"https:\/\/www.facebook.com\/Telavita","article_published_time":"2018-02-01T12:40:35+00:00","article_modified_time":"2024-04-23T16:52:58+00:00","og_image":[{"width":900,"height":560,"url":"https:\/\/www.telavita.com.br\/blog\/wp-content\/uploads\/2018\/02\/hiv.jpg","type":"image\/jpeg"}],"author":"Telavita","twitter_card":"summary_large_image","twitter_misc":{"Escrito por":"Telavita","Est. tempo de leitura":"4 minutos"},"schema":{"@context":"https:\/\/schema.org","@graph":[{"@type":"Article","@id":"https:\/\/www.telavita.com.br\/blog\/aids\/#article","isPartOf":{"@id":"https:\/\/www.telavita.com.br\/blog\/aids\/"},"author":{"name":"Telavita","@id":"https:\/\/www.telavita.com.br\/blog\/#\/schema\/person\/365e554815ae72366924ab1f2b06fdaa"},"headline":"A import\u00e2ncia do acompanhamento psicol\u00f3gico para as pessoas com AIDS ou HIV","datePublished":"2018-02-01T12:40:35+00:00","dateModified":"2024-04-23T16:52:58+00:00","mainEntityOfPage":{"@id":"https:\/\/www.telavita.com.br\/blog\/aids\/"},"wordCount":750,"commentCount":0,"publisher":{"@id":"https:\/\/www.telavita.com.br\/blog\/#organization"},"articleSection":["Doen\u00e7as"],"inLanguage":"pt-BR","potentialAction":[{"@type":"CommentAction","name":"Comment","target":["https:\/\/www.telavita.com.br\/blog\/aids\/#respond"]}]},{"@type":"WebPage","@id":"https:\/\/www.telavita.com.br\/blog\/aids\/","url":"https:\/\/www.telavita.com.br\/blog\/aids\/","name":"AIDS E HIV - A Import\u00e2ncia Do Acompanhamento Psicol\u00f3gico | TelaVita","isPartOf":{"@id":"https:\/\/www.telavita.com.br\/blog\/#website"},"datePublished":"2018-02-01T12:40:35+00:00","dateModified":"2024-04-23T16:52:58+00:00","description":"Voc\u00ea conhece a import\u00e2ncia do acompanhamento psicol\u00f3gico para as pessoas com AIDS? Saiba mais sobre esse assunto neste artigo!","breadcrumb":{"@id":"https:\/\/www.telavita.com.br\/blog\/aids\/#breadcrumb"},"inLanguage":"pt-BR","potentialAction":[{"@type":"ReadAction","target":["https:\/\/www.telavita.com.br\/blog\/aids\/"]}]},{"@type":"BreadcrumbList","@id":"https:\/\/www.telavita.com.br\/blog\/aids\/#breadcrumb","itemListElement":[{"@type":"ListItem","position":1,"name":"In\u00edcio","item":"https:\/\/www.telavita.com.br\/blog\/"},{"@type":"ListItem","position":2,"name":"A import\u00e2ncia do acompanhamento psicol\u00f3gico para as pessoas com AIDS ou HIV"}]},{"@type":"WebSite","@id":"https:\/\/www.telavita.com.br\/blog\/#website","url":"https:\/\/www.telavita.com.br\/blog\/","name":"Telavita","description":"Conte\u00fados especializados sobre sa\u00fade mental e bem-estar","publisher":{"@id":"https:\/\/www.telavita.com.br\/blog\/#organization"},"potentialAction":[{"@type":"SearchAction","target":{"@type":"EntryPoint","urlTemplate":"https:\/\/www.telavita.com.br\/blog\/?s={search_term_string}"},"query-input":"required name=search_term_string"}],"inLanguage":"pt-BR"},{"@type":"Organization","@id":"https:\/\/www.telavita.com.br\/blog\/#organization","name":"Telavita","url":"https:\/\/www.telavita.com.br\/blog\/","sameAs":["https:\/\/www.linkedin.com\/company\/telavita\/mycompany\/verification\/","https:\/\/www.instagram.com\/telavita\/","https:\/\/www.facebook.com\/Telavita"],"logo":{"@type":"ImageObject","inLanguage":"pt-BR","@id":"https:\/\/www.telavita.com.br\/blog\/#\/schema\/logo\/image\/","url":"https:\/\/www.telavita.com.br\/blog\/wp-content\/uploads\/2021\/05\/telavita.jpg","contentUrl":"https:\/\/www.telavita.com.br\/blog\/wp-content\/uploads\/2021\/05\/telavita.jpg","width":200,"height":200,"caption":"Telavita"},"image":{"@id":"https:\/\/www.telavita.com.br\/blog\/#\/schema\/logo\/image\/"}},{"@type":"Person","@id":"https:\/\/www.telavita.com.br\/blog\/#\/schema\/person\/365e554815ae72366924ab1f2b06fdaa","name":"Telavita","image":{"@type":"ImageObject","inLanguage":"pt-BR","@id":"https:\/\/www.telavita.com.br\/blog\/#\/schema\/person\/image\/","url":"https:\/\/secure.gravatar.com\/avatar\/ac2e61ce00e3238eb646b649fdcae5e4?s=96&d=mm&r=g","contentUrl":"https:\/\/secure.gravatar.com\/avatar\/ac2e61ce00e3238eb646b649fdcae5e4?s=96&d=mm&r=g","caption":"Telavita"},"url":"https:\/\/www.telavita.com.br\/blog\/author\/telavita\/"}]}},"modified_by":null,"_links":{"self":[{"href":"https:\/\/www.telavita.com.br\/blog\/wp-json\/wp\/v2\/posts\/1412"}],"collection":[{"href":"https:\/\/www.telavita.com.br\/blog\/wp-json\/wp\/v2\/posts"}],"about":[{"href":"https:\/\/www.telavita.com.br\/blog\/wp-json\/wp\/v2\/types\/post"}],"author":[{"embeddable":true,"href":"https:\/\/www.telavita.com.br\/blog\/wp-json\/wp\/v2\/users\/11"}],"replies":[{"embeddable":true,"href":"https:\/\/www.telavita.com.br\/blog\/wp-json\/wp\/v2\/comments?post=1412"}],"version-history":[{"count":12,"href":"https:\/\/www.telavita.com.br\/blog\/wp-json\/wp\/v2\/posts\/1412\/revisions"}],"predecessor-version":[{"id":9392,"href":"https:\/\/www.telavita.com.br\/blog\/wp-json\/wp\/v2\/posts\/1412\/revisions\/9392"}],"wp:featuredmedia":[{"embeddable":true,"href":"https:\/\/www.telavita.com.br\/blog\/wp-json\/wp\/v2\/media\/1417"}],"wp:attachment":[{"href":"https:\/\/www.telavita.com.br\/blog\/wp-json\/wp\/v2\/media?parent=1412"}],"wp:term":[{"taxonomy":"category","embeddable":true,"href":"https:\/\/www.telavita.com.br\/blog\/wp-json\/wp\/v2\/categories?post=1412"},{"taxonomy":"post_tag","embeddable":true,"href":"https:\/\/www.telavita.com.br\/blog\/wp-json\/wp\/v2\/tags?post=1412"}],"curies":[{"name":"wp","href":"https:\/\/api.w.org\/{rel}","templated":true}]}}