{"id":1462,"date":"2018-02-21T07:00:53","date_gmt":"2018-02-21T10:00:53","guid":{"rendered":"https:\/\/www.telavita.com.br\/blog\/?p=1462"},"modified":"2019-07-25T08:25:28","modified_gmt":"2019-07-25T11:25:28","slug":"mudancas-positivas-do-desemprego","status":"publish","type":"post","link":"https:\/\/www.telavita.com.br\/blog\/mudancas-positivas-do-desemprego\/","title":{"rendered":"Descubra as mudan\u00e7as positivas causadas pelo desemprego"},"content":{"rendered":"<p>Segundo o Instituto Brasileiro de Geografia e Estat\u00edstica, o <strong>desemprego<\/strong> subiu para 13,7% em todo o Brasil,\u00a0apresentando um total de 14,2 milh\u00f5es de <strong>desempregados.\u00a0<\/strong>Com estes dados pode-se perceber que o <strong>mercado brasileiro<\/strong> apresenta ainda um per\u00edodo fr\u00e1gil, onde muitos s\u00e3o atingidos por essa onda preocupante da falta de trabalho.<\/p>\n<p>Voc\u00ea deve\u00a0se perguntar:\u00a0&#8220;como em meio a tantas dificuldades ou desafios se pode tirar algo positivo?&#8221;, de fato realmente \u00e9 dif\u00edcil, mas existe o lado bom desta hist\u00f3ria! Para esse tipo de situa\u00e7\u00e3o <a href=\"https:\/\/www.telavita.com.br\/blog\/marketing-pessoal\/\">pode\u00a0se tirar crescimento, sabedoria e autoconhecimento<\/a>.<\/p>\n<h2>O choque do desemprego<\/h2>\n<p>Inicialmente vale ressaltar que voc\u00ea n\u00e3o \u00e9 exclusivamente dependente eterno do seu <strong>emprego<\/strong>, mas sim uma pessoa que pode estar aberta para receber diversas possibilidades e que deve sempre almejar crescimento profissional. Logicamente todo mundo se apoia no<strong> trabalho<\/strong>, <a href=\"https:\/\/www.telavita.com.br\/blog\/oniomania\/\">principalmente quando a vida financeira est\u00e1 em jogo.<\/a>\u00a0A\u00a0necessidade de pensar em todas as d\u00edvidas e contas faz com que <a href=\"https:\/\/www.telavita.com.br\/blog\/como-ser-mais-feliz-no-trabalho\/\">o dinheiro seja a primeira op\u00e7\u00e3o e depois a felicidade e o bem-estar dentro de uma empresa<\/a>.<\/p>\n<p>\u00c9 dif\u00edcil superar o pensamento negativo quando uma pessoa encontra-se desempregada, principalmente quando o cen\u00e1rio econ\u00f4mico encontra-se em um momento t\u00e3o delicado. Nosso pa\u00eds passa por um ritmo de mudan\u00e7as muito grande, onde <a href=\"https:\/\/www.telavita.com.br\/blog\/beneficios-de-estudar\/\">a demanda de conhecimento<\/a>\u00a0\u00e9 totalmente desproporcional a remunera\u00e7\u00e3o oferecida, o que incendeia ainda mais o desespero quando se perde um emprego\u00a0em que se acreditava haver estabilidade, \u00e9 uma situa\u00e7\u00e3o que afetar\u00e1 n\u00e3o s\u00f3 o <strong>colaborador<\/strong>, mas todos que dependem dessa renda.<\/p>\n<p>Mas, \u00e9 importante concentrar-se para analisar ent\u00e3o os pontos fracos que o tornaram mais vulner\u00e1vel \u00e0 essa demiss\u00e3o, e utilizar desse tempo dispon\u00edvel para se fortalecer e poder assim enfrentar melhor a competi\u00e7\u00e3o do mercado de trabalho. Essa autoan\u00e1lise n\u00e3o trar\u00e1 somente mais confian\u00e7a em sua carreira, como tamb\u00e9m transmitir\u00e1 mais credibilidade sobre voc\u00ea e te far\u00e1 uma pessoa mais s\u00e1bia e confi\u00e1vel para a execu\u00e7\u00e3o do seu cargo.<\/p>\n<h2>O lado bom do desemprego<\/h2>\n<ul>\n<li>Quando\u00a0empregadas, as pessoas tornam-se exigentes e muitas vezes cobram demasiadamente da empresa, \u00e0s vezes ultrapassando os pr\u00f3prios limites. Isso \u00e9 fruto do falso sentimento de seguran\u00e7a ou estabilidade financeira. Quando o desemprego vem, serve como uma avalia\u00e7\u00e3o para\u00a0notar o que deveria\u00a0realmente ter feito\u00a0ou falado, servindo tamb\u00e9m como uma forma de analisar sua postura e conduta no meio empresarial;<\/li>\n<li>neste per\u00edodo \u00e9 poss\u00edvel tamb\u00e9m analisar a sua\u00a0real imagem, isto \u00e9,\u00a0realizar o seu\u00a0pr\u00f3prio feedback. E a partir disso comparar como\u00a0voc\u00ea se v\u00ea e como os outros\u00a0te avaliam;<\/li>\n<li>novas descobertas! Um caminho se fecha, mas muitos outros se abrem para empreender, viajar, se cuidar mais e at\u00e9 mesmo mudar de profiss\u00e3o;<\/li>\n<li>quando\u00a0encontra-se diante a um cargo,\u00a0as pessoas acham que o desemprego jamais vai alcan\u00e7\u00e1-las, por isso para muitos este tamb\u00e9m \u00e9 um momento de resgatar a pr\u00f3pria humildade;<\/li>\n<li>esse per\u00edodo induz ao encontro de amigos verdadeiros ou aqueles ex-colegas de trabalho,\u00a0com os quais se possui rela\u00e7\u00f5es saud\u00e1veis.<\/li>\n<li>diante a toda a inseguran\u00e7a\u00a0aprende-se\u00a0a planejar melhor o futuro, principalmente ao perceber que tudo \u00e9 incerto\u00a0e \u00e9 necess\u00e1rio se preparar;<\/li>\n<li>este momento serve como uma autoavalia\u00e7\u00e3o de\u00a0todas atitudes, para que possa manter aquelas que s\u00e3o positivas e aprender com as falhas;<\/li>\n<li>\u00e9 a hora de revisar\u00a0os valores, e ser mais cuidadoso com\u00a0a sa\u00fade mental e f\u00edsica, aprendendo a tamb\u00e9m escolher e n\u00e3o ser somente escolhido quando procurar por uma vaga;<\/li>\n<li>aprende a usar da\u00a0sabedoria para perceber que o trabalho \u00e9 uma via de duas m\u00e3os, isto \u00e9, \u00e0s vezes continuar naquele ambiente n\u00e3o \u00e9 algo saud\u00e1vel;<\/li>\n<li>reconhece\u00a0que o marketing pessoal \u00e9 a chave do sucesso;<\/li>\n<li>e por fim, percebe-se que o sal\u00e1rio \u00e9\u00a0importante, mas a satisfa\u00e7\u00e3o de trabalhar \u00e9 muito maior do que qualquer coisa.<\/li>\n<\/ul>\n<p><a href=\"https:\/\/telavita.com.br\/psicologia\/\">O importante nesta fase \u00e9 realizar toda essa autoavalia\u00e7\u00e3o e manter a sa\u00fade mental e f\u00edsica, aprimorando os conhecimentos<\/a> para que assim possa ir para novas experi\u00eancias, se tornando algu\u00e9m realmente relevante e confiante com tudo que pode realizar em sua carreira.<\/p>\n","protected":false},"excerpt":{"rendered":"<p>Segundo o Instituto Brasileiro de Geografia e Estat\u00edstica, o desemprego subiu para 13,7% em todo o Brasil,\u00a0apresentando um total de 14,2 milh\u00f5es de desempregados.\u00a0Com estes dados pode-se perceber que o mercado brasileiro apresenta ainda um per\u00edodo fr\u00e1gil, onde muitos s\u00e3o atingidos por essa onda preocupante da falta de trabalho. Voc\u00ea deve\u00a0se perguntar:\u00a0&#8220;como em meio a [&hellip;]<\/p>\n","protected":false},"author":11,"featured_media":1490,"comment_status":"open","ping_status":"open","sticky":false,"template":"","format":"standard","meta":{"_lmt_disableupdate":"","_lmt_disable":"","footnotes":""},"categories":[19],"tags":[],"yoast_head":"<!-- This site is optimized with the Yoast SEO plugin v19.8 - https:\/\/yoast.com\/wordpress\/plugins\/seo\/ -->\n<title>Desemprego - Descubra Quais S\u00e3o As Mudan\u00e7as Positivas | TelaVita<\/title>\n<meta name=\"description\" content=\"Descubra em meio aos problemas ocasionados pelo desemprego, quais s\u00e3o os fatores positivos desta situa\u00e7\u00e3o e aproveite para investir em seu marketing pessoal\" \/>\n<meta name=\"robots\" content=\"index, follow, max-snippet:-1, max-image-preview:large, max-video-preview:-1\" \/>\n<link rel=\"canonical\" href=\"https:\/\/www.telavita.com.br\/blog\/mudancas-positivas-do-desemprego\/\" \/>\n<meta property=\"og:locale\" content=\"pt_BR\" \/>\n<meta property=\"og:type\" content=\"article\" \/>\n<meta property=\"og:title\" content=\"Desemprego - Descubra Quais S\u00e3o As Mudan\u00e7as Positivas | TelaVita\" \/>\n<meta property=\"og:description\" content=\"Descubra em meio aos problemas ocasionados pelo desemprego, quais s\u00e3o os fatores positivos desta situa\u00e7\u00e3o e aproveite para investir em seu marketing pessoal\" \/>\n<meta property=\"og:url\" content=\"https:\/\/www.telavita.com.br\/blog\/mudancas-positivas-do-desemprego\/\" \/>\n<meta property=\"og:site_name\" content=\"Telavita\" \/>\n<meta property=\"article:publisher\" content=\"https:\/\/www.facebook.com\/Telavita\" \/>\n<meta property=\"article:published_time\" content=\"2018-02-21T10:00:53+00:00\" \/>\n<meta property=\"article:modified_time\" content=\"2019-07-25T11:25:28+00:00\" \/>\n<meta property=\"og:image\" content=\"https:\/\/www.telavita.com.br\/blog\/wp-content\/uploads\/2018\/02\/desemprego.jpg\" \/>\n\t<meta property=\"og:image:width\" content=\"900\" \/>\n\t<meta property=\"og:image:height\" content=\"560\" \/>\n\t<meta property=\"og:image:type\" content=\"image\/jpeg\" \/>\n<meta name=\"author\" content=\"Telavita\" \/>\n<meta name=\"twitter:card\" content=\"summary_large_image\" \/>\n<meta name=\"twitter:label1\" content=\"Escrito por\" \/>\n\t<meta name=\"twitter:data1\" content=\"Telavita\" \/>\n\t<meta name=\"twitter:label2\" content=\"Est. tempo de leitura\" \/>\n\t<meta name=\"twitter:data2\" content=\"4 minutos\" \/>\n<!-- \/ Yoast SEO plugin. -->","yoast_head_json":{"title":"Desemprego - Descubra Quais S\u00e3o As Mudan\u00e7as Positivas | TelaVita","description":"Descubra em meio aos problemas ocasionados pelo desemprego, quais s\u00e3o os fatores positivos desta situa\u00e7\u00e3o e aproveite para investir em seu marketing pessoal","robots":{"index":"index","follow":"follow","max-snippet":"max-snippet:-1","max-image-preview":"max-image-preview:large","max-video-preview":"max-video-preview:-1"},"canonical":"https:\/\/www.telavita.com.br\/blog\/mudancas-positivas-do-desemprego\/","og_locale":"pt_BR","og_type":"article","og_title":"Desemprego - Descubra Quais S\u00e3o As Mudan\u00e7as Positivas | TelaVita","og_description":"Descubra em meio aos problemas ocasionados pelo desemprego, quais s\u00e3o os fatores positivos desta situa\u00e7\u00e3o e aproveite para investir em seu marketing pessoal","og_url":"https:\/\/www.telavita.com.br\/blog\/mudancas-positivas-do-desemprego\/","og_site_name":"Telavita","article_publisher":"https:\/\/www.facebook.com\/Telavita","article_published_time":"2018-02-21T10:00:53+00:00","article_modified_time":"2019-07-25T11:25:28+00:00","og_image":[{"width":900,"height":560,"url":"https:\/\/www.telavita.com.br\/blog\/wp-content\/uploads\/2018\/02\/desemprego.jpg","type":"image\/jpeg"}],"author":"Telavita","twitter_card":"summary_large_image","twitter_misc":{"Escrito por":"Telavita","Est. tempo de leitura":"4 minutos"},"schema":{"@context":"https:\/\/schema.org","@graph":[{"@type":"Article","@id":"https:\/\/www.telavita.com.br\/blog\/mudancas-positivas-do-desemprego\/#article","isPartOf":{"@id":"https:\/\/www.telavita.com.br\/blog\/mudancas-positivas-do-desemprego\/"},"author":{"name":"Telavita","@id":"https:\/\/www.telavita.com.br\/blog\/#\/schema\/person\/365e554815ae72366924ab1f2b06fdaa"},"headline":"Descubra as mudan\u00e7as positivas causadas pelo desemprego","datePublished":"2018-02-21T10:00:53+00:00","dateModified":"2019-07-25T11:25:28+00:00","mainEntityOfPage":{"@id":"https:\/\/www.telavita.com.br\/blog\/mudancas-positivas-do-desemprego\/"},"wordCount":715,"commentCount":0,"publisher":{"@id":"https:\/\/www.telavita.com.br\/blog\/#organization"},"articleSection":["Trabalho"],"inLanguage":"pt-BR","potentialAction":[{"@type":"CommentAction","name":"Comment","target":["https:\/\/www.telavita.com.br\/blog\/mudancas-positivas-do-desemprego\/#respond"]}]},{"@type":"WebPage","@id":"https:\/\/www.telavita.com.br\/blog\/mudancas-positivas-do-desemprego\/","url":"https:\/\/www.telavita.com.br\/blog\/mudancas-positivas-do-desemprego\/","name":"Desemprego - Descubra Quais S\u00e3o As Mudan\u00e7as Positivas | TelaVita","isPartOf":{"@id":"https:\/\/www.telavita.com.br\/blog\/#website"},"datePublished":"2018-02-21T10:00:53+00:00","dateModified":"2019-07-25T11:25:28+00:00","description":"Descubra em meio aos problemas ocasionados pelo desemprego, quais s\u00e3o os fatores positivos desta situa\u00e7\u00e3o e aproveite para investir em seu marketing pessoal","breadcrumb":{"@id":"https:\/\/www.telavita.com.br\/blog\/mudancas-positivas-do-desemprego\/#breadcrumb"},"inLanguage":"pt-BR","potentialAction":[{"@type":"ReadAction","target":["https:\/\/www.telavita.com.br\/blog\/mudancas-positivas-do-desemprego\/"]}]},{"@type":"BreadcrumbList","@id":"https:\/\/www.telavita.com.br\/blog\/mudancas-positivas-do-desemprego\/#breadcrumb","itemListElement":[{"@type":"ListItem","position":1,"name":"In\u00edcio","item":"https:\/\/www.telavita.com.br\/blog\/"},{"@type":"ListItem","position":2,"name":"Descubra as mudan\u00e7as positivas causadas pelo desemprego"}]},{"@type":"WebSite","@id":"https:\/\/www.telavita.com.br\/blog\/#website","url":"https:\/\/www.telavita.com.br\/blog\/","name":"Telavita","description":"Conte\u00fados especializados sobre sa\u00fade mental e bem-estar","publisher":{"@id":"https:\/\/www.telavita.com.br\/blog\/#organization"},"potentialAction":[{"@type":"SearchAction","target":{"@type":"EntryPoint","urlTemplate":"https:\/\/www.telavita.com.br\/blog\/?s={search_term_string}"},"query-input":"required name=search_term_string"}],"inLanguage":"pt-BR"},{"@type":"Organization","@id":"https:\/\/www.telavita.com.br\/blog\/#organization","name":"Telavita","url":"https:\/\/www.telavita.com.br\/blog\/","sameAs":["https:\/\/www.linkedin.com\/company\/telavita\/mycompany\/verification\/","https:\/\/www.instagram.com\/telavita\/","https:\/\/www.facebook.com\/Telavita"],"logo":{"@type":"ImageObject","inLanguage":"pt-BR","@id":"https:\/\/www.telavita.com.br\/blog\/#\/schema\/logo\/image\/","url":"https:\/\/www.telavita.com.br\/blog\/wp-content\/uploads\/2021\/05\/telavita.jpg","contentUrl":"https:\/\/www.telavita.com.br\/blog\/wp-content\/uploads\/2021\/05\/telavita.jpg","width":200,"height":200,"caption":"Telavita"},"image":{"@id":"https:\/\/www.telavita.com.br\/blog\/#\/schema\/logo\/image\/"}},{"@type":"Person","@id":"https:\/\/www.telavita.com.br\/blog\/#\/schema\/person\/365e554815ae72366924ab1f2b06fdaa","name":"Telavita","image":{"@type":"ImageObject","inLanguage":"pt-BR","@id":"https:\/\/www.telavita.com.br\/blog\/#\/schema\/person\/image\/","url":"https:\/\/secure.gravatar.com\/avatar\/ac2e61ce00e3238eb646b649fdcae5e4?s=96&d=mm&r=g","contentUrl":"https:\/\/secure.gravatar.com\/avatar\/ac2e61ce00e3238eb646b649fdcae5e4?s=96&d=mm&r=g","caption":"Telavita"},"url":"https:\/\/www.telavita.com.br\/blog\/author\/telavita\/"}]}},"modified_by":null,"_links":{"self":[{"href":"https:\/\/www.telavita.com.br\/blog\/wp-json\/wp\/v2\/posts\/1462"}],"collection":[{"href":"https:\/\/www.telavita.com.br\/blog\/wp-json\/wp\/v2\/posts"}],"about":[{"href":"https:\/\/www.telavita.com.br\/blog\/wp-json\/wp\/v2\/types\/post"}],"author":[{"embeddable":true,"href":"https:\/\/www.telavita.com.br\/blog\/wp-json\/wp\/v2\/users\/11"}],"replies":[{"embeddable":true,"href":"https:\/\/www.telavita.com.br\/blog\/wp-json\/wp\/v2\/comments?post=1462"}],"version-history":[{"count":8,"href":"https:\/\/www.telavita.com.br\/blog\/wp-json\/wp\/v2\/posts\/1462\/revisions"}],"predecessor-version":[{"id":4246,"href":"https:\/\/www.telavita.com.br\/blog\/wp-json\/wp\/v2\/posts\/1462\/revisions\/4246"}],"wp:featuredmedia":[{"embeddable":true,"href":"https:\/\/www.telavita.com.br\/blog\/wp-json\/wp\/v2\/media\/1490"}],"wp:attachment":[{"href":"https:\/\/www.telavita.com.br\/blog\/wp-json\/wp\/v2\/media?parent=1462"}],"wp:term":[{"taxonomy":"category","embeddable":true,"href":"https:\/\/www.telavita.com.br\/blog\/wp-json\/wp\/v2\/categories?post=1462"},{"taxonomy":"post_tag","embeddable":true,"href":"https:\/\/www.telavita.com.br\/blog\/wp-json\/wp\/v2\/tags?post=1462"}],"curies":[{"name":"wp","href":"https:\/\/api.w.org\/{rel}","templated":true}]}}