{"id":1504,"date":"2018-04-20T12:23:10","date_gmt":"2018-04-20T15:23:10","guid":{"rendered":"https:\/\/www.telavita.com.br\/blog\/?p=1504"},"modified":"2024-04-19T16:09:29","modified_gmt":"2024-04-19T19:09:29","slug":"afastamento-trabalho-questoes-psicologicas","status":"publish","type":"post","link":"https:\/\/www.telavita.com.br\/blog\/afastamento-trabalho-questoes-psicologicas\/","title":{"rendered":"Entenda mais sobre o afastamento do trabalho por quest\u00f5es psicol\u00f3gicas"},"content":{"rendered":"<p><span style=\"font-weight: 400;\">As quest\u00f5es psicol\u00f3gicas est\u00e3o entre as tr\u00eas principais causas de afastamento do trabalho no Brasil. Segundo dados levantados pela <\/span><b>Secretaria de Previd\u00eancia do Minist\u00e9rio da Fazenda<\/b><span style=\"font-weight: 400;\">, 178.268 pessoas se afastaram do trabalho por conta de transtornos mentais e comportamentais em 2017.<\/span><\/p>\n<p><span style=\"font-weight: 400;\">Ainda, no Brasil, os problemas psicol\u00f3gicos representam a terceira causa de incapacidade dos trabalhadores. Logo, esses n\u00fameros correspondem a <\/span><b>9% da concess\u00e3o de aux\u00edlio-doen\u00e7a e aposentadoria por invalidez realizada.<\/b><\/p>\n<p><span style=\"font-weight: 400;\">Nesse sentido, s\u00e3o diversos os <\/span><b>respons\u00e1veis pelo afastamento das pessoas no trabalho.<\/b><span style=\"font-weight: 400;\"> A depress\u00e3o, a ansiedade, o esgotamento profissional e at\u00e9 o uso de subst\u00e2ncias psicoativas podem resultar no abandono das fun\u00e7\u00f5es.<\/span><\/p>\n<h2><b>Como acontece o afastamento por doen\u00e7a mental?<\/b><\/h2>\n<p><span style=\"font-weight: 400;\">O <\/span><b>afastamento do trabalho por quest\u00f5es psicol\u00f3gicas<\/b><span style=\"font-weight: 400;\"> pode ser explicado pela presen\u00e7a de ambientes com pouco apoio social, \u00e0s excessivas demandas e cobran\u00e7as, recompensas inadequadas e comprometimento excessivo dos trabalhadores.<\/span><\/p>\n<p><span style=\"font-weight: 400;\">Contudo, antes de qualquer coisa, \u00e9 necess\u00e1rio ressaltar que qualquer doen\u00e7a psicol\u00f3gica pode justificar o <\/span><b>afastamento de funcion\u00e1rio<\/b><span style=\"font-weight: 400;\">. Para tal, \u00e9 preciso que a condi\u00e7\u00e3o incapacite a pessoa de exercer as suas fun\u00e7\u00f5es laborais, conforme explica o<\/span> <a href=\"https:\/\/www.jusbrasil.com.br\/topicos\/11349338\/artigo-59-da-lei-n-8213-de-24-de-julho-de-1991\" target=\"_blank\" rel=\"noopener\"><b>artigo 59 da Lei 8.213, de 1991.<\/b><\/a><\/p>\n<p><span style=\"font-weight: 400;\">Dessa forma, para conseguir o afastamento pelo<\/span><b> Instituto Nacional do Seguro Social (INSS)<\/b><span style=\"font-weight: 400;\">, \u00e9 necess\u00e1rio realizar um acompanhamento m\u00e9dico para verificar a condi\u00e7\u00e3o do indiv\u00edduo. <\/span><span style=\"font-weight: 400;\">Contudo, o profissional de sa\u00fade mental \u00e9 o respons\u00e1vel por avaliar as quest\u00f5es psicol\u00f3gicas e dizer se elas s\u00e3o causadas pelo ambiente de trabalho ou n\u00e3o.<\/span><\/p>\n<h3><b>O processo de avalia\u00e7\u00e3o<\/b><\/h3>\n<p><span style=\"font-weight: 400;\">O processo de avalia\u00e7\u00e3o \u00e9 determinado pelo diagn\u00f3stico. Entretanto, ao ser comprovado pelo profissional respons\u00e1vel que a condi\u00e7\u00e3o \u00e9 advinda do ambiente de trabalho, a empresa contratante \u00e9 <strong>obrigada a comunicar o INSS da ocorr\u00eancia.<\/strong><\/span><\/p>\n<p><span style=\"font-weight: 400;\">Seguindo os protocolos, o trabalhador \u00e9 encaminhado \u00e0<\/span><b> per\u00edcia m\u00e9dica da institui\u00e7\u00e3o para uma avalia\u00e7\u00e3o completa.<\/b><span style=\"font-weight: 400;\"> Sendo assim, \u00e9 importante levantar os laudos m\u00e9dicos obtidos anteriormente para a documenta\u00e7\u00e3o necess\u00e1ria ao solicitar o benef\u00edcio.<\/span><\/p>\n<p><span style=\"font-weight: 400;\">Contudo, nesta per\u00edcia junto ao INSS \u00e9 poss\u00edvel tamb\u00e9m provar se a incapacidade \u00e9 tempor\u00e1ria ou definitiva, que dar\u00e1 direito ao aux\u00edlio doen\u00e7a ou \u00e0 <\/span><b>aposentadoria por invalidez. <\/b><span style=\"font-weight: 400;\">Todos os colaboradores que passam por esse tipo de situa\u00e7\u00e3o precisam de apoio da corpora\u00e7\u00e3o.<\/span><\/p>\n<p><a href=\"https:\/\/conteudo.telavita.com.br\/e-book-alem-do-beneficio\" target=\"_blank\" rel=\"noopener\"><img loading=\"lazy\" decoding=\"async\" class=\"alignnone size-full wp-image-8341\" src=\"https:\/\/www.telavita.com.br\/blog\/wp-content\/uploads\/2019\/05\/Banner_Blog_E-book.png\" alt=\"ebook-saude-mental-nas-empresas\" width=\"693\" height=\"193\" srcset=\"https:\/\/www.telavita.com.br\/blog\/wp-content\/uploads\/2019\/05\/Banner_Blog_E-book.png 693w, https:\/\/www.telavita.com.br\/blog\/wp-content\/uploads\/2019\/05\/Banner_Blog_E-book-300x84.png 300w\" sizes=\"(max-width: 693px) 100vw, 693px\" \/><\/a><\/p>\n<h2><b>Causas psicol\u00f3gicas do afastamento do trabalho<\/b><\/h2>\n<p><span style=\"font-weight: 400;\">Em rela\u00e7\u00e3o ao afastamento do servi\u00e7o por doen\u00e7a mental ainda existe um certo estigma. Doen\u00e7a psicol\u00f3gica n\u00e3o \u00e9 frescura, mas mesmo assim, ainda h\u00e1 quem discorde. No entanto, cada vez mais, \u00e9 poss\u00edvel perceber a <\/span><b>resist\u00eancia dos funcion\u00e1rios que apresentam quest\u00f5es psicol\u00f3gicas em procurar acompanhamento psicol\u00f3gico.<\/b><\/p>\n<p><span style=\"font-weight: 400;\">Contudo,\u00a0 depende da gravidade e evolu\u00e7\u00e3o quadro para o transtorno psicol\u00f3gico ser considerado como incapacitante.\u00a0No entanto, as principais causas do afastamento do trabalho costumam ser pelo surgimento da:<\/span><\/p>\n<h3><b>Depress\u00e3o<\/b><\/h3>\n<p><span style=\"font-weight: 400;\">Normalmente, jornadas longas e exaustivas de trabalho causam um estresse emocional grande nos funcion\u00e1rios. Al\u00e9m disso, a utiliza\u00e7\u00e3o de metas agressivas e a constante falta de reconhecimento conseguem<\/span><b> influenciar no comportamento depressivo.<\/b><\/p>\n<p><span style=\"font-weight: 400;\">Nesse sentido, o empregado acaba sendo levado ao limite dentro do ambiente de trabalho e pode <\/span><a href=\"https:\/\/www.telavita.com.br\/blog\/5-sinais-de-depressao\/\" target=\"_blank\" rel=\"noopener\"><b>apresentar sinais de depress\u00e3o.<\/b><\/a><span style=\"font-weight: 400;\"> Tristeza constante e perda total de interesse nas atividades cotidianas podem surgir em excesso, evoluindo o quadro e colocando o colaborador em perigo.<\/span><\/p>\n<h3><b>S\u00edndrome de Burnout<\/b><\/h3>\n<p><span style=\"font-weight: 400;\">Uma das s\u00edndromes mais comuns dentro do ambiente corporativo \u00e9 a<\/span> <a href=\"https:\/\/www.telavita.com.br\/blog\/sindrome-de-burnout-tratamento\/\" target=\"_blank\" rel=\"noopener\"><b>S\u00edndrome do Burnout<\/b><\/a><span style=\"font-weight: 400;\">, tamb\u00e9m conhecida como <\/span><b>s\u00edndrome de esgotamento profissional.<\/b><span style=\"font-weight: 400;\"> Dessa forma, trata-se de um esgotamento de toda a reserva f\u00edsica e mental do indiv\u00edduo, por conta da <\/span><b>carga excessiva de trabalho e o ambiente t\u00f3xico.<\/b><\/p>\n<p><span style=\"font-weight: 400;\">Sendo assim, \u00e9 comum observar os colaboradores irritados, desanimados e com sensa\u00e7\u00e3o de fracasso. Segundo a OMS, aproximadamente <\/span><a href=\"https:\/\/jornal.usp.br\/atualidades\/cobranca-por-produtividade-na-pandemia-pode-levar-a-sindrome-de-burnout\/\" target=\"_blank\" rel=\"noopener\"><b>30% dos empregados sofrem dessa s\u00edndrome no Brasil.<\/b><\/a> <span style=\"font-weight: 400;\">Logo, o afastamento do trabalho \u00e9 uma consequ\u00eancia.<\/span><\/p>\n<h3><b>Transtorno de Ansiedade Generalizada (TAG)<\/b><\/h3>\n<p><span style=\"font-weight: 400;\">O <\/span><b>TAG<\/b><span style=\"font-weight: 400;\"> se configura por quadros prolongados de ansiedade que impedem a pessoa de realizar atividades simples. Normalmente, quem sofre dessa doen\u00e7a tem preocupa\u00e7\u00e3o excessiva sobre tudo e <\/span><b>n\u00e3o consegue se desligar tanto dos problemas pessoais, quanto do trabalho.<\/b><\/p>\n<p><span style=\"font-weight: 400;\">A condi\u00e7\u00e3o, geralmente, aparece ap\u00f3s epis\u00f3dios de estresse. Nesse sentido, \u00e9 poss\u00edvel perceber na pessoa alguns sintomas f\u00edsicos, como<\/span><b> fadiga, ins\u00f4nia, dores de cabe\u00e7a e no est\u00f4mago<\/b><span style=\"font-weight: 400;\">, al\u00e9m dela apresentar dificuldades na concentra\u00e7\u00e3o e na realiza\u00e7\u00e3o de tarefas.<\/span><\/p>\n<p>Como consequ\u00eancia, \u00e9 muito prov\u00e1vel que se o quadro ansioso for paralisante, a pessoa <strong><a href=\"https:\/\/www.telavita.com.br\/blog\/atestados-por-ansiedade\/\">procure por um atestado por ansiedade <\/a><\/strong>para se ausentar no trabalho e cuidar de suas quest\u00f5es psicol\u00f3gicas.<\/p>\n<h3><b>Consumo de subst\u00e2ncias psicoativas<\/b><\/h3>\n<p><span style=\"font-weight: 400;\">A <\/span><a href=\"https:\/\/www.telavita.com.br\/blog\/vicio\/\" target=\"_blank\" rel=\"noopener\"><b>depend\u00eancia de subst\u00e2ncias psicoativas<\/b><\/a><span style=\"font-weight: 400;\"> \u00e9 reconhecida pela OMS como algo que gera compuls\u00e3o. Al\u00e9m disso, <\/span><b>retira o poder de entendimento e discernimento das pessoas.<\/b><span style=\"font-weight: 400;\"> Portanto, \u00e9 algo que precisa ser analisado com cuidado.<\/span><\/p>\n<p><span style=\"font-weight: 400;\">Um ambiente estressante de trabalho consegue atuar como um fator crucial para os trabalhadores virarem usu\u00e1rios dessas subst\u00e2ncias. Logo, o uso de psicoativos podem ser <\/span><b>acentuados tamb\u00e9m, pelo quadro desenvolvido de uma depress\u00e3o ou outro transtorno psicol\u00f3gico.<\/b><\/p>\n<p><span style=\"font-weight: 400;\">Vale ressaltar tamb\u00e9m, que <strong>ser dependente qu\u00edmico n\u00e3o \u00e9 causa de demiss\u00e3o.<\/strong> Em contrapartida, o funcion\u00e1rio nesses casos \u00e9<strong> afastado de suas atividades at\u00e9 se estabilizar e poder voltar \u00e0 sua rotina comum.<\/strong>\u00a0<\/span><\/p>\n<p><b>LEIA MAIS: <\/b><a href=\"https:\/\/www.telavita.com.br\/blog\/importancia-saude-mental-no-trabalho\/\" target=\"_blank\" rel=\"noopener\"><b>A import\u00e2ncia da sa\u00fade mental no trabalho<\/b><\/a><\/p>\n<h2><b>O que fazer para impedir essas situa\u00e7\u00f5es?<\/b><\/h2>\n<p><span style=\"font-weight: 400;\">O <\/span><b>afastamento por doen\u00e7a do trabalho<\/b><span style=\"font-weight: 400;\"> n\u00e3o \u00e9 f\u00e1cil. Por isso, \u00e9 importante as empresas estarem atentas para como a sa\u00fade emocional dos seus colaboradores est\u00e3o. Dessa forma, uma cultura centrada no bem-estar dos funcion\u00e1rios \u00e9 importante.<\/span><\/p>\n<p><span style=\"font-weight: 400;\">Boas pr\u00e1ticas de gest\u00e3o, l\u00edderes treinados e ades\u00e3o a programas de sa\u00fade mental s\u00e3o as ferramentas mais utilizadas pelas empresas de sucesso para<\/span><b> manter os funcion\u00e1rios saud\u00e1veis emocionalmente e engajados com o trabalho.<\/b><\/p>\n<p><span style=\"font-weight: 400;\">Aqui na<\/span><b> Telavita<\/b><span style=\"font-weight: 400;\">, n\u00f3s temos o <\/span><b>Programa de Sa\u00fade Emocional (PSE).<\/b><\/p>\n<h3><b>O Programa de Sa\u00fade Emocional (PSE)<\/b><\/h3>\n<p><span style=\"font-weight: 400;\">Criado para auxiliar a \u00e1rea de recursos humanos das empresas e impulsionar o crescimento saud\u00e1vel das corpora\u00e7\u00f5es,<\/span><b> o PSE<\/b><span style=\"font-weight: 400;\"> faz um mapeamento completo dos<\/span><b> \u00edndices de estresse, depress\u00e3o e ansiedade<\/b> <b>dos colaboradores <\/b><span style=\"font-weight: 400;\">utilizando metodologias espec\u00edficas.<\/span><\/p>\n<p><span style=\"font-weight: 400;\">Al\u00e9m disso, para<\/span><b> prevenir ou tratar quest\u00f5es relacionadas ao trabalho<\/b><span style=\"font-weight: 400;\">, \u00e9 disponibilizado um cat\u00e1logo de psic\u00f3logos especializados para tratar cada funcion\u00e1rio de acordo com os seus respectivos problemas. Assim, ser\u00e1 poss\u00edvel compreender as diversas esferas das causas do afastamento do trabalho e <\/span><b>eliminar a quest\u00e3o isentando sua empresa de poss\u00edveis preju\u00edzos.<\/b><\/p>\n<span class='mb-center maxbutton-6-center'><span class='maxbutton-6-container mb-container'><a class=\"maxbutton-6 maxbutton maxbutton-pse\" target=\"_blank\" rel=\"noopener\" href=\"https:\/\/conteudo.telavita.com.br\/telavitaempresas2022?_ga=2.92428570.665564727.1667953363-113301591.1659119672&amp;_gl=1*2kagbv*_ga*MTEzMzAxNTkxLjE2NTkxMTk2NzI.*_ga_2DZ1C7BK62*MTY2Nzk1MzM2Mi4xMjIuMS4xNjY3OTUzNTUxLjUwLjAuMA..\"><span class='mb-text'>Saiba mais sobre o Programa de Sa\u00fade Emocional<\/span><\/a><\/span><\/span>\n","protected":false},"excerpt":{"rendered":"<p>As quest\u00f5es psicol\u00f3gicas est\u00e3o entre as tr\u00eas principais causas de afastamento do trabalho no Brasil. Segundo dados levantados pela Secretaria de Previd\u00eancia do Minist\u00e9rio da Fazenda, 178.268 pessoas se afastaram do trabalho por conta de transtornos mentais e comportamentais em 2017. Ainda, no Brasil, os problemas psicol\u00f3gicos representam a terceira causa de incapacidade dos trabalhadores. [&hellip;]<\/p>\n","protected":false},"author":11,"featured_media":1531,"comment_status":"open","ping_status":"open","sticky":false,"template":"","format":"standard","meta":{"_lmt_disableupdate":"","_lmt_disable":"","footnotes":""},"categories":[384],"tags":[],"yoast_head":"<!-- This site is optimized with the Yoast SEO plugin v19.8 - https:\/\/yoast.com\/wordpress\/plugins\/seo\/ -->\n<title>Entenda as principais causas de afastamento no trabalho | Telavita<\/title>\n<meta name=\"description\" content=\"Saiba quais s\u00e3o os transtornos mentais que mais afastam os colaboradores do trabalho e entenda como funciona todo o processo\" \/>\n<meta name=\"robots\" content=\"index, follow, max-snippet:-1, max-image-preview:large, max-video-preview:-1\" \/>\n<link rel=\"canonical\" href=\"https:\/\/www.telavita.com.br\/blog\/afastamento-trabalho-questoes-psicologicas\/\" \/>\n<meta property=\"og:locale\" content=\"pt_BR\" \/>\n<meta property=\"og:type\" content=\"article\" \/>\n<meta property=\"og:title\" content=\"Entenda as principais causas de afastamento no trabalho | Telavita\" \/>\n<meta property=\"og:description\" content=\"Saiba quais s\u00e3o os transtornos mentais que mais afastam os colaboradores do trabalho e entenda como funciona todo o processo\" \/>\n<meta property=\"og:url\" content=\"https:\/\/www.telavita.com.br\/blog\/afastamento-trabalho-questoes-psicologicas\/\" \/>\n<meta property=\"og:site_name\" content=\"Telavita\" \/>\n<meta property=\"article:publisher\" content=\"https:\/\/www.facebook.com\/Telavita\" \/>\n<meta property=\"article:published_time\" content=\"2018-04-20T15:23:10+00:00\" \/>\n<meta property=\"article:modified_time\" content=\"2024-04-19T19:09:29+00:00\" \/>\n<meta property=\"og:image\" content=\"https:\/\/www.telavita.com.br\/blog\/wp-content\/uploads\/2018\/04\/estresse.jpg\" \/>\n\t<meta property=\"og:image:width\" content=\"900\" \/>\n\t<meta property=\"og:image:height\" content=\"560\" \/>\n\t<meta property=\"og:image:type\" content=\"image\/jpeg\" \/>\n<meta name=\"author\" content=\"Telavita\" \/>\n<meta name=\"twitter:card\" content=\"summary_large_image\" \/>\n<meta name=\"twitter:label1\" content=\"Escrito por\" \/>\n\t<meta name=\"twitter:data1\" content=\"Telavita\" \/>\n\t<meta name=\"twitter:label2\" content=\"Est. tempo de leitura\" \/>\n\t<meta name=\"twitter:data2\" content=\"6 minutos\" \/>\n<!-- \/ Yoast SEO plugin. -->","yoast_head_json":{"title":"Entenda as principais causas de afastamento no trabalho | Telavita","description":"Saiba quais s\u00e3o os transtornos mentais que mais afastam os colaboradores do trabalho e entenda como funciona todo o processo","robots":{"index":"index","follow":"follow","max-snippet":"max-snippet:-1","max-image-preview":"max-image-preview:large","max-video-preview":"max-video-preview:-1"},"canonical":"https:\/\/www.telavita.com.br\/blog\/afastamento-trabalho-questoes-psicologicas\/","og_locale":"pt_BR","og_type":"article","og_title":"Entenda as principais causas de afastamento no trabalho | Telavita","og_description":"Saiba quais s\u00e3o os transtornos mentais que mais afastam os colaboradores do trabalho e entenda como funciona todo o processo","og_url":"https:\/\/www.telavita.com.br\/blog\/afastamento-trabalho-questoes-psicologicas\/","og_site_name":"Telavita","article_publisher":"https:\/\/www.facebook.com\/Telavita","article_published_time":"2018-04-20T15:23:10+00:00","article_modified_time":"2024-04-19T19:09:29+00:00","og_image":[{"width":900,"height":560,"url":"https:\/\/www.telavita.com.br\/blog\/wp-content\/uploads\/2018\/04\/estresse.jpg","type":"image\/jpeg"}],"author":"Telavita","twitter_card":"summary_large_image","twitter_misc":{"Escrito por":"Telavita","Est. tempo de leitura":"6 minutos"},"schema":{"@context":"https:\/\/schema.org","@graph":[{"@type":"Article","@id":"https:\/\/www.telavita.com.br\/blog\/afastamento-trabalho-questoes-psicologicas\/#article","isPartOf":{"@id":"https:\/\/www.telavita.com.br\/blog\/afastamento-trabalho-questoes-psicologicas\/"},"author":{"name":"Telavita","@id":"https:\/\/www.telavita.com.br\/blog\/#\/schema\/person\/365e554815ae72366924ab1f2b06fdaa"},"headline":"Entenda mais sobre o afastamento do trabalho por quest\u00f5es psicol\u00f3gicas","datePublished":"2018-04-20T15:23:10+00:00","dateModified":"2024-04-19T19:09:29+00:00","mainEntityOfPage":{"@id":"https:\/\/www.telavita.com.br\/blog\/afastamento-trabalho-questoes-psicologicas\/"},"wordCount":1135,"commentCount":0,"publisher":{"@id":"https:\/\/www.telavita.com.br\/blog\/#organization"},"articleSection":["Recursos Humanos"],"inLanguage":"pt-BR","potentialAction":[{"@type":"CommentAction","name":"Comment","target":["https:\/\/www.telavita.com.br\/blog\/afastamento-trabalho-questoes-psicologicas\/#respond"]}]},{"@type":"WebPage","@id":"https:\/\/www.telavita.com.br\/blog\/afastamento-trabalho-questoes-psicologicas\/","url":"https:\/\/www.telavita.com.br\/blog\/afastamento-trabalho-questoes-psicologicas\/","name":"Entenda as principais causas de afastamento no trabalho | Telavita","isPartOf":{"@id":"https:\/\/www.telavita.com.br\/blog\/#website"},"datePublished":"2018-04-20T15:23:10+00:00","dateModified":"2024-04-19T19:09:29+00:00","description":"Saiba quais s\u00e3o os transtornos mentais que mais afastam os colaboradores do trabalho e entenda como funciona todo o processo","breadcrumb":{"@id":"https:\/\/www.telavita.com.br\/blog\/afastamento-trabalho-questoes-psicologicas\/#breadcrumb"},"inLanguage":"pt-BR","potentialAction":[{"@type":"ReadAction","target":["https:\/\/www.telavita.com.br\/blog\/afastamento-trabalho-questoes-psicologicas\/"]}]},{"@type":"BreadcrumbList","@id":"https:\/\/www.telavita.com.br\/blog\/afastamento-trabalho-questoes-psicologicas\/#breadcrumb","itemListElement":[{"@type":"ListItem","position":1,"name":"In\u00edcio","item":"https:\/\/www.telavita.com.br\/blog\/"},{"@type":"ListItem","position":2,"name":"Entenda mais sobre o afastamento do trabalho por quest\u00f5es psicol\u00f3gicas"}]},{"@type":"WebSite","@id":"https:\/\/www.telavita.com.br\/blog\/#website","url":"https:\/\/www.telavita.com.br\/blog\/","name":"Telavita","description":"Conte\u00fados especializados sobre sa\u00fade mental e bem-estar","publisher":{"@id":"https:\/\/www.telavita.com.br\/blog\/#organization"},"potentialAction":[{"@type":"SearchAction","target":{"@type":"EntryPoint","urlTemplate":"https:\/\/www.telavita.com.br\/blog\/?s={search_term_string}"},"query-input":"required name=search_term_string"}],"inLanguage":"pt-BR"},{"@type":"Organization","@id":"https:\/\/www.telavita.com.br\/blog\/#organization","name":"Telavita","url":"https:\/\/www.telavita.com.br\/blog\/","sameAs":["https:\/\/www.linkedin.com\/company\/telavita\/mycompany\/verification\/","https:\/\/www.instagram.com\/telavita\/","https:\/\/www.facebook.com\/Telavita"],"logo":{"@type":"ImageObject","inLanguage":"pt-BR","@id":"https:\/\/www.telavita.com.br\/blog\/#\/schema\/logo\/image\/","url":"https:\/\/www.telavita.com.br\/blog\/wp-content\/uploads\/2021\/05\/telavita.jpg","contentUrl":"https:\/\/www.telavita.com.br\/blog\/wp-content\/uploads\/2021\/05\/telavita.jpg","width":200,"height":200,"caption":"Telavita"},"image":{"@id":"https:\/\/www.telavita.com.br\/blog\/#\/schema\/logo\/image\/"}},{"@type":"Person","@id":"https:\/\/www.telavita.com.br\/blog\/#\/schema\/person\/365e554815ae72366924ab1f2b06fdaa","name":"Telavita","image":{"@type":"ImageObject","inLanguage":"pt-BR","@id":"https:\/\/www.telavita.com.br\/blog\/#\/schema\/person\/image\/","url":"https:\/\/secure.gravatar.com\/avatar\/ac2e61ce00e3238eb646b649fdcae5e4?s=96&d=mm&r=g","contentUrl":"https:\/\/secure.gravatar.com\/avatar\/ac2e61ce00e3238eb646b649fdcae5e4?s=96&d=mm&r=g","caption":"Telavita"},"url":"https:\/\/www.telavita.com.br\/blog\/author\/telavita\/"}]}},"modified_by":null,"_links":{"self":[{"href":"https:\/\/www.telavita.com.br\/blog\/wp-json\/wp\/v2\/posts\/1504"}],"collection":[{"href":"https:\/\/www.telavita.com.br\/blog\/wp-json\/wp\/v2\/posts"}],"about":[{"href":"https:\/\/www.telavita.com.br\/blog\/wp-json\/wp\/v2\/types\/post"}],"author":[{"embeddable":true,"href":"https:\/\/www.telavita.com.br\/blog\/wp-json\/wp\/v2\/users\/11"}],"replies":[{"embeddable":true,"href":"https:\/\/www.telavita.com.br\/blog\/wp-json\/wp\/v2\/comments?post=1504"}],"version-history":[{"count":24,"href":"https:\/\/www.telavita.com.br\/blog\/wp-json\/wp\/v2\/posts\/1504\/revisions"}],"predecessor-version":[{"id":8578,"href":"https:\/\/www.telavita.com.br\/blog\/wp-json\/wp\/v2\/posts\/1504\/revisions\/8578"}],"wp:featuredmedia":[{"embeddable":true,"href":"https:\/\/www.telavita.com.br\/blog\/wp-json\/wp\/v2\/media\/1531"}],"wp:attachment":[{"href":"https:\/\/www.telavita.com.br\/blog\/wp-json\/wp\/v2\/media?parent=1504"}],"wp:term":[{"taxonomy":"category","embeddable":true,"href":"https:\/\/www.telavita.com.br\/blog\/wp-json\/wp\/v2\/categories?post=1504"},{"taxonomy":"post_tag","embeddable":true,"href":"https:\/\/www.telavita.com.br\/blog\/wp-json\/wp\/v2\/tags?post=1504"}],"curies":[{"name":"wp","href":"https:\/\/api.w.org\/{rel}","templated":true}]}}