{"id":1628,"date":"2019-03-19T08:00:45","date_gmt":"2019-03-19T11:00:45","guid":{"rendered":"https:\/\/www.telavita.com.br\/blog\/?p=1628"},"modified":"2024-06-27T14:54:06","modified_gmt":"2024-06-27T17:54:06","slug":"familia-de-autista","status":"publish","type":"post","link":"https:\/\/www.telavita.com.br\/blog\/familia-de-autista\/","title":{"rendered":"Os benef\u00edcios da orienta\u00e7\u00e3o psicol\u00f3gica na fam\u00edlia de pessoas com autismo"},"content":{"rendered":"\r\n<p><em>O impacto do diagn\u00f3stico assusta. A orienta\u00e7\u00e3o psicol\u00f3gica \u00e9 vital para que a pessoa autista e seu familiar se\u00a0sintam\u00a0mais\u00a0informados,\u00a0guiados\u00a0e\u00a0confort\u00e1veis\u00a0com\u00a0o\u00a0espectro.<\/em><\/p>\r\n\r\n\r\n\r\n<p><strong>70 milh\u00f5es.<\/strong> Esse \u00e9 o n\u00famero que a OMS (Organiza\u00e7\u00e3o Mundial da Sa\u00fade) estima de pessoas com autismo em todo o mundo. Para se ter uma ideia, esse \u00e9 quase o n\u00famero de habitantes de pa\u00edses como <strong>Fran\u00e7a, Tail\u00e2ndia e Reino Unido!<\/strong> Embora os dados mostrem que o autismo \u00e9 mais comum do que se pensa, as a\u00e7\u00f5es de inclus\u00e3o e informa\u00e7\u00e3o para a conscientiza\u00e7\u00e3o do problema ainda s\u00e3o escassas.<\/p>\r\n\r\n\r\n\r\n<p>O <strong>autismo no Brasil<\/strong> tamb\u00e9m j\u00e1 est\u00e1 na casa do milh\u00e3o: s\u00e3o 2 milh\u00f5es de pessoas com autismo, ou seja, <strong>uma em cada 88 crian\u00e7as apresenta tra\u00e7os de autismo<\/strong>, sendo a preval\u00eancia cinco vezes maior nos meninos.<\/p>\r\n\r\n\r\n\r\n<h2 class=\"wp-block-heading\"><strong>O que \u00e9 Autismo<\/strong><\/h2>\r\n\r\n\r\n\r\n<p><strong>O autismo<\/strong> \u00e9 um problema psiqui\u00e1trico que se d\u00e1 por conta de desordens durante a fase do desenvolvimento cerebral. O dist\u00farbio afeta a comunica\u00e7\u00e3o, cogni\u00e7\u00e3o, aprendizado e relacionamento, mas no autismo n\u00e3o h\u00e1 problemas no desenvolvimento f\u00edsico. Os sinais podem ser detectados j\u00e1 nos primeiros meses de vida, por\u00e9m, como h\u00e1 diversos graus do dist\u00farbio, h\u00e1 casos que levam mais tempo para que os sintomas sejam notados.<\/p>\r\n\r\n\r\n\r\n<p>N\u00e3o h\u00e1 <strong>cura para o autismo<\/strong>. \u00c9 por isso que o preconceito e os obst\u00e1culos devem ser quebrados para que as pessoas autistas, tais quais aqueles que os cercam, consigam ser inseridos na sociedade. Por exemplo: pessoas autistas, dependendo do grau do transtorno, n\u00e3o gostam de ser tocadas e t\u00eam enorme sensibilidade ao barulho e sons ao redor. Pense em como deve ser dif\u00edcil para eles pegar o transporte p\u00fablico ou ir ao cinema? Atividades que parecem comuns para quem n\u00e3o tem o dist\u00farbio s\u00e3o um verdadeiro desafio para os autistas.<\/p>\r\n<p>Confira tamb\u00e9m nossa webs\u00e9rie sobre o autismo e entenda melhor sobre esse Espectro:<\/p>\r\n<p><iframe loading=\"lazy\" src=\"https:\/\/www.youtube.com\/embed\/E9aZ1BpkM0M\" width=\"560\" height=\"315\" frameborder=\"0\" allowfullscreen=\"allowfullscreen\"><\/iframe><\/p>\r\n\r\n\r\n\r\n<p>\u201cEm todo o mundo, as pessoas com transtorno do espectro autista s\u00e3o frequentemente sujeitas \u00e0 estigmatiza\u00e7\u00e3o, discrimina\u00e7\u00e3o e viola\u00e7\u00f5es de direitos humanos. Globalmente, o acesso aos servi\u00e7os e apoio para essas pessoas \u00e9 inadequado\u201d, informa a OMS (Organiza\u00e7\u00e3o Mundial da Sa\u00fade). Estamos longe da inclus\u00e3o total, mas h\u00e1 iniciativas, grupos e ONGs que lutam para que o autismo seja visto com um olhar mais sens\u00edvel e de inser\u00e7\u00e3o. \u00a0<\/p>\r\n\r\n\r\n\r\n<h2 class=\"wp-block-heading\">O impacto do autismo nos pais<\/h2>\r\n\r\n\r\n\r\n<p>Estamos longe de viver em uma sociedade inclusiva e livre de preconceitos, e isso provoca medo nos pais de pessoas autistas, j\u00e1 que eles sabem que o mundo n\u00e3o ser\u00e1 nada f\u00e1cil para seu filho. Ao receberem o diagn\u00f3stico, os pais precisam lidar com in\u00fameros sentimentos, pensamentos e questionamentos, e muitos deles podem levar \u00e0 culpa.<\/p>\r\n\r\n\r\n\r\n<p>\u00c9 dif\u00edcil lidar com o diagn\u00f3stico quando, durante a gravidez, idealizava-se o futuro mais bonito poss\u00edvel. Os pais imaginavam as brincadeiras que fariam, os olhares que trocariam e as primeiras conversas. Os passeios ao cinema, as viagens e o primeiro dia de aula. \u00c9 claro que tudo isso pode ser poss\u00edvel com a doen\u00e7a, j\u00e1 que existem diversos n\u00edveis e tipos de autismo, mas pode ser que obst\u00e1culos e dificuldades se apresentem.<\/p>\r\n\r\n\r\n\r\n<p>O personagem da s\u00e9rie da Netflix &#8220;Atypical&#8221;, o garoto autista chamado Sam, confessou em um dos epis\u00f3dios: &#8220;\u00c0s vezes n\u00e3o entendo o que os outros querem dizer e acabo me sentindo s\u00f3, mesmo com outros ao meu redor\u201d. A socializa\u00e7\u00e3o e cria\u00e7\u00e3o de la\u00e7os s\u00e3o extremamente dif\u00edceis para os<strong> autistas<\/strong>. Al\u00e9m disso, eles costumam realizar comportamentos repetitivos e parecem viver num mundo completamente privado e isolado, o que pode fazer com que que eles \u00a0n\u00e3o demonstrem interesse no que h\u00e1 fora desse universo particular.<\/p>\r\n\r\n\r\n\r\n<p>\u00c9 por isso que muitos pais v\u00eaem suas expectativas e desejos frustrados quando chega o diagn\u00f3stico, j\u00e1 que os <strong>sintomas do autismo<\/strong> podem envolver hiperatividade, choro, agressividade, dificuldade em estabelecer contato visual, repeti\u00e7\u00e3o de palavras e a\u00e7\u00f5es, impulsividade, gritos e intera\u00e7\u00e3o social diferente do padr\u00e3o.<\/p>\r\n\r\n\r\n\r\n<h2 class=\"wp-block-heading\">Sintomas de Autismo<\/h2>\r\n\r\n\r\n\r\n<p>\u00c9 importante ficar atento para o <strong>autismo e suas caracter\u00edsticas<\/strong>:<\/p>\r\n\r\n\r\n\r\n<ul>\r\n<li>Inabilidade para intera\u00e7\u00e3o social;<\/li>\r\n<li>Defasagem para dominar a l\u00edngua e se comunicar;<\/li>\r\n<li>Comportamentos repetitivos;<\/li>\r\n<li>Vive voltado para si;<\/li>\r\n<li>N\u00e3o estabelece contato visual;<\/li>\r\n<li>Entre outros.<\/li>\r\n<\/ul>\r\n\r\n\r\n\r\n<p>\u00c9 importante ressaltar que muitos autistas possuem intelig\u00eancia normal ou at\u00e9 superior, mas n\u00e3o conseguem organizar essas informa\u00e7\u00f5es a ponto de estabelecer comunica\u00e7\u00e3o ou aplic\u00e1-las em v\u00e1rias \u00e1reas.<\/p>\r\n\r\n\r\n\r\n<p>A <strong>crian\u00e7a autista<\/strong> \u00e9 mais f\u00e1cil de ser identificada, j\u00e1 que em casos mais graves, a discrep\u00e2ncia em seu comportamento \u00e9 not\u00e1vel. Mas o transtorno se apresenta em diversos graus. Em casos de <strong>autismo leve<\/strong>, como na<strong> s\u00edndrome de Asperger<\/strong>, onde n\u00e3o\u00a0 h\u00e1 problemas da fala e da intelig\u00eancia), \u00e9 preciso sempre estar de olho em qualquer sintoma aparente.\u00a0Nas formas graves, o paciente se mostra incapaz de manter qualquer tipo de contato interpessoal e \u00e9 portador de comportamento agressivo.<\/p>\r\n\r\n\r\n\r\n<p>Veja mais sinais do autismo aqui!<\/p>\r\n\r\n\r\n\r\n<h2 class=\"wp-block-heading\">A orienta\u00e7\u00e3o psicol\u00f3gica \u00e9 vital<\/h2>\r\n\r\n\r\n\r\n<p>A orienta\u00e7\u00e3o psicol\u00f3gica para a fam\u00edlia daqueles que precisam lidar com o <strong>autismo<\/strong> diariamente proporciona um olhar diferente para o caso.\u00a0 O psic\u00f3logo fornece conhecimento, explica\u00e7\u00f5es e tratamento, al\u00e9m de diferenciar diversas caracter\u00edsticas e detalhes da doen\u00e7a.<\/p>\r\n\r\n\r\n\r\n<p><a href=\"https:\/\/www.telavita.com.br\/blog\/a-importancia-da-orientacao-psicologica\/\">Atrav\u00e9s de acompanhamento<\/a>, \u00e9 poss\u00edvel n\u00e3o s\u00f3 identificar os principais sintomas apresentados pelo paciente, mas tamb\u00e9m analisar o contexto em que ele est\u00e1 inserido e como isso pode influenciar em suas atitudes. Isto \u00e9, as hist\u00f3rias familiares, pessoas que convivem frequentemente, aspectos culturais, sociecon\u00f4micos, entre outros.<\/p>\r\n\r\n\r\n\r\n<h2 class=\"wp-block-heading\">Objetivo da orienta\u00e7\u00e3o psicol\u00f3gica para os familiares<\/h2>\r\n\r\n\r\n\r\n<p>O processo n\u00e3o tem finalidade de erradicar os sintomas do paciente, afinal, o<strong> autismo n\u00e3o tem cura<\/strong>. O objetivo do acompanhamento psicol\u00f3gico para os pais \u00e9 ampliar o olhar sobre determinadas situa\u00e7\u00f5es e fazer um apanhado de sua origem para que saibam se comportar e\u00a0 ajudar quando as crises surgirem.<\/p>\r\n\r\n\r\n\r\n<p>Al\u00e9m disso, os pais, familiares e pessoas de conviv\u00eancia s\u00e3o fundamentais <a href=\"https:\/\/www.telavita.com.br\/blog\/autismo\/\">tanto para a terapia do pr\u00f3prio portador de autismo<\/a>, como tamb\u00e9m para receber dicas e conselhos. A partir disso, a fam\u00edlia passa a ser o ponto de partida para as mudan\u00e7as e melhora do paciente.<\/p>\r\n\r\n\r\n\r\n<p>Desde o <strong>diagn\u00f3stico de autismo<\/strong>, os familiares enfrentam diversas situa\u00e7\u00f5es de crise, seja pelo medo relacionado ao conv\u00edvio como tamb\u00e9m por terem que lidar com a doen\u00e7a e as amea\u00e7as externas que podem causar ao filho. Esse cen\u00e1rio traz consequ\u00eancias emocionais como <a href=\"https:\/\/www.telavita.com.br\/blog\/o-que-e-ansiedade\/\"><strong>ansiedade<\/strong><\/a>,\u00a0<strong>ang\u00fastia<\/strong>, <a href=\"https:\/\/www.telavita.com.br\/blog\/depressao\/\"><strong>depress\u00e3o<\/strong><\/a> e, em algumas situa\u00e7\u00f5es, s\u00edndromes espec\u00edficas.\u00a0<\/p>\r\n\r\n\r\n\r\n<p>O diagn\u00f3stico \u00e9 feito atrav\u00e9s de exames cl\u00ednicos e se d\u00e1 a partir do hist\u00f3rico e sintomas do paciente de acordo com os crit\u00e9rios estabelecidos por <strong>DSM\u2013IV (Manual de Diagn\u00f3stico e Estat\u00edstica da Sociedade Norte-Americana de Psiquiatria)<\/strong> e pelo <a href=\"https:\/\/www.cid10.com.br\/\"><strong>CID-10 (Classifica\u00e7\u00e3o Internacional de Doen\u00e7as da OMS)<\/strong>.<\/a><\/p>\r\n\r\n\r\n\r\n<p>N\u00e3o se tem conhecimento sobre as <strong>causas de autismo <\/strong>precisamente, mas pesquisas indicam que a <strong>predisposi\u00e7\u00e3o gen\u00e9tica<\/strong> seja uma delas. Outros estudos tamb\u00e9m comentam que fatores ambientais e infec\u00e7\u00f5es durante a gravidez podem ter papel importante no desenvolvimento do transtorno.<\/p>\r\n\r\n\r\n\r\n<h2 class=\"wp-block-heading\">Por que optar pela orienta\u00e7\u00e3o psicol\u00f3gica familiar?<\/h2>\r\n\r\n\r\n\r\n<p>O <strong>autismo e psicologia<\/strong> est\u00e3o intimamente ligados. Na s\u00e9rie da <strong>Netflix<\/strong>, <strong>&#8220;Atypical&#8221;<\/strong>, Sam\u00a0(Keir Gilchrist) \u00e9 diagnosticado dentro do <strong>espectro de autismo<\/strong> e faz acompanhamento psicol\u00f3gico com a especialista Julie (Amy Okuda). Mas foi no momento em que a terapia precisou parar que as crises de Sam voltaram.<\/p>\r\n\r\n\r\n\r\n<p><a href=\"https:\/\/www.telavita.com.br\/blog\/orientacao-psicologica-online\/\"> A psicologia \u00e9 capaz de identificar<\/a> o que mais alegra e incomoda os familiares da pessoa com autismo, e em meio a tudo isso, a grande dificuldade \u00e9 fazer os familiares enxergarem como sua participa\u00e7\u00e3o pode fazer com que os quadros de surtos diminuam.<\/p>\r\n\r\n\r\n\r\n<p>Al\u00e9m disso, eles t\u00eam a oportunidade de expor sentimentos e sair de uma zona comum de culpabiliza\u00e7\u00e3o, o que gera a sintonia de pensamentos e atitudes para que a vida da pessoa com autismo se desenvolva atrav\u00e9s da aten\u00e7\u00e3o e das a\u00e7\u00f5es necess\u00e1rias no momento certo.<\/p>\r\n\r\n\r\n\r\n<p><strong>Autismo tem cura? Por ser um dist\u00farbio\u00a0cr\u00f4nico, o\u00a0<\/strong><strong>autismo n\u00e3o tem cura. <\/strong>Ele n\u00e3o enxerga g\u00eanero ou classe social para dar as caras. O <strong>tratamento para autistas<\/strong> n\u00e3o segue um padr\u00e3o pr\u00e9-estabelecido e se d\u00e1\u00a0de acordo com as necessidades e restri\u00e7\u00f5es de cada caso.<\/p>\r\n\r\n\r\n\r\n<p>O acolhimento psicol\u00f3gico \u00e9 uma forma da fam\u00edlia entender o qu\u00e3o importante \u00e9 a presen\u00e7a de cada indiv\u00edduo como ferramenta de apoio e desenvolvimento do <strong>autista<\/strong>. \u00c9 vital a compreens\u00e3o\u00a0de todos os ciclos, o entendimento dos pensamentos e atitudes de todos os familiares para que, juntos, possam cuidar de momentos dif\u00edceis e vivenci\u00e1-los da forma mais natural poss\u00edvel.<\/p>\r\n\r\n\r\n\r\n<p>A <strong>Telavita <\/strong>\u00e9 uma plataforma de psicologia online pronta para acolher os pais que precisem de orienta\u00e7\u00e3o e apoio. Segundo as normas do <a href=\"https:\/\/site.cfp.org.br\/\">CFP (Conselho Federal de Psicologia)<\/a>, a psicologia online n\u00e3o pode atender <strong>pessoas no espectro do autismo<\/strong>, por\u00e9m estamos prontos para ajudar qualquer um que necessite lidar com o conv\u00edvio de uma pessoa querida e autista.<\/p>\r\n","protected":false},"excerpt":{"rendered":"<p>O impacto do diagn\u00f3stico assusta. A orienta\u00e7\u00e3o psicol\u00f3gica \u00e9 vital para que a pessoa autista e seu familiar se\u00a0sintam\u00a0mais\u00a0informados,\u00a0guiados\u00a0e\u00a0confort\u00e1veis\u00a0com\u00a0o\u00a0espectro. 70 milh\u00f5es. Esse \u00e9 o n\u00famero que a OMS (Organiza\u00e7\u00e3o Mundial da Sa\u00fade) estima de pessoas com autismo em todo o mundo. Para se ter uma ideia, esse \u00e9 quase o n\u00famero de habitantes de pa\u00edses [&hellip;]<\/p>\n","protected":false},"author":8,"featured_media":2380,"comment_status":"open","ping_status":"open","sticky":false,"template":"","format":"standard","meta":{"_lmt_disableupdate":"","_lmt_disable":"","footnotes":""},"categories":[251],"tags":[],"yoast_head":"<!-- This site is optimized with the Yoast SEO plugin v19.8 - https:\/\/yoast.com\/wordpress\/plugins\/seo\/ -->\n<title>Orienta\u00e7\u00e3o Psicol\u00f3gica Ajuda Fam\u00edlia de Pessoas Com Autismo - TelaVita<\/title>\n<meta name=\"description\" content=\"Descubra como o psic\u00f3logo pode ajudar os familiares do autista! Existem t\u00e9cnicas e maneiras \u00fanicas que facilitam a conviv\u00eancia com o autismo. Confira!\" \/>\n<meta name=\"robots\" content=\"index, follow, max-snippet:-1, max-image-preview:large, max-video-preview:-1\" \/>\n<link rel=\"canonical\" href=\"https:\/\/www.telavita.com.br\/blog\/familia-de-autista\/\" \/>\n<meta property=\"og:locale\" content=\"pt_BR\" \/>\n<meta property=\"og:type\" content=\"article\" \/>\n<meta property=\"og:title\" content=\"Orienta\u00e7\u00e3o Psicol\u00f3gica Ajuda Fam\u00edlia de Pessoas Com Autismo - TelaVita\" \/>\n<meta property=\"og:description\" content=\"Descubra como o psic\u00f3logo pode ajudar os familiares do autista! Existem t\u00e9cnicas e maneiras \u00fanicas que facilitam a conviv\u00eancia com o autismo. Confira!\" \/>\n<meta property=\"og:url\" content=\"https:\/\/www.telavita.com.br\/blog\/familia-de-autista\/\" \/>\n<meta property=\"og:site_name\" content=\"Telavita\" \/>\n<meta property=\"article:publisher\" content=\"https:\/\/www.facebook.com\/Telavita\" \/>\n<meta property=\"article:published_time\" content=\"2019-03-19T11:00:45+00:00\" \/>\n<meta property=\"article:modified_time\" content=\"2024-06-27T17:54:06+00:00\" \/>\n<meta property=\"og:image\" content=\"https:\/\/www.telavita.com.br\/blog\/wp-content\/uploads\/2018\/09\/autismo.jpg\" \/>\n\t<meta property=\"og:image:width\" content=\"900\" \/>\n\t<meta property=\"og:image:height\" content=\"560\" \/>\n\t<meta property=\"og:image:type\" content=\"image\/jpeg\" \/>\n<meta name=\"author\" content=\"Juliana Sonsin\" \/>\n<meta name=\"twitter:card\" content=\"summary_large_image\" \/>\n<meta name=\"twitter:label1\" content=\"Escrito por\" \/>\n\t<meta name=\"twitter:data1\" content=\"Juliana Sonsin\" \/>\n\t<meta name=\"twitter:label2\" content=\"Est. tempo de leitura\" \/>\n\t<meta name=\"twitter:data2\" content=\"8 minutos\" \/>\n<!-- \/ Yoast SEO plugin. -->","yoast_head_json":{"title":"Orienta\u00e7\u00e3o Psicol\u00f3gica Ajuda Fam\u00edlia de Pessoas Com Autismo - TelaVita","description":"Descubra como o psic\u00f3logo pode ajudar os familiares do autista! Existem t\u00e9cnicas e maneiras \u00fanicas que facilitam a conviv\u00eancia com o autismo. Confira!","robots":{"index":"index","follow":"follow","max-snippet":"max-snippet:-1","max-image-preview":"max-image-preview:large","max-video-preview":"max-video-preview:-1"},"canonical":"https:\/\/www.telavita.com.br\/blog\/familia-de-autista\/","og_locale":"pt_BR","og_type":"article","og_title":"Orienta\u00e7\u00e3o Psicol\u00f3gica Ajuda Fam\u00edlia de Pessoas Com Autismo - TelaVita","og_description":"Descubra como o psic\u00f3logo pode ajudar os familiares do autista! Existem t\u00e9cnicas e maneiras \u00fanicas que facilitam a conviv\u00eancia com o autismo. Confira!","og_url":"https:\/\/www.telavita.com.br\/blog\/familia-de-autista\/","og_site_name":"Telavita","article_publisher":"https:\/\/www.facebook.com\/Telavita","article_published_time":"2019-03-19T11:00:45+00:00","article_modified_time":"2024-06-27T17:54:06+00:00","og_image":[{"width":900,"height":560,"url":"https:\/\/www.telavita.com.br\/blog\/wp-content\/uploads\/2018\/09\/autismo.jpg","type":"image\/jpeg"}],"author":"Juliana Sonsin","twitter_card":"summary_large_image","twitter_misc":{"Escrito por":"Juliana Sonsin","Est. tempo de leitura":"8 minutos"},"schema":{"@context":"https:\/\/schema.org","@graph":[{"@type":"Article","@id":"https:\/\/www.telavita.com.br\/blog\/familia-de-autista\/#article","isPartOf":{"@id":"https:\/\/www.telavita.com.br\/blog\/familia-de-autista\/"},"author":{"name":"Juliana Sonsin","@id":"https:\/\/www.telavita.com.br\/blog\/#\/schema\/person\/c9d2f268651fd6d6bf440495dd23b40e"},"headline":"Os benef\u00edcios da orienta\u00e7\u00e3o psicol\u00f3gica na fam\u00edlia de pessoas com autismo","datePublished":"2019-03-19T11:00:45+00:00","dateModified":"2024-06-27T17:54:06+00:00","mainEntityOfPage":{"@id":"https:\/\/www.telavita.com.br\/blog\/familia-de-autista\/"},"wordCount":1598,"commentCount":1,"publisher":{"@id":"https:\/\/www.telavita.com.br\/blog\/#organization"},"articleSection":["Autismo"],"inLanguage":"pt-BR","potentialAction":[{"@type":"CommentAction","name":"Comment","target":["https:\/\/www.telavita.com.br\/blog\/familia-de-autista\/#respond"]}]},{"@type":"WebPage","@id":"https:\/\/www.telavita.com.br\/blog\/familia-de-autista\/","url":"https:\/\/www.telavita.com.br\/blog\/familia-de-autista\/","name":"Orienta\u00e7\u00e3o Psicol\u00f3gica Ajuda Fam\u00edlia de Pessoas Com Autismo - TelaVita","isPartOf":{"@id":"https:\/\/www.telavita.com.br\/blog\/#website"},"datePublished":"2019-03-19T11:00:45+00:00","dateModified":"2024-06-27T17:54:06+00:00","description":"Descubra como o psic\u00f3logo pode ajudar os familiares do autista! Existem t\u00e9cnicas e maneiras \u00fanicas que facilitam a conviv\u00eancia com o autismo. Confira!","breadcrumb":{"@id":"https:\/\/www.telavita.com.br\/blog\/familia-de-autista\/#breadcrumb"},"inLanguage":"pt-BR","potentialAction":[{"@type":"ReadAction","target":["https:\/\/www.telavita.com.br\/blog\/familia-de-autista\/"]}]},{"@type":"BreadcrumbList","@id":"https:\/\/www.telavita.com.br\/blog\/familia-de-autista\/#breadcrumb","itemListElement":[{"@type":"ListItem","position":1,"name":"In\u00edcio","item":"https:\/\/www.telavita.com.br\/blog\/"},{"@type":"ListItem","position":2,"name":"Os benef\u00edcios da orienta\u00e7\u00e3o psicol\u00f3gica na fam\u00edlia de pessoas com autismo"}]},{"@type":"WebSite","@id":"https:\/\/www.telavita.com.br\/blog\/#website","url":"https:\/\/www.telavita.com.br\/blog\/","name":"Telavita","description":"Conte\u00fados especializados sobre sa\u00fade mental e bem-estar","publisher":{"@id":"https:\/\/www.telavita.com.br\/blog\/#organization"},"potentialAction":[{"@type":"SearchAction","target":{"@type":"EntryPoint","urlTemplate":"https:\/\/www.telavita.com.br\/blog\/?s={search_term_string}"},"query-input":"required name=search_term_string"}],"inLanguage":"pt-BR"},{"@type":"Organization","@id":"https:\/\/www.telavita.com.br\/blog\/#organization","name":"Telavita","url":"https:\/\/www.telavita.com.br\/blog\/","sameAs":["https:\/\/www.linkedin.com\/company\/telavita\/mycompany\/verification\/","https:\/\/www.instagram.com\/telavita\/","https:\/\/www.facebook.com\/Telavita"],"logo":{"@type":"ImageObject","inLanguage":"pt-BR","@id":"https:\/\/www.telavita.com.br\/blog\/#\/schema\/logo\/image\/","url":"https:\/\/www.telavita.com.br\/blog\/wp-content\/uploads\/2021\/05\/telavita.jpg","contentUrl":"https:\/\/www.telavita.com.br\/blog\/wp-content\/uploads\/2021\/05\/telavita.jpg","width":200,"height":200,"caption":"Telavita"},"image":{"@id":"https:\/\/www.telavita.com.br\/blog\/#\/schema\/logo\/image\/"}},{"@type":"Person","@id":"https:\/\/www.telavita.com.br\/blog\/#\/schema\/person\/c9d2f268651fd6d6bf440495dd23b40e","name":"Juliana Sonsin","image":{"@type":"ImageObject","inLanguage":"pt-BR","@id":"https:\/\/www.telavita.com.br\/blog\/#\/schema\/person\/image\/","url":"https:\/\/secure.gravatar.com\/avatar\/dfb14c6228cdf7312fea984efc84d04e?s=96&d=mm&r=g","contentUrl":"https:\/\/secure.gravatar.com\/avatar\/dfb14c6228cdf7312fea984efc84d04e?s=96&d=mm&r=g","caption":"Juliana Sonsin"},"description":"Jornalista formada pela Faculdade C\u00e1sper Libero e especializada em sa\u00fade. Apaixonada por escrever roteiros de v\u00eddeos, produzir (e assistir) document\u00e1rios e ler sobre tudo um pouco. Acredito no jornalismo \u00e9tico como um meio de trazer ao p\u00fablico informa\u00e7\u00f5es e hist\u00f3rias que valem a pena serem contadas. Gosto de viajar, fazer yoga e assistir s\u00e9ries.","url":"https:\/\/www.telavita.com.br\/blog\/author\/juliana-sonsin\/"}]}},"modified_by":null,"_links":{"self":[{"href":"https:\/\/www.telavita.com.br\/blog\/wp-json\/wp\/v2\/posts\/1628"}],"collection":[{"href":"https:\/\/www.telavita.com.br\/blog\/wp-json\/wp\/v2\/posts"}],"about":[{"href":"https:\/\/www.telavita.com.br\/blog\/wp-json\/wp\/v2\/types\/post"}],"author":[{"embeddable":true,"href":"https:\/\/www.telavita.com.br\/blog\/wp-json\/wp\/v2\/users\/8"}],"replies":[{"embeddable":true,"href":"https:\/\/www.telavita.com.br\/blog\/wp-json\/wp\/v2\/comments?post=1628"}],"version-history":[{"count":23,"href":"https:\/\/www.telavita.com.br\/blog\/wp-json\/wp\/v2\/posts\/1628\/revisions"}],"predecessor-version":[{"id":9508,"href":"https:\/\/www.telavita.com.br\/blog\/wp-json\/wp\/v2\/posts\/1628\/revisions\/9508"}],"wp:featuredmedia":[{"embeddable":true,"href":"https:\/\/www.telavita.com.br\/blog\/wp-json\/wp\/v2\/media\/2380"}],"wp:attachment":[{"href":"https:\/\/www.telavita.com.br\/blog\/wp-json\/wp\/v2\/media?parent=1628"}],"wp:term":[{"taxonomy":"category","embeddable":true,"href":"https:\/\/www.telavita.com.br\/blog\/wp-json\/wp\/v2\/categories?post=1628"},{"taxonomy":"post_tag","embeddable":true,"href":"https:\/\/www.telavita.com.br\/blog\/wp-json\/wp\/v2\/tags?post=1628"}],"curies":[{"name":"wp","href":"https:\/\/api.w.org\/{rel}","templated":true}]}}