{"id":176,"date":"2017-02-20T14:44:52","date_gmt":"2017-02-20T17:44:52","guid":{"rendered":"https:\/\/www.telavita.com.br\/blog\/?p=176"},"modified":"2025-12-08T19:06:40","modified_gmt":"2025-12-08T21:06:40","slug":"hipocondria","status":"publish","type":"post","link":"https:\/\/www.telavita.com.br\/blog\/hipocondria\/","title":{"rendered":"Hipocondria &#8211; Conhe\u00e7a as causas e sintomas deste transtorno"},"content":{"rendered":"<p>A <strong>hipocondria<\/strong>, por\u00e9m, tamb\u00e9m conhecida como transtorno de ansiedade som\u00e1tica, \u00e9 uma condi\u00e7\u00e3o psicol\u00f3gica em que uma pessoa tem uma preocupa\u00e7\u00e3o excessiva e persistente com a ideia de ter uma doen\u00e7a grave.<\/p>\n<div class=\"group w-full text-gray-800 dark:text-gray-100 border-b border-black\/10 dark:border-gray-900\/50 bg-gray-50 dark:bg-[#444654]\">\n<div class=\"flex p-4 gap-4 text-base md:gap-6 md:max-w-2xl lg:max-w-xl xl:max-w-3xl md:py-6 lg:px-0 m-auto\">\n<div class=\"relative flex w-[calc(100%-50px)] flex-col gap-1 md:gap-3 lg:w-[calc(100%-115px)]\">\n<div class=\"flex flex-grow flex-col gap-3\">\n<div class=\"min-h-[20px] flex flex-col items-start gap-4 whitespace-pre-wrap break-words\">\n<div class=\"markdown prose w-full break-words dark:prose-invert light\">\n<p>No entanto, essa preocupa\u00e7\u00e3o intensa com a sa\u00fade pode<strong> afetar negativamente a <a href=\"https:\/\/www.telavita.com.br\/blog\/qualidade-de-vida\/\">qualidade de vida<\/a><\/strong>, o funcionamento di\u00e1rio e os relacionamentos interpessoais da pessoa. Al\u00e9m disso, a hipocondria pode, adicionalmente, <strong>levar ao excesso de automedica\u00e7\u00e3o<\/strong>, o que se configura como um elemento perigoso para a sa\u00fade humana.<\/p>\n<\/div>\n<\/div>\n<\/div>\n<\/div>\n<\/div>\n<\/div>\n<h2><strong>Caracter\u00edsticas da Hipocondria<\/strong><\/h2>\n<p>Para a psicologia, a hipocondria \u00e9 vista como um transtorno psicol\u00f3gico. Isso pois, envolve a <strong>interpreta\u00e7\u00e3o distorcida de sensa\u00e7\u00f5es corporais normais e a atribui\u00e7\u00e3o de significados negativos e amea\u00e7adores a elas.<\/strong><\/p>\n<p>Dessa forma, os indiv\u00edduos com hipocondria tendem a superestimar a gravidade de suas queixas f\u00edsicas e a interpret\u00e1-las como sintomas de doen\u00e7as graves, <strong>mesmo que n\u00e3o haja fundamentos m\u00e9dicos para isso.<\/strong><\/p>\n<p>Nesse sentido, a hipocondria est\u00e1 associada a uma <strong><a href=\"https:\/\/www.telavita.com.br\/blog\/sintomas-ansiedade-generalizada\/\">intensa ansiedade<\/a><\/strong> e <strong>medo de ter uma doen\u00e7a grave.<\/strong> Logo, essa preocupa\u00e7\u00e3o persistente com a sa\u00fade pode levar a comportamentos de busca excessiva de informa\u00e7\u00f5es m\u00e9dicas, visitas frequentes a m\u00e9dicos e realiza\u00e7\u00e3o de exames desnecess\u00e1rios.<\/p>\n<h2><strong>Sintomas da Hipocondria<\/strong><\/h2>\n<p>Os sintomas mais acentuados e comuns da Hipocondria s\u00e3o:<\/p>\n<ul>\n<li>Excesso de preocupa\u00e7\u00e3o com a pr\u00f3pria sa\u00fade;<\/li>\n<li>Medo descontrolado de ser acometido por alguma doen\u00e7a grave;<\/li>\n<li>Muito conhecimento sobre doen\u00e7as, na maioria das vezes hist\u00f3rias de pessoas que ela j\u00e1 escutou e que foram v\u00edtimas de algum problema de sa\u00fade;<\/li>\n<li>A pessoa se auto reconhece em doen\u00e7as de outros;<\/li>\n<li>Sempre sente dores no corpo;<\/li>\n<li>Certeza de que h\u00e1 algo errado com a sua sa\u00fade;<\/li>\n<li>Ningu\u00e9m identifica nem reconhece o motivo das queixas da falta de sa\u00fade;<\/li>\n<li>Fica muito irritado quando o m\u00e9dico n\u00e3o confirma nenhuma doen\u00e7a em seu diagn\u00f3stico;<\/li>\n<li>Faz uso excessivo de rem\u00e9dios para qualquer dor que sente.<\/li>\n<\/ul>\n<h2><strong>Causas do surgimento da Hipocondria<\/strong><\/h2>\n<div class=\"group w-full text-gray-800 dark:text-gray-100 border-b border-black\/10 dark:border-gray-900\/50 bg-gray-50 dark:bg-[#444654]\">\n<div class=\"flex p-4 gap-4 text-base md:gap-6 md:max-w-2xl lg:max-w-xl xl:max-w-3xl md:py-6 lg:px-0 m-auto\">\n<div class=\"relative flex w-[calc(100%-50px)] flex-col gap-1 md:gap-3 lg:w-[calc(100%-115px)]\">\n<div class=\"flex flex-grow flex-col gap-3\">\n<div class=\"min-h-[20px] flex flex-col items-start gap-4 whitespace-pre-wrap break-words\">\n<div class=\"markdown prose w-full break-words dark:prose-invert light\">\n<p>Os especialistas n\u00e3o compreendem totalmente <strong>as causas exatas<\/strong> do transtorno hipocondr\u00edaco, tamb\u00e9m conhecido como transtorno de ansiedade som\u00e1tica ou transtorno de ansiedade de doen\u00e7a. No entanto, v\u00e1rios fatores podem contribuir para o seu desenvolvimento.<strong> Aqui est\u00e3o algumas poss\u00edveis causas:<\/strong><\/p>\n<\/div>\n<\/div>\n<\/div>\n<\/div>\n<\/div>\n<\/div>\n<ul>\n<li>Predisposi\u00e7\u00e3o gen\u00e9tica;<\/li>\n<li>Experi\u00eancias traum\u00e1ticas passadas;<\/li>\n<li>Ser superprotegido durante seu desenvolvimento;<\/li>\n<li>Receber cuidados excessivos quando crian\u00e7a para qualquer problema simples de sa\u00fade;<\/li>\n<li>Vivencia de mortes prematuras de pessoas queridas;<\/li>\n<li>Ter algum outro <strong><a href=\"https:\/\/www.telavita.com.br\/blog\/5-sinais-de-ansiedade\/\">transtorno de ansiedade<\/a><\/strong>;<\/li>\n<li>Desenvolvimento infantil controlado por pais negligentes.<\/li>\n<\/ul>\n<p>Contudo, \u00e9 importante entender que <strong>o hipocondr\u00edaco realmente sente a doen\u00e7a que criou em sua mente.<\/strong> Sendo assim, as dores s\u00e3o reais, sejam elas causadas pelo seu psicol\u00f3gico ou por algum esfor\u00e7o normal do dia a dia.<\/p>\n<h2><strong>Tratamento para pessoas hipocondr\u00edacas<\/strong><\/h2>\n<p>O <strong>tratamento para a Hipocondria<\/strong> \u00e9 realizado a partir das terapias com psic\u00f3logo. Diante disso, geralmente, a abordagem mais procurada para esse tipo de tratamento \u00e9 a TCC, <strong><a href=\"https:\/\/www.telavita.com.br\/blog\/terapia-cognitiva-comportamental\/\">terapia cognitivo-comportamental.<\/a><\/strong><\/p>\n<p>Nesse tipo de terapia, o indiv\u00edduo trabalha com um terapeuta para<strong> identificar e desafiar os padr\u00f5es de pensamento negativos e distorcidos relacionados \u00e0 sa\u00fade.<\/strong> Assim, o terapeuta ajuda a pessoa a substituir esses padr\u00f5es por pensamentos mais realistas e adaptativos.<\/p>\n<p>Ainda, em alguns casos, os medicamentos podem ser prescritos para ajudar a reduzir a ansiedade e os sintomas relacionados \u00e0 hipocondria. Portanto, os <strong><a href=\"https:\/\/www.telavita.com.br\/blog\/antidepressivos\/\">antidepressivos e ansiol\u00edticos<\/a><\/strong> podem ser utilizados para<strong> ajudar a controlar a ansiedade e a obsess\u00e3o com a sa\u00fade.\u00a0<\/strong><\/p>\n<p>O primeiro passo para tratar a Hipocondria \u00e9<strong> reconhecer o problema.<\/strong><\/p>\n<span class='mb-center maxbutton-4-center'><span class='maxbutton-4-container mb-container'><a class=\"maxbutton-4 maxbutton maxbutton-manda-para-o-catalogo-de-psicologos\" href=\"https:\/\/app.telavita.com.br\/psicologia-online\/encontre-seu-psicologo\"><span class='mb-text'>Encontre seu psic\u00f3logo online<\/span><\/a><\/span><\/span>\n","protected":false},"excerpt":{"rendered":"<p>A hipocondria, por\u00e9m, tamb\u00e9m conhecida como transtorno de ansiedade som\u00e1tica, \u00e9 uma condi\u00e7\u00e3o psicol\u00f3gica em que uma pessoa tem uma preocupa\u00e7\u00e3o excessiva e persistente com a ideia de ter uma doen\u00e7a grave. No entanto, essa preocupa\u00e7\u00e3o intensa com a sa\u00fade pode afetar negativamente a qualidade de vida, o funcionamento di\u00e1rio e os relacionamentos interpessoais da [&hellip;]<\/p>\n","protected":false},"author":11,"featured_media":186,"comment_status":"open","ping_status":"open","sticky":false,"template":"","format":"standard","meta":{"_lmt_disableupdate":"no","_lmt_disable":"no","footnotes":""},"categories":[32],"tags":[],"yoast_head":"<!-- This site is optimized with the Yoast SEO plugin v19.8 - https:\/\/yoast.com\/wordpress\/plugins\/seo\/ -->\n<title>Hipocondria: causas e caracter\u00edsticas do transtorno | Telavita<\/title>\n<meta name=\"description\" content=\"A hipocondria pode ser prejudicial para a qualidade de vida da pessoa. Saiba suas caracter\u00edsticas e tipos de tratamento.\" \/>\n<meta name=\"robots\" content=\"index, follow, max-snippet:-1, max-image-preview:large, max-video-preview:-1\" \/>\n<link rel=\"canonical\" href=\"https:\/\/www.telavita.com.br\/blog\/hipocondria\/\" \/>\n<meta property=\"og:locale\" content=\"pt_BR\" \/>\n<meta property=\"og:type\" content=\"article\" \/>\n<meta property=\"og:title\" content=\"Hipocondria: causas e caracter\u00edsticas do transtorno | Telavita\" \/>\n<meta property=\"og:description\" content=\"A hipocondria pode ser prejudicial para a qualidade de vida da pessoa. Saiba suas caracter\u00edsticas e tipos de tratamento.\" \/>\n<meta property=\"og:url\" content=\"https:\/\/www.telavita.com.br\/blog\/hipocondria\/\" \/>\n<meta property=\"og:site_name\" content=\"Telavita\" \/>\n<meta property=\"article:publisher\" content=\"https:\/\/www.facebook.com\/Telavita\" \/>\n<meta property=\"article:published_time\" content=\"2017-02-20T17:44:52+00:00\" \/>\n<meta property=\"article:modified_time\" content=\"2025-12-08T21:06:40+00:00\" \/>\n<meta property=\"og:image\" content=\"https:\/\/www.telavita.com.br\/blog\/wp-content\/uploads\/2017\/02\/hipocondria.jpg\" \/>\n\t<meta property=\"og:image:width\" content=\"900\" \/>\n\t<meta property=\"og:image:height\" content=\"560\" \/>\n\t<meta property=\"og:image:type\" content=\"image\/jpeg\" \/>\n<meta name=\"author\" content=\"Telavita\" \/>\n<meta name=\"twitter:card\" content=\"summary_large_image\" \/>\n<meta name=\"twitter:label1\" content=\"Escrito por\" \/>\n\t<meta name=\"twitter:data1\" content=\"Telavita\" \/>\n\t<meta name=\"twitter:label2\" content=\"Est. tempo de leitura\" \/>\n\t<meta name=\"twitter:data2\" content=\"4 minutos\" \/>\n<!-- \/ Yoast SEO plugin. -->","yoast_head_json":{"title":"Hipocondria: causas e caracter\u00edsticas do transtorno | Telavita","description":"A hipocondria pode ser prejudicial para a qualidade de vida da pessoa. Saiba suas caracter\u00edsticas e tipos de tratamento.","robots":{"index":"index","follow":"follow","max-snippet":"max-snippet:-1","max-image-preview":"max-image-preview:large","max-video-preview":"max-video-preview:-1"},"canonical":"https:\/\/www.telavita.com.br\/blog\/hipocondria\/","og_locale":"pt_BR","og_type":"article","og_title":"Hipocondria: causas e caracter\u00edsticas do transtorno | Telavita","og_description":"A hipocondria pode ser prejudicial para a qualidade de vida da pessoa. Saiba suas caracter\u00edsticas e tipos de tratamento.","og_url":"https:\/\/www.telavita.com.br\/blog\/hipocondria\/","og_site_name":"Telavita","article_publisher":"https:\/\/www.facebook.com\/Telavita","article_published_time":"2017-02-20T17:44:52+00:00","article_modified_time":"2025-12-08T21:06:40+00:00","og_image":[{"width":900,"height":560,"url":"https:\/\/www.telavita.com.br\/blog\/wp-content\/uploads\/2017\/02\/hipocondria.jpg","type":"image\/jpeg"}],"author":"Telavita","twitter_card":"summary_large_image","twitter_misc":{"Escrito por":"Telavita","Est. tempo de leitura":"4 minutos"},"schema":{"@context":"https:\/\/schema.org","@graph":[{"@type":"Article","@id":"https:\/\/www.telavita.com.br\/blog\/hipocondria\/#article","isPartOf":{"@id":"https:\/\/www.telavita.com.br\/blog\/hipocondria\/"},"author":{"name":"Telavita","@id":"https:\/\/www.telavita.com.br\/blog\/#\/schema\/person\/365e554815ae72366924ab1f2b06fdaa"},"headline":"Hipocondria &#8211; Conhe\u00e7a as causas e sintomas deste transtorno","datePublished":"2017-02-20T17:44:52+00:00","dateModified":"2025-12-08T21:06:40+00:00","mainEntityOfPage":{"@id":"https:\/\/www.telavita.com.br\/blog\/hipocondria\/"},"wordCount":628,"commentCount":0,"publisher":{"@id":"https:\/\/www.telavita.com.br\/blog\/#organization"},"articleSection":["Transtornos Psicol\u00f3gicos"],"inLanguage":"pt-BR","potentialAction":[{"@type":"CommentAction","name":"Comment","target":["https:\/\/www.telavita.com.br\/blog\/hipocondria\/#respond"]}]},{"@type":"WebPage","@id":"https:\/\/www.telavita.com.br\/blog\/hipocondria\/","url":"https:\/\/www.telavita.com.br\/blog\/hipocondria\/","name":"Hipocondria: causas e caracter\u00edsticas do transtorno | Telavita","isPartOf":{"@id":"https:\/\/www.telavita.com.br\/blog\/#website"},"datePublished":"2017-02-20T17:44:52+00:00","dateModified":"2025-12-08T21:06:40+00:00","description":"A hipocondria pode ser prejudicial para a qualidade de vida da pessoa. Saiba suas caracter\u00edsticas e tipos de tratamento.","breadcrumb":{"@id":"https:\/\/www.telavita.com.br\/blog\/hipocondria\/#breadcrumb"},"inLanguage":"pt-BR","potentialAction":[{"@type":"ReadAction","target":["https:\/\/www.telavita.com.br\/blog\/hipocondria\/"]}]},{"@type":"BreadcrumbList","@id":"https:\/\/www.telavita.com.br\/blog\/hipocondria\/#breadcrumb","itemListElement":[{"@type":"ListItem","position":1,"name":"In\u00edcio","item":"https:\/\/www.telavita.com.br\/blog\/"},{"@type":"ListItem","position":2,"name":"Hipocondria &#8211; Conhe\u00e7a as causas e sintomas deste transtorno"}]},{"@type":"WebSite","@id":"https:\/\/www.telavita.com.br\/blog\/#website","url":"https:\/\/www.telavita.com.br\/blog\/","name":"Telavita","description":"Conte\u00fados especializados sobre sa\u00fade mental e bem-estar","publisher":{"@id":"https:\/\/www.telavita.com.br\/blog\/#organization"},"potentialAction":[{"@type":"SearchAction","target":{"@type":"EntryPoint","urlTemplate":"https:\/\/www.telavita.com.br\/blog\/?s={search_term_string}"},"query-input":"required name=search_term_string"}],"inLanguage":"pt-BR"},{"@type":"Organization","@id":"https:\/\/www.telavita.com.br\/blog\/#organization","name":"Telavita","url":"https:\/\/www.telavita.com.br\/blog\/","sameAs":["https:\/\/www.linkedin.com\/company\/telavita\/mycompany\/verification\/","https:\/\/www.instagram.com\/telavita\/","https:\/\/www.facebook.com\/Telavita"],"logo":{"@type":"ImageObject","inLanguage":"pt-BR","@id":"https:\/\/www.telavita.com.br\/blog\/#\/schema\/logo\/image\/","url":"https:\/\/www.telavita.com.br\/blog\/wp-content\/uploads\/2021\/05\/telavita.jpg","contentUrl":"https:\/\/www.telavita.com.br\/blog\/wp-content\/uploads\/2021\/05\/telavita.jpg","width":200,"height":200,"caption":"Telavita"},"image":{"@id":"https:\/\/www.telavita.com.br\/blog\/#\/schema\/logo\/image\/"}},{"@type":"Person","@id":"https:\/\/www.telavita.com.br\/blog\/#\/schema\/person\/365e554815ae72366924ab1f2b06fdaa","name":"Telavita","image":{"@type":"ImageObject","inLanguage":"pt-BR","@id":"https:\/\/www.telavita.com.br\/blog\/#\/schema\/person\/image\/","url":"https:\/\/secure.gravatar.com\/avatar\/ac2e61ce00e3238eb646b649fdcae5e4?s=96&d=mm&r=g","contentUrl":"https:\/\/secure.gravatar.com\/avatar\/ac2e61ce00e3238eb646b649fdcae5e4?s=96&d=mm&r=g","caption":"Telavita"},"url":"https:\/\/www.telavita.com.br\/blog\/author\/telavita\/"}]}},"modified_by":"Marcelo Vilas Boas","_links":{"self":[{"href":"https:\/\/www.telavita.com.br\/blog\/wp-json\/wp\/v2\/posts\/176"}],"collection":[{"href":"https:\/\/www.telavita.com.br\/blog\/wp-json\/wp\/v2\/posts"}],"about":[{"href":"https:\/\/www.telavita.com.br\/blog\/wp-json\/wp\/v2\/types\/post"}],"author":[{"embeddable":true,"href":"https:\/\/www.telavita.com.br\/blog\/wp-json\/wp\/v2\/users\/11"}],"replies":[{"embeddable":true,"href":"https:\/\/www.telavita.com.br\/blog\/wp-json\/wp\/v2\/comments?post=176"}],"version-history":[{"count":13,"href":"https:\/\/www.telavita.com.br\/blog\/wp-json\/wp\/v2\/posts\/176\/revisions"}],"predecessor-version":[{"id":9694,"href":"https:\/\/www.telavita.com.br\/blog\/wp-json\/wp\/v2\/posts\/176\/revisions\/9694"}],"wp:featuredmedia":[{"embeddable":true,"href":"https:\/\/www.telavita.com.br\/blog\/wp-json\/wp\/v2\/media\/186"}],"wp:attachment":[{"href":"https:\/\/www.telavita.com.br\/blog\/wp-json\/wp\/v2\/media?parent=176"}],"wp:term":[{"taxonomy":"category","embeddable":true,"href":"https:\/\/www.telavita.com.br\/blog\/wp-json\/wp\/v2\/categories?post=176"},{"taxonomy":"post_tag","embeddable":true,"href":"https:\/\/www.telavita.com.br\/blog\/wp-json\/wp\/v2\/tags?post=176"}],"curies":[{"name":"wp","href":"https:\/\/api.w.org\/{rel}","templated":true}]}}