{"id":2039,"date":"2018-09-05T09:40:25","date_gmt":"2018-09-05T12:40:25","guid":{"rendered":"https:\/\/www.telavita.com.br\/blog\/?p=2039"},"modified":"2023-08-23T13:20:21","modified_gmt":"2023-08-23T16:20:21","slug":"7-sinais-suicidio","status":"publish","type":"post","link":"https:\/\/www.telavita.com.br\/blog\/7-sinais-suicidio\/","title":{"rendered":"Veja 7 sinais de comportamento suicida"},"content":{"rendered":"\r\n<p>O <strong>comportamento suicida<\/strong> \u00e9 um assunto de extrema sensibilidade e import\u00e2ncia, que exige compreens\u00e3o, empatia e a\u00e7\u00e3o imediata. Nossa sociedade muitas vezes lida com desafios emocionais profundos e complexos, e um dos resultados mais preocupantes dessas lutas \u00e9 a manifesta\u00e7\u00e3o de pensamentos e comportamentos suicidas.<\/p>\r\n<p>Logo, \u00e9 fundamental reconhecer que as pessoas que enfrentam essas situa\u00e7\u00f5es est\u00e3o passando por uma dor profunda <strong>e, muitas vezes, silenciosa.<\/strong> Neste discurso, exploraremos diversos sinais de comportamento suicida e suas explica\u00e7\u00f5es subjacentes.<\/p>\r\n<h2><strong>O caso de Kurt Cobain<\/strong><\/h2>\r\n<p>O dia 5 de abril de 1994 parou o mundo quando, em pleno auge de sua carreira musical, o jovem vocalista da banda Nirvana, <strong>Kurt Cobain<\/strong>, tirou a pr\u00f3pria vida. Entretanto em sua <strong>carta de suic\u00eddio<\/strong>, o m\u00fasico escreveu:<\/p>\r\n<p><em>&#8220;Eu n\u00e3o tenho sentido a excita\u00e7\u00e3o de ouvir, bem como criar m\u00fasica, juntamente com a leitura e a escrita, faz muitos anos. <strong>Eu me sinto culpado<\/strong> por essas coisas al\u00e9m do que posso expressar em palavras&#8221;.\u00a0<\/em><\/p>\r\n\r\n\r\n\r\n<p>A not\u00edcia chocou a todos pois foi uma <strong>morte silenciosa.<\/strong> Isso pois, ningu\u00e9m esperava que Kurt realmente o faria. A verdade \u00e9 que o suic\u00eddio, mesmo 24 anos ap\u00f3s a morte de um dos \u00edcones do rock dos anos 1990, continua um<strong> tabu<\/strong> e seus <strong>n\u00fameros aumentam a cada dia.<\/strong><\/p>\r\n\r\n\r\n\r\n<p>\u00c9 por isso que a <a href=\"https:\/\/www.abeps.org.br\/\"><strong>Associa\u00e7\u00e3o Internacional para Preven\u00e7\u00e3o do Suic\u00eddio (ABEPS<\/strong><\/a>) e a <a href=\"http:\/\/www.who.int\/eportuguese\/countries\/bra\/pt\/\"><strong>Organiza\u00e7\u00e3o Mundial de Sa\u00fade (OMS)<\/strong> <\/a>instituiu <strong>o dia 10 de setembro como o Dia Mundial da Preven\u00e7\u00e3o do Suic\u00eddio.<\/strong> O\u00a0objetivo \u00e9 divulgar as causas, informa\u00e7\u00f5es e ajuda para a popula\u00e7\u00e3o sobre o problema.<\/p>\r\n\r\n\r\n\r\n<h2 class=\"wp-block-heading\"><strong>Os dados sobre o suic\u00eddio<\/strong><\/h2>\r\n\r\n\r\n\r\n<p>Os n\u00fameros de suic\u00eddio s\u00e3o alarmantes: &#8220;O suic\u00eddio \u00e9 considerado um problema de sa\u00fade p\u00fablica e <strong>mata 1 brasileiro a cada 45 minutos e 1 pessoa a cada 45 segundos em todo o mundo.<\/strong> Entretanto, pelos n\u00fameros oficiais, <strong>s\u00e3o 32 brasileiros mortos por dia,<\/strong> taxa superior \u00e0s v\u00edtimas da AIDS e da maioria dos tipos de c\u00e2ncer. &#8220;, informa a\u00a0<a href=\"https:\/\/www.cvv.org.br\/\"><strong>Centro de Valoriza\u00e7\u00e3o da Vida (CVV).<\/strong><\/a><\/p>\r\n\r\n\r\n\r\n<p>A CVV \u00e9 uma entidade sem fins lucrativos que atua na conscientiza\u00e7\u00e3o sobre a preven\u00e7\u00e3o do suic\u00eddio desde 1962, e, juntamente com o\u00a0<strong><a href=\"http:\/\/portal.cfm.org.br\/\">Conselho Federal de Medicina<\/a><\/strong> (CFM) e a <a href=\"http:\/\/www.abp.org.br\/\"><strong>Associa\u00e7\u00e3o Brasileira de Psiquiatria<\/strong><\/a> (ABP), deu in\u00edcio \u00e0 campanha do <strong>Setembro Amarelo<\/strong> no Brasil.<\/p>\r\n\r\n\r\n\r\n<h2 class=\"wp-block-heading\"><strong>O que \u00e9 suic\u00eddio?<\/strong><\/h2>\r\n\r\n\r\n\r\n<div class=\"group w-full text-token-text-primary border-b border-black\/10 dark:border-gray-900\/50 bg-gray-50 dark:bg-[#444654]\">\r\n<div class=\"flex p-4 gap-4 text-base md:gap-6 md:max-w-2xl lg:max-w-[38rem] xl:max-w-3xl md:py-6 lg:px-0 m-auto\">\r\n<div class=\"relative flex w-[calc(100%-50px)] flex-col gap-1 md:gap-3 lg:w-[calc(100%-115px)]\">\r\n<div class=\"flex flex-grow flex-col gap-3\">\r\n<div class=\"min-h-[20px] flex flex-col items-start gap-3 overflow-x-auto whitespace-pre-wrap break-words\">\r\n<div class=\"markdown prose w-full break-words dark:prose-invert light\">\r\n<p>Como define a Organiza\u00e7\u00e3o Mundial da Sa\u00fade (OMS), o suic\u00eddio \u00e9 &#8220;&#8230; um ato deliberado, iniciado e levado a cabo por uma pessoa com pleno conhecimento ou expectativa de um resultado fatal&#8221;. Portanto, o ato de encerrar a pr\u00f3pria vida \u00e9 uma manifesta\u00e7\u00e3o extrema de dor emocional, <strong>um gesto que muitas vezes surge como resultado de uma busca desesperada por al\u00edvio.<\/strong><\/p>\r\n<\/div>\r\n<\/div>\r\n<\/div>\r\n<\/div>\r\n<\/div>\r\n<\/div>\r\n\r\n\r\n\r\n<h2 class=\"wp-block-heading\"><strong>Causas e fatores de risco do suic\u00eddio<\/strong><\/h2>\r\n\r\n\r\n\r\n<p>N\u00e3o existe somente uma causa para o suic\u00eddio. Suas ra\u00edzes ainda s\u00e3o profundas e muito estudadas pelos psiquiatras. Logo, \u00e9 importante ressaltar que os motivos diferem de indiv\u00edduo para indiv\u00edduo.<\/p>\r\n\r\n\r\n\r\n<p>Confira abaixo alguns fatores de risco para o suic\u00eddio:<\/p>\r\n\r\n\r\n\r\n<ul>\r\n<li><a href=\"https:\/\/www.telavita.com.br\/blog\/depressao\/\"><strong>Depress\u00e3o<\/strong><\/a> ou outras doen\u00e7as mentais;<\/li>\r\n<li>Tentativas anteriores;<\/li>\r\n<li>Luto recente;<\/li>\r\n<li>Depend\u00eancia qu\u00edmica ou alco\u00f3lica;\u00a0<\/li>\r\n<li>Hist\u00f3rico de suic\u00eddio familiar;<\/li>\r\n<li>Falta de v\u00ednculos sociais e familiares;<\/li>\r\n<li>Doen\u00e7as terminais ou incapacitantes;<\/li>\r\n<li>Problemas escolares (como o <a href=\"https:\/\/www.telavita.com.br\/blog\/vitima-de-bullying\/\"><strong>bullying<\/strong><\/a>) ou laborais;<\/li>\r\n<li>Desemprego;<\/li>\r\n<li>Decl\u00ednio social;<\/li>\r\n<li>Div\u00f3rcio;<\/li>\r\n<li><a href=\"https:\/\/www.telavita.com.br\/blog\/5-sinais-fisicos-do-estresse\/\"><strong>Estresse;<\/strong><\/a><\/li>\r\n<\/ul>\r\n\r\n\r\n\r\n<p><strong>Fatores sazonais, geogr\u00e1ficos, de g\u00eanero (feminino e masculino), et\u00e1rios,<\/strong> entre outros, tamb\u00e9m s\u00e3o levados em conta no estudo das origens do <strong>pensamento suicida<\/strong>.\u00a0<\/p>\r\n\r\n\r\n\r\n<h2 class=\"wp-block-heading\"><strong>Sinais de comportamento suicida<\/strong><\/h2>\r\n\r\n\r\n\r\n<p>A grande maioria das pessoas que possuem tend\u00eancia ou que planejam tirar a pr\u00f3pria vida, mostram sinais e pedem ajuda de maneira consciente e inconsciente.\u00a0<\/p>\r\n\r\n\r\n\r\n<p>Como identificar um comportamento suicida:<\/p>\r\n\r\n\r\n\r\n<h3 class=\"wp-block-heading\"><strong>1) Depress\u00e3o e doen\u00e7as mentais\u00a0<\/strong><\/h3>\r\n\r\n\r\n\r\n<p>A grande maioria das pessoas que se suicidaram enfrentavam algum problema mental, e a grande vil\u00e3 \u00e9 a <strong>depress\u00e3o<\/strong>. Nesse sentido, os indiv\u00edduos com esse quadro devem receber aten\u00e7\u00e3o maior.<\/p>\r\n\r\n\r\n\r\n<h3 class=\"wp-block-heading\"><strong>2) Drogas<\/strong><\/h3>\r\n\r\n\r\n\r\n<p>Nos casos em que h\u00e1 o <strong>consumo de \u00e1lcool ou <a href=\"https:\/\/www.telavita.com.br\/blog\/ajudar-alguem-com-vicio\/\">outras drogas<\/a> e depress\u00e3o,<\/strong> a aten\u00e7\u00e3o deve ser redobrada ainda mais, pois o combo de ambos resulta no<strong>\u00a0maior n\u00famero de mortes no mundo inteiro.<\/strong><\/p>\r\n\r\n\r\n\r\n<h3 class=\"wp-block-heading\"><strong>3) As frases mais comuns<\/strong><\/h3>\r\n\r\n\r\n\r\n<p>H\u00e1 quem diga que os suicidas n\u00e3o compartilham seus medos, insatisfa\u00e7\u00f5es e planos mas eles o fazem e muitas vezes dizem em voz alta. Todavia, frases como:\u00a0 \u201ceu quero sumir\u201d, &#8220;n\u00e3o aguento mais\u201d e <strong>\u201ceu queria morrer\u201d<\/strong> s\u00e3o sinais de um pedido de ajuda inconsciente.<\/p>\r\n\r\n\r\n\r\n<h3 class=\"wp-block-heading\"><strong>4) Adolesc\u00eancia<\/strong><\/h3>\r\n\r\n\r\n\r\n<p>J\u00e1 conhecida por ser uma das fases mais atribuladas e dif\u00edceis da vida, a <a href=\"https:\/\/www.telavita.com.br\/blog\/?s=adolesc%C3%AAncia\"><strong>adolesc\u00eancia<\/strong> <\/a>mascara muitos sinais de suic\u00eddio, entendidos pelos amigos e familiares como um comportamento normal da idade.<\/p>\r\n\r\n\r\n\r\n<p>Desse modo, a <strong>taxa de suic\u00eddio entre os jovens<\/strong> aumentou muito nos \u00faltimos anos e \u00e9 neles que devemos prestar muita aten\u00e7\u00e3o e prestar ajuda.\u00a0<\/p>\r\n\r\n\r\n\r\n<h3 class=\"wp-block-heading\"><strong>5) Mudan\u00e7as na vida<\/strong><\/h3>\r\n\r\n\r\n\r\n<p>A morte de um ente querido, o fim de um relacionamento, a mudan\u00e7a de casa ou trabalho, podem desestruturar um indiv\u00edduo e dar espa\u00e7o \u00e0 pensamentos negativos.<\/p>\r\n\r\n\r\n\r\n<p>Entretanto, esses epis\u00f3dios podem gerar perda de interesse em atividades e eventos que antes motivava e pertencia \u00e0 rotina de uma pessoa. Logo, quando alguma mudan\u00e7a na vida dela acontece e a faz perder v\u00ednculos, <strong>a depress\u00e3o seguida do suic\u00eddio pode ser um gatilho.\u00a0<\/strong><\/p>\r\n\r\n\r\n\r\n<h3 class=\"wp-block-heading\"><strong>6) Falsa melhora<\/strong><\/h3>\r\n\r\n\r\n\r\n<p>Muitas pessoas que j\u00e1 tentaram suic\u00eddio ou que <strong>possuem um quadro de depress\u00e3o<\/strong>, alegam ter melhorado para tranquilizar seus familiares a fim de diminuir suas preocupa\u00e7\u00f5es e, enfim, poderem colocar em pr\u00e1tica o ato.<\/p>\r\n\r\n\r\n\r\n<h3 class=\"wp-block-heading\"><strong>7) O mito do suic\u00eddio<\/strong><\/h3>\r\n\r\n\r\n\r\n<p>Uma das frases mais ouvidas por a\u00ed \u00e9 de que um suicida n\u00e3o amea\u00e7a, e sim comete o suic\u00eddio.\u00a0 <strong>Mas isso \u00e9 um engano.<\/strong> Os indiv\u00edduos que querem cometer suic\u00eddio falam do ato e deixam sinais.\u00a0<\/p>\r\n\r\n\r\n\r\n<p>\u00c9 preciso prestar aten\u00e7\u00e3o e n\u00e3o banalizar.<\/p>\r\n\r\n\r\n\r\n\r\n\r\n<h2 class=\"wp-block-heading\"><strong>Como ajudar?<\/strong><\/h2>\r\n\r\n\r\n\r\n<p>Existem diversas maneiras de ajudar algu\u00e9m com comportamentos suicidas:<\/p>\r\n\r\n\r\n\r\n<ul>\r\n<li>Escutar;<\/li>\r\n<li>Manter o contato;<\/li>\r\n<li>Ser prestativo;<\/li>\r\n<li>Incentivar a procurar ajuda profissional.<\/li>\r\n<\/ul>\r\n\r\n\r\n\r\n<h2 class=\"wp-block-heading\"><strong>Disque 188<\/strong><\/h2>\r\n\r\n\r\n\r\n<p>Desde a d\u00e9cada de 70, o <strong>CVV<\/strong> \u00e9 reconhecido como <strong>Utilidade P\u00fablica Federal\u00a0<\/strong> e busca dar <strong>aux\u00edlio emocional e preven\u00e7\u00e3o do suic\u00eddio<\/strong> para quem precisa. Sendo assim, em 2015, a organiza\u00e7\u00e3o passou a disponibilizar o contato atrav\u00e9s do telefone, de maneira gratuita.<\/p>\r\n\r\n\r\n\r\n<p><strong>Contudo, \u00e9 s\u00f3 ligar para o n\u00famero 188<\/strong>, acessar o\u00a0<strong><a href=\"https:\/\/www.cvv.org.br\/chat\/\" target=\"_blank\" rel=\"noreferrer noopener\">chat<\/a><\/strong>\u00a0online, enviar um\u00a0<strong><a href=\"https:\/\/www.cvv.org.br\/e-mail\/\" target=\"_blank\" rel=\"noreferrer noopener\">e-mail<\/a><\/strong>\u00a0ou ir a um dos<strong>\u00a0<a href=\"https:\/\/www.cvv.org.br\/postos-de-atendimento\/\" target=\"_blank\" rel=\"noreferrer noopener\">postos de atendimento f\u00edsico<\/a>.<\/strong> O atendimento \u00e9 <strong>an\u00f4nimo e o sigilo \u00e9 absoluto.<\/strong><\/p>\r\n<span class='mb-center maxbutton-4-center'><span class='maxbutton-4-container mb-container'><a class=\"maxbutton-4 maxbutton maxbutton-manda-para-o-catalogo-de-psicologos\" href=\"https:\/\/app.telavita.com.br\/psicologia-online\/encontre-seu-psicologo\"><span class='mb-text'>Encontre seu psic\u00f3logo online<\/span><\/a><\/span><\/span>\r\n","protected":false},"excerpt":{"rendered":"<p>O comportamento suicida \u00e9 um assunto de extrema sensibilidade e import\u00e2ncia, que exige compreens\u00e3o, empatia e a\u00e7\u00e3o imediata. Nossa sociedade muitas vezes lida com desafios emocionais profundos e complexos, e um dos resultados mais preocupantes dessas lutas \u00e9 a manifesta\u00e7\u00e3o de pensamentos e comportamentos suicidas. Logo, \u00e9 fundamental reconhecer que as pessoas que enfrentam essas [&hellip;]<\/p>\n","protected":false},"author":8,"featured_media":2079,"comment_status":"open","ping_status":"open","sticky":false,"template":"","format":"standard","meta":{"_lmt_disableupdate":"","_lmt_disable":"","footnotes":""},"categories":[278],"tags":[],"yoast_head":"<!-- This site is optimized with the Yoast SEO plugin v19.8 - https:\/\/yoast.com\/wordpress\/plugins\/seo\/ -->\n<title>7 sinais de comportamento suicida - Telavita<\/title>\n<meta name=\"description\" content=\"O comportamento suicida \u00e9 o ato que antecede a tentativa de se matar. Saiba como identificar essas atitudes em algu\u00e9m.\" \/>\n<meta name=\"robots\" content=\"index, follow, max-snippet:-1, max-image-preview:large, max-video-preview:-1\" \/>\n<link rel=\"canonical\" href=\"https:\/\/www.telavita.com.br\/blog\/7-sinais-suicidio\/\" \/>\n<meta property=\"og:locale\" content=\"pt_BR\" \/>\n<meta property=\"og:type\" content=\"article\" \/>\n<meta property=\"og:title\" content=\"7 sinais de comportamento suicida - Telavita\" \/>\n<meta property=\"og:description\" content=\"O comportamento suicida \u00e9 o ato que antecede a tentativa de se matar. Saiba como identificar essas atitudes em algu\u00e9m.\" \/>\n<meta property=\"og:url\" content=\"https:\/\/www.telavita.com.br\/blog\/7-sinais-suicidio\/\" \/>\n<meta property=\"og:site_name\" content=\"Telavita\" \/>\n<meta property=\"article:publisher\" content=\"https:\/\/www.facebook.com\/Telavita\" \/>\n<meta property=\"article:published_time\" content=\"2018-09-05T12:40:25+00:00\" \/>\n<meta property=\"article:modified_time\" content=\"2023-08-23T16:20:21+00:00\" \/>\n<meta property=\"og:image\" content=\"https:\/\/www.telavita.com.br\/blog\/wp-content\/uploads\/2018\/09\/suicidio.jpg\" \/>\n\t<meta property=\"og:image:width\" content=\"900\" \/>\n\t<meta property=\"og:image:height\" content=\"560\" \/>\n\t<meta property=\"og:image:type\" content=\"image\/jpeg\" \/>\n<meta name=\"author\" content=\"Juliana Sonsin\" \/>\n<meta name=\"twitter:card\" content=\"summary_large_image\" \/>\n<meta name=\"twitter:label1\" content=\"Escrito por\" \/>\n\t<meta name=\"twitter:data1\" content=\"Juliana Sonsin\" \/>\n\t<meta name=\"twitter:label2\" content=\"Est. tempo de leitura\" \/>\n\t<meta name=\"twitter:data2\" content=\"6 minutos\" \/>\n<!-- \/ Yoast SEO plugin. -->","yoast_head_json":{"title":"7 sinais de comportamento suicida - Telavita","description":"O comportamento suicida \u00e9 o ato que antecede a tentativa de se matar. Saiba como identificar essas atitudes em algu\u00e9m.","robots":{"index":"index","follow":"follow","max-snippet":"max-snippet:-1","max-image-preview":"max-image-preview:large","max-video-preview":"max-video-preview:-1"},"canonical":"https:\/\/www.telavita.com.br\/blog\/7-sinais-suicidio\/","og_locale":"pt_BR","og_type":"article","og_title":"7 sinais de comportamento suicida - Telavita","og_description":"O comportamento suicida \u00e9 o ato que antecede a tentativa de se matar. Saiba como identificar essas atitudes em algu\u00e9m.","og_url":"https:\/\/www.telavita.com.br\/blog\/7-sinais-suicidio\/","og_site_name":"Telavita","article_publisher":"https:\/\/www.facebook.com\/Telavita","article_published_time":"2018-09-05T12:40:25+00:00","article_modified_time":"2023-08-23T16:20:21+00:00","og_image":[{"width":900,"height":560,"url":"https:\/\/www.telavita.com.br\/blog\/wp-content\/uploads\/2018\/09\/suicidio.jpg","type":"image\/jpeg"}],"author":"Juliana Sonsin","twitter_card":"summary_large_image","twitter_misc":{"Escrito por":"Juliana Sonsin","Est. tempo de leitura":"6 minutos"},"schema":{"@context":"https:\/\/schema.org","@graph":[{"@type":"Article","@id":"https:\/\/www.telavita.com.br\/blog\/7-sinais-suicidio\/#article","isPartOf":{"@id":"https:\/\/www.telavita.com.br\/blog\/7-sinais-suicidio\/"},"author":{"name":"Juliana Sonsin","@id":"https:\/\/www.telavita.com.br\/blog\/#\/schema\/person\/c9d2f268651fd6d6bf440495dd23b40e"},"headline":"Veja 7 sinais de comportamento suicida","datePublished":"2018-09-05T12:40:25+00:00","dateModified":"2023-08-23T16:20:21+00:00","mainEntityOfPage":{"@id":"https:\/\/www.telavita.com.br\/blog\/7-sinais-suicidio\/"},"wordCount":1104,"commentCount":0,"publisher":{"@id":"https:\/\/www.telavita.com.br\/blog\/#organization"},"articleSection":["Suic\u00eddio"],"inLanguage":"pt-BR","potentialAction":[{"@type":"CommentAction","name":"Comment","target":["https:\/\/www.telavita.com.br\/blog\/7-sinais-suicidio\/#respond"]}]},{"@type":"WebPage","@id":"https:\/\/www.telavita.com.br\/blog\/7-sinais-suicidio\/","url":"https:\/\/www.telavita.com.br\/blog\/7-sinais-suicidio\/","name":"7 sinais de comportamento suicida - Telavita","isPartOf":{"@id":"https:\/\/www.telavita.com.br\/blog\/#website"},"datePublished":"2018-09-05T12:40:25+00:00","dateModified":"2023-08-23T16:20:21+00:00","description":"O comportamento suicida \u00e9 o ato que antecede a tentativa de se matar. Saiba como identificar essas atitudes em algu\u00e9m.","breadcrumb":{"@id":"https:\/\/www.telavita.com.br\/blog\/7-sinais-suicidio\/#breadcrumb"},"inLanguage":"pt-BR","potentialAction":[{"@type":"ReadAction","target":["https:\/\/www.telavita.com.br\/blog\/7-sinais-suicidio\/"]}]},{"@type":"BreadcrumbList","@id":"https:\/\/www.telavita.com.br\/blog\/7-sinais-suicidio\/#breadcrumb","itemListElement":[{"@type":"ListItem","position":1,"name":"In\u00edcio","item":"https:\/\/www.telavita.com.br\/blog\/"},{"@type":"ListItem","position":2,"name":"Veja 7 sinais de comportamento suicida"}]},{"@type":"WebSite","@id":"https:\/\/www.telavita.com.br\/blog\/#website","url":"https:\/\/www.telavita.com.br\/blog\/","name":"Telavita","description":"Conte\u00fados especializados sobre sa\u00fade mental e bem-estar","publisher":{"@id":"https:\/\/www.telavita.com.br\/blog\/#organization"},"potentialAction":[{"@type":"SearchAction","target":{"@type":"EntryPoint","urlTemplate":"https:\/\/www.telavita.com.br\/blog\/?s={search_term_string}"},"query-input":"required name=search_term_string"}],"inLanguage":"pt-BR"},{"@type":"Organization","@id":"https:\/\/www.telavita.com.br\/blog\/#organization","name":"Telavita","url":"https:\/\/www.telavita.com.br\/blog\/","sameAs":["https:\/\/www.linkedin.com\/company\/telavita\/mycompany\/verification\/","https:\/\/www.instagram.com\/telavita\/","https:\/\/www.facebook.com\/Telavita"],"logo":{"@type":"ImageObject","inLanguage":"pt-BR","@id":"https:\/\/www.telavita.com.br\/blog\/#\/schema\/logo\/image\/","url":"https:\/\/www.telavita.com.br\/blog\/wp-content\/uploads\/2021\/05\/telavita.jpg","contentUrl":"https:\/\/www.telavita.com.br\/blog\/wp-content\/uploads\/2021\/05\/telavita.jpg","width":200,"height":200,"caption":"Telavita"},"image":{"@id":"https:\/\/www.telavita.com.br\/blog\/#\/schema\/logo\/image\/"}},{"@type":"Person","@id":"https:\/\/www.telavita.com.br\/blog\/#\/schema\/person\/c9d2f268651fd6d6bf440495dd23b40e","name":"Juliana Sonsin","image":{"@type":"ImageObject","inLanguage":"pt-BR","@id":"https:\/\/www.telavita.com.br\/blog\/#\/schema\/person\/image\/","url":"https:\/\/secure.gravatar.com\/avatar\/dfb14c6228cdf7312fea984efc84d04e?s=96&d=mm&r=g","contentUrl":"https:\/\/secure.gravatar.com\/avatar\/dfb14c6228cdf7312fea984efc84d04e?s=96&d=mm&r=g","caption":"Juliana Sonsin"},"description":"Jornalista formada pela Faculdade C\u00e1sper Libero e especializada em sa\u00fade. Apaixonada por escrever roteiros de v\u00eddeos, produzir (e assistir) document\u00e1rios e ler sobre tudo um pouco. Acredito no jornalismo \u00e9tico como um meio de trazer ao p\u00fablico informa\u00e7\u00f5es e hist\u00f3rias que valem a pena serem contadas. Gosto de viajar, fazer yoga e assistir s\u00e9ries.","url":"https:\/\/www.telavita.com.br\/blog\/author\/juliana-sonsin\/"}]}},"modified_by":null,"_links":{"self":[{"href":"https:\/\/www.telavita.com.br\/blog\/wp-json\/wp\/v2\/posts\/2039"}],"collection":[{"href":"https:\/\/www.telavita.com.br\/blog\/wp-json\/wp\/v2\/posts"}],"about":[{"href":"https:\/\/www.telavita.com.br\/blog\/wp-json\/wp\/v2\/types\/post"}],"author":[{"embeddable":true,"href":"https:\/\/www.telavita.com.br\/blog\/wp-json\/wp\/v2\/users\/8"}],"replies":[{"embeddable":true,"href":"https:\/\/www.telavita.com.br\/blog\/wp-json\/wp\/v2\/comments?post=2039"}],"version-history":[{"count":13,"href":"https:\/\/www.telavita.com.br\/blog\/wp-json\/wp\/v2\/posts\/2039\/revisions"}],"predecessor-version":[{"id":8946,"href":"https:\/\/www.telavita.com.br\/blog\/wp-json\/wp\/v2\/posts\/2039\/revisions\/8946"}],"wp:featuredmedia":[{"embeddable":true,"href":"https:\/\/www.telavita.com.br\/blog\/wp-json\/wp\/v2\/media\/2079"}],"wp:attachment":[{"href":"https:\/\/www.telavita.com.br\/blog\/wp-json\/wp\/v2\/media?parent=2039"}],"wp:term":[{"taxonomy":"category","embeddable":true,"href":"https:\/\/www.telavita.com.br\/blog\/wp-json\/wp\/v2\/categories?post=2039"},{"taxonomy":"post_tag","embeddable":true,"href":"https:\/\/www.telavita.com.br\/blog\/wp-json\/wp\/v2\/tags?post=2039"}],"curies":[{"name":"wp","href":"https:\/\/api.w.org\/{rel}","templated":true}]}}