{"id":2196,"date":"2018-09-18T10:49:57","date_gmt":"2018-09-18T13:49:57","guid":{"rendered":"https:\/\/www.telavita.com.br\/blog\/?p=2196"},"modified":"2024-04-19T15:42:11","modified_gmt":"2024-04-19T18:42:11","slug":"aborto","status":"publish","type":"post","link":"https:\/\/www.telavita.com.br\/blog\/aborto\/","title":{"rendered":"Tudo sobre aborto: a gravidez de risco e o aborto espont\u00e2neo"},"content":{"rendered":"\r\n<p>O aborto espont\u00e2neo n\u00e3o permite adeus. A morte s\u00fabita e dolorosa do beb\u00ea \u00e9 vivida e sentida pela mulher, assim como suas <strong>consequ\u00eancias f\u00edsicas, emocionais e psicol\u00f3gicas<\/strong>. Em conversas com m\u00e9dicos, familiares ou mesmo em artigos, costuma-se usar o termo &#8220;feto&#8221; com a m\u00e3e para tratar do aborto, seja ele de qual tipo. Mas a quest\u00e3o \u00e9 que <strong>muitas mulheres j\u00e1 se sentem m\u00e3es mesmo em uma gravidez descoberta h\u00e1 poucos dias<\/strong>. N\u00e3o seria banalizar a dor da m\u00e3e ao tratar como &#8220;feto&#8221; o filho(a) que esta esperava com tanta expectativa?<\/p>\r\n\r\n\r\n\r\n<p>Um dos grandes problemas acerca do problema \u00e9 justamente a <strong>banaliza\u00e7\u00e3o e a falta de humanidade<\/strong> por parte dos familiares, da equipe m\u00e9dica que atende as mulheres e, principalmente, por parte da sociedade que enaltece a gravidez, mas esquece do impacto psicol\u00f3gico causado pelo aborto.<\/p>\r\n\r\n\r\n\r\n<p>Esse \u00e9 um problema antigo, mas pouco discutido por conta dos tabus e da <strong>falta de tato em lidar tanto com o beb\u00ea, quanto com a m\u00e3e<\/strong>. Muitas mulheres que sofreram esse aborto nutrem traumas para a vida toda, por isso, \u00e9 importante saber do <strong>apoio psicol\u00f3gico<\/strong> correto a ser procurado e oferecido.<\/p>\r\n\r\n\r\n\r\n<p>Segundo a<a href=\"http:\/\/www.who.int\/eportuguese\/countries\/bra\/pt\/\"><strong> Organiza\u00e7\u00e3o Mundial da Sa\u00fade (OMS)<\/strong><\/a>, &#8220;Nos pa\u00edses desenvolvidos<strong>, o aborto espont\u00e2neo ocorre em 10 a 15% de todas as gravidezes\u00a0clinicamente reconhecidas<\/strong>, embora muitos abortos espont\u00e2neos ocorram antes da mulher\u00a0saber que est\u00e1 gr\u00e1vida.&#8221;<\/p>\r\n\r\n\r\n\r\n<p>Mas o problema pode piorar muito nos pa\u00edses subdesenvolvidos. &#8220;As taxas de aborto espont\u00e2neo podem, contudo, serem muito mais\u00a0elevadas nos pa\u00edses em desenvolvimento devido \u00e0 preval\u00eancia de malnutri\u00e7\u00e3o e de outros problemas de sa\u00fade. A maioria dos abortos espont\u00e2neos ocorre numa fase inicial da gravidez,\u00a0<strong>sendo 80% no primeiro trimestre<\/strong>.&#8221;<\/p>\r\n\r\n\r\n\r\n<h2 class=\"wp-block-heading\">O que \u00e9 aborto espont\u00e2neo?<\/h2>\r\n\r\n\r\n\r\n<p>\u00c9 a gravidez que foi interrompida naturalmente <strong>at\u00e9 a 22<sup>a<\/sup>\u00a0semana de gesta\u00e7\u00e3o<\/strong>, quando o beb\u00ea\u00a0ainda pesa menos de 500 gramas. At\u00e9 a 12<sup>a<\/sup>\u00a0semana, o aborto \u00e9 considerado precoce; depois disso, \u00e9 chamado de tardio.\u00a0<\/p>\r\n\r\n\r\n\r\n<p>Segundo dados da <a href=\"http:\/\/www.who.int\/eportuguese\/countries\/bra\/pt\/\"><strong>OMS<\/strong><\/a>: &#8220;A maioria dos abortos espont\u00e2neos ocorre numa fase inicial da gravidez,\u00a0sendo <strong>80% no primeiro trimestre<\/strong>.&#8221;<\/p>\r\n\r\n\r\n\r\n<h2 class=\"wp-block-heading\"><strong>O que causa um aborto espont\u00e2neo?<\/strong><\/h2>\r\n\r\n\r\n\r\n<p>Muitos fatores podem causar o aborto espont\u00e2neo, sendo que, mais da metade deles, do primeiro trimestre, s\u00e3o ocasionados por <strong>problemas gen\u00e9ticos<\/strong> que se d\u00e3o <strong>durante o desenvolvimento embrion\u00e1rio<\/strong>. Esse problema ocorre com mais frequ\u00eancia em mulheres acima dos 35 anos, em que os problemas gestacionais podem acontecer.<\/p>\r\n\r\n\r\n\r\n<p>A <strong>OMS<\/strong> tamb\u00e9m listou outros fatores que causam o aborto espont\u00e2neo:<\/p>\r\n\r\n\r\n\r\n<ul>\r\n<li>doen\u00e7a febril;<\/li>\r\n<li>\u00a0infec\u00e7\u00f5es genitais e sist\u00eamicas como s\u00edfilis,\u00a0tuberculose sist\u00eamica, doen\u00e7a de Chagas, v\u00edrus da rub\u00e9ola, citomegalov\u00edrus, v\u00edrus Herpes\u00a0simplex, clam\u00eddia, micoplasma, Toxoplasma gondii, listeria e brucella;<\/li>\r\n<li>doen\u00e7a cr\u00f4nica\u00a0materna;<\/li>\r\n<li>causas hormonais;<\/li>\r\n<li>toxinas ambientais;<\/li>\r\n<li>causas diet\u00e9ticas;<\/li>\r\n<li>anomalias anat\u00f4micas;\u00a0<\/li>\r\n<li>gravidez na presen\u00e7a de um dispositivo intra uterino (DIU).<\/li>\r\n<\/ul>\r\n\r\n\r\n\r\n<p>Vale ressaltar tamb\u00e9m que em muitos casos pode n\u00e3o existir algum fator espec\u00edfico que cause o aborto espont\u00e2neo.<\/p>\r\n\r\n\r\n\r\n<h3 class=\"wp-block-heading\">Fatores de risco<\/h3>\r\n\r\n\r\n\r\n<ul>\r\n<li>Idade (mulheres acima dos 35 anos possuem 20% a mais de riscos em sofrer um aborto espont\u00e2neo);<\/li>\r\n<li>Doen\u00e7as cr\u00f4nicas (diabetes n\u00e3o controlada e trombofilias);<\/li>\r\n<li>Abortos sofridos anteriormente;,<\/li>\r\n<li>Abuso de \u00e1lcool, cigarro e drogas il\u00edcitas;<\/li>\r\n<li>Peso (abaixo ou acima do indicado);<\/li>\r\n<li>Infec\u00e7\u00f5es;<\/li>\r\n<li>Problemas hormonais;<\/li>\r\n<li>Doen\u00e7as da tireoide;<\/li>\r\n<li>Problemas no \u00fatero ou colo do \u00fatero.<\/li>\r\n<\/ul>\r\n\r\n\r\n\r\n<h2 class=\"wp-block-heading\"><strong>Sintomas de aborto espont\u00e2neo<\/strong><\/h2>\r\n\r\n\r\n\r\n<p>Seguem abaixo alguns <strong>sinais de aborto espont\u00e2neo<\/strong> frequentemente relatados:<\/p>\r\n\r\n\r\n\r\n<ul>\r\n<li>Sangramento vaginal: ocorre com ou sem c\u00f3licas;<\/li>\r\n<li>Dor lombar, abdominal ou c\u00f3licas constantes;<\/li>\r\n<li>Diminui\u00e7\u00e3o de sinais de gravidez, como a perda da sensibilidade da mama ou n\u00e1useas.<\/li>\r\n<\/ul>\r\n\r\n\r\n\r\n<h2 class=\"wp-block-heading\">Cuidados p\u00f3s-aborto espont\u00e2neo<\/h2>\r\n\r\n\r\n\r\n<p>A mulher que sofreu a perda est\u00e1 em um <strong>momento de extrema fragilidade f\u00edsica, emocional e psicol\u00f3gica<\/strong>. O tratamento recebido nesse momento t\u00e3o impactante \u00e9 de vital import\u00e2ncia sua recupera\u00e7\u00e3o.<\/p>\r\n\r\n\r\n\r\n<p>Primeiro, \u00e9 essencial que a mulher receba os cuidados m\u00e9dicos<br \/>adequados e de forma r\u00e1pida. A <strong>urg\u00eancia<\/strong> nesse caso \u00e9 necess\u00e1ria tanto por parte da mulher e dos familiares, quanto da equipe m\u00e9dica em socorr\u00ea-la por conta das <strong>complica\u00e7\u00f5es que podem se seguir<\/strong> caso os procedimentos apropriados n\u00e3o sejam prontamente tomados.\u00a0A OMS lista as seguintes medidas primordiais:\u00a0<\/p>\r\n\r\n\r\n\r\n<ul>\r\n<li>Tratamento urgente das complica\u00e7\u00f5es do aborto espont\u00e2neo ou induzido de forma insegura;<\/li>\r\n<li>Aconselhamento e servi\u00e7os de PF (planejamento familiar);<\/li>\r\n<li>Acesso a cuidados de sa\u00fade reprodutiva compreensivos;<\/li>\r\n<li>Educa\u00e7\u00e3o comunit\u00e1ria para reduzir a necessidade de aborto e melhorar a sa\u00fade reprodutiva.<\/li>\r\n<\/ul>\r\n\r\n\r\n\r\n<p>A <a href=\"http:\/\/www.who.int\/eportuguese\/countries\/bra\/pt\/\"><strong>OMS<\/strong><\/a> descreve a import\u00e2ncia que o tratamento dado \u00e0s mulheres pela equipe m\u00e9dica tem na sua recupera\u00e7\u00e3o: &#8220;Todos os profissionais de sa\u00fade, que t\u00eam contato com mulheres com aborto, devem trat\u00e1-las profissionalmente, com<strong> respeito e com compreens\u00e3o pelas complica\u00e7\u00f5es do aborto<\/strong>. As mulheres devem sentir-se em casa, na institui\u00e7\u00e3o de sa\u00fade, e devem estar confiantes para l\u00e1 regressarem se tiverem necessidade. Eles necessitam de compreender a dor e o stress.&#8221;<\/p>\r\n\r\n\r\n\r\n<h2 class=\"wp-block-heading\"><strong>Como superar um aborto?<\/strong><\/h2>\r\n\r\n\r\n\r\n<p>N\u00e3o \u00e9 f\u00e1cil lidar com um momento como esse. As mulheres &#8220;requerem empatia, compreens\u00e3o, compaix\u00e3o e aconselhamento durante os cuidados.&#8221;, afirma a OMS. O <a href=\"https:\/\/www.telavita.com.br\/blog\/depressao-pos-aborto\/\"><strong>aborto e suas consequ\u00eancias <\/strong><\/a>transformam a vida da mulher.<\/p>\r\n\r\n\r\n\r\n<p>Muitas mudan\u00e7as ocorrem durante esse processo de cura, como o <strong>isolamento, inquieta\u00e7\u00e3o, cansa\u00e7o e choro constante<\/strong>.\u00a0 \u00c9 muito importante que os familiares tamb\u00e9m participem do processo pois a mulher pode se sentir desamparada e sozinha. <strong>Sentimentos como desespero, culpa, ansiedade, tristeza e apatia<\/strong> assolam a mente dessa paciente.<\/p>\r\n\r\n\r\n\r\n<p>Tamb\u00e9m podem existir poss\u00edveis altera\u00e7\u00f5es f\u00edsicas e cognitivas como:<\/p>\r\n\r\n\r\n\r\n<ul>\r\n<li>Problema na mem\u00f3ria;<\/li>\r\n<li>Problema com a autoestima;<\/li>\r\n<li>N\u00e3o consegue se concentrar;<\/li>\r\n<li>Alucina\u00e7\u00f5es visuais ou auditivas com crian\u00e7as;<\/li>\r\n<li>Ins\u00f4nia;<\/li>\r\n<li>Falta de apetite;<\/li>\r\n<li>Uma grande frequ\u00eancia de queixa.<\/li>\r\n<\/ul>\r\n\r\n\r\n\r\n<h3 class=\"wp-block-heading\">Apoio psicol\u00f3gico<\/h3>\r\n\r\n\r\n\r\n<p>O primeiro e mais importante passo \u00e9 permitir a ajuda. <strong>Procurar um psic\u00f3logo<\/strong> \u00e9 de suma import\u00e2ncia nesses casos, j\u00e1 que qualquer cuidado \u00e9 pouco. Nem sempre os amigos e familiares saber\u00e3o como <a href=\"https:\/\/www.telavita.com.br\/blog\/acompanhamento-psicologico-aborto\/\"><strong>prestar o apoio psicol\u00f3gico e emocional<\/strong> <\/a>correto. Qualquer frase dita com as palavras e tom errados pode gerar extrema ang\u00fastia, tristeza e at\u00e9 <strong>depress\u00e3o p\u00f3s-aborto<\/strong>.<\/p>\r\n\r\n\r\n\r\n<p>&#8220;N\u00e3o era pra ser&#8221;, &#8220;tudo vai ficar bem&#8221;, &#8220;logo voc\u00ea engravida de novo&#8221;. Nenhuma mulher se sente bem ao ouvir essas frases ap\u00f3s o aborto espont\u00e2neo, e, infelizmente, elas aparecem mais frequentemente do que se espera.\u00a0<\/p>\r\n\r\n\r\n\r\n<p>O psic\u00f3logo n\u00e3o s\u00f3 vai ajudar na recupera\u00e7\u00e3o, como vai respeitar o tempo dessa paciente. <strong>Ele escuta e respeita a dor da perda com a metodologia profissional e compaix\u00e3o humana.<\/strong> Atrav\u00e9s de t\u00e9cnicas como\u00a0Gestalt, Junguiana, Cognitivo-comportamental, entre outras, o psic\u00f3logo investiga, analisa e ajuda a paciente a compreender o que ocorreu e foca em como lidar com o futuro.\u00a0<\/p>\r\n\r\n\r\n\r\n<p>Mesmo que a dor pare\u00e7a eterna, tudo pode ser transformado e adaptado \u00e0 nova vida que surge, mesmo que esse novo caminho n\u00e3o seja o esperado. <strong>Tratar do aborto \u00e9 sempre um assunto muito delicado e que requer aten\u00e7\u00e3o, preparo e empatia<\/strong>. Caso tenha passado por isso ou esteja lidando com esse problema neste exato momento, <strong>comunique, converse e procure ajuda! N\u00e3o lute sozinha.\u00a0<\/strong><\/p>\r\n\r\n\r\n\r\n<p>&nbsp;<\/p>\r\n\r\n\r\n\r\n<p>&nbsp;<\/p>\r\n","protected":false},"excerpt":{"rendered":"<p>O aborto espont\u00e2neo n\u00e3o permite adeus. A morte s\u00fabita e dolorosa do beb\u00ea \u00e9 vivida e sentida pela mulher, assim como suas consequ\u00eancias f\u00edsicas, emocionais e psicol\u00f3gicas. Em conversas com m\u00e9dicos, familiares ou mesmo em artigos, costuma-se usar o termo &#8220;feto&#8221; com a m\u00e3e para tratar do aborto, seja ele de qual tipo. Mas a [&hellip;]<\/p>\n","protected":false},"author":8,"featured_media":2236,"comment_status":"open","ping_status":"open","sticky":false,"template":"","format":"standard","meta":{"_lmt_disableupdate":"","_lmt_disable":"","footnotes":""},"categories":[32],"tags":[],"yoast_head":"<!-- This site is optimized with the Yoast SEO plugin v19.8 - https:\/\/yoast.com\/wordpress\/plugins\/seo\/ -->\n<title>Aborto Espont\u00e2neo: Conhe\u00e7a Sobre o Que \u00e9 Aborto e Tipos de Aborto |TelaVita<\/title>\n<meta name=\"description\" content=\"\u00c9 importante que a gestante saiba da import\u00e2ncia de se tratar psicologicamente caso sua gesta\u00e7\u00e3o seja interrompida. Leia mais neste artigo sobre o aborto.\" \/>\n<meta name=\"robots\" content=\"index, follow, max-snippet:-1, max-image-preview:large, max-video-preview:-1\" \/>\n<link rel=\"canonical\" href=\"https:\/\/www.telavita.com.br\/blog\/aborto\/\" \/>\n<meta property=\"og:locale\" content=\"pt_BR\" \/>\n<meta property=\"og:type\" content=\"article\" \/>\n<meta property=\"og:title\" content=\"Aborto Espont\u00e2neo: Conhe\u00e7a Sobre o Que \u00e9 Aborto e Tipos de Aborto |TelaVita\" \/>\n<meta property=\"og:description\" content=\"\u00c9 importante que a gestante saiba da import\u00e2ncia de se tratar psicologicamente caso sua gesta\u00e7\u00e3o seja interrompida. Leia mais neste artigo sobre o aborto.\" \/>\n<meta property=\"og:url\" content=\"https:\/\/www.telavita.com.br\/blog\/aborto\/\" \/>\n<meta property=\"og:site_name\" content=\"Telavita\" \/>\n<meta property=\"article:publisher\" content=\"https:\/\/www.facebook.com\/Telavita\" \/>\n<meta property=\"article:published_time\" content=\"2018-09-18T13:49:57+00:00\" \/>\n<meta property=\"article:modified_time\" content=\"2024-04-19T18:42:11+00:00\" \/>\n<meta property=\"og:image\" content=\"https:\/\/www.telavita.com.br\/blog\/wp-content\/uploads\/2018\/09\/gravidez.jpg\" \/>\n\t<meta property=\"og:image:width\" content=\"900\" \/>\n\t<meta property=\"og:image:height\" content=\"560\" \/>\n\t<meta property=\"og:image:type\" content=\"image\/jpeg\" \/>\n<meta name=\"author\" content=\"Juliana Sonsin\" \/>\n<meta name=\"twitter:card\" content=\"summary_large_image\" \/>\n<meta name=\"twitter:label1\" content=\"Escrito por\" \/>\n\t<meta name=\"twitter:data1\" content=\"Juliana Sonsin\" \/>\n\t<meta name=\"twitter:label2\" content=\"Est. tempo de leitura\" \/>\n\t<meta name=\"twitter:data2\" content=\"6 minutos\" \/>\n<!-- \/ Yoast SEO plugin. -->","yoast_head_json":{"title":"Aborto Espont\u00e2neo: Conhe\u00e7a Sobre o Que \u00e9 Aborto e Tipos de Aborto |TelaVita","description":"\u00c9 importante que a gestante saiba da import\u00e2ncia de se tratar psicologicamente caso sua gesta\u00e7\u00e3o seja interrompida. Leia mais neste artigo sobre o aborto.","robots":{"index":"index","follow":"follow","max-snippet":"max-snippet:-1","max-image-preview":"max-image-preview:large","max-video-preview":"max-video-preview:-1"},"canonical":"https:\/\/www.telavita.com.br\/blog\/aborto\/","og_locale":"pt_BR","og_type":"article","og_title":"Aborto Espont\u00e2neo: Conhe\u00e7a Sobre o Que \u00e9 Aborto e Tipos de Aborto |TelaVita","og_description":"\u00c9 importante que a gestante saiba da import\u00e2ncia de se tratar psicologicamente caso sua gesta\u00e7\u00e3o seja interrompida. Leia mais neste artigo sobre o aborto.","og_url":"https:\/\/www.telavita.com.br\/blog\/aborto\/","og_site_name":"Telavita","article_publisher":"https:\/\/www.facebook.com\/Telavita","article_published_time":"2018-09-18T13:49:57+00:00","article_modified_time":"2024-04-19T18:42:11+00:00","og_image":[{"width":900,"height":560,"url":"https:\/\/www.telavita.com.br\/blog\/wp-content\/uploads\/2018\/09\/gravidez.jpg","type":"image\/jpeg"}],"author":"Juliana Sonsin","twitter_card":"summary_large_image","twitter_misc":{"Escrito por":"Juliana Sonsin","Est. tempo de leitura":"6 minutos"},"schema":{"@context":"https:\/\/schema.org","@graph":[{"@type":"Article","@id":"https:\/\/www.telavita.com.br\/blog\/aborto\/#article","isPartOf":{"@id":"https:\/\/www.telavita.com.br\/blog\/aborto\/"},"author":{"name":"Juliana Sonsin","@id":"https:\/\/www.telavita.com.br\/blog\/#\/schema\/person\/c9d2f268651fd6d6bf440495dd23b40e"},"headline":"Tudo sobre aborto: a gravidez de risco e o aborto espont\u00e2neo","datePublished":"2018-09-18T13:49:57+00:00","dateModified":"2024-04-19T18:42:11+00:00","mainEntityOfPage":{"@id":"https:\/\/www.telavita.com.br\/blog\/aborto\/"},"wordCount":1238,"commentCount":0,"publisher":{"@id":"https:\/\/www.telavita.com.br\/blog\/#organization"},"articleSection":["Transtornos Psicol\u00f3gicos"],"inLanguage":"pt-BR","potentialAction":[{"@type":"CommentAction","name":"Comment","target":["https:\/\/www.telavita.com.br\/blog\/aborto\/#respond"]}]},{"@type":"WebPage","@id":"https:\/\/www.telavita.com.br\/blog\/aborto\/","url":"https:\/\/www.telavita.com.br\/blog\/aborto\/","name":"Aborto Espont\u00e2neo: Conhe\u00e7a Sobre o Que \u00e9 Aborto e Tipos de Aborto |TelaVita","isPartOf":{"@id":"https:\/\/www.telavita.com.br\/blog\/#website"},"datePublished":"2018-09-18T13:49:57+00:00","dateModified":"2024-04-19T18:42:11+00:00","description":"\u00c9 importante que a gestante saiba da import\u00e2ncia de se tratar psicologicamente caso sua gesta\u00e7\u00e3o seja interrompida. Leia mais neste artigo sobre o aborto.","breadcrumb":{"@id":"https:\/\/www.telavita.com.br\/blog\/aborto\/#breadcrumb"},"inLanguage":"pt-BR","potentialAction":[{"@type":"ReadAction","target":["https:\/\/www.telavita.com.br\/blog\/aborto\/"]}]},{"@type":"BreadcrumbList","@id":"https:\/\/www.telavita.com.br\/blog\/aborto\/#breadcrumb","itemListElement":[{"@type":"ListItem","position":1,"name":"In\u00edcio","item":"https:\/\/www.telavita.com.br\/blog\/"},{"@type":"ListItem","position":2,"name":"Tudo sobre aborto: a gravidez de risco e o aborto espont\u00e2neo"}]},{"@type":"WebSite","@id":"https:\/\/www.telavita.com.br\/blog\/#website","url":"https:\/\/www.telavita.com.br\/blog\/","name":"Telavita","description":"Conte\u00fados especializados sobre sa\u00fade mental e bem-estar","publisher":{"@id":"https:\/\/www.telavita.com.br\/blog\/#organization"},"potentialAction":[{"@type":"SearchAction","target":{"@type":"EntryPoint","urlTemplate":"https:\/\/www.telavita.com.br\/blog\/?s={search_term_string}"},"query-input":"required name=search_term_string"}],"inLanguage":"pt-BR"},{"@type":"Organization","@id":"https:\/\/www.telavita.com.br\/blog\/#organization","name":"Telavita","url":"https:\/\/www.telavita.com.br\/blog\/","sameAs":["https:\/\/www.linkedin.com\/company\/telavita\/mycompany\/verification\/","https:\/\/www.instagram.com\/telavita\/","https:\/\/www.facebook.com\/Telavita"],"logo":{"@type":"ImageObject","inLanguage":"pt-BR","@id":"https:\/\/www.telavita.com.br\/blog\/#\/schema\/logo\/image\/","url":"https:\/\/www.telavita.com.br\/blog\/wp-content\/uploads\/2021\/05\/telavita.jpg","contentUrl":"https:\/\/www.telavita.com.br\/blog\/wp-content\/uploads\/2021\/05\/telavita.jpg","width":200,"height":200,"caption":"Telavita"},"image":{"@id":"https:\/\/www.telavita.com.br\/blog\/#\/schema\/logo\/image\/"}},{"@type":"Person","@id":"https:\/\/www.telavita.com.br\/blog\/#\/schema\/person\/c9d2f268651fd6d6bf440495dd23b40e","name":"Juliana Sonsin","image":{"@type":"ImageObject","inLanguage":"pt-BR","@id":"https:\/\/www.telavita.com.br\/blog\/#\/schema\/person\/image\/","url":"https:\/\/secure.gravatar.com\/avatar\/dfb14c6228cdf7312fea984efc84d04e?s=96&d=mm&r=g","contentUrl":"https:\/\/secure.gravatar.com\/avatar\/dfb14c6228cdf7312fea984efc84d04e?s=96&d=mm&r=g","caption":"Juliana Sonsin"},"description":"Jornalista formada pela Faculdade C\u00e1sper Libero e especializada em sa\u00fade. Apaixonada por escrever roteiros de v\u00eddeos, produzir (e assistir) document\u00e1rios e ler sobre tudo um pouco. Acredito no jornalismo \u00e9tico como um meio de trazer ao p\u00fablico informa\u00e7\u00f5es e hist\u00f3rias que valem a pena serem contadas. Gosto de viajar, fazer yoga e assistir s\u00e9ries.","url":"https:\/\/www.telavita.com.br\/blog\/author\/juliana-sonsin\/"}]}},"modified_by":"Sarah Rocha","_links":{"self":[{"href":"https:\/\/www.telavita.com.br\/blog\/wp-json\/wp\/v2\/posts\/2196"}],"collection":[{"href":"https:\/\/www.telavita.com.br\/blog\/wp-json\/wp\/v2\/posts"}],"about":[{"href":"https:\/\/www.telavita.com.br\/blog\/wp-json\/wp\/v2\/types\/post"}],"author":[{"embeddable":true,"href":"https:\/\/www.telavita.com.br\/blog\/wp-json\/wp\/v2\/users\/8"}],"replies":[{"embeddable":true,"href":"https:\/\/www.telavita.com.br\/blog\/wp-json\/wp\/v2\/comments?post=2196"}],"version-history":[{"count":12,"href":"https:\/\/www.telavita.com.br\/blog\/wp-json\/wp\/v2\/posts\/2196\/revisions"}],"predecessor-version":[{"id":5619,"href":"https:\/\/www.telavita.com.br\/blog\/wp-json\/wp\/v2\/posts\/2196\/revisions\/5619"}],"wp:featuredmedia":[{"embeddable":true,"href":"https:\/\/www.telavita.com.br\/blog\/wp-json\/wp\/v2\/media\/2236"}],"wp:attachment":[{"href":"https:\/\/www.telavita.com.br\/blog\/wp-json\/wp\/v2\/media?parent=2196"}],"wp:term":[{"taxonomy":"category","embeddable":true,"href":"https:\/\/www.telavita.com.br\/blog\/wp-json\/wp\/v2\/categories?post=2196"},{"taxonomy":"post_tag","embeddable":true,"href":"https:\/\/www.telavita.com.br\/blog\/wp-json\/wp\/v2\/tags?post=2196"}],"curies":[{"name":"wp","href":"https:\/\/api.w.org\/{rel}","templated":true}]}}