{"id":2353,"date":"2018-10-01T08:00:37","date_gmt":"2018-10-01T11:00:37","guid":{"rendered":"https:\/\/www.telavita.com.br\/blog\/?p=2353"},"modified":"2024-06-28T13:37:06","modified_gmt":"2024-06-28T16:37:06","slug":"impacto-psicologico-do-cancer","status":"publish","type":"post","link":"https:\/\/www.telavita.com.br\/blog\/impacto-psicologico-do-cancer\/","title":{"rendered":"Saiba mais sobre o impacto do c\u00e2ncer e da import\u00e2ncia do tratamento psicol\u00f3gico"},"content":{"rendered":"\r\n<p>Quem<strong> luta contra o c\u00e2ncer<\/strong>, luta contra a pr\u00f3pria mente. Al\u00e9m dos sintomas f\u00edsicos extremamente severos e os efeitos colaterais exaustivos dos medicamentos e procedimentos que auxiliam na batalha contra a doen\u00e7a, a nossa sa\u00fade mental tamb\u00e9m \u00e9 impactada com o diagn\u00f3stico. \u00c9 nela que moram os medos, a instabilidade emocional, e o poss\u00edvel nascimento de outras doen\u00e7as, como a<a href=\"https:\/\/www.telavita.com.br\/blog\/o-que-e-ansiedade\/\"><strong> ansiedade<\/strong><\/a> e a <a href=\"https:\/\/www.telavita.com.br\/blog\/depressao\/\"><strong>depress\u00e3o<\/strong><\/a>. Mas, apesar das possibilidades do mal se expandir, a mente tamb\u00e9m pode ser uma grande arma para derrotar a enfermidade.<\/p>\r\n\r\n\r\n\r\n<p>Segundo a <strong><a href=\"http:\/\/www.who.int\/eportuguese\/countries\/bra\/pt\/\">Organiza\u00e7\u00e3o Mundial da Sa\u00fade (OMS)<\/a><\/strong>, a cada ano <strong>8,8 milh\u00f5es de pessoas morrem de c\u00e2ncer<\/strong>, a maioria em pa\u00edses de baixa e m\u00e9dia renda. A <strong>OMS<\/strong> ainda divulgou os seguintes dados: \u201cO c\u00e2ncer \u00e9 atualmente respons\u00e1vel por uma em cada seis mortes no mundo. Mais de <strong>14 milh\u00f5es de pessoas desenvolvem c\u00e2ncer todos os anos<\/strong>, e esse n\u00famero deve subir para mais de 21 milh\u00f5es de pessoas em 2030.\u201d <\/p>\r\n\r\n\r\n\r\n<h2 class=\"wp-block-heading\">O que \u00e9 o c\u00e2ncer?<\/h2>\r\n\r\n\r\n\r\n<p>O <strong>Instituto Nacional de C\u00e2ncer (Inca) define c\u00e2ncer como <\/strong>\u201cum conjunto de mais de 100 doen\u00e7as que t\u00eam em comum o crescimento desordenado (<strong>maligno<\/strong>) de c\u00e9lulas que invadem os tecidos e \u00f3rg\u00e3os, podendo espalhar-se (<strong>met\u00e1stase<\/strong>) para outras regi\u00f5es do corpo. Dividindo-se rapidamente, estas c\u00e9lulas tendem a ser muito agressivas e incontrol\u00e1veis, determinando a forma\u00e7\u00e3o de tumores (ac\u00famulo de c\u00e9lulas cancerosas) ou <strong>neoplasias malignas<\/strong>. Por outro lado, um <strong>tumor benigno<\/strong> significa simplesmente uma massa localizada de c\u00e9lulas que se multiplicam vagarosamente e se assemelham ao seu tecido original, raramente constituindo um risco de vida.\u201d<\/p>\r\n\r\n\r\n\r\n<h2 class=\"wp-block-heading\">Tipos de c\u00e2ncer<\/h2>\r\n\r\n\r\n\r\n<p>De acordo com os dados da<strong> OMS<\/strong>, \u201co c\u00e2ncer \u00e9 uma das principais causas de morte no mundo, sendo respons\u00e1vel por cerca de 9,6 milh\u00f5es de mortes em 2018.\u201d<\/p>\r\n\r\n\r\n\r\n<p>Os tipos de c\u00e2ncer mais comuns s\u00e3o:<\/p>\r\n\r\n\r\n\r\n<ul>\r\n<li><strong>C\u00e2ncer de pulm\u00e3o<\/strong> (2,09 milh\u00f5es de casos)<\/li>\r\n<li><strong>C\u00e2ncer de mama<\/strong> (2,09 milh\u00f5es de casos)<\/li>\r\n<li><strong>C\u00e2ncer colorretal<\/strong> (1,8 milh\u00e3o de casos)<\/li>\r\n<li><strong>C\u00e2ncer de pr\u00f3stata<\/strong> (1,28 milh\u00e3o de casos)<\/li>\r\n<li><strong>C\u00e2ncer de pele n\u00e3o-melanoma<\/strong> (1,04 milh\u00e3o de casos)<\/li>\r\n<li><strong>C\u00e2ncer de est\u00f4mago<\/strong> (1,03 milh\u00e3o de casos)<\/li>\r\n<\/ul>\r\n\r\n\r\n\r\n<p>Mas, a doen\u00e7a ataca outros \u00f3rg\u00e3os e aparece em diferentes formas:<\/p>\r\n\r\n\r\n\r\n<ul>\r\n<li><strong>C\u00e2ncer de boca<\/strong>;<\/li>\r\n<li><strong>C\u00e2ncer de f\u00edgado<\/strong>;<\/li>\r\n<li><strong>C\u00e2ncer de intestino<\/strong>;<\/li>\r\n<li><strong>C\u00e2ncer de es\u00f4fago<\/strong>;<\/li>\r\n<li><strong>C\u00e2ncer de bexiga<\/strong>;<\/li>\r\n<li><strong>C\u00e2ncer de colo de \u00fatero<\/strong>;<\/li>\r\n<li><strong>C\u00e2ncer de c\u00f3lon e reto<\/strong>;<\/li>\r\n<li><strong>Leucemias<\/strong>;<\/li>\r\n<li><strong>Sarcomas<\/strong>;<\/li>\r\n<li>Entre outros.<\/li>\r\n<\/ul>\r\n\r\n\r\n\r\n<h2 class=\"wp-block-heading\">Oncologia<\/h2>\r\n\r\n\r\n\r\n<p>A palavra vem do grego &#8220;onkos&#8221; (onco) e significa massa, volume, tumor. J\u00e1 &#8220;logia\u201d, significa estudo, ou seja, oncologia \u00e9 o estudo dos tumores. Esse ramo da <strong>ci\u00eancia m\u00e9dica<\/strong> se dedica a estudar o desenvolvimento do c\u00e2ncer no organismo e o tratamento para cada caso.<\/p>\r\n\r\n\r\n\r\n<p>Atualmente tem se debatido muito a abordagem da ci\u00eancia quanto ao tratamento do c\u00e2ncer. O objetivo \u00e9 tratar o \u00f3rg\u00e3o afetado pelo tumor, mas acabamos esquecendo de que o \u00f3rg\u00e3o n\u00e3o vem sozinho. Existe uma pessoa ali, e entende-se que \u00e9 fundamental o tratamento do ser como um todo para que os resultados sejam mais eficazes e saud\u00e1veis tanto para o corpo, quanto para a mente. Foi pensando nisso que surgiu a <strong>Psico-oncologia<\/strong>.<\/p>\r\n\r\n\r\n\r\n<h2 class=\"wp-block-heading\">Um pouco de hist\u00f3ria<\/h2>\r\n\r\n\r\n\r\n<p>Quem pensa que os estudos sobre o c\u00e2ncer s\u00e3o relativamente novos, se enganou. Entre 460 e 370 a.C, viveu <strong>Hip\u00f3crates<\/strong>, considerado o &#8220;<strong>pai da medicina<\/strong>&#8220;. Foi ele quem utilizou a nomenclatura &#8220;c\u00e2ncer&#8221; pela primeira vez, al\u00e9m de &#8220;carcinos&#8221; e &#8220;<strong>carcinomas<\/strong>&#8221; para algumas manifesta\u00e7\u00f5es de tumores.\u00a0<\/p>\r\n\r\n\r\n\r\n<p>Em seguida,\u00a0 entre 130 e 200 d.C., o m\u00e9dico romano <strong>Galeno<\/strong> se destacou no no tratamento do c\u00e2ncer.\u00a0 Foi a partir de suas pesquisas que o c\u00e2ncer foi compreendido, na \u00e9poca, como incur\u00e1vel. Ele tamb\u00e9m realizou estudos que demonstravam a liga\u00e7\u00e3o entre desequil\u00edbrios emocionais e psicol\u00f3gicos com o aparecimento da doen\u00e7a.<\/p>\r\n\r\n\r\n\r\n<p>Os estudos dos psicanalistas <strong>Freud<\/strong> e <strong>Jung<\/strong> acerca da conex\u00e3o dos acontecimentos ps\u00edquicos e suas consequ\u00eancias org\u00e2nicas fez com que, em 1939, a \u00e1rea da <strong>Medicina Psicossom\u00e1tica<\/strong> fosse fundada. A partir da\u00ed, especialistas lutaram cada vez mais para que os estudos psicol\u00f3gicos atrelados aos fisiol\u00f3gicos andassem cada vez mais juntos.<\/p>\r\n\r\n\r\n\r\n<p>Foi na d\u00e9cada de 70 que a <a href=\"http:\/\/www.apa.org\/\"><strong>Associa\u00e7\u00e3o Americana de Psicologia<\/strong> <\/a>criou a divis\u00e3o de Psicologia da Sa\u00fade, o que consolidou ainda mais os estudos nessa \u00e1rea.<\/p>\r\n\r\n\r\n\r\n<h2 class=\"wp-block-heading\">Psico-oncologia<\/h2>\r\n\r\n\r\n\r\n<p>As remotas pesquisas de Galeno, Freud, Jung e tantos outros especialistas que, desde os prim\u00f3rdios j\u00e1 se preocupavam com a amea\u00e7a do c\u00e2ncer,\u00a0 contribu\u00edram para o surgimento da oncologia, e, consequentemente, da psico-oncologia.<\/p>\r\n\r\n\r\n\r\n<p>Em entrevista ao<a href=\"http:\/\/www.oncoguia.org.br\/\"><strong> Instituto Oncoguia<\/strong><\/a>, <strong>a Dra. Regina Liberato<\/strong>, presidente da <a href=\"http:\/\/sbpo.org.br\/\"><strong>Sociedade Brasileira de Psico-Oncologia (SBPO)<\/strong>,<\/a> explica: &#8220;A psico-oncologia entende que n\u00e3o h\u00e1 uma pessoa cuidada, mas uma unidade de cuidados. Porque n\u00e3o \u00e9 s\u00f3 o paciente que sofre. \u00c9 o paciente, a fam\u00edlia e sua equipe de cuidados. &#8220;<\/p>\r\n\r\n\r\n\r\n<p>O primeiro <strong>congresso de psico-oncologia no Brasil<\/strong> aconteceu em 1994 e significou a conex\u00e3o entre v\u00e1rias \u00e1reas da sa\u00fade cujo objetivo era um s\u00f3: ampliar os tratamentos do c\u00e2ncer e visar o bem-estar do paciente e seus familiares.\u00a0<\/p>\r\n\r\n\r\n\r\n<p>Liberato complementa: &#8220;Hoje a \u00e1rea ainda tem a ver com produ\u00e7\u00e3o interdisciplinar, mas tamb\u00e9m se preocupa com a implanta\u00e7\u00e3o de servi\u00e7os e pesquisas, por exemplo. A \u00e1rea \u00e9 ampla e muitas vezes confundida com a psicologia relacionada \u00e0 oncologia. Mas n\u00e3o \u00e9 isso. S\u00e3o todos os setores que demandam aspectos psicossociais, relacionados \u00e0 oncologia: Fisioterapia, medicina, fonoaudiologia, psicologia, psiquiatria, enfermagem, pedagogia, assist\u00eancia social, advocacy, cl\u00ednica da dor, psiquiatria, assist\u00eancia espiritual, voluntariado (\u2026). S\u00e3o pessoas que, de alguma maneira, se relacionam com o c\u00e2ncer, direta ou indiretamente (pacientes, fam\u00edlia, profissionais de sa\u00fade, cuidadores formais ou informais) e que lidam com aspectos psicossociais envolvidos nessa demanda, de enfrentamento do c\u00e2ncer.&#8221;<\/p>\r\n\r\n\r\n\r\n<h2 class=\"wp-block-heading\">Impacto psicol\u00f3gico do c\u00e2ncer<\/h2>\r\n\r\n\r\n\r\n<p>O nome assusta: &#8220;c\u00e2ncer&#8221;. N\u00e3o tem como pronunciar essas palavras sem ser tomado pela sua atmosfera negativa. Por anos, a aura quase de senten\u00e7a de morte acompanhava o termo, mas gra\u00e7as aos avan\u00e7os tecnol\u00f3gicos, hoje as perspectivas s\u00e3o muito melhores quanto ao tratamento da doen\u00e7a.<\/p>\r\n\r\n\r\n\r\n<p>Ainda assim, o paciente diagnosticado precisa lidar com in\u00fameros questionamentos e pensamentos: o medo da morte, o sofrimento, o processo dos tratamentos, os efeitos dos medicamentos, a rea\u00e7\u00e3o das pessoas, o impacto em sua vida&#8230;tudo isso e muito mais passa na cabe\u00e7a de quem recebeu a not\u00edcia.<\/p>\r\n\r\n\r\n\r\n<p>\u00c9 preciso muito cuidado ao lidar com\u00a0 paciente rec\u00e9m-diagnosticado. O modo como a not\u00edcia \u00e9 dada pelo m\u00e9dico \u00e9 fundamental no processo de aceita\u00e7\u00e3o e de como a pessoa vai lidar com a condi\u00e7\u00e3o.\u00a0<\/p>\r\n\r\n\r\n\r\n<h3 class=\"wp-block-heading\">Por que \u00e9 importante manter a mente saud\u00e1vel no tratamento do c\u00e2ncer?<\/h3>\r\n\r\n\r\n\r\n<p>A pesquisa &#8220;<strong>Psico-Oncologia: um novo olhar para o c\u00e2ncer&#8221;<\/strong>, realizada por\u00a0Maria Teresa Veit e Vicente Augusto de Carvalho, do Centro Universit\u00e1rio S\u00e3o Camilo, responde a pergunta: &#8220;Sofrimento emocional muitas vezes leva a pior evolu\u00e7\u00e3o da doen\u00e7a, porque pode prejudicar a ades\u00e3o aos tratamentos. Por outro lado, situa\u00e7\u00f5es prolongadas de estresse<br \/>frequentemente resultam em funcionamento inadequado do<br \/>sistema imunol\u00f3gico, o aparato natural de defesa de nosso organismo. Nesse caso, este passa a ser menos eficaz em sua a\u00e7\u00e3o de reconhecimento e elimina\u00e7\u00e3o de elementos estranhos ao organismo, por exemplo, c\u00e9lulas malignas em forma\u00e7\u00e3o.<\/p>\r\n\r\n\r\n\r\n<h2 class=\"wp-block-heading\">Tratamento do c\u00e2ncer<\/h2>\r\n\r\n\r\n\r\n<p>Existem diversos tipos de c\u00e2ncer, portanto, diferentes formas de tratamento para cada caso. Os mais comuns s\u00e3o:<\/p>\r\n\r\n\r\n\r\n<ul>\r\n<li><strong>Imunoterapia;<\/strong><\/li>\r\n<li><strong>Hormonioterapia;<\/strong><\/li>\r\n<li><strong>Quimioterapia;<\/strong><\/li>\r\n<li><strong>Radioterapia;<\/strong><\/li>\r\n<\/ul>\r\n\r\n\r\n\r\n<p>Para qualquer um desses tratamentos, ali\u00e1-los ao acompanhamento psicol\u00f3gico \u00e9 fundamental para, como j\u00e1 explicamos, a cura do todo, e n\u00e3o s\u00f3 do \u00f3rg\u00e3o afetado pela doen\u00e7a. Caso tenha sido diagnosticado com c\u00e2ncer ou tenha um amigo ou familiar passando pelo tratamento, <a href=\"https:\/\/telavita.com.br\/psicologia\/\">agende uma consulta com um psic\u00f3logo no nosso site<\/a>!<\/p>\r\n","protected":false},"excerpt":{"rendered":"<p>Quem luta contra o c\u00e2ncer, luta contra a pr\u00f3pria mente. Al\u00e9m dos sintomas f\u00edsicos extremamente severos e os efeitos colaterais exaustivos dos medicamentos e procedimentos que auxiliam na batalha contra a doen\u00e7a, a nossa sa\u00fade mental tamb\u00e9m \u00e9 impactada com o diagn\u00f3stico. \u00c9 nela que moram os medos, a instabilidade emocional, e o poss\u00edvel nascimento [&hellip;]<\/p>\n","protected":false},"author":8,"featured_media":2472,"comment_status":"open","ping_status":"open","sticky":false,"template":"","format":"standard","meta":{"_lmt_disableupdate":"","_lmt_disable":"","footnotes":""},"categories":[272],"tags":[],"yoast_head":"<!-- This site is optimized with the Yoast SEO plugin v19.8 - https:\/\/yoast.com\/wordpress\/plugins\/seo\/ -->\n<title>O Que \u00e9 C\u00e2ncer? O Impacto Psicol\u00f3gico do C\u00e2ncer | TelaVita<\/title>\n<meta name=\"description\" content=\"Muito al\u00e9m dos sintomas f\u00edsicos, o c\u00e2ncer impacta a vida do paciente desde o seu diagn\u00f3stico. Saiba mais dos tratamentos psicol\u00f3gicos do c\u00e2ncer!\" \/>\n<meta name=\"robots\" content=\"index, follow, max-snippet:-1, max-image-preview:large, max-video-preview:-1\" \/>\n<link rel=\"canonical\" href=\"https:\/\/www.telavita.com.br\/blog\/impacto-psicologico-do-cancer\/\" \/>\n<meta property=\"og:locale\" content=\"pt_BR\" \/>\n<meta property=\"og:type\" content=\"article\" \/>\n<meta property=\"og:title\" content=\"O Que \u00e9 C\u00e2ncer? O Impacto Psicol\u00f3gico do C\u00e2ncer | TelaVita\" \/>\n<meta property=\"og:description\" content=\"Muito al\u00e9m dos sintomas f\u00edsicos, o c\u00e2ncer impacta a vida do paciente desde o seu diagn\u00f3stico. Saiba mais dos tratamentos psicol\u00f3gicos do c\u00e2ncer!\" \/>\n<meta property=\"og:url\" content=\"https:\/\/www.telavita.com.br\/blog\/impacto-psicologico-do-cancer\/\" \/>\n<meta property=\"og:site_name\" content=\"Telavita\" \/>\n<meta property=\"article:publisher\" content=\"https:\/\/www.facebook.com\/Telavita\" \/>\n<meta property=\"article:published_time\" content=\"2018-10-01T11:00:37+00:00\" \/>\n<meta property=\"article:modified_time\" content=\"2024-06-28T16:37:06+00:00\" \/>\n<meta property=\"og:image\" content=\"https:\/\/www.telavita.com.br\/blog\/wp-content\/uploads\/2018\/09\/impacto-cancer.jpg\" \/>\n\t<meta property=\"og:image:width\" content=\"900\" \/>\n\t<meta property=\"og:image:height\" content=\"560\" \/>\n\t<meta property=\"og:image:type\" content=\"image\/jpeg\" \/>\n<meta name=\"author\" content=\"Juliana Sonsin\" \/>\n<meta name=\"twitter:card\" content=\"summary_large_image\" \/>\n<meta name=\"twitter:label1\" content=\"Escrito por\" \/>\n\t<meta name=\"twitter:data1\" content=\"Juliana Sonsin\" \/>\n\t<meta name=\"twitter:label2\" content=\"Est. tempo de leitura\" \/>\n\t<meta name=\"twitter:data2\" content=\"7 minutos\" \/>\n<!-- \/ Yoast SEO plugin. -->","yoast_head_json":{"title":"O Que \u00e9 C\u00e2ncer? O Impacto Psicol\u00f3gico do C\u00e2ncer | TelaVita","description":"Muito al\u00e9m dos sintomas f\u00edsicos, o c\u00e2ncer impacta a vida do paciente desde o seu diagn\u00f3stico. Saiba mais dos tratamentos psicol\u00f3gicos do c\u00e2ncer!","robots":{"index":"index","follow":"follow","max-snippet":"max-snippet:-1","max-image-preview":"max-image-preview:large","max-video-preview":"max-video-preview:-1"},"canonical":"https:\/\/www.telavita.com.br\/blog\/impacto-psicologico-do-cancer\/","og_locale":"pt_BR","og_type":"article","og_title":"O Que \u00e9 C\u00e2ncer? O Impacto Psicol\u00f3gico do C\u00e2ncer | TelaVita","og_description":"Muito al\u00e9m dos sintomas f\u00edsicos, o c\u00e2ncer impacta a vida do paciente desde o seu diagn\u00f3stico. Saiba mais dos tratamentos psicol\u00f3gicos do c\u00e2ncer!","og_url":"https:\/\/www.telavita.com.br\/blog\/impacto-psicologico-do-cancer\/","og_site_name":"Telavita","article_publisher":"https:\/\/www.facebook.com\/Telavita","article_published_time":"2018-10-01T11:00:37+00:00","article_modified_time":"2024-06-28T16:37:06+00:00","og_image":[{"width":900,"height":560,"url":"https:\/\/www.telavita.com.br\/blog\/wp-content\/uploads\/2018\/09\/impacto-cancer.jpg","type":"image\/jpeg"}],"author":"Juliana Sonsin","twitter_card":"summary_large_image","twitter_misc":{"Escrito por":"Juliana Sonsin","Est. tempo de leitura":"7 minutos"},"schema":{"@context":"https:\/\/schema.org","@graph":[{"@type":"Article","@id":"https:\/\/www.telavita.com.br\/blog\/impacto-psicologico-do-cancer\/#article","isPartOf":{"@id":"https:\/\/www.telavita.com.br\/blog\/impacto-psicologico-do-cancer\/"},"author":{"name":"Juliana Sonsin","@id":"https:\/\/www.telavita.com.br\/blog\/#\/schema\/person\/c9d2f268651fd6d6bf440495dd23b40e"},"headline":"Saiba mais sobre o impacto do c\u00e2ncer e da import\u00e2ncia do tratamento psicol\u00f3gico","datePublished":"2018-10-01T11:00:37+00:00","dateModified":"2024-06-28T16:37:06+00:00","mainEntityOfPage":{"@id":"https:\/\/www.telavita.com.br\/blog\/impacto-psicologico-do-cancer\/"},"wordCount":1363,"commentCount":0,"publisher":{"@id":"https:\/\/www.telavita.com.br\/blog\/#organization"},"articleSection":["Doen\u00e7as"],"inLanguage":"pt-BR","potentialAction":[{"@type":"CommentAction","name":"Comment","target":["https:\/\/www.telavita.com.br\/blog\/impacto-psicologico-do-cancer\/#respond"]}]},{"@type":"WebPage","@id":"https:\/\/www.telavita.com.br\/blog\/impacto-psicologico-do-cancer\/","url":"https:\/\/www.telavita.com.br\/blog\/impacto-psicologico-do-cancer\/","name":"O Que \u00e9 C\u00e2ncer? O Impacto Psicol\u00f3gico do C\u00e2ncer | TelaVita","isPartOf":{"@id":"https:\/\/www.telavita.com.br\/blog\/#website"},"datePublished":"2018-10-01T11:00:37+00:00","dateModified":"2024-06-28T16:37:06+00:00","description":"Muito al\u00e9m dos sintomas f\u00edsicos, o c\u00e2ncer impacta a vida do paciente desde o seu diagn\u00f3stico. Saiba mais dos tratamentos psicol\u00f3gicos do c\u00e2ncer!","breadcrumb":{"@id":"https:\/\/www.telavita.com.br\/blog\/impacto-psicologico-do-cancer\/#breadcrumb"},"inLanguage":"pt-BR","potentialAction":[{"@type":"ReadAction","target":["https:\/\/www.telavita.com.br\/blog\/impacto-psicologico-do-cancer\/"]}]},{"@type":"BreadcrumbList","@id":"https:\/\/www.telavita.com.br\/blog\/impacto-psicologico-do-cancer\/#breadcrumb","itemListElement":[{"@type":"ListItem","position":1,"name":"In\u00edcio","item":"https:\/\/www.telavita.com.br\/blog\/"},{"@type":"ListItem","position":2,"name":"Saiba mais sobre o impacto do c\u00e2ncer e da import\u00e2ncia do tratamento psicol\u00f3gico"}]},{"@type":"WebSite","@id":"https:\/\/www.telavita.com.br\/blog\/#website","url":"https:\/\/www.telavita.com.br\/blog\/","name":"Telavita","description":"Conte\u00fados especializados sobre sa\u00fade mental e bem-estar","publisher":{"@id":"https:\/\/www.telavita.com.br\/blog\/#organization"},"potentialAction":[{"@type":"SearchAction","target":{"@type":"EntryPoint","urlTemplate":"https:\/\/www.telavita.com.br\/blog\/?s={search_term_string}"},"query-input":"required name=search_term_string"}],"inLanguage":"pt-BR"},{"@type":"Organization","@id":"https:\/\/www.telavita.com.br\/blog\/#organization","name":"Telavita","url":"https:\/\/www.telavita.com.br\/blog\/","sameAs":["https:\/\/www.linkedin.com\/company\/telavita\/mycompany\/verification\/","https:\/\/www.instagram.com\/telavita\/","https:\/\/www.facebook.com\/Telavita"],"logo":{"@type":"ImageObject","inLanguage":"pt-BR","@id":"https:\/\/www.telavita.com.br\/blog\/#\/schema\/logo\/image\/","url":"https:\/\/www.telavita.com.br\/blog\/wp-content\/uploads\/2021\/05\/telavita.jpg","contentUrl":"https:\/\/www.telavita.com.br\/blog\/wp-content\/uploads\/2021\/05\/telavita.jpg","width":200,"height":200,"caption":"Telavita"},"image":{"@id":"https:\/\/www.telavita.com.br\/blog\/#\/schema\/logo\/image\/"}},{"@type":"Person","@id":"https:\/\/www.telavita.com.br\/blog\/#\/schema\/person\/c9d2f268651fd6d6bf440495dd23b40e","name":"Juliana Sonsin","image":{"@type":"ImageObject","inLanguage":"pt-BR","@id":"https:\/\/www.telavita.com.br\/blog\/#\/schema\/person\/image\/","url":"https:\/\/secure.gravatar.com\/avatar\/dfb14c6228cdf7312fea984efc84d04e?s=96&d=mm&r=g","contentUrl":"https:\/\/secure.gravatar.com\/avatar\/dfb14c6228cdf7312fea984efc84d04e?s=96&d=mm&r=g","caption":"Juliana Sonsin"},"description":"Jornalista formada pela Faculdade C\u00e1sper Libero e especializada em sa\u00fade. Apaixonada por escrever roteiros de v\u00eddeos, produzir (e assistir) document\u00e1rios e ler sobre tudo um pouco. Acredito no jornalismo \u00e9tico como um meio de trazer ao p\u00fablico informa\u00e7\u00f5es e hist\u00f3rias que valem a pena serem contadas. Gosto de viajar, fazer yoga e assistir s\u00e9ries.","url":"https:\/\/www.telavita.com.br\/blog\/author\/juliana-sonsin\/"}]}},"modified_by":null,"_links":{"self":[{"href":"https:\/\/www.telavita.com.br\/blog\/wp-json\/wp\/v2\/posts\/2353"}],"collection":[{"href":"https:\/\/www.telavita.com.br\/blog\/wp-json\/wp\/v2\/posts"}],"about":[{"href":"https:\/\/www.telavita.com.br\/blog\/wp-json\/wp\/v2\/types\/post"}],"author":[{"embeddable":true,"href":"https:\/\/www.telavita.com.br\/blog\/wp-json\/wp\/v2\/users\/8"}],"replies":[{"embeddable":true,"href":"https:\/\/www.telavita.com.br\/blog\/wp-json\/wp\/v2\/comments?post=2353"}],"version-history":[{"count":17,"href":"https:\/\/www.telavita.com.br\/blog\/wp-json\/wp\/v2\/posts\/2353\/revisions"}],"predecessor-version":[{"id":9528,"href":"https:\/\/www.telavita.com.br\/blog\/wp-json\/wp\/v2\/posts\/2353\/revisions\/9528"}],"wp:featuredmedia":[{"embeddable":true,"href":"https:\/\/www.telavita.com.br\/blog\/wp-json\/wp\/v2\/media\/2472"}],"wp:attachment":[{"href":"https:\/\/www.telavita.com.br\/blog\/wp-json\/wp\/v2\/media?parent=2353"}],"wp:term":[{"taxonomy":"category","embeddable":true,"href":"https:\/\/www.telavita.com.br\/blog\/wp-json\/wp\/v2\/categories?post=2353"},{"taxonomy":"post_tag","embeddable":true,"href":"https:\/\/www.telavita.com.br\/blog\/wp-json\/wp\/v2\/tags?post=2353"}],"curies":[{"name":"wp","href":"https:\/\/api.w.org\/{rel}","templated":true}]}}