{"id":2379,"date":"2018-10-02T08:00:26","date_gmt":"2018-10-02T11:00:26","guid":{"rendered":"https:\/\/www.telavita.com.br\/blog\/?p=2379"},"modified":"2024-07-04T14:16:34","modified_gmt":"2024-07-04T17:16:34","slug":"outubro-rosa","status":"publish","type":"post","link":"https:\/\/www.telavita.com.br\/blog\/outubro-rosa\/","title":{"rendered":"Outubro Rosa em a\u00e7\u00e3o! Confira os sintomas e tratamentos do c\u00e2ncer de mama!"},"content":{"rendered":"\r\n<p><em><strong>Outubro Rosa<\/strong> \u00e9 a campanha para conscientizar sobre o c\u00e2ncer de mama! Saiba tudo sobre o assunto!<\/em><\/p>\r\n<p>O c\u00e2ncer de mama \u00e9 uma das grandes preocupa\u00e7\u00f5es de mulheres no mundo todo, e n\u00e3o \u00e9 por menos:<a href=\"https:\/\/www.inca.gov.br\/\">\u00a0<strong>Segundo o Instituto Nacional do C\u00e2ncer (Inca)<\/strong><\/a>, &#8220;\u00e9 a maior causa de morte por c\u00e2ncer nas mulheres em todo o mundo&#8221;. O <strong>n\u00famero de mortes causados por esse tipo de c\u00e2ncer<\/strong>, de acordo com os dados de 2013 divulgados pelo <strong>Inca<\/strong>, \u00e9 de <strong>14.388, sendo 181 homens e 14.206 mulheres<\/strong>.\u00a0 As <strong>estimativas para 2018<\/strong> tamb\u00e9m n\u00e3o s\u00e3o muito animadoras, j\u00e1 que a incid\u00eancia de novos casos pode chegar aos\u00a0<strong>59.700.<\/strong><\/p>\r\n\r\n\r\n\r\n<p><a href=\"https:\/\/www.telavita.com.br\/blog\/impacto-psicologico-do-cancer\/\">Depois do c\u00e2ncer de pele n\u00e3o melanoma<\/a>, o<strong> c\u00e2ncer de mama<\/strong> \u00e9 o mais comum entre as mulheres no mundo e no Brasil, e, segundo o <strong>Inca,<\/strong> isso representa cerca de<strong> 28% dos casos novos a cada ano.<\/strong>\u00a0O alvo principal desse c\u00e2ncer s\u00e3o as mulheres. O <strong>c\u00e2ncer de mama em homen<\/strong>s tamb\u00e9m \u00e9 poss\u00edvel, embora em porcentagens bem pequenas, representando <strong>1% do total de casos da doen\u00e7a.\u00a0<\/strong><\/p>\r\n\r\n\r\n\r\n<h2 class=\"wp-block-heading\">Outubro Rosa<\/h2>\r\n\r\n\r\n\r\n<p>O <strong>la\u00e7o rosa<\/strong> que enfeita roupas \u00e9 muito mais do um adere\u00e7o, \u00e9 o <strong>s\u00edmbolo do Outubro Rosa<\/strong>. A <strong>origem do Outubro Rosa<\/strong>\u00a0remonta de 1990, nos Estados Unidos, e foi idealizado para conscientizar a sociedade sobre a import\u00e2ncia do diagn\u00f3stico precoce, al\u00e9m de engajar a participa\u00e7\u00e3o da popula\u00e7\u00e3o no <strong>combate ao c\u00e2ncer de mama.<\/strong><\/p>\r\n\r\n\r\n\r\n<p>O <strong>Inca<\/strong> entrou para o movimento em 2010 e informa os objetivos da <strong>Campanha Outubro Rosa<\/strong>: &#8220;Atualmente, a data \u00e9 celebrada anualmente em muitos pa\u00edses, atrav\u00e9s de iniciativas que alertem sobre a import\u00e2ncia da preven\u00e7\u00e3o, do diagn\u00f3stico precoce e da luta em favor da vida&#8221;. O Inca promove eventos, debates e diversos recursos educativos para disseminar informa\u00e7\u00f5es sobre o c\u00e2ncer de mama.&#8221;<\/p>\r\n\r\n\r\n\r\n<p>O acesso \u00e0 informa\u00e7\u00e3o pode mudar o destino de muitos pacientes diagnosticados ou daqueles que ainda n\u00e3o descobriram a presen\u00e7a da doen\u00e7a. Com o diagn\u00f3stico precoce, o tratamento chega mais r\u00e1pido e isso pode salvar muitas vidas.<\/p>\r\n\r\n\r\n\r\n<p>A<strong> import\u00e2ncia do Outubro Rosa<\/strong> \u00e9 alertar para as causas e danos que o diagn\u00f3stico demorado pode acarretar na vida dos pacientes. Embora seja\u00a0 raro antes dos 35 anos e a <strong>idade de risco do c\u00e2ncer de mama <\/strong>seja\u00a0acima desta idade, ela pode ocorrer antes dessa faixa et\u00e1ria, por isso \u00e9 sempre bom ficar em dia com os exames preventivos.\u00a0<\/p>\r\n\r\n\r\n\r\n<h2 class=\"wp-block-heading\">O que \u00e9 c\u00e2ncer de mama?<\/h2>\r\n\r\n\r\n\r\n<p>O desequil\u00edbrio na divis\u00e3o das c\u00e9lulas da mama pode ocasionar a forma\u00e7\u00e3o de um tumor maligno nos canais, ou ductos, por onde o leite produzido nas mamas \u00e9 conduzido. A esse quadro d\u00e1-se o nome de &#8220;c\u00e2ncer de mama&#8221;.<\/p>\r\n\r\n\r\n\r\n<p>\u200bO <strong>n\u00f3dulo na mama<\/strong> \u00e9 um pequeno<strong> caro\u00e7o nos seios<\/strong> que geralmente pode n\u00e3o indicar a presen\u00e7a do c\u00e2ncer, mas sim uma altera\u00e7\u00e3o comum e benigna, como um cisto. Mas, os <strong>n\u00f3dulos nos seios <\/strong>podem ter car\u00e1ter maligno quando provocam\u00a0\u00a0altera\u00e7\u00f5es do tamanho e forma da mama e a presen\u00e7a de fatores de risco para o c\u00e2ncer de mama.<\/p>\r\n<p>LEIA MAIS: <a href=\"https:\/\/www.telavita.com.br\/blog\/rh-prevencao-cancer-mama\/\">Como o RH pode ajudar na preven\u00e7\u00e3o do c\u00e2ncer de mama<\/a>!<\/p>\r\n\r\n\r\n\r\n<h2 class=\"wp-block-heading\">Causas do c\u00e2ncer de mama<\/h2>\r\n\r\n\r\n\r\n<p>De acordo com a cartilha desenvolvida pelo I<strong>nstituto Nacional de C\u00e2ncer Jos\u00e9 Alencar Gomes da Silva (INCA)<\/strong> e o <strong>Minist\u00e9rio da Sa\u00fade,\u00a0<\/strong>dentre os\u00a0<strong>fatores de risco do c\u00e2ncer de mama,<\/strong> est\u00e3o:<\/p>\r\n\r\n\r\n\r\n<ul>\r\n<li>idade avan\u00e7ada;<\/li>\r\n<li>hist\u00f3rico familiar;<\/li>\r\n<li>exposi\u00e7\u00e3o prolongada aos horm\u00f4nios femininos;<\/li>\r\n<li>hist\u00f3rico de muta\u00e7\u00e3o gen\u00e9tica;<\/li>\r\n<li>ser portadora dos genes BRCA1 e BRCA2: Segundo o <a href=\"https:\/\/www.einstein.br\/Pages\/Home.aspx\"><strong>Hospital Israelita Albert Einsten<\/strong><\/a>, &#8220;muta\u00e7\u00f5es no gene BRCA1 est\u00e3o mais associadas aos tumores de mama triplo-negativos e maior risco de c\u00e2ncer de ov\u00e1rio. J\u00e1 as muta\u00e7\u00f5es no gene BRCA2 est\u00e3o mais associadas ao c\u00e2ncer de mama masculino e no c\u00e2ncer de p\u00e2ncreas.&#8221;<\/li>\r\n<li>obesidade e sobrepeso ap\u00f3s a menopausa;<\/li>\r\n<li>sedentarismo;<\/li>\r\n<li>consumo de bebida alco\u00f3lica;<\/li>\r\n<li>primeira menstrua\u00e7\u00e3o (menarca) antes de 12 anos;<\/li>\r\n<li>n\u00e3o ter tido filhos e\/ou amamentado;<\/li>\r\n<li>primeira gravidez ap\u00f3s os 30 anos;<\/li>\r\n<li>parar de menstruar (menopausa) ap\u00f3s os 55 anos;<\/li>\r\n<li>uso de contraceptivos orais por tempo prolongado;<\/li>\r\n<li>reposi\u00e7\u00e3o hormonal p\u00f3s-menopausa;<\/li>\r\n<li>entre outros.<\/li>\r\n<\/ul>\r\n\r\n\r\n\r\n<p>Ou seja, as <strong>causas do c\u00e2ncer<\/strong> de mama n\u00e3o prov\u00e9m de uma \u00fanica origem, mas sim de uma combina\u00e7\u00e3o de fatores ou da predisposi\u00e7\u00e3o de cada organismo a despertar determinado fator como causador da doen\u00e7a.<\/p>\r\n\r\n\r\n\r\n<h2 class=\"wp-block-heading\">Sintomas de c\u00e2ncer de mama<\/h2>\r\n\r\n\r\n\r\n<p>Os sinais de c\u00e2ncer de mama, segundo o <a href=\"http:\/\/www1.inca.gov.br\/inca\/Arquivos\/Cartilha_cancer_de_mama_vamos_falar_sobre_isso2016_web.pdf\"><strong>Inca<\/strong> <\/a>e o <a href=\"https:\/\/drauziovarella.uol.com.br\/doencas-e-sintomas\/cancer-de-mama\/\">site<\/a> do <strong>Dr.Drauzio Varella<\/strong> pode incluir:<\/p>\r\n\r\n\r\n\r\n<ul>\r\n<li>presen\u00e7a de um n\u00f3dulo \u00fanico endurecido, fixo e, geralmente, indolor, na mama;<\/li>\r\n<li>deformidade e\/ou aumento da mama;<\/li>\r\n<li>retra\u00e7\u00e3o da pele ou do mamilo;<\/li>\r\n<li>altera\u00e7\u00f5es no bico do peito (mamilo).<\/li>\r\n<li>g\u00e2nglios axilares aumentados;<\/li>\r\n<li>vermelhid\u00e3o, edema, dor e a presen\u00e7a de l\u00edquido nos mamilos;<\/li>\r\n<\/ul>\r\n\r\n\r\n\r\n<p>Lembrando que alguns\u00a0<strong>sintomas do c\u00e2ncer de mama<\/strong> podem aparecer e n\u00e3o representar a doen\u00e7a em si, pois alguns deles podem ser perfeitamente normais. Por isso, atrelar o sinais aos fatores de risco e fazer o <strong>autoexame,<\/strong> <strong>mamografias<\/strong> e todo o procedimento de diagn\u00f3stico \u00e9 vital. Da\u00ed a import\u00e2ncia do <strong>outubro rosa<\/strong>!<\/p>\r\n\r\n\r\n\r\n<h2 class=\"wp-block-heading\">Outubro rosa e a preven\u00e7\u00e3o do c\u00e2ncer de mama<\/h2>\r\n\r\n\r\n\r\n<p>A <strong>preven\u00e7\u00e3o contra o c\u00e2ncer de mama<\/strong> se d\u00e1 a partir do diagn\u00f3stico precoce, por isso o <strong>Outubro Rosa<\/strong> \u00e9 t\u00e3o importante, pois divulga informa\u00e7\u00f5es para que a popula\u00e7\u00e3o realize o<strong>\u00a0autoexame<\/strong>, <strong>exame de mama<\/strong>, conhecimento do hist\u00f3rico familiar de doen\u00e7as. Al\u00e9m disso, adotar um estilo de vida saud\u00e1vel e uma dieta balanceada pode ajudar na preven\u00e7\u00e3o da doen\u00e7a.<\/p>\r\n\r\n\r\n\r\n<p>A realiza\u00e7\u00e3o do <strong>autoexame<\/strong> \u00e9 recomendado a partir dos 20 anos de idade, todo o m\u00eas. A\u00a0apalpa\u00e7\u00e3o dos seios deve ser realizada em frente ao espelho, idealmente entre o quarto e o sexto dias ap\u00f3s o fim do fluxo menstrual. Em caso de altera\u00e7\u00e3o, deforma\u00e7\u00e3o, retra\u00e7\u00e3o ou feridas nos seios, procure um m\u00e9dico imediatamente.\u00a0<\/p>\r\n\r\n\r\n\r\n<h2 class=\"wp-block-heading\">Tratamentos para c\u00e2ncer de mama<\/h2>\r\n\r\n\r\n\r\n<p>Existem diversos <strong>tipos de c\u00e2ncer de mama<\/strong>, assim como diferentes tratamentos para cada um deles e os est\u00e1gios em que est\u00e3o. De acordo com a <strong><a href=\"http:\/\/www.oncoguia.org.br\/\">Oncoguia<\/a>,<\/strong> esses s\u00e3o os tratamentos mais comuns:<\/p>\r\n\r\n\r\n\r\n<p><strong>Tratamentos Locais.\u00a0<\/strong>A terapia local visa tratar um tumor localmente, sem afetar o resto do corpo. Os tipos de terapia local utilizados para o c\u00e2ncer de mama incluem:<\/p>\r\n\r\n\r\n\r\n<ul>\r\n<li>Cirurgia<\/li>\r\n<li>Radioterapia.<\/li>\r\n<\/ul>\r\n\r\n\r\n\r\n<p>A <strong>mastectomia<\/strong>, ou seja, a retirada cir\u00fargica de toda a mama, em muitos casos se faz necess\u00e1ria. O apoio psicol\u00f3gico para a mulher que realiza a mastectomia \u00e9 de extrema import\u00e2ncia pois muitas <a href=\"https:\/\/www.telavita.com.br\/blog\/autoestima\/\">sofrem com autoestima<\/a> baixa e podem desenvolver doen\u00e7as psicol\u00f3gicas, como <strong>depress\u00e3o<\/strong>.<\/p>\r\n\r\n\r\n\r\n<p><strong>Tratamentos Sist\u00eamicos.\u00a0<\/strong>A terapia sist\u00eamica se refere ao uso de medicamentos que podem ser administrados por via oral, ou diretamente na corrente sangu\u00ednea para atingir as c\u00e9lulas cancer\u00edgenas em qualquer parte do corpo. Dependendo do tipo de c\u00e2ncer de mama, diferentes tipos de tratamentos sist\u00eamicos podem seu usados, incluindo:<\/p>\r\n\r\n\r\n\r\n<ul>\r\n<li>Quimioterapia.<\/li>\r\n<li>Terapia hormonal.<\/li>\r\n<li>Terapia alvo.<\/li>\r\n<\/ul>\r\n\r\n\r\n\r\n<p>Seja qual for a forma de tratamento escolhida, \u00e9 vital de que seja de comum acordo entre a paciente e a equipe m\u00e9dica, sendo que esta deve deixar claro os fatores de riscos, efeitos colaterais e a recupera\u00e7\u00e3o. A paciente deve se sentir confort\u00e1vel e munida de toda a informa\u00e7\u00e3o poss\u00edvel para que sua luta seja bem estruturada e a batalha seja vencida.<\/p>\r\n<h2>A import\u00e2ncia do acompanhamento psicol\u00f3gico para o c\u00e2ncer de mama!<\/h2>\r\n<p>O impacto psicol\u00f3gico que o c\u00e2ncer de mama causa na mulher \u00e9 imenso. Desde a descoberta do diagn\u00f3stico at\u00e9 o doloroso processo de tratamento, a paciente precisa lidar com diversas quest\u00f5es psicol\u00f3gicas que antes n\u00e3o lidava e que, por isso, precisa aprender a ressignificar valores e medos.\u00a0<\/p>\r\n<p>LEIA MAIS: <a href=\"https:\/\/www.telavita.com.br\/blog\/impacto-psicologico-do-cancer\/\">Saiba mais sobre o impacto do c\u00e2ncer e da import\u00e2ncia do tratamento psicol\u00f3gico!<\/a><\/p>\r\n<p>A presen\u00e7a de um psic\u00f3logo especializado em casos como esse \u00e9 essencial para o tratamento e para a sa\u00fade da paciente, j\u00e1 que sem o cuidado emocional, o f\u00edsico tamb\u00e9m fica \u00e0 merc\u00ea de todos os gatilhos. Caso conhe\u00e7a algu\u00e9m ou esteja passando pelo c\u00e2ncer de mama, n\u00e3o hesite em procurar ajuda psicol\u00f3gica, j\u00e1 que a mente \u00e9 quem controla todo o nosso corpo.<\/p>\r\n<p>LEIA MAIS: <a href=\"https:\/\/www.telavita.com.br\/blog\/orientacao-psicologica-online\/\">Voc\u00ea conhece a Orienta\u00e7\u00e3o Psicol\u00f3gica Online? \u2013 Veja os benef\u00edcios e diferenciais<\/a><\/p>\r\n\r\n\r\n\r\n<p>O<strong> Outubro Rosa<\/strong> celebra 28 anos de exist\u00eancia, e, mais importante, tamb\u00e9m celebra a vida. <a href=\"https:\/\/www.telavita.com.br\/blog\/rh-prevencao-cancer-mama\/\">A campanha acontece todo o m\u00eas de outubro<\/a> e \u00e9 um grande alerta dos malef\u00edcios que o diagn\u00f3stico demorado pode acarretar. Celebre essa causa tamb\u00e9m!<\/p>\r\n","protected":false},"excerpt":{"rendered":"<p>Outubro Rosa \u00e9 a campanha para conscientizar sobre o c\u00e2ncer de mama! Saiba tudo sobre o assunto! O c\u00e2ncer de mama \u00e9 uma das grandes preocupa\u00e7\u00f5es de mulheres no mundo todo, e n\u00e3o \u00e9 por menos:\u00a0Segundo o Instituto Nacional do C\u00e2ncer (Inca), &#8220;\u00e9 a maior causa de morte por c\u00e2ncer nas mulheres em todo o [&hellip;]<\/p>\n","protected":false},"author":8,"featured_media":2476,"comment_status":"open","ping_status":"open","sticky":false,"template":"","format":"standard","meta":{"_lmt_disableupdate":"","_lmt_disable":"","footnotes":""},"categories":[272],"tags":[],"yoast_head":"<!-- This site is optimized with the Yoast SEO plugin v19.8 - https:\/\/yoast.com\/wordpress\/plugins\/seo\/ -->\n<title>Outubro rosa e c\u00e2ncer de mama: sintomas e preven\u00e7\u00e3o | Telavita<\/title>\n<meta name=\"description\" content=\"O Outubro Rosa foi criado para conscientizar a popula\u00e7\u00e3o sobre o c\u00e2ncer de mama e a import\u00e2ncia do diagn\u00f3stico precoce. Clique aqui e leia mais!\" \/>\n<meta name=\"robots\" content=\"index, follow, max-snippet:-1, max-image-preview:large, max-video-preview:-1\" \/>\n<link rel=\"canonical\" href=\"https:\/\/www.telavita.com.br\/blog\/outubro-rosa\/\" \/>\n<meta property=\"og:locale\" content=\"pt_BR\" \/>\n<meta property=\"og:type\" content=\"article\" \/>\n<meta property=\"og:title\" content=\"Outubro rosa e c\u00e2ncer de mama: sintomas e preven\u00e7\u00e3o | Telavita\" \/>\n<meta property=\"og:description\" content=\"O Outubro Rosa foi criado para conscientizar a popula\u00e7\u00e3o sobre o c\u00e2ncer de mama e a import\u00e2ncia do diagn\u00f3stico precoce. Clique aqui e leia mais!\" \/>\n<meta property=\"og:url\" content=\"https:\/\/www.telavita.com.br\/blog\/outubro-rosa\/\" \/>\n<meta property=\"og:site_name\" content=\"Telavita\" \/>\n<meta property=\"article:publisher\" content=\"https:\/\/www.facebook.com\/Telavita\" \/>\n<meta property=\"article:published_time\" content=\"2018-10-02T11:00:26+00:00\" \/>\n<meta property=\"article:modified_time\" content=\"2024-07-04T17:16:34+00:00\" \/>\n<meta property=\"og:image\" content=\"https:\/\/www.telavita.com.br\/blog\/wp-content\/uploads\/2018\/09\/cancer-de-mama.jpg\" \/>\n\t<meta property=\"og:image:width\" content=\"900\" \/>\n\t<meta property=\"og:image:height\" content=\"560\" \/>\n\t<meta property=\"og:image:type\" content=\"image\/jpeg\" \/>\n<meta name=\"author\" content=\"Juliana Sonsin\" \/>\n<meta name=\"twitter:card\" content=\"summary_large_image\" \/>\n<meta name=\"twitter:label1\" content=\"Escrito por\" \/>\n\t<meta name=\"twitter:data1\" content=\"Juliana Sonsin\" \/>\n\t<meta name=\"twitter:label2\" content=\"Est. tempo de leitura\" \/>\n\t<meta name=\"twitter:data2\" content=\"8 minutos\" \/>\n<!-- \/ Yoast SEO plugin. -->","yoast_head_json":{"title":"Outubro rosa e c\u00e2ncer de mama: sintomas e preven\u00e7\u00e3o | Telavita","description":"O Outubro Rosa foi criado para conscientizar a popula\u00e7\u00e3o sobre o c\u00e2ncer de mama e a import\u00e2ncia do diagn\u00f3stico precoce. Clique aqui e leia mais!","robots":{"index":"index","follow":"follow","max-snippet":"max-snippet:-1","max-image-preview":"max-image-preview:large","max-video-preview":"max-video-preview:-1"},"canonical":"https:\/\/www.telavita.com.br\/blog\/outubro-rosa\/","og_locale":"pt_BR","og_type":"article","og_title":"Outubro rosa e c\u00e2ncer de mama: sintomas e preven\u00e7\u00e3o | Telavita","og_description":"O Outubro Rosa foi criado para conscientizar a popula\u00e7\u00e3o sobre o c\u00e2ncer de mama e a import\u00e2ncia do diagn\u00f3stico precoce. Clique aqui e leia mais!","og_url":"https:\/\/www.telavita.com.br\/blog\/outubro-rosa\/","og_site_name":"Telavita","article_publisher":"https:\/\/www.facebook.com\/Telavita","article_published_time":"2018-10-02T11:00:26+00:00","article_modified_time":"2024-07-04T17:16:34+00:00","og_image":[{"width":900,"height":560,"url":"https:\/\/www.telavita.com.br\/blog\/wp-content\/uploads\/2018\/09\/cancer-de-mama.jpg","type":"image\/jpeg"}],"author":"Juliana Sonsin","twitter_card":"summary_large_image","twitter_misc":{"Escrito por":"Juliana Sonsin","Est. tempo de leitura":"8 minutos"},"schema":{"@context":"https:\/\/schema.org","@graph":[{"@type":"Article","@id":"https:\/\/www.telavita.com.br\/blog\/outubro-rosa\/#article","isPartOf":{"@id":"https:\/\/www.telavita.com.br\/blog\/outubro-rosa\/"},"author":{"name":"Juliana Sonsin","@id":"https:\/\/www.telavita.com.br\/blog\/#\/schema\/person\/c9d2f268651fd6d6bf440495dd23b40e"},"headline":"Outubro Rosa em a\u00e7\u00e3o! Confira os sintomas e tratamentos do c\u00e2ncer de mama!","datePublished":"2018-10-02T11:00:26+00:00","dateModified":"2024-07-04T17:16:34+00:00","mainEntityOfPage":{"@id":"https:\/\/www.telavita.com.br\/blog\/outubro-rosa\/"},"wordCount":1522,"commentCount":0,"publisher":{"@id":"https:\/\/www.telavita.com.br\/blog\/#organization"},"articleSection":["Doen\u00e7as"],"inLanguage":"pt-BR","potentialAction":[{"@type":"CommentAction","name":"Comment","target":["https:\/\/www.telavita.com.br\/blog\/outubro-rosa\/#respond"]}]},{"@type":"WebPage","@id":"https:\/\/www.telavita.com.br\/blog\/outubro-rosa\/","url":"https:\/\/www.telavita.com.br\/blog\/outubro-rosa\/","name":"Outubro rosa e c\u00e2ncer de mama: sintomas e preven\u00e7\u00e3o | Telavita","isPartOf":{"@id":"https:\/\/www.telavita.com.br\/blog\/#website"},"datePublished":"2018-10-02T11:00:26+00:00","dateModified":"2024-07-04T17:16:34+00:00","description":"O Outubro Rosa foi criado para conscientizar a popula\u00e7\u00e3o sobre o c\u00e2ncer de mama e a import\u00e2ncia do diagn\u00f3stico precoce. Clique aqui e leia mais!","breadcrumb":{"@id":"https:\/\/www.telavita.com.br\/blog\/outubro-rosa\/#breadcrumb"},"inLanguage":"pt-BR","potentialAction":[{"@type":"ReadAction","target":["https:\/\/www.telavita.com.br\/blog\/outubro-rosa\/"]}]},{"@type":"BreadcrumbList","@id":"https:\/\/www.telavita.com.br\/blog\/outubro-rosa\/#breadcrumb","itemListElement":[{"@type":"ListItem","position":1,"name":"In\u00edcio","item":"https:\/\/www.telavita.com.br\/blog\/"},{"@type":"ListItem","position":2,"name":"Outubro Rosa em a\u00e7\u00e3o! Confira os sintomas e tratamentos do c\u00e2ncer de mama!"}]},{"@type":"WebSite","@id":"https:\/\/www.telavita.com.br\/blog\/#website","url":"https:\/\/www.telavita.com.br\/blog\/","name":"Telavita","description":"Conte\u00fados especializados sobre sa\u00fade mental e bem-estar","publisher":{"@id":"https:\/\/www.telavita.com.br\/blog\/#organization"},"potentialAction":[{"@type":"SearchAction","target":{"@type":"EntryPoint","urlTemplate":"https:\/\/www.telavita.com.br\/blog\/?s={search_term_string}"},"query-input":"required name=search_term_string"}],"inLanguage":"pt-BR"},{"@type":"Organization","@id":"https:\/\/www.telavita.com.br\/blog\/#organization","name":"Telavita","url":"https:\/\/www.telavita.com.br\/blog\/","sameAs":["https:\/\/www.linkedin.com\/company\/telavita\/mycompany\/verification\/","https:\/\/www.instagram.com\/telavita\/","https:\/\/www.facebook.com\/Telavita"],"logo":{"@type":"ImageObject","inLanguage":"pt-BR","@id":"https:\/\/www.telavita.com.br\/blog\/#\/schema\/logo\/image\/","url":"https:\/\/www.telavita.com.br\/blog\/wp-content\/uploads\/2021\/05\/telavita.jpg","contentUrl":"https:\/\/www.telavita.com.br\/blog\/wp-content\/uploads\/2021\/05\/telavita.jpg","width":200,"height":200,"caption":"Telavita"},"image":{"@id":"https:\/\/www.telavita.com.br\/blog\/#\/schema\/logo\/image\/"}},{"@type":"Person","@id":"https:\/\/www.telavita.com.br\/blog\/#\/schema\/person\/c9d2f268651fd6d6bf440495dd23b40e","name":"Juliana Sonsin","image":{"@type":"ImageObject","inLanguage":"pt-BR","@id":"https:\/\/www.telavita.com.br\/blog\/#\/schema\/person\/image\/","url":"https:\/\/secure.gravatar.com\/avatar\/dfb14c6228cdf7312fea984efc84d04e?s=96&d=mm&r=g","contentUrl":"https:\/\/secure.gravatar.com\/avatar\/dfb14c6228cdf7312fea984efc84d04e?s=96&d=mm&r=g","caption":"Juliana Sonsin"},"description":"Jornalista formada pela Faculdade C\u00e1sper Libero e especializada em sa\u00fade. Apaixonada por escrever roteiros de v\u00eddeos, produzir (e assistir) document\u00e1rios e ler sobre tudo um pouco. Acredito no jornalismo \u00e9tico como um meio de trazer ao p\u00fablico informa\u00e7\u00f5es e hist\u00f3rias que valem a pena serem contadas. Gosto de viajar, fazer yoga e assistir s\u00e9ries.","url":"https:\/\/www.telavita.com.br\/blog\/author\/juliana-sonsin\/"}]}},"modified_by":null,"_links":{"self":[{"href":"https:\/\/www.telavita.com.br\/blog\/wp-json\/wp\/v2\/posts\/2379"}],"collection":[{"href":"https:\/\/www.telavita.com.br\/blog\/wp-json\/wp\/v2\/posts"}],"about":[{"href":"https:\/\/www.telavita.com.br\/blog\/wp-json\/wp\/v2\/types\/post"}],"author":[{"embeddable":true,"href":"https:\/\/www.telavita.com.br\/blog\/wp-json\/wp\/v2\/users\/8"}],"replies":[{"embeddable":true,"href":"https:\/\/www.telavita.com.br\/blog\/wp-json\/wp\/v2\/comments?post=2379"}],"version-history":[{"count":16,"href":"https:\/\/www.telavita.com.br\/blog\/wp-json\/wp\/v2\/posts\/2379\/revisions"}],"predecessor-version":[{"id":6097,"href":"https:\/\/www.telavita.com.br\/blog\/wp-json\/wp\/v2\/posts\/2379\/revisions\/6097"}],"wp:featuredmedia":[{"embeddable":true,"href":"https:\/\/www.telavita.com.br\/blog\/wp-json\/wp\/v2\/media\/2476"}],"wp:attachment":[{"href":"https:\/\/www.telavita.com.br\/blog\/wp-json\/wp\/v2\/media?parent=2379"}],"wp:term":[{"taxonomy":"category","embeddable":true,"href":"https:\/\/www.telavita.com.br\/blog\/wp-json\/wp\/v2\/categories?post=2379"},{"taxonomy":"post_tag","embeddable":true,"href":"https:\/\/www.telavita.com.br\/blog\/wp-json\/wp\/v2\/tags?post=2379"}],"curies":[{"name":"wp","href":"https:\/\/api.w.org\/{rel}","templated":true}]}}