{"id":2429,"date":"2018-10-04T09:00:48","date_gmt":"2018-10-04T12:00:48","guid":{"rendered":"https:\/\/www.telavita.com.br\/blog\/?p=2429"},"modified":"2022-10-24T15:51:43","modified_gmt":"2022-10-24T18:51:43","slug":"sete-duvidas-sobre-a-depressao","status":"publish","type":"post","link":"https:\/\/www.telavita.com.br\/blog\/sete-duvidas-sobre-a-depressao\/","title":{"rendered":"Depress\u00e3o: as 7 d\u00favidas mais comuns sobre a doen\u00e7a"},"content":{"rendered":"<p><span style=\"font-weight: 400;\">A <\/span><b>depress\u00e3o<\/b><span style=\"font-weight: 400;\"> \u00e9 considerada o grande mal que assola o s\u00e9culo 21, atingindo 400 milh\u00f5es de pessoas em todo o planeta, de acordo com a <\/span><b>Organiza\u00e7\u00e3o Mundial da Sa\u00fade<\/b><span style=\"font-weight: 400;\">. No entanto, ela consiste na diminui\u00e7\u00e3o ou na perda de interesse pelas atividades di\u00e1rias, comprometendo n\u00e3o s\u00f3 a mente, mas tamb\u00e9m o corpo.\u00a0<\/span><\/p>\n<p><span style=\"font-weight: 400;\">Desta forma, por ser uma <\/span><b>doen\u00e7a ps\u00edquica <\/b><span style=\"font-weight: 400;\">que tem acometido boa parte das pessoas na atualidade, h\u00e1 muitos questionamentos sobre ela. <\/span><b>Ser\u00e1 que qualquer um pode pegar depress\u00e3o?<\/b><span style=\"font-weight: 400;\"> Confira abaixo as sete d\u00favidas mais comuns sobre a doen\u00e7a e sane seus questionamentos.<\/span><\/p>\n<h2><b>7 d\u00favidas sobre a depress\u00e3o<\/b><\/h2>\n<h3><b>1. Quais os sintomas?<\/b><\/h3>\n<p><span style=\"font-weight: 400;\">Dentre <strong><a href=\"https:\/\/www.telavita.com.br\/blog\/5-sinais-de-depressao\/\">os sintomas iniciais da depress\u00e3o<\/a><\/strong> est\u00e3o o cansa\u00e7o extremo, altera\u00e7\u00f5es no sono, <\/span><b>dificuldade de concentra\u00e7\u00e3o, irritabilidade, ang\u00fastia<\/b><span style=\"font-weight: 400;\"> e outros fatores que alteram muito o dia a dia e a sa\u00fade de quem sofre com a doen\u00e7a.\u00a0<\/span><\/p>\n<p><span style=\"font-weight: 400;\">No entanto, a pessoa com depress\u00e3o tamb\u00e9m pode sofrer sintomas f\u00edsicos, como ganho ou perda de peso, fome excessiva, automutila\u00e7\u00e3o, doen\u00e7as card\u00edacas, c\u00e2ncer, diabetes, etc. O transtorno depressivo \u00e9 considerado uma <\/span><b>doen\u00e7a psicossom\u00e1tica<\/b><span style=\"font-weight: 400;\">, ou seja, afeta diferentes \u00e1reas do corpo.<\/span><\/p>\n<p><span style=\"font-weight: 400;\">Logo, dentre os <\/span><b>sintomas psicol\u00f3gicos da doen\u00e7a<\/b><span style=\"font-weight: 400;\">, temos: ansiedade, apatia, culpa, descontentamento geral, altera\u00e7\u00f5es de humor, agita\u00e7\u00e3o, irritabilidade, falta de concentra\u00e7\u00e3o, pensamentos suicidas, entre outros.<\/span><\/p>\n<h3><b>2. O que \u00e9 depress\u00e3o maior?<\/b><\/h3>\n<p><span style=\"font-weight: 400;\">Tamb\u00e9m conhecida como de<\/span><b> \u201cdepress\u00e3o unipolar\u201d<\/b><span style=\"font-weight: 400;\">,<\/span> <span style=\"font-weight: 400;\">\u00e9 a mais comum de todas, com mais de 2 milh\u00f5es de casos por ano no Brasil.\u00a0 Sendo assim, \u00e9 um tipo de depress\u00e3o profunda que \u00e9 caracterizada pela baixa autoestima, apatia, dist\u00farbios de sono, entre outros.\u00a0 Seu n\u00edvel de intensidade \u00e9 grave e <\/span><b>pode levar tamb\u00e9m a tentativas de suic\u00eddio caso n\u00e3o seja tratado.<\/b><\/p>\n<h3><b>3. O que \u00e9 depress\u00e3o bipolar?<\/b><\/h3>\n<p><span style=\"font-weight: 400;\">De acordo com a\u00a0 <\/span><b>Associa\u00e7\u00e3o Brasileira de Psiquiatria (ABP)<\/b><span style=\"font-weight: 400;\">, a depress\u00e3o bipolar \u00e9 o tipo que mais causa suic\u00eddios.<\/span> <span style=\"font-weight: 400;\">Ela aparece na fase depressiva do<\/span> <span style=\"font-weight: 400;\">Transtorno Bipolar, que \u00e9 o dist\u00farbio referente a altera\u00e7\u00f5es de humor. Logo, \u00e9\u00a0 uma doen\u00e7a cr\u00f4nica que n\u00e3o tem cura e se estende pela vida toda.\u00a0<\/span><\/p>\n<p><span style=\"font-weight: 400;\">Pessoas diagnosticadas com depress\u00e3o bipolar sofrem com seus sintomas psicol\u00f3gicos e <\/span><b>impulsividade para lidar com as situa\u00e7\u00f5es di\u00e1rias. <\/b><span style=\"font-weight: 400;\">No entanto, esse comportamento pode afastar as pessoas do indiv\u00edduo, o que dificulta mais ainda o tratamento.<\/span><\/p>\n<h3><b>4. Em que idade o transtorno pode aparecer?<\/b><\/h3>\n<p><span style=\"font-weight: 400;\">O aparecimento da depress\u00e3o <\/span><b>n\u00e3o tem idade. <\/b><span style=\"font-weight: 400;\">O transtorno pode <strong><a href=\"https:\/\/www.telavita.com.br\/blog\/depressao-infantil\/\">surgir na inf\u00e2ncia<\/a><\/strong>, adolesc\u00eancia, na vida adulta e at\u00e9 mesmo na terceira idade. Por\u00e9m, em cada fase da vida, a enfermidade possui algumas particularidades.<\/span><\/p>\n<p><span style=\"font-weight: 400;\">Ainda, pode-se dizer que o in\u00edcio do dist\u00farbio pode ser dado por duas causas: <\/span><b>heredit\u00e1rias ou ambientais adquiridas.<\/b><span style=\"font-weight: 400;\"> Fatores gen\u00e9ticos podem ser predisposi\u00e7\u00f5es para o aparecimento da depress\u00e3o e o ambiente em que o sujeito vive possui poderes exorbitantes sobre <\/span><b>como o indiv\u00edduo passar\u00e1 a enxergar e lidar com o mundo \u00e0 sua volta.<\/b><\/p>\n<h3><b>5. O que \u00e9 depress\u00e3o p\u00f3s-parto?<\/b><\/h3>\n<p><span style=\"font-weight: 400;\">Tamb\u00e9m conhecida como <\/span><b>DPP<\/b><span style=\"font-weight: 400;\">, a depress\u00e3o p\u00f3s-parto atinge<\/span> <a href=\"https:\/\/portal.fiocruz.br\/noticia\/depressao-pos-parto-acomete-mais-de-25-das-maes-no-brasil\"><b>mais de 25% das m\u00e3es brasileiras.<\/b><\/a><span style=\"font-weight: 400;\"> Logo, esse tipo de depress\u00e3o tem como uma de suas causas as mudan\u00e7as hormonais e tamb\u00e9m de estilo de vida.<\/span><\/p>\n<p><span style=\"font-weight: 400;\">Dentre os sintomas est\u00e3o o cansa\u00e7o extremo, baixa autoestima, e desinteresse pelo beb\u00ea. No entanto, \u00e9 bom esclarecer que esses sentimentos<\/span><b> s\u00e3o normais nos primeiros dias p\u00f3s-parto. <\/b><span style=\"font-weight: 400;\">Logo, o caso se agrava quando os sintomas permanecem por semanas e vem acompanhado de <\/span><b>sentimentos angustiantes, por exemplo.<\/b><\/p>\n<h3><b>6. O que \u00e9 depress\u00e3o at\u00edpica?<\/b><\/h3>\n<p><span style=\"font-weight: 400;\">Aqui a manifesta\u00e7\u00e3o de <\/span><b>sintomas f\u00edsicos<\/b><span style=\"font-weight: 400;\"> \u00e9 mais proeminente. \u00c9 comum o ganho de peso, aumento de apetite e cansa\u00e7o extremo. Apesar do nome sugerir ser um tipo menos comum de depress\u00e3o, \u00e9 um dos que possui mais casos. Esse tipo \u00e9 uma <\/span><b>categoria diagn\u00f3stica n\u00e3o oficial, mas se discute informalmente.<\/b><\/p>\n<p><span style=\"font-weight: 400;\">Enquanto na verdadeira depress\u00e3o a pessoa sofre de ins\u00f4nia e perda de apetite, na depress\u00e3o at\u00edpica ela pode ter fome excessiva e dormir mais horas. Al\u00e9m disso, ela tamb\u00e9m pode sentir prazer nas atividades e hobbies, <\/span><b>embora n\u00e3o procure essas situa\u00e7\u00f5es.\u00a0<\/b><\/p>\n<h3><b>7. H\u00e1 cura para os transtornos depressivos?<\/b><\/h3>\n<p><span style=\"font-weight: 400;\">Por ser uma doen\u00e7a cr\u00f4nica, <\/span><b>a depress\u00e3o n\u00e3o tem cura e se estende pela vida toda. <\/b><span style=\"font-weight: 400;\">O tratamento costuma envolver profissionais como os psic\u00f3logos e psiquiatras. No entanto, o psiquiatra tem o papel de ajudar na <\/span><b>redu\u00e7\u00e3o de sintomas<\/b><span style=\"font-weight: 400;\"> e o psic\u00f3logo no <\/span><strong><a href=\"https:\/\/www.telavita.com.br\/blog\/psicologo-para-depressao\/\">tratamento das causas psicol\u00f3gicas.\u00a0<\/a><\/strong><\/p>\n<p><span style=\"font-weight: 400;\">Dessa forma, para a regula\u00e7\u00e3o da qu\u00edmica do c\u00e9rebro, \u00e9 comum o <\/span><b>uso de medicamentos<\/b><span style=\"font-weight: 400;\"> receitados por meio do acompanhamento psiqui\u00e1trico. Ainda, em casos mais graves, a <\/span><b>interna\u00e7\u00e3o<\/b><span style=\"font-weight: 400;\"> se faz necess\u00e1ria.<\/span><\/p>\n<span class='mb-center maxbutton-2-center'><span class='maxbutton-2-container mb-container'><a class=\"maxbutton-2 maxbutton maxbutton-home-telavita\" href=\"https:\/\/www.telavita.com.br\"><span class='mb-text'>Conhe\u00e7a a Telavita<\/span><\/a><\/span><\/span>\n<p>&nbsp;<\/p>\n","protected":false},"excerpt":{"rendered":"<p>A depress\u00e3o \u00e9 considerada o grande mal que assola o s\u00e9culo 21, atingindo 400 milh\u00f5es de pessoas em todo o planeta, de acordo com a Organiza\u00e7\u00e3o Mundial da Sa\u00fade. No entanto, ela consiste na diminui\u00e7\u00e3o ou na perda de interesse pelas atividades di\u00e1rias, comprometendo n\u00e3o s\u00f3 a mente, mas tamb\u00e9m o corpo.\u00a0 Desta forma, por [&hellip;]<\/p>\n","protected":false},"author":8,"featured_media":2490,"comment_status":"open","ping_status":"open","sticky":false,"template":"","format":"standard","meta":{"_lmt_disableupdate":"","_lmt_disable":"","footnotes":""},"categories":[33],"tags":[],"yoast_head":"<!-- This site is optimized with the Yoast SEO plugin v19.8 - https:\/\/yoast.com\/wordpress\/plugins\/seo\/ -->\n<title>7 d\u00favidas comuns sobre a depress\u00e3o | Telavita<\/title>\n<meta name=\"description\" content=\"A depress\u00e3o \u00e9 um transtorno psicol\u00f3gico que afeta milhares de pessoas mundialmente. Sane suas d\u00favidas sobre o dist\u00farbio neste artigo.\" \/>\n<meta name=\"robots\" content=\"index, follow, max-snippet:-1, max-image-preview:large, max-video-preview:-1\" \/>\n<link rel=\"canonical\" href=\"https:\/\/www.telavita.com.br\/blog\/sete-duvidas-sobre-a-depressao\/\" \/>\n<meta property=\"og:locale\" content=\"pt_BR\" \/>\n<meta property=\"og:type\" content=\"article\" \/>\n<meta property=\"og:title\" content=\"7 d\u00favidas comuns sobre a depress\u00e3o | Telavita\" \/>\n<meta property=\"og:description\" content=\"A depress\u00e3o \u00e9 um transtorno psicol\u00f3gico que afeta milhares de pessoas mundialmente. Sane suas d\u00favidas sobre o dist\u00farbio neste artigo.\" \/>\n<meta property=\"og:url\" content=\"https:\/\/www.telavita.com.br\/blog\/sete-duvidas-sobre-a-depressao\/\" \/>\n<meta property=\"og:site_name\" content=\"Telavita\" \/>\n<meta property=\"article:publisher\" content=\"https:\/\/www.facebook.com\/Telavita\" \/>\n<meta property=\"article:published_time\" content=\"2018-10-04T12:00:48+00:00\" \/>\n<meta property=\"article:modified_time\" content=\"2022-10-24T18:51:43+00:00\" \/>\n<meta property=\"og:image\" content=\"https:\/\/www.telavita.com.br\/blog\/wp-content\/uploads\/2018\/09\/sinais-de-depressao.jpg\" \/>\n\t<meta property=\"og:image:width\" content=\"900\" \/>\n\t<meta property=\"og:image:height\" content=\"560\" \/>\n\t<meta property=\"og:image:type\" content=\"image\/jpeg\" \/>\n<meta name=\"author\" content=\"Juliana Sonsin\" \/>\n<meta name=\"twitter:card\" content=\"summary_large_image\" \/>\n<meta name=\"twitter:label1\" content=\"Escrito por\" \/>\n\t<meta name=\"twitter:data1\" content=\"Juliana Sonsin\" \/>\n\t<meta name=\"twitter:label2\" content=\"Est. tempo de leitura\" \/>\n\t<meta name=\"twitter:data2\" content=\"5 minutos\" \/>\n<!-- \/ Yoast SEO plugin. -->","yoast_head_json":{"title":"7 d\u00favidas comuns sobre a depress\u00e3o | Telavita","description":"A depress\u00e3o \u00e9 um transtorno psicol\u00f3gico que afeta milhares de pessoas mundialmente. Sane suas d\u00favidas sobre o dist\u00farbio neste artigo.","robots":{"index":"index","follow":"follow","max-snippet":"max-snippet:-1","max-image-preview":"max-image-preview:large","max-video-preview":"max-video-preview:-1"},"canonical":"https:\/\/www.telavita.com.br\/blog\/sete-duvidas-sobre-a-depressao\/","og_locale":"pt_BR","og_type":"article","og_title":"7 d\u00favidas comuns sobre a depress\u00e3o | Telavita","og_description":"A depress\u00e3o \u00e9 um transtorno psicol\u00f3gico que afeta milhares de pessoas mundialmente. Sane suas d\u00favidas sobre o dist\u00farbio neste artigo.","og_url":"https:\/\/www.telavita.com.br\/blog\/sete-duvidas-sobre-a-depressao\/","og_site_name":"Telavita","article_publisher":"https:\/\/www.facebook.com\/Telavita","article_published_time":"2018-10-04T12:00:48+00:00","article_modified_time":"2022-10-24T18:51:43+00:00","og_image":[{"width":900,"height":560,"url":"https:\/\/www.telavita.com.br\/blog\/wp-content\/uploads\/2018\/09\/sinais-de-depressao.jpg","type":"image\/jpeg"}],"author":"Juliana Sonsin","twitter_card":"summary_large_image","twitter_misc":{"Escrito por":"Juliana Sonsin","Est. tempo de leitura":"5 minutos"},"schema":{"@context":"https:\/\/schema.org","@graph":[{"@type":"Article","@id":"https:\/\/www.telavita.com.br\/blog\/sete-duvidas-sobre-a-depressao\/#article","isPartOf":{"@id":"https:\/\/www.telavita.com.br\/blog\/sete-duvidas-sobre-a-depressao\/"},"author":{"name":"Juliana Sonsin","@id":"https:\/\/www.telavita.com.br\/blog\/#\/schema\/person\/c9d2f268651fd6d6bf440495dd23b40e"},"headline":"Depress\u00e3o: as 7 d\u00favidas mais comuns sobre a doen\u00e7a","datePublished":"2018-10-04T12:00:48+00:00","dateModified":"2022-10-24T18:51:43+00:00","mainEntityOfPage":{"@id":"https:\/\/www.telavita.com.br\/blog\/sete-duvidas-sobre-a-depressao\/"},"wordCount":828,"commentCount":0,"publisher":{"@id":"https:\/\/www.telavita.com.br\/blog\/#organization"},"articleSection":["Depress\u00e3o"],"inLanguage":"pt-BR","potentialAction":[{"@type":"CommentAction","name":"Comment","target":["https:\/\/www.telavita.com.br\/blog\/sete-duvidas-sobre-a-depressao\/#respond"]}]},{"@type":"WebPage","@id":"https:\/\/www.telavita.com.br\/blog\/sete-duvidas-sobre-a-depressao\/","url":"https:\/\/www.telavita.com.br\/blog\/sete-duvidas-sobre-a-depressao\/","name":"7 d\u00favidas comuns sobre a depress\u00e3o | Telavita","isPartOf":{"@id":"https:\/\/www.telavita.com.br\/blog\/#website"},"datePublished":"2018-10-04T12:00:48+00:00","dateModified":"2022-10-24T18:51:43+00:00","description":"A depress\u00e3o \u00e9 um transtorno psicol\u00f3gico que afeta milhares de pessoas mundialmente. Sane suas d\u00favidas sobre o dist\u00farbio neste artigo.","breadcrumb":{"@id":"https:\/\/www.telavita.com.br\/blog\/sete-duvidas-sobre-a-depressao\/#breadcrumb"},"inLanguage":"pt-BR","potentialAction":[{"@type":"ReadAction","target":["https:\/\/www.telavita.com.br\/blog\/sete-duvidas-sobre-a-depressao\/"]}]},{"@type":"BreadcrumbList","@id":"https:\/\/www.telavita.com.br\/blog\/sete-duvidas-sobre-a-depressao\/#breadcrumb","itemListElement":[{"@type":"ListItem","position":1,"name":"In\u00edcio","item":"https:\/\/www.telavita.com.br\/blog\/"},{"@type":"ListItem","position":2,"name":"Depress\u00e3o: as 7 d\u00favidas mais comuns sobre a doen\u00e7a"}]},{"@type":"WebSite","@id":"https:\/\/www.telavita.com.br\/blog\/#website","url":"https:\/\/www.telavita.com.br\/blog\/","name":"Telavita","description":"Conte\u00fados especializados sobre sa\u00fade mental e bem-estar","publisher":{"@id":"https:\/\/www.telavita.com.br\/blog\/#organization"},"potentialAction":[{"@type":"SearchAction","target":{"@type":"EntryPoint","urlTemplate":"https:\/\/www.telavita.com.br\/blog\/?s={search_term_string}"},"query-input":"required name=search_term_string"}],"inLanguage":"pt-BR"},{"@type":"Organization","@id":"https:\/\/www.telavita.com.br\/blog\/#organization","name":"Telavita","url":"https:\/\/www.telavita.com.br\/blog\/","sameAs":["https:\/\/www.linkedin.com\/company\/telavita\/mycompany\/verification\/","https:\/\/www.instagram.com\/telavita\/","https:\/\/www.facebook.com\/Telavita"],"logo":{"@type":"ImageObject","inLanguage":"pt-BR","@id":"https:\/\/www.telavita.com.br\/blog\/#\/schema\/logo\/image\/","url":"https:\/\/www.telavita.com.br\/blog\/wp-content\/uploads\/2021\/05\/telavita.jpg","contentUrl":"https:\/\/www.telavita.com.br\/blog\/wp-content\/uploads\/2021\/05\/telavita.jpg","width":200,"height":200,"caption":"Telavita"},"image":{"@id":"https:\/\/www.telavita.com.br\/blog\/#\/schema\/logo\/image\/"}},{"@type":"Person","@id":"https:\/\/www.telavita.com.br\/blog\/#\/schema\/person\/c9d2f268651fd6d6bf440495dd23b40e","name":"Juliana Sonsin","image":{"@type":"ImageObject","inLanguage":"pt-BR","@id":"https:\/\/www.telavita.com.br\/blog\/#\/schema\/person\/image\/","url":"https:\/\/secure.gravatar.com\/avatar\/dfb14c6228cdf7312fea984efc84d04e?s=96&d=mm&r=g","contentUrl":"https:\/\/secure.gravatar.com\/avatar\/dfb14c6228cdf7312fea984efc84d04e?s=96&d=mm&r=g","caption":"Juliana Sonsin"},"description":"Jornalista formada pela Faculdade C\u00e1sper Libero e especializada em sa\u00fade. Apaixonada por escrever roteiros de v\u00eddeos, produzir (e assistir) document\u00e1rios e ler sobre tudo um pouco. Acredito no jornalismo \u00e9tico como um meio de trazer ao p\u00fablico informa\u00e7\u00f5es e hist\u00f3rias que valem a pena serem contadas. Gosto de viajar, fazer yoga e assistir s\u00e9ries.","url":"https:\/\/www.telavita.com.br\/blog\/author\/juliana-sonsin\/"}]}},"modified_by":null,"_links":{"self":[{"href":"https:\/\/www.telavita.com.br\/blog\/wp-json\/wp\/v2\/posts\/2429"}],"collection":[{"href":"https:\/\/www.telavita.com.br\/blog\/wp-json\/wp\/v2\/posts"}],"about":[{"href":"https:\/\/www.telavita.com.br\/blog\/wp-json\/wp\/v2\/types\/post"}],"author":[{"embeddable":true,"href":"https:\/\/www.telavita.com.br\/blog\/wp-json\/wp\/v2\/users\/8"}],"replies":[{"embeddable":true,"href":"https:\/\/www.telavita.com.br\/blog\/wp-json\/wp\/v2\/comments?post=2429"}],"version-history":[{"count":18,"href":"https:\/\/www.telavita.com.br\/blog\/wp-json\/wp\/v2\/posts\/2429\/revisions"}],"predecessor-version":[{"id":8184,"href":"https:\/\/www.telavita.com.br\/blog\/wp-json\/wp\/v2\/posts\/2429\/revisions\/8184"}],"wp:featuredmedia":[{"embeddable":true,"href":"https:\/\/www.telavita.com.br\/blog\/wp-json\/wp\/v2\/media\/2490"}],"wp:attachment":[{"href":"https:\/\/www.telavita.com.br\/blog\/wp-json\/wp\/v2\/media?parent=2429"}],"wp:term":[{"taxonomy":"category","embeddable":true,"href":"https:\/\/www.telavita.com.br\/blog\/wp-json\/wp\/v2\/categories?post=2429"},{"taxonomy":"post_tag","embeddable":true,"href":"https:\/\/www.telavita.com.br\/blog\/wp-json\/wp\/v2\/tags?post=2429"}],"curies":[{"name":"wp","href":"https:\/\/api.w.org\/{rel}","templated":true}]}}