{"id":2507,"date":"2018-10-08T14:43:20","date_gmt":"2018-10-08T17:43:20","guid":{"rendered":"https:\/\/www.telavita.com.br\/blog\/?p=2507"},"modified":"2024-07-04T14:19:05","modified_gmt":"2024-07-04T17:19:05","slug":"problemas-psicologicos-na-infancia","status":"publish","type":"post","link":"https:\/\/www.telavita.com.br\/blog\/problemas-psicologicos-na-infancia\/","title":{"rendered":"Conhe\u00e7a 10 sintomas de problemas psicol\u00f3gicos na inf\u00e2ncia"},"content":{"rendered":"\r\n<p><em>A<strong> psicoterapia infantil<\/strong>\u00a0poder ser uma grande aliada no tratamento de transtornos psicol\u00f3gicos em crian\u00e7as. Confira aqui alguns sintomas e como lidar com eles.<\/em><\/p>\r\n\r\n\r\n\r\n<p>Em qualquer faixa et\u00e1ria estamos sujeitos \u00e0 problemas psicol\u00f3gicos, sejam eles causados pelo meio externo, traumas ou fatores gen\u00e9ticos. \u00c9 na inf\u00e2ncia que muitas dessas complica\u00e7\u00f5es t\u00eam origem e, se n\u00e3o tratadas de modo apropriado, podem se estender para as outras fases da vida e de modo mais intenso.<\/p>\r\n\r\n\r\n\r\n<p>A grande quest\u00e3o nessa fase \u00e9 que a crian\u00e7a tem grande dificuldade para expressar suas ang\u00fastias e, mesmo quando o fazem, podem ser confundidos erroneamente com birra.<\/p>\r\n\r\n\r\n\r\n<p>Os<strong> problemas psicol\u00f3gicos mais comuns <\/strong>em crian\u00e7as s\u00e3o a depress\u00e3o, transtornos de ansiedade, TOC e fobias.<\/p>\r\n\r\n\r\n\r\n<h2 class=\"wp-block-heading\">1 &#8211; Medo excessivo<\/h2>\r\n\r\n\r\n\r\n<p>Desde muito cedo somos ensinados a sentir <strong>medo<\/strong>. O bicho-pap\u00e3o, boi da cara preta, lobo mau e outros personagens que habitam o imagin\u00e1rio popular, s\u00e3o frequentemente usados para colocar medo nas crian\u00e7as a fim de frear as suas atitudes imprudentes e ensinar alguma moral. Mas sentir medo n\u00e3o \u00e9 problema, pois ele, em n\u00edveis normais, doutrina a nossa mente a como agir em determinadas situa\u00e7\u00f5es. O <strong>medo infantil e psicologia<\/strong> devem sempre andar juntos visto que com o aux\u00edlio de um especialista, as fobias podem ser tratadas e curadas.<\/p>\r\n\r\n\r\n\r\n<p>O <a href=\"https:\/\/www.telavita.com.br\/blog\/diferenca-entre-medo-e-panico\/\">limite entre <strong>medo e fobia<\/strong><\/a> est\u00e1 na intensidade em que eles aparecem. O medo \u00e9 uma sensa\u00e7\u00e3o de receio e ansiedade frente a uma situa\u00e7\u00e3o de perigo, enquanto a fobia \u00e9 um medo espec\u00edfico, intenso e muitas vezes irracional e que pode paralisar. Quando expostos aos objeto que causam a fobia, os indiv\u00edduos podem sentir falta de ar, taquicardia, tremedeira e ataques de p\u00e2nico.<\/p>\r\n\r\n\r\n\r\n<p>Quando a crian\u00e7a tem muito medo de algo em espec\u00edfico, essa ang\u00fastia pode ser caracterizada como<strong> fobia<\/strong>. Mas o medo em excesso tamb\u00e9m pode desencadear outros problemas como <strong><a href=\"https:\/\/www.telavita.com.br\/blog\/depressao-infantil\/\">depress\u00e3o infantil<\/a><\/strong>, <strong>transtornos de ansiedade infantil, transtorno de deficit de aten\u00e7\u00e3o infantil e hiperatividade (TDAH)<\/strong>,\u00a0<strong>transtorno obsessivo compulsivo (TOC), s\u00edndrome do p\u00e2nico<\/strong>, entre outros.<\/p>\r\n\r\n\r\n\r\n<h2 class=\"wp-block-heading\">2 &#8211; Introspec\u00e7\u00e3o e Isolamento<\/h2>\r\n\r\n\r\n\r\n<p>Na obra &#8220;<strong>Mal-estar na civiliza\u00e7\u00e3o<\/strong>&#8220;, o psicanalista <strong>Sigmund Freud<\/strong> comenta que todo indiv\u00edduo \u00e9 inimigo da civiliza\u00e7\u00e3o, e que a maioria apresenta tend\u00eancias anti-sociais, sendo que em alguns grupos de pessoas, essa tend\u00eancia \u00e9 ainda maior.<\/p>\r\n\r\n\r\n\r\n<p>Por\u00e9m, quando a crian\u00e7a passa dos n\u00edveis normais de timidez e prefere se isolar \u00e0 ter qualquer tipo de contato social, o alerta de que algum problema maior se faz presente soa.\u00a0<\/p>\r\n\r\n\r\n\r\n<p>Alguns problemas poss\u00edveis para quadros de isolamento e introspe\u00e7\u00e3o se encaixam na depress\u00e3o, fobia social, <a href=\"https:\/\/www.telavita.com.br\/blog\/familia-de-autista\/\">transtornos do\u00a0<strong>espectro autista<\/strong><\/a>, TDAH, entre outros.<\/p>\r\n\r\n\r\n\r\n<h2 class=\"wp-block-heading\">3 &#8211; Altera\u00e7\u00f5es de peso<\/h2>\r\n\r\n\r\n\r\n<p>\u00a0O\u00a0<strong>transtorno alimentar infantil<\/strong>\u00a0existe e pode ser causado pelos mesmos motivos que os de qualquer outra faixa et\u00e1ria: as imposi\u00e7\u00f5es da sociedade quanto aos padr\u00f5es de beleza.<\/p>\r\n\r\n\r\n\r\n<p>Os\u00a0<a href=\"https:\/\/www.telavita.com.br\/blog\/transtorno-alimentar\/\"><strong>transtornos alimentares<\/strong>\u00a0s\u00e3o caracterizados por altera\u00e7\u00f5es e perturba\u00e7\u00f5es psicol\u00f3gicas<\/a> referentes \u00e0\u00a0<strong>alimenta\u00e7\u00e3o<\/strong>\u00a0que interferem na\u00a0<strong>sa\u00fade f\u00edsica e mental<\/strong>\u00a0do indiv\u00edduo.\u00a0Essas altera\u00e7\u00f5es referem-se ao excesso de comida ou \u00e0 falta dela. As\u00a0<strong>consequ\u00eancias da obesidade infantil <\/strong>podem ir desde o desenvolvimento de diabetes at\u00e9 doen\u00e7as card\u00edacas.<\/p>\r\n\r\n\r\n\r\n<p>A <strong>obesidade infantil,<\/strong> tais quais outros tipos de transtornos <a href=\"https:\/\/www.telavita.com.br\/blog\/5-sinais-de-transtorno-alimentar\/\">como bulimia ou anorexia<\/a>, podem ser dist\u00farbios s\u00e9rios referentes a altera\u00e7\u00f5es de peso. A <strong>depress\u00e3o<\/strong> e a <strong>ansiedade<\/strong> tamb\u00e9m podem ser as causadoras.<\/p>\r\n\r\n\r\n\r\n<h2 class=\"wp-block-heading\">4 &#8211;\u00a0Dificuldade de concentra\u00e7\u00e3o e aprendizado<\/h2>\r\n\r\n\r\n\r\n<p>Esse sintoma \u00e9 muito comum no\u00a0<strong><a href=\"https:\/\/www.telavita.com.br\/blog\/tdah\/\">Transtorno de Deficit de Aten\u00e7\u00e3o e Hiperatividade (TDAH)<\/a>.<\/strong> Este \u00e9 um transtorno\u00a0de caracter\u00edstica neurobiol\u00f3gica, onde sua manifesta\u00e7\u00e3o ocorre por propens\u00e3o gen\u00e9tica, e ele acompanha a pessoa por toda sua vida, podendo ser controlado.<\/p>\r\n\r\n\r\n\r\n<p>Quem o possui, costuma apresentar atitudes impulsivas, hiperativas, descontrole emocional e\u00a0<strong>falta de aten\u00e7\u00e3o<\/strong>. Quando n\u00e3o tratado, o paciente ter\u00e1 uma grande dificuldade de se relacionar e alcan\u00e7ar os objetivos de sua vida, pois n\u00e3o consegue se concentrar, manter o foco e esquecem facilmente de suas tarefas e obriga\u00e7\u00f5es, al\u00e9m de terem\u00a0<strong><a href=\"https:\/\/www.telavita.com.br\/blog\/sindrome-de-hulk\/\">acessos de raiva<\/a><\/strong><a href=\"https:\/\/www.telavita.com.br\/blog\/sindrome-de-hulk\/\">\u00a0e\u00a0<\/a><strong><a href=\"https:\/\/www.telavita.com.br\/blog\/sindrome-de-hulk\/\">agressividade<\/a><\/strong>.<\/p>\r\n\r\n\r\n\r\n<p>Os sintomas mais comuns em pessoas com o Transtorno de D\u00e9ficit de Aten\u00e7\u00e3o com Hiperatividade s\u00e3o:<\/p>\r\n\r\n\r\n\r\n<ul>\r\n<li>Momentos de humor que variam com presen\u00e7a de raiva, ansiedade ou excita\u00e7\u00e3o;<\/li>\r\n<li>A presen\u00e7a de comportamentos como: falta de modera\u00e7\u00e3o, irritabilidade, impulsividade, hiperatividade, inquieta\u00e7\u00e3o e agressividade;<\/li>\r\n<li>Na cogni\u00e7\u00e3o afeta a concentra\u00e7\u00e3o, tira a aten\u00e7\u00e3o e aumenta o esquecimento.<\/li>\r\n<\/ul>\r\n\r\n\r\n\r\n<p>A dificuldade de concentra\u00e7\u00e3o e aprendizado causa s\u00e9rios danos \u00e0 autoestima da crian\u00e7a e \u00e9 um fator de risco da <strong>depress\u00e3o, ansiedade e fobias.<\/strong><\/p>\r\n\r\n\r\n\r\n<h2 class=\"wp-block-heading\">5 &#8211; Problemas com o sono<\/h2>\r\n\r\n\r\n\r\n<p>Seja o excesso de sono ou a falta dele, o problema pode ser um sintoma de algum dist\u00farbio maior. Os chamados &#8220;<strong>dist\u00farbios comportamentais<\/strong>&#8220;, como a hiperatividade, ou os transtornos alimentares, como a obesidade, podem ter esse sintoma como marca.\u00a0<\/p>\r\n\r\n\r\n\r\n<p>Nos primeiros anos de vida\u00a0 \u00e9 perfeitamente normal que a crian\u00e7a possua\u00a0 despertares mais frequentes. Mas se o quadro persistir para mais momentos da vida, pode ser um sinal. Crian\u00e7as que n\u00e3o conseguem dormir sozinhas e v\u00e3o para a cama dos pais todas as noites ou que fazem xixi na cama com frequ\u00eancia, podem apresentar medos excessivos, fobias, depress\u00e3o e ansiedade.<\/p>\r\n\r\n\r\n\r\n<h2 class=\"wp-block-heading\">6 &#8211; Agressividade<\/h2>\r\n\r\n\r\n\r\n<p>Crian\u00e7as muito agressivas e que se irritam com facilidade podem desenvolver outros problemas.\u00a0A\u00a0<strong>S\u00edndrome de Hulk,<\/strong>\u00a0como \u00e9 popularmente chamada, ou\u00a0<strong>Transtorno Explosivo Intermitente (TEI)<\/strong>, \u00e9 um<strong>\u00a0comportamento agressivo,<\/strong>\u00a0gerando\u00a0<strong>acesso de f\u00faria descontrolada<\/strong>, geralmente sem motivos aparentes, onde a pessoa perde o controle de seus<strong>\u00a0impulsos violentos<\/strong>\u00a0e pode agredir algu\u00e9m atrav\u00e9s de palavras ou de forma f\u00edsica. Este descontrole tamb\u00e9m pode ser descarregado em animais ou objetos.\u00a0<\/p>\r\n\r\n\r\n\r\n<p>Em muitos casos, a crian\u00e7a pode se comportar de forma agressiva por algum tipo de trauma. A viol\u00eancia infantil pode corroborar para isso, deixando n\u00e3o s\u00f3 sequelas f\u00edsicas, mas psicol\u00f3gicas tamb\u00e9m. A viol\u00eancia psicol\u00f3gica infantil \u00e9 mais comum do que pensamos e se caracteriza por uma forma abusiva e silenciosa.\u00a0<\/p>\r\n\r\n\r\n\r\n<p>A agressividade tamb\u00e9m pode ser um sinal de TDAH, depress\u00e3o, <strong>transtorno bipolar<\/strong>, entre outros.<\/p>\r\n\r\n\r\n\r\n<h2 class=\"wp-block-heading\">7 &#8211; Compuls\u00f5es e obsess\u00f5es<\/h2>\r\n\r\n\r\n\r\n<p>Comportamentos repetitivos, pensamentos obsessivos e compuls\u00f5es, sejam elas por comida, limpeza ou outro tipo, \u00e9 um sinal muito comum de <strong>Transtorno Obsessivo Compulsivo (TOC). <\/strong>As compuls\u00f5es tamb\u00e9m s\u00e3o comuns no transtorno bipolar e outras doen\u00e7as.<\/p>\r\n\r\n\r\n\r\n<h2 class=\"wp-block-heading\">8 &#8211; Viol\u00eancia<\/h2>\r\n\r\n\r\n\r\n<p>Comportamentos e desejos violentos em crian\u00e7as pode parecer algo surreal, mas existe. Eles podem ser motivados por viol\u00eancia sofrida contra eles mesmos, seja na escola ou em casa, <a href=\"https:\/\/www.telavita.com.br\/blog\/vitima-de-bullying\/\">pelo bullying<\/a>, experi\u00eancias traum\u00e1ticas ou pelo medo de separa\u00e7\u00e3o do pais.<\/p>\r\n\r\n\r\n\r\n<p>Muitas vezes a crian\u00e7a sente desejo em causar dor aos que o cercam, sejam amigos de escola, animais ou aos pr\u00f3prios pais. Esse tipo de comportamento violento de forma intensa e compulsiva pode caracterizar<strong> TEI, transtorno bipolar<\/strong> ou algum tipo de <strong>psicopatia.\u00a0<\/strong><\/p>\r\n\r\n\r\n\r\n<h2 class=\"wp-block-heading\">9 &#8211; Tristeza<\/h2>\r\n\r\n\r\n\r\n<p>Uma crian\u00e7a constantemente deprimida e sem vontade de brincar n\u00e3o \u00e9 um bom sinal. A tristeza \u00e9 um dos sintomas da depress\u00e3o, e, se n\u00e3o tratada desde cedo, pode piorar o quadro. Os sintomas\u00a0de depress\u00e3o infantil envolvem\u00a0cansa\u00e7o extremo, altera\u00e7\u00f5es no sono,\u00a0<strong>dificuldade de concentra\u00e7\u00e3o, irritabilidade, ang\u00fastia, baixo rendimento escolar<\/strong>\u00a0e outros fatores que alteram muito o dia-a-dia e a sa\u00fade de quem sofre com a doen\u00e7a.<\/p>\r\n\r\n\r\n\r\n<p><a href=\"https:\/\/www.telavita.com.br\/blog\/depressao\/\">Confira aqui o nosso artigo completo sobre depress\u00e3o!<\/a><\/p>\r\n\r\n\r\n\r\n<h2 class=\"wp-block-heading\">10 &#8211;\u00a0Dificuldade para fazer amigos<\/h2>\r\n\r\n\r\n\r\n<p>Em casos de fobia social, a crian\u00e7a n\u00e3o consegue enfrentar situa\u00e7\u00f5es que envolvam qualquer tipo de exposi\u00e7\u00e3o.\u00a0O\u00a0<strong>transtorno de ansiedade social<\/strong>, tamb\u00e9m chamado de\u00a0<strong>fobia social<\/strong>\u00a0ou\u00a0<strong>sociofobia<\/strong>, \u00e9 o medo irracional de ser julgado, analisado e rejeitado em situa\u00e7\u00f5es de intera\u00e7\u00e3o social. <a href=\"https:\/\/www.telavita.com.br\/blog\/fobia-social-2\/\">A pessoa com fobia social<\/a> sente irritabilidade e ang\u00fastia a ponto de n\u00e3o conseguir lidar com elas e isso afetar a sua vida. Problemas de socializa\u00e7\u00e3o tamb\u00e9m podem caracterizar outros transtornos de ansiedade.<\/p>\r\n\r\n\r\n\r\n<h2 class=\"wp-block-heading\">A import\u00e2ncia do diagn\u00f3stico<\/h2>\r\n\r\n\r\n\r\n<p>Para todos os casos citados acima, o <strong>diagn\u00f3stico diferencial<\/strong> se faz necess\u00e1rio. Em sintomas que se enquadram em uma ou mais doen\u00e7as, \u00e9 preciso uma an\u00e1lise completa do caso, a fim de determinar o diagn\u00f3stico correto e encaminhar o paciente para o tratamento adequado.\u00a0<\/p>\r\n\r\n\r\n\r\n<p>\u00c9 fundamental que o diagn\u00f3stico seja realizado por um m\u00e9dico especialista. A <strong>terapia para crian\u00e7as<\/strong>\u00a0\u00e9 uma das formas de tratamento mais procuradas pois visa entender a complexidade de cada caso assim como analisar suas causas e sintomas.\u00a0<\/p>\r\n\r\n\r\n\r\n<p>A <strong>terapia cognitivo comportamental infantil\u00a0<\/strong>\u00e9 uma das abordagens da <strong>psicologia para crian\u00e7as<\/strong>\u00a0 &#8220;Destaca-se, por exemplo, o foco no presente, o objetivo de mudan\u00e7a comportamental e cognitiva, a utiliza\u00e7\u00e3o de sess\u00f5es estruturadas, entre outros. Todavia, a abordagem com crian\u00e7as e adolescentes difere-se no que tange ao tipo de interven\u00e7\u00e3o realizada, que ter\u00e1 como base a cria\u00e7\u00e3o de linguagens (muitas vezes n\u00e3o verbais) para acessar o funcionamento cognitivo da crian\u00e7a e adolescente. Al\u00e9m disso, o tratamento com crian\u00e7as tamb\u00e9m tem outros pontos diferencias, como a interven\u00e7\u00e3o com os pais, que muitas vezes consiste em uma grande, e \u00e0s vezes at\u00e9 maior, parte do tratamento. Assim sendo, o foco das interven\u00e7\u00f5es em TCC com crian\u00e7as e adolescentes, al\u00e9m de centrar na ativa\u00e7\u00e3o e entendimento das emo\u00e7\u00f5es &#8211; as quais os jovens t\u00eam dificuldade de diferenciar dos pensamentos -, tamb\u00e9m deve trabalhar em termos de pensamentos adaptativos e n\u00e3o adaptativos (&#8220;que ajudam e n\u00e3o ajudam&#8221;), explica a\u00a0<a href=\"http:\/\/rbp.celg.org.br\/detalhe_artigo.asp?id=144\"><strong>Revista Brasileira de Psicoterapia.<\/strong><\/a><\/p>\r\n\r\n\r\n\r\n<p>&nbsp;<\/p>\r\n\r\n\r\n\r\n<p>&nbsp;<\/p>\r\n","protected":false},"excerpt":{"rendered":"<p>A psicoterapia infantil\u00a0poder ser uma grande aliada no tratamento de transtornos psicol\u00f3gicos em crian\u00e7as. Confira aqui alguns sintomas e como lidar com eles. Em qualquer faixa et\u00e1ria estamos sujeitos \u00e0 problemas psicol\u00f3gicos, sejam eles causados pelo meio externo, traumas ou fatores gen\u00e9ticos. \u00c9 na inf\u00e2ncia que muitas dessas complica\u00e7\u00f5es t\u00eam origem e, se n\u00e3o tratadas [&hellip;]<\/p>\n","protected":false},"author":8,"featured_media":2571,"comment_status":"open","ping_status":"open","sticky":false,"template":"","format":"standard","meta":{"_lmt_disableupdate":"","_lmt_disable":"","footnotes":""},"categories":[269],"tags":[],"yoast_head":"<!-- This site is optimized with the Yoast SEO plugin v19.8 - https:\/\/yoast.com\/wordpress\/plugins\/seo\/ -->\n<title>Saiba os sinais de problema psicol\u00f3gico na inf\u00e2ncia | Telavita<\/title>\n<meta name=\"description\" content=\"Os problemas psicol\u00f3gicos na inf\u00e2ncia podem ser mais comuns do que se pensa. Conhe\u00e7a os 10 sintomas de problemas mais comuns e entenda como trat\u00e1-los.\" \/>\n<meta name=\"robots\" content=\"index, follow, max-snippet:-1, max-image-preview:large, max-video-preview:-1\" \/>\n<link rel=\"canonical\" href=\"https:\/\/www.telavita.com.br\/blog\/problemas-psicologicos-na-infancia\/\" \/>\n<meta property=\"og:locale\" content=\"pt_BR\" \/>\n<meta property=\"og:type\" content=\"article\" \/>\n<meta property=\"og:title\" content=\"Saiba os sinais de problema psicol\u00f3gico na inf\u00e2ncia | Telavita\" \/>\n<meta property=\"og:description\" content=\"Os problemas psicol\u00f3gicos na inf\u00e2ncia podem ser mais comuns do que se pensa. Conhe\u00e7a os 10 sintomas de problemas mais comuns e entenda como trat\u00e1-los.\" \/>\n<meta property=\"og:url\" content=\"https:\/\/www.telavita.com.br\/blog\/problemas-psicologicos-na-infancia\/\" \/>\n<meta property=\"og:site_name\" content=\"Telavita\" \/>\n<meta property=\"article:publisher\" content=\"https:\/\/www.facebook.com\/Telavita\" \/>\n<meta property=\"article:published_time\" content=\"2018-10-08T17:43:20+00:00\" \/>\n<meta property=\"article:modified_time\" content=\"2024-07-04T17:19:05+00:00\" \/>\n<meta property=\"og:image\" content=\"https:\/\/www.telavita.com.br\/blog\/wp-content\/uploads\/2018\/10\/psicologico-infantil.jpg\" \/>\n\t<meta property=\"og:image:width\" content=\"900\" \/>\n\t<meta property=\"og:image:height\" content=\"560\" \/>\n\t<meta property=\"og:image:type\" content=\"image\/jpeg\" \/>\n<meta name=\"author\" content=\"Juliana Sonsin\" \/>\n<meta name=\"twitter:card\" content=\"summary_large_image\" \/>\n<meta name=\"twitter:label1\" content=\"Escrito por\" \/>\n\t<meta name=\"twitter:data1\" content=\"Juliana Sonsin\" \/>\n\t<meta name=\"twitter:label2\" content=\"Est. tempo de leitura\" \/>\n\t<meta name=\"twitter:data2\" content=\"8 minutos\" \/>\n<!-- \/ Yoast SEO plugin. -->","yoast_head_json":{"title":"Saiba os sinais de problema psicol\u00f3gico na inf\u00e2ncia | Telavita","description":"Os problemas psicol\u00f3gicos na inf\u00e2ncia podem ser mais comuns do que se pensa. Conhe\u00e7a os 10 sintomas de problemas mais comuns e entenda como trat\u00e1-los.","robots":{"index":"index","follow":"follow","max-snippet":"max-snippet:-1","max-image-preview":"max-image-preview:large","max-video-preview":"max-video-preview:-1"},"canonical":"https:\/\/www.telavita.com.br\/blog\/problemas-psicologicos-na-infancia\/","og_locale":"pt_BR","og_type":"article","og_title":"Saiba os sinais de problema psicol\u00f3gico na inf\u00e2ncia | Telavita","og_description":"Os problemas psicol\u00f3gicos na inf\u00e2ncia podem ser mais comuns do que se pensa. Conhe\u00e7a os 10 sintomas de problemas mais comuns e entenda como trat\u00e1-los.","og_url":"https:\/\/www.telavita.com.br\/blog\/problemas-psicologicos-na-infancia\/","og_site_name":"Telavita","article_publisher":"https:\/\/www.facebook.com\/Telavita","article_published_time":"2018-10-08T17:43:20+00:00","article_modified_time":"2024-07-04T17:19:05+00:00","og_image":[{"width":900,"height":560,"url":"https:\/\/www.telavita.com.br\/blog\/wp-content\/uploads\/2018\/10\/psicologico-infantil.jpg","type":"image\/jpeg"}],"author":"Juliana Sonsin","twitter_card":"summary_large_image","twitter_misc":{"Escrito por":"Juliana Sonsin","Est. tempo de leitura":"8 minutos"},"schema":{"@context":"https:\/\/schema.org","@graph":[{"@type":"Article","@id":"https:\/\/www.telavita.com.br\/blog\/problemas-psicologicos-na-infancia\/#article","isPartOf":{"@id":"https:\/\/www.telavita.com.br\/blog\/problemas-psicologicos-na-infancia\/"},"author":{"name":"Juliana Sonsin","@id":"https:\/\/www.telavita.com.br\/blog\/#\/schema\/person\/c9d2f268651fd6d6bf440495dd23b40e"},"headline":"Conhe\u00e7a 10 sintomas de problemas psicol\u00f3gicos na inf\u00e2ncia","datePublished":"2018-10-08T17:43:20+00:00","dateModified":"2024-07-04T17:19:05+00:00","mainEntityOfPage":{"@id":"https:\/\/www.telavita.com.br\/blog\/problemas-psicologicos-na-infancia\/"},"wordCount":1657,"commentCount":0,"publisher":{"@id":"https:\/\/www.telavita.com.br\/blog\/#organization"},"articleSection":["Inf\u00e2ncia e Adolesc\u00eancia"],"inLanguage":"pt-BR","potentialAction":[{"@type":"CommentAction","name":"Comment","target":["https:\/\/www.telavita.com.br\/blog\/problemas-psicologicos-na-infancia\/#respond"]}]},{"@type":"WebPage","@id":"https:\/\/www.telavita.com.br\/blog\/problemas-psicologicos-na-infancia\/","url":"https:\/\/www.telavita.com.br\/blog\/problemas-psicologicos-na-infancia\/","name":"Saiba os sinais de problema psicol\u00f3gico na inf\u00e2ncia | Telavita","isPartOf":{"@id":"https:\/\/www.telavita.com.br\/blog\/#website"},"datePublished":"2018-10-08T17:43:20+00:00","dateModified":"2024-07-04T17:19:05+00:00","description":"Os problemas psicol\u00f3gicos na inf\u00e2ncia podem ser mais comuns do que se pensa. Conhe\u00e7a os 10 sintomas de problemas mais comuns e entenda como trat\u00e1-los.","breadcrumb":{"@id":"https:\/\/www.telavita.com.br\/blog\/problemas-psicologicos-na-infancia\/#breadcrumb"},"inLanguage":"pt-BR","potentialAction":[{"@type":"ReadAction","target":["https:\/\/www.telavita.com.br\/blog\/problemas-psicologicos-na-infancia\/"]}]},{"@type":"BreadcrumbList","@id":"https:\/\/www.telavita.com.br\/blog\/problemas-psicologicos-na-infancia\/#breadcrumb","itemListElement":[{"@type":"ListItem","position":1,"name":"In\u00edcio","item":"https:\/\/www.telavita.com.br\/blog\/"},{"@type":"ListItem","position":2,"name":"Conhe\u00e7a 10 sintomas de problemas psicol\u00f3gicos na inf\u00e2ncia"}]},{"@type":"WebSite","@id":"https:\/\/www.telavita.com.br\/blog\/#website","url":"https:\/\/www.telavita.com.br\/blog\/","name":"Telavita","description":"Conte\u00fados especializados sobre sa\u00fade mental e bem-estar","publisher":{"@id":"https:\/\/www.telavita.com.br\/blog\/#organization"},"potentialAction":[{"@type":"SearchAction","target":{"@type":"EntryPoint","urlTemplate":"https:\/\/www.telavita.com.br\/blog\/?s={search_term_string}"},"query-input":"required name=search_term_string"}],"inLanguage":"pt-BR"},{"@type":"Organization","@id":"https:\/\/www.telavita.com.br\/blog\/#organization","name":"Telavita","url":"https:\/\/www.telavita.com.br\/blog\/","sameAs":["https:\/\/www.linkedin.com\/company\/telavita\/mycompany\/verification\/","https:\/\/www.instagram.com\/telavita\/","https:\/\/www.facebook.com\/Telavita"],"logo":{"@type":"ImageObject","inLanguage":"pt-BR","@id":"https:\/\/www.telavita.com.br\/blog\/#\/schema\/logo\/image\/","url":"https:\/\/www.telavita.com.br\/blog\/wp-content\/uploads\/2021\/05\/telavita.jpg","contentUrl":"https:\/\/www.telavita.com.br\/blog\/wp-content\/uploads\/2021\/05\/telavita.jpg","width":200,"height":200,"caption":"Telavita"},"image":{"@id":"https:\/\/www.telavita.com.br\/blog\/#\/schema\/logo\/image\/"}},{"@type":"Person","@id":"https:\/\/www.telavita.com.br\/blog\/#\/schema\/person\/c9d2f268651fd6d6bf440495dd23b40e","name":"Juliana Sonsin","image":{"@type":"ImageObject","inLanguage":"pt-BR","@id":"https:\/\/www.telavita.com.br\/blog\/#\/schema\/person\/image\/","url":"https:\/\/secure.gravatar.com\/avatar\/dfb14c6228cdf7312fea984efc84d04e?s=96&d=mm&r=g","contentUrl":"https:\/\/secure.gravatar.com\/avatar\/dfb14c6228cdf7312fea984efc84d04e?s=96&d=mm&r=g","caption":"Juliana Sonsin"},"description":"Jornalista formada pela Faculdade C\u00e1sper Libero e especializada em sa\u00fade. Apaixonada por escrever roteiros de v\u00eddeos, produzir (e assistir) document\u00e1rios e ler sobre tudo um pouco. Acredito no jornalismo \u00e9tico como um meio de trazer ao p\u00fablico informa\u00e7\u00f5es e hist\u00f3rias que valem a pena serem contadas. Gosto de viajar, fazer yoga e assistir s\u00e9ries.","url":"https:\/\/www.telavita.com.br\/blog\/author\/juliana-sonsin\/"}]}},"modified_by":null,"_links":{"self":[{"href":"https:\/\/www.telavita.com.br\/blog\/wp-json\/wp\/v2\/posts\/2507"}],"collection":[{"href":"https:\/\/www.telavita.com.br\/blog\/wp-json\/wp\/v2\/posts"}],"about":[{"href":"https:\/\/www.telavita.com.br\/blog\/wp-json\/wp\/v2\/types\/post"}],"author":[{"embeddable":true,"href":"https:\/\/www.telavita.com.br\/blog\/wp-json\/wp\/v2\/users\/8"}],"replies":[{"embeddable":true,"href":"https:\/\/www.telavita.com.br\/blog\/wp-json\/wp\/v2\/comments?post=2507"}],"version-history":[{"count":13,"href":"https:\/\/www.telavita.com.br\/blog\/wp-json\/wp\/v2\/posts\/2507\/revisions"}],"predecessor-version":[{"id":5427,"href":"https:\/\/www.telavita.com.br\/blog\/wp-json\/wp\/v2\/posts\/2507\/revisions\/5427"}],"wp:featuredmedia":[{"embeddable":true,"href":"https:\/\/www.telavita.com.br\/blog\/wp-json\/wp\/v2\/media\/2571"}],"wp:attachment":[{"href":"https:\/\/www.telavita.com.br\/blog\/wp-json\/wp\/v2\/media?parent=2507"}],"wp:term":[{"taxonomy":"category","embeddable":true,"href":"https:\/\/www.telavita.com.br\/blog\/wp-json\/wp\/v2\/categories?post=2507"},{"taxonomy":"post_tag","embeddable":true,"href":"https:\/\/www.telavita.com.br\/blog\/wp-json\/wp\/v2\/tags?post=2507"}],"curies":[{"name":"wp","href":"https:\/\/api.w.org\/{rel}","templated":true}]}}