{"id":2566,"date":"2018-10-15T15:27:36","date_gmt":"2018-10-15T18:27:36","guid":{"rendered":"https:\/\/www.telavita.com.br\/blog\/?p=2566"},"modified":"2024-04-19T15:41:45","modified_gmt":"2024-04-19T18:41:45","slug":"7-coisas-sobre-aborto","status":"publish","type":"post","link":"https:\/\/www.telavita.com.br\/blog\/7-coisas-sobre-aborto\/","title":{"rendered":"7 coisas que voc\u00ea precisa saber sobre o aborto espont\u00e2neo"},"content":{"rendered":"\r\n<p>Falar <a href=\"https:\/\/www.telavita.com.br\/blog\/aborto\/\"><strong>sobre o aborto<\/strong> n\u00e3o \u00e9 f\u00e1cil<\/a> e super\u00e1-lo \u00e9 mais dif\u00edcil ainda. O tema por si s\u00f3 j\u00e1 \u00e9 muito evitado pelos tabus acerca dele, o que pode complicar a procura de ajuda psicol\u00f3gica por parte das mulheres que sofreram a perda do beb\u00ea e, consequentemente, do tratamento adequado.<\/p>\r\n\r\n\r\n\r\n<h2 class=\"wp-block-heading\">1 &#8211; O que \u00e9 aborto espont\u00e2neo?<\/h2>\r\n\r\n\r\n\r\n<p>\u00c9 a gesta\u00e7\u00e3o que foi interrompida naturalmente\u00a0<strong>at\u00e9 a 22<sup>a<\/sup>\u00a0semana de gesta\u00e7\u00e3o<\/strong>, quando o beb\u00ea\u00a0ainda pesa menos de 500 gramas. At\u00e9 a 12<sup>a<\/sup>\u00a0semana, o <strong>aborto<\/strong> \u00e9 considerado precoce; depois disso, \u00e9 chamado de tardio.<\/p>\r\n\r\n\r\n\r\n<h2 class=\"wp-block-heading\">2 &#8211; Os n\u00fameros do aborto<\/h2>\r\n\r\n\r\n\r\n<p>De acordo com a <a href=\"http:\/\/www.who.int\/eportuguese\/countries\/bra\/pt\/\"><strong>Organiza\u00e7\u00e3o Mundial da Sa\u00fade (OMS)<\/strong><\/a>, \u201ca maioria dos <strong>abortos espont\u00e2neos<\/strong> ocorre numa fase inicial da gravidez,\u00a0sendo\u00a0<strong>80% no primeiro trimestre<\/strong>.\u201d<\/p>\r\n\r\n\r\n\r\n<p>A <strong>OMS<\/strong> ainda explica que, &#8220;nos pa\u00edses desenvolvidos<strong>, o aborto espont\u00e2neo ocorre em 10 a 15% de todas as gravidezes\u00a0clinicamente reconhecidas<\/strong>, embora muitos abortos espont\u00e2neos ocorram antes da mulher\u00a0saber que est\u00e1 gr\u00e1vida.\u201d<\/p>\r\n\r\n\r\n\r\n<p>Mas o problema pode piorar muito nos pa\u00edses subdesenvolvidos. \u201cAs taxas de aborto espont\u00e2neo podem, contudo, serem muito mais\u00a0elevadas nos pa\u00edses em desenvolvimento devido \u00e0 preval\u00eancia de malnutri\u00e7\u00e3o e de outros problemas de sa\u00fade. A maioria dos abortos espont\u00e2neos ocorre numa fase inicial da gravidez,\u00a0<strong>sendo 80% no primeiro trimestre<\/strong>.\u201d<\/p>\r\n\r\n\r\n\r\n<h2 class=\"wp-block-heading\">3 &#8211; Sintomas de aborto espont\u00e2neo<\/h2>\r\n\r\n\r\n\r\n<p>Dentre os <strong>sinais de aborto espont\u00e2neo<\/strong>, os mais comuns s\u00e3o:<\/p>\r\n\r\n\r\n\r\n<ul>\r\n<li>Sangramento vaginal: ocorre com ou sem c\u00f3licas;<\/li>\r\n<li>Dor lombar, abdominal ou c\u00f3licas constantes;<\/li>\r\n<li>Diminui\u00e7\u00e3o de sinais de gravidez, como a perda da sensibilidade da mama ou n\u00e1useas.<\/li>\r\n<\/ul>\r\n\r\n\r\n\r\n<h2 class=\"wp-block-heading\">4 &#8211; O que pode causar um aborto?<\/h2>\r\n\r\n\r\n\r\n<p>N\u00e3o existe uma causa isolada para desencadear o aborto espont\u00e2neo, e sim alguns fatores de risco. Sabe-se que a <strong>idade avan\u00e7ada<\/strong> pode ser um contra na hora da gravidez pois mulheres acima dos 35 anos possuem 20% a mais de riscos em sofrer um aborto espont\u00e2neo.<\/p>\r\n\r\n\r\n\r\n<p>Doen\u00e7as cr\u00f4nicas como diabetes n\u00e3o controlada e trombofilias, excesso ou falta de peso, complica\u00e7\u00f5es hormonais, problemas no \u00fatero ou colo do \u00fatero, infec\u00e7\u00f5es e abortos sofridos anteriormente encabe\u00e7am a lista das poss\u00edveis <strong>causas de aborto<\/strong>.<\/p>\r\n\r\n\r\n\r\n<h2 class=\"wp-block-heading\">5 &#8211; Quanto tempo depois de um aborto posso engravidar?<\/h2>\r\n\r\n\r\n\r\n<p>O per\u00edodo de espera entre o aborto e a nova gesta\u00e7\u00e3o ser\u00e1 avaliado pelo m\u00e9dico, pois tudo depende da mulher, de seu hist\u00f3rico, do aborto em si e das consequ\u00eancias geradas por ele.<\/p>\r\n\r\n\r\n\r\n<p>O tempo\u00a0que o \u00fatero leva para se recuperar completamente pode variar de 3 a 6 ciclos menstruais e costumava-se recomendar esse per\u00edodo de espera. Hoje em dia, os m\u00e9dicos podem recomendar um tempo mais curto, por exemplo, de 1 m\u00eas, mas somente a an\u00e1lise cl\u00ednica, exames e a consulta com o especialista, poder\u00e3o dizer com mais precis\u00e3o.<\/p>\r\n\r\n\r\n\r\n<h2 class=\"wp-block-heading\">6 &#8211; O que fazer depois de um aborto espont\u00e2neo<strong>?<\/strong><\/h2>\r\n\r\n\r\n\r\n<p>Primeiro, \u00e9 vital que a mulher receba os cuidados m\u00e9dicos<br \/>adequados e urgentemente\u00a0por conta das\u00a0<strong>complica\u00e7\u00f5es que podem se seguir<\/strong>\u00a0caso os procedimentos apropriados n\u00e3o sejam prontamente tomados.\u00a0Segundo a\u00a0<strong>OMS,\u00a0<\/strong>\u00e9 essencial que a mulher tamb\u00e9m tenha acesso a cuidados de sa\u00fade reprodutiva compreensivos; receba aconselhamento e servi\u00e7os de PF (planejamento familiar) e educa\u00e7\u00e3o comunit\u00e1ria para reduzir a necessidade de aborto e melhorar a sa\u00fade reprodutiva.<\/p>\r\n\r\n\r\n\r\n<h2 class=\"wp-block-heading\">7 &#8211; Apoio psicol\u00f3gico<\/h2>\r\n\r\n\r\n\r\n<p>Lidar com um momento como esse n\u00e3o \u00e9 f\u00e1cil e empatia deve ser a palavra chave. O\u00a0<a href=\"https:\/\/www.telavita.com.br\/blog\/depressao-pos-aborto\/\"><strong>aborto e suas consequ\u00eancias\u00a0<\/strong><\/a>transformam a vida da mulher, portanto o apoio psicol\u00f3gico \u00e9 essencial.\u00a0<\/p>\r\n\r\n\r\n\r\n<p>O isolamento, cansa\u00e7o e choro constante podem dar as caras ap\u00f3s o aborto. \u00c9 muito importante que os familiares tamb\u00e9m participem do processo pois a mulher pode se sentir desamparada e sozinha.\u00a0<strong>Sentimentos como desespero, culpa, ansiedade, tristeza e apatia<\/strong>\u00a0assolam a mente dessa paciente, al\u00e9m de abrir as portas para doen\u00e7as psicol\u00f3gicas s\u00e9rias como a <a href=\"https:\/\/www.telavita.com.br\/blog\/depressao\/\"><strong>depress\u00e3o<\/strong><\/a>.\u00a0<\/p>\r\n\r\n\r\n\r\n<p><strong>Procurar ajuda de um psic\u00f3logo<\/strong>\u00a0pode ser a sa\u00edda, j\u00e1 que qualquer cuidado \u00e9 pouco. Nem sempre os amigos e familiares saber\u00e3o como\u00a0<a href=\"https:\/\/www.telavita.com.br\/blog\/acompanhamento-psicologico-aborto\/\"><strong>prestar o apoio psicol\u00f3gico e emocional<\/strong>\u00a0<\/a>correto.<\/p>\r\n\r\n\r\n\r\n<p><a href=\"https:\/\/www.telavita.com.br\/blog\/aborto\/\">Saiba mais sobre o aborto espont\u00e2neo no nosso artigo completo clicando aqui!<\/a><\/p>\r\n","protected":false},"excerpt":{"rendered":"<p>Falar sobre o aborto n\u00e3o \u00e9 f\u00e1cil e super\u00e1-lo \u00e9 mais dif\u00edcil ainda. O tema por si s\u00f3 j\u00e1 \u00e9 muito evitado pelos tabus acerca dele, o que pode complicar a procura de ajuda psicol\u00f3gica por parte das mulheres que sofreram a perda do beb\u00ea e, consequentemente, do tratamento adequado. 1 &#8211; O que \u00e9 [&hellip;]<\/p>\n","protected":false},"author":8,"featured_media":2670,"comment_status":"open","ping_status":"open","sticky":false,"template":"","format":"standard","meta":{"_lmt_disableupdate":"","_lmt_disable":"","footnotes":""},"categories":[32],"tags":[],"yoast_head":"<!-- This site is optimized with the Yoast SEO plugin v19.8 - https:\/\/yoast.com\/wordpress\/plugins\/seo\/ -->\n<title>Entenda como funciona o aborto espont\u00e2neo - Telavita<\/title>\n<meta name=\"description\" content=\"O aborto causa traumas e mais dores do que se imagina. Confira aqui 7 coisas que voc\u00ea precisa saber sobre o aborto espont\u00e2neo.\" \/>\n<meta name=\"robots\" content=\"index, follow, max-snippet:-1, max-image-preview:large, max-video-preview:-1\" \/>\n<link rel=\"canonical\" href=\"https:\/\/www.telavita.com.br\/blog\/7-coisas-sobre-aborto\/\" \/>\n<meta property=\"og:locale\" content=\"pt_BR\" \/>\n<meta property=\"og:type\" content=\"article\" \/>\n<meta property=\"og:title\" content=\"Entenda como funciona o aborto espont\u00e2neo - Telavita\" \/>\n<meta property=\"og:description\" content=\"O aborto causa traumas e mais dores do que se imagina. Confira aqui 7 coisas que voc\u00ea precisa saber sobre o aborto espont\u00e2neo.\" \/>\n<meta property=\"og:url\" content=\"https:\/\/www.telavita.com.br\/blog\/7-coisas-sobre-aborto\/\" \/>\n<meta property=\"og:site_name\" content=\"Telavita\" \/>\n<meta property=\"article:publisher\" content=\"https:\/\/www.facebook.com\/Telavita\" \/>\n<meta property=\"article:published_time\" content=\"2018-10-15T18:27:36+00:00\" \/>\n<meta property=\"article:modified_time\" content=\"2024-04-19T18:41:45+00:00\" \/>\n<meta property=\"og:image\" content=\"https:\/\/www.telavita.com.br\/blog\/wp-content\/uploads\/2018\/10\/duvidas-sobre-aborto.jpg\" \/>\n\t<meta property=\"og:image:width\" content=\"900\" \/>\n\t<meta property=\"og:image:height\" content=\"560\" \/>\n\t<meta property=\"og:image:type\" content=\"image\/jpeg\" \/>\n<meta name=\"author\" content=\"Juliana Sonsin\" \/>\n<meta name=\"twitter:card\" content=\"summary_large_image\" \/>\n<meta name=\"twitter:label1\" content=\"Escrito por\" \/>\n\t<meta name=\"twitter:data1\" content=\"Juliana Sonsin\" \/>\n\t<meta name=\"twitter:label2\" content=\"Est. tempo de leitura\" \/>\n\t<meta name=\"twitter:data2\" content=\"4 minutos\" \/>\n<!-- \/ Yoast SEO plugin. -->","yoast_head_json":{"title":"Entenda como funciona o aborto espont\u00e2neo - Telavita","description":"O aborto causa traumas e mais dores do que se imagina. Confira aqui 7 coisas que voc\u00ea precisa saber sobre o aborto espont\u00e2neo.","robots":{"index":"index","follow":"follow","max-snippet":"max-snippet:-1","max-image-preview":"max-image-preview:large","max-video-preview":"max-video-preview:-1"},"canonical":"https:\/\/www.telavita.com.br\/blog\/7-coisas-sobre-aborto\/","og_locale":"pt_BR","og_type":"article","og_title":"Entenda como funciona o aborto espont\u00e2neo - Telavita","og_description":"O aborto causa traumas e mais dores do que se imagina. Confira aqui 7 coisas que voc\u00ea precisa saber sobre o aborto espont\u00e2neo.","og_url":"https:\/\/www.telavita.com.br\/blog\/7-coisas-sobre-aborto\/","og_site_name":"Telavita","article_publisher":"https:\/\/www.facebook.com\/Telavita","article_published_time":"2018-10-15T18:27:36+00:00","article_modified_time":"2024-04-19T18:41:45+00:00","og_image":[{"width":900,"height":560,"url":"https:\/\/www.telavita.com.br\/blog\/wp-content\/uploads\/2018\/10\/duvidas-sobre-aborto.jpg","type":"image\/jpeg"}],"author":"Juliana Sonsin","twitter_card":"summary_large_image","twitter_misc":{"Escrito por":"Juliana Sonsin","Est. tempo de leitura":"4 minutos"},"schema":{"@context":"https:\/\/schema.org","@graph":[{"@type":"Article","@id":"https:\/\/www.telavita.com.br\/blog\/7-coisas-sobre-aborto\/#article","isPartOf":{"@id":"https:\/\/www.telavita.com.br\/blog\/7-coisas-sobre-aborto\/"},"author":{"name":"Juliana Sonsin","@id":"https:\/\/www.telavita.com.br\/blog\/#\/schema\/person\/c9d2f268651fd6d6bf440495dd23b40e"},"headline":"7 coisas que voc\u00ea precisa saber sobre o aborto espont\u00e2neo","datePublished":"2018-10-15T18:27:36+00:00","dateModified":"2024-04-19T18:41:45+00:00","mainEntityOfPage":{"@id":"https:\/\/www.telavita.com.br\/blog\/7-coisas-sobre-aborto\/"},"wordCount":715,"commentCount":1,"publisher":{"@id":"https:\/\/www.telavita.com.br\/blog\/#organization"},"articleSection":["Transtornos Psicol\u00f3gicos"],"inLanguage":"pt-BR","potentialAction":[{"@type":"CommentAction","name":"Comment","target":["https:\/\/www.telavita.com.br\/blog\/7-coisas-sobre-aborto\/#respond"]}]},{"@type":"WebPage","@id":"https:\/\/www.telavita.com.br\/blog\/7-coisas-sobre-aborto\/","url":"https:\/\/www.telavita.com.br\/blog\/7-coisas-sobre-aborto\/","name":"Entenda como funciona o aborto espont\u00e2neo - Telavita","isPartOf":{"@id":"https:\/\/www.telavita.com.br\/blog\/#website"},"datePublished":"2018-10-15T18:27:36+00:00","dateModified":"2024-04-19T18:41:45+00:00","description":"O aborto causa traumas e mais dores do que se imagina. Confira aqui 7 coisas que voc\u00ea precisa saber sobre o aborto espont\u00e2neo.","breadcrumb":{"@id":"https:\/\/www.telavita.com.br\/blog\/7-coisas-sobre-aborto\/#breadcrumb"},"inLanguage":"pt-BR","potentialAction":[{"@type":"ReadAction","target":["https:\/\/www.telavita.com.br\/blog\/7-coisas-sobre-aborto\/"]}]},{"@type":"BreadcrumbList","@id":"https:\/\/www.telavita.com.br\/blog\/7-coisas-sobre-aborto\/#breadcrumb","itemListElement":[{"@type":"ListItem","position":1,"name":"In\u00edcio","item":"https:\/\/www.telavita.com.br\/blog\/"},{"@type":"ListItem","position":2,"name":"7 coisas que voc\u00ea precisa saber sobre o aborto espont\u00e2neo"}]},{"@type":"WebSite","@id":"https:\/\/www.telavita.com.br\/blog\/#website","url":"https:\/\/www.telavita.com.br\/blog\/","name":"Telavita","description":"Conte\u00fados especializados sobre sa\u00fade mental e bem-estar","publisher":{"@id":"https:\/\/www.telavita.com.br\/blog\/#organization"},"potentialAction":[{"@type":"SearchAction","target":{"@type":"EntryPoint","urlTemplate":"https:\/\/www.telavita.com.br\/blog\/?s={search_term_string}"},"query-input":"required name=search_term_string"}],"inLanguage":"pt-BR"},{"@type":"Organization","@id":"https:\/\/www.telavita.com.br\/blog\/#organization","name":"Telavita","url":"https:\/\/www.telavita.com.br\/blog\/","sameAs":["https:\/\/www.linkedin.com\/company\/telavita\/mycompany\/verification\/","https:\/\/www.instagram.com\/telavita\/","https:\/\/www.facebook.com\/Telavita"],"logo":{"@type":"ImageObject","inLanguage":"pt-BR","@id":"https:\/\/www.telavita.com.br\/blog\/#\/schema\/logo\/image\/","url":"https:\/\/www.telavita.com.br\/blog\/wp-content\/uploads\/2021\/05\/telavita.jpg","contentUrl":"https:\/\/www.telavita.com.br\/blog\/wp-content\/uploads\/2021\/05\/telavita.jpg","width":200,"height":200,"caption":"Telavita"},"image":{"@id":"https:\/\/www.telavita.com.br\/blog\/#\/schema\/logo\/image\/"}},{"@type":"Person","@id":"https:\/\/www.telavita.com.br\/blog\/#\/schema\/person\/c9d2f268651fd6d6bf440495dd23b40e","name":"Juliana Sonsin","image":{"@type":"ImageObject","inLanguage":"pt-BR","@id":"https:\/\/www.telavita.com.br\/blog\/#\/schema\/person\/image\/","url":"https:\/\/secure.gravatar.com\/avatar\/dfb14c6228cdf7312fea984efc84d04e?s=96&d=mm&r=g","contentUrl":"https:\/\/secure.gravatar.com\/avatar\/dfb14c6228cdf7312fea984efc84d04e?s=96&d=mm&r=g","caption":"Juliana Sonsin"},"description":"Jornalista formada pela Faculdade C\u00e1sper Libero e especializada em sa\u00fade. Apaixonada por escrever roteiros de v\u00eddeos, produzir (e assistir) document\u00e1rios e ler sobre tudo um pouco. Acredito no jornalismo \u00e9tico como um meio de trazer ao p\u00fablico informa\u00e7\u00f5es e hist\u00f3rias que valem a pena serem contadas. Gosto de viajar, fazer yoga e assistir s\u00e9ries.","url":"https:\/\/www.telavita.com.br\/blog\/author\/juliana-sonsin\/"}]}},"modified_by":"Sarah Rocha","_links":{"self":[{"href":"https:\/\/www.telavita.com.br\/blog\/wp-json\/wp\/v2\/posts\/2566"}],"collection":[{"href":"https:\/\/www.telavita.com.br\/blog\/wp-json\/wp\/v2\/posts"}],"about":[{"href":"https:\/\/www.telavita.com.br\/blog\/wp-json\/wp\/v2\/types\/post"}],"author":[{"embeddable":true,"href":"https:\/\/www.telavita.com.br\/blog\/wp-json\/wp\/v2\/users\/8"}],"replies":[{"embeddable":true,"href":"https:\/\/www.telavita.com.br\/blog\/wp-json\/wp\/v2\/comments?post=2566"}],"version-history":[{"count":9,"href":"https:\/\/www.telavita.com.br\/blog\/wp-json\/wp\/v2\/posts\/2566\/revisions"}],"predecessor-version":[{"id":5622,"href":"https:\/\/www.telavita.com.br\/blog\/wp-json\/wp\/v2\/posts\/2566\/revisions\/5622"}],"wp:featuredmedia":[{"embeddable":true,"href":"https:\/\/www.telavita.com.br\/blog\/wp-json\/wp\/v2\/media\/2670"}],"wp:attachment":[{"href":"https:\/\/www.telavita.com.br\/blog\/wp-json\/wp\/v2\/media?parent=2566"}],"wp:term":[{"taxonomy":"category","embeddable":true,"href":"https:\/\/www.telavita.com.br\/blog\/wp-json\/wp\/v2\/categories?post=2566"},{"taxonomy":"post_tag","embeddable":true,"href":"https:\/\/www.telavita.com.br\/blog\/wp-json\/wp\/v2\/tags?post=2566"}],"curies":[{"name":"wp","href":"https:\/\/api.w.org\/{rel}","templated":true}]}}