{"id":2664,"date":"2018-10-19T19:00:09","date_gmt":"2018-10-19T22:00:09","guid":{"rendered":"https:\/\/www.telavita.com.br\/blog\/?p=2664"},"modified":"2024-04-24T13:08:24","modified_gmt":"2024-04-24T16:08:24","slug":"cuidados-na-gravidez","status":"publish","type":"post","link":"https:\/\/www.telavita.com.br\/blog\/cuidados-na-gravidez\/","title":{"rendered":"Cuidados na gravidez: Conhe\u00e7a 7 dicas psicol\u00f3gicas para a gesta\u00e7\u00e3o"},"content":{"rendered":"\r\n<p><em>A gesta\u00e7\u00e3o \u00e9 um momento de muita felicidade e expectativa, mas nem tudo s\u00e3o flores. Entenda os <strong>cuidados na gravidez <\/strong>e o impacto psicol\u00f3gico que eles podem causar.<\/em><\/p>\r\n\r\n\r\n\r\n<h2 class=\"wp-block-heading\">1 &#8211; Evitar situa\u00e7\u00f5es estressantes<\/h2>\r\n\r\n\r\n\r\n<p>Os <strong>sentimentos na gravidez<\/strong>\u00a0tamb\u00e9m s\u00e3o captados pelo beb\u00ea.\u00a0Pesquisas mostram que altos n\u00edveis de estresse sofridos pelas mam\u00e3es podem ser recebidos negativamente pelo beb\u00ea e influenciar o seu desenvolvimento. O alto n\u00edvel de cortisol, horm\u00f4nio associado ao estresse, que flui pela corrente sangu\u00ednea da m\u00e3e, tamb\u00e9m \u00e9 encontrado em maiores quantidades no l\u00edquido amni\u00f3tico.\u00a0<\/p>\r\n\r\n\r\n\r\n<h2 class=\"wp-block-heading\">2- Manter uma dieta balanceada e saud\u00e1vel<\/h2>\r\n\r\n\r\n\r\n<p>Recheada de cuidados, a\u00a0<strong>alimenta\u00e7\u00e3o na gravidez<\/strong>\u00a0parte da sele\u00e7\u00e3o equilibrada de alimentos que promovem o desenvolvimento do feto e evitam doen\u00e7as futuras.<\/p>\r\n\r\n\r\n\r\n<p>A\u00a0<strong>alimenta\u00e7\u00e3o saud\u00e1vel para gestante<\/strong> envolve a ingest\u00e3o de alguns nutrientes essenciais para a mulher e para o beb\u00ea. A premissa de comer por dois \u00e9 v\u00e1lida, mas n\u00e3o pode ser aplicada a qualquer alimento.\u00a0Comer alimentos gordurosos, fast food, a\u00e7\u00facar e outros vil\u00f5es para o organismo devem ser evitados no card\u00e1pio da\u00a0<strong>dieta na gravidez. <\/strong>\u00c9 claro que vez ou outra n\u00e3o h\u00e1 problemas, afinal os desejos de gr\u00e1vida s\u00e3o comuns.\u00a0<\/p>\r\n\r\n\r\n\r\n<h2 class=\"wp-block-heading\">3 &#8211; Comunica\u00e7\u00e3o<\/h2>\r\n\r\n\r\n\r\n<p>Os\u00a0<strong>sinais de gravidez<\/strong> mudam completamente a vida da mulher. Desde os horm\u00f4nios em alta, ganho de peso e sintomas f\u00edsicos, at\u00e9 a mudan\u00e7a de papeis que essa mulher desempenhava anteriormente. \u00c9 muito comum que as gestantes sintam extrema confus\u00e3o, medo e ang\u00fastias. Por\u00e9m, poucas delas compartilham esses sentimos com pessoas de seu conv\u00edvio, seja o(a) parceiro(a), familiares ou amigos. O motivo disso? Receio de serem julgadas.<\/p>\r\n\r\n\r\n\r\n<p>Como o momento da gravidez \u00e9 visto pelas pessoas com muita alegria, a mulher se sente culpada em ter alguns sentimentos negativos &#8211; e normais, diga-se de passagem. O problema \u00e9 que a falta de comunica\u00e7\u00e3o pode dar asas a problemas mais s\u00e9rios, como <strong>transtornos psicol\u00f3gicos.<\/strong> A depress\u00e3o, <strong>depress\u00e3o p\u00f3s-parto<\/strong> e ansiedade encabe\u00e7am a lista das doen\u00e7as psicol\u00f3gicas mais comuns.\u00a0<\/p>\r\n\r\n\r\n\r\n<h2 class=\"wp-block-heading\">4 &#8211; Cultivar uma rela\u00e7\u00e3o positiva com o beb\u00ea<\/h2>\r\n\r\n\r\n\r\n<p>Voc\u00ea j\u00e1 deve ter visto uma m\u00e3e conversando com o beb\u00ea que ainda est\u00e1 em sua barriga, ou at\u00e9 mesmo cantando para ele. Se voc\u00ea acho a pr\u00e1tica sem fundamento, repense. Uma pesquisa realizada pela <a href=\"https:\/\/www.vanderbilt.edu\/\">Vanderbilt University<\/a>\u00a0mostrou que a voz da m\u00e3e pode ajudar os beb\u00eas prematuros a se alimentarem melhor.<\/p>\r\n\r\n\r\n\r\n<p>Ou seja, as <strong>emo\u00e7\u00f5es<\/strong> s\u00e3o sentidas pela m\u00e3e e pelo beb\u00ea tamb\u00e9m. \u00c9 importante nutri sentimentos positivos e conversar com o beb\u00ea, pois isso pode ser essencial na sa\u00fade de ambos.<\/p>\r\n\r\n\r\n\r\n<h2 class=\"wp-block-heading\">5 &#8211; Orienta\u00e7\u00e3o m\u00e9dica<\/h2>\r\n\r\n\r\n\r\n<p>O artigo\u00a0<a href=\"http:\/\/www.scielo.br\/scielo.php?script=sci_arttext&amp;pid=S0102-311X2014000501042&amp;lng=pt&amp;nrm=iso&amp;tlng=pt\" target=\"_blank\" rel=\"noreferrer noopener\">Fatores associados ao uso de medicamentos na gesta\u00e7\u00e3o em primigestas no Munic\u00edpio de Rio Branco, Acre, Brasil<\/a>, publicado pela revista\u00a0<a href=\"http:\/\/www4.ensp.fiocruz.br\/csp\/\" target=\"_blank\" rel=\"noreferrer noopener\">Cadernos de Sa\u00fade P\u00fablica,<\/a>\u00a0analisou 887 primigestas com idade m\u00e9dia entre 21 anos e chegou \u00e0 conclus\u00e3o de que a m\u00e9dia do uso de medicamento na primeira gesta\u00e7\u00e3o \u00e9 de 2,42, sendo os medicamentos mais consumidos: antian\u00eamicos (47,5%), suplementos e vitaminas (18,7%), analg\u00e9sicos (13,8%) e antibi\u00f3ticos (10,5%). A preocupa\u00e7\u00e3o \u00e9 com a <strong>sa\u00fade da gestante<\/strong> e com o h\u00e1bito da automedica\u00e7\u00e3o realizada por ela.<\/p>\r\n\r\n\r\n\r\n<p>Por isso, \u00e9 muito importante manter regularidade e periodicidade nas consultas m\u00e9dicas para receber o aux\u00edlio adequado. O acompanhamento \u00e9 fundamental pois os casos diferem muito e qualquer deslize pode colocar a sua sa\u00fade e a do beb\u00ea em risco.<\/p>\r\n\r\n\r\n\r\n<p>Com orienta\u00e7\u00e3o m\u00e9dica entende-se tamb\u00e9m o acompanhamento psicol\u00f3gico, vital para a sa\u00fade mental da m\u00e3e, afinal, esse per\u00edodo \u00e9 marcado por emo\u00e7\u00f5es \u00e0 flor da pele e <strong>mudan\u00e7a de humor<\/strong>. \u00c9 preciso muito cuidado com a<strong><a href=\"https:\/\/www.telavita.com.br\/blog\/ansiedade-na-gravidez\/\"> ansiedade\u00a0na gravidez<\/a>\u00a0<\/strong>e a <strong><a href=\"https:\/\/www.telavita.com.br\/blog\/depressao\/\">depress\u00e3o<\/a><\/strong>, grandes inimigas das gestantes.<\/p>\r\n\r\n\r\n\r\n<h2 class=\"wp-block-heading\">6 &#8211; Descansar e ter uma boa noite de sono<\/h2>\r\n\r\n\r\n\r\n<p>Uma boa noite de sonos \u00e9 essencial, pois fortalece o sistema imunol\u00f3gico, consolida a mem\u00f3ria e restabelece o bem-estar f\u00edsico e mental. Embora a eleva\u00e7\u00e3o dos n\u00edveis de progesterona no <strong>primeiro trimestre da gravidez<\/strong> cause sonol\u00eancia, a sensa\u00e7\u00e3o logo abre caminho para os enjoos, ansiedade, vontade de ir ao banheiro e posi\u00e7\u00f5es cada vez mais dif\u00edceis para dormir por conta do tamanho da barriga. Os<strong> dist\u00farbios do sono<\/strong> entre as gr\u00e1vidas \u00e9 muito comum. O tempo de descanso, baixa qualidade de sono, apneia, pesadelos, <a href=\"https:\/\/www.telavita.com.br\/blog\/o-que-e-ansiedade\/\"><strong>ansiedade<\/strong><\/a> e sonambulismo podem dar as caras.\u00a0<\/p>\r\n\r\n\r\n\r\n<p>Os <strong>cuidados na gravidez<\/strong>\u00a0nunca s\u00e3o demais. Algumas<strong>\u00a0dicas para gestantes<\/strong> podem funcionar, como: Dormir cedo, evitar eventos sociais muito agitados, reduzir o tempo na internet e redes sociais, praticar exerc\u00edcios f\u00edsicos de baixo impacto, dormir em um quarto arejado, roupas de camas limpas e macias, no escuro e no sil\u00eancio.<\/p>\r\n\r\n\r\n\r\n<h2 class=\"wp-block-heading\">7 &#8211; Praticar atividades f\u00edsicas<\/h2>\r\n\r\n\r\n\r\n<p>Para quem acha que\u00a0<strong>mulher gr\u00e1vida <\/strong>n\u00e3o pode se exercitar, est\u00e1 redondamente enganado. Pesquisadores\u00a0da Universidade Camilo Jos\u00e9 Cela, de Madri, afirmaram que a pr\u00e1tica de atividades f\u00edsicas durante a gesta\u00e7\u00e3o \u00e9 saud\u00e1vel e deve ser um h\u00e1bito at\u00e9 para as mulheres que levavam uma vida sedent\u00e1ria antes da gravidez.<\/p>\r\n\r\n\r\n\r\n<p>Os benef\u00edcios dos exerc\u00edcios para a\u00a0sa\u00fade da gestante incluem evitar o ganho de peso excessivo\u00a0das gestantes, o desenvolvimento de\u00a0diabetes gestacional\u00a0e\u00a0pr\u00e9-ecl\u00e2mpsia, diminui o risco de incontin\u00eancia urin\u00e1ria, de flacidez p\u00e9lvica e de dor nas costas.<\/p>\r\n\r\n\r\n\r\n<p>Mas \u00e9 importante passar por consultas m\u00e9dicas e verificar se o seu caso \u00e9 liberado pelos m\u00e9dicos. Algumas mulheres podem possuir algumas restri\u00e7\u00f5es.\u00a0As op\u00e7\u00f5es mais indicadas s\u00e3o os exerc\u00edcios de baixo impacto, como hidrogin\u00e1stica, caminhada, pilates e ioga.<\/p>\r\n\r\n\r\n\r\n<p>Aproveite para conferir <a href=\"https:\/\/www.telavita.com.br\/blog\/5dicas-gestacao-saudavel\/\"><strong>5 dicas ess\u00eanciais para ter uma gesta\u00e7\u00e3o saud\u00e1vel!<\/strong><\/a>\u00a0<\/p>\r\n<span class='mb-center maxbutton-4-center'><span class='maxbutton-4-container mb-container'><a class=\"maxbutton-4 maxbutton maxbutton-manda-para-o-catalogo-de-psicologos\" href=\"https:\/\/app.telavita.com.br\/psicologia-online\/encontre-seu-psicologo\"><span class='mb-text'>Encontre seu psic\u00f3logo online<\/span><\/a><\/span><\/span>\r\n","protected":false},"excerpt":{"rendered":"<p>A gesta\u00e7\u00e3o \u00e9 um momento de muita felicidade e expectativa, mas nem tudo s\u00e3o flores. Entenda os cuidados na gravidez e o impacto psicol\u00f3gico que eles podem causar. 1 &#8211; Evitar situa\u00e7\u00f5es estressantes Os sentimentos na gravidez\u00a0tamb\u00e9m s\u00e3o captados pelo beb\u00ea.\u00a0Pesquisas mostram que altos n\u00edveis de estresse sofridos pelas mam\u00e3es podem ser recebidos negativamente pelo [&hellip;]<\/p>\n","protected":false},"author":8,"featured_media":2780,"comment_status":"open","ping_status":"open","sticky":false,"template":"","format":"standard","meta":{"_lmt_disableupdate":"","_lmt_disable":"","footnotes":""},"categories":[25],"tags":[],"yoast_head":"<!-- This site is optimized with the Yoast SEO plugin v19.8 - https:\/\/yoast.com\/wordpress\/plugins\/seo\/ -->\n<title>Dicas de Cuidados na Gravidez - Guia de Psicologia e Gesta\u00e7\u00e3o | TelaVita<\/title>\n<meta name=\"description\" content=\"Psicologia e gesta\u00e7\u00e3o: Quais os cuidados que devem ser tomados para a sa\u00fade da m\u00e3e e do beb\u00ea? Conhe\u00e7a 7 dicas psicol\u00f3gicas para a gesta\u00e7\u00e3o!\" \/>\n<meta name=\"robots\" content=\"index, follow, max-snippet:-1, max-image-preview:large, max-video-preview:-1\" \/>\n<link rel=\"canonical\" href=\"https:\/\/www.telavita.com.br\/blog\/cuidados-na-gravidez\/\" \/>\n<meta property=\"og:locale\" content=\"pt_BR\" \/>\n<meta property=\"og:type\" content=\"article\" \/>\n<meta property=\"og:title\" content=\"Dicas de Cuidados na Gravidez - Guia de Psicologia e Gesta\u00e7\u00e3o | TelaVita\" \/>\n<meta property=\"og:description\" content=\"Psicologia e gesta\u00e7\u00e3o: Quais os cuidados que devem ser tomados para a sa\u00fade da m\u00e3e e do beb\u00ea? Conhe\u00e7a 7 dicas psicol\u00f3gicas para a gesta\u00e7\u00e3o!\" \/>\n<meta property=\"og:url\" content=\"https:\/\/www.telavita.com.br\/blog\/cuidados-na-gravidez\/\" \/>\n<meta property=\"og:site_name\" content=\"Telavita\" \/>\n<meta property=\"article:publisher\" content=\"https:\/\/www.facebook.com\/Telavita\" \/>\n<meta property=\"article:published_time\" content=\"2018-10-19T22:00:09+00:00\" \/>\n<meta property=\"article:modified_time\" content=\"2024-04-24T16:08:24+00:00\" \/>\n<meta property=\"og:image\" content=\"https:\/\/www.telavita.com.br\/blog\/wp-content\/uploads\/2018\/10\/dicas-para-a-gestacao.jpg\" \/>\n\t<meta property=\"og:image:width\" content=\"900\" \/>\n\t<meta property=\"og:image:height\" content=\"560\" \/>\n\t<meta property=\"og:image:type\" content=\"image\/jpeg\" \/>\n<meta name=\"author\" content=\"Juliana Sonsin\" \/>\n<meta name=\"twitter:card\" content=\"summary_large_image\" \/>\n<meta name=\"twitter:label1\" content=\"Escrito por\" \/>\n\t<meta name=\"twitter:data1\" content=\"Juliana Sonsin\" \/>\n\t<meta name=\"twitter:label2\" content=\"Est. tempo de leitura\" \/>\n\t<meta name=\"twitter:data2\" content=\"5 minutos\" \/>\n<!-- \/ Yoast SEO plugin. -->","yoast_head_json":{"title":"Dicas de Cuidados na Gravidez - Guia de Psicologia e Gesta\u00e7\u00e3o | TelaVita","description":"Psicologia e gesta\u00e7\u00e3o: Quais os cuidados que devem ser tomados para a sa\u00fade da m\u00e3e e do beb\u00ea? Conhe\u00e7a 7 dicas psicol\u00f3gicas para a gesta\u00e7\u00e3o!","robots":{"index":"index","follow":"follow","max-snippet":"max-snippet:-1","max-image-preview":"max-image-preview:large","max-video-preview":"max-video-preview:-1"},"canonical":"https:\/\/www.telavita.com.br\/blog\/cuidados-na-gravidez\/","og_locale":"pt_BR","og_type":"article","og_title":"Dicas de Cuidados na Gravidez - Guia de Psicologia e Gesta\u00e7\u00e3o | TelaVita","og_description":"Psicologia e gesta\u00e7\u00e3o: Quais os cuidados que devem ser tomados para a sa\u00fade da m\u00e3e e do beb\u00ea? Conhe\u00e7a 7 dicas psicol\u00f3gicas para a gesta\u00e7\u00e3o!","og_url":"https:\/\/www.telavita.com.br\/blog\/cuidados-na-gravidez\/","og_site_name":"Telavita","article_publisher":"https:\/\/www.facebook.com\/Telavita","article_published_time":"2018-10-19T22:00:09+00:00","article_modified_time":"2024-04-24T16:08:24+00:00","og_image":[{"width":900,"height":560,"url":"https:\/\/www.telavita.com.br\/blog\/wp-content\/uploads\/2018\/10\/dicas-para-a-gestacao.jpg","type":"image\/jpeg"}],"author":"Juliana Sonsin","twitter_card":"summary_large_image","twitter_misc":{"Escrito por":"Juliana Sonsin","Est. tempo de leitura":"5 minutos"},"schema":{"@context":"https:\/\/schema.org","@graph":[{"@type":"Article","@id":"https:\/\/www.telavita.com.br\/blog\/cuidados-na-gravidez\/#article","isPartOf":{"@id":"https:\/\/www.telavita.com.br\/blog\/cuidados-na-gravidez\/"},"author":{"name":"Juliana Sonsin","@id":"https:\/\/www.telavita.com.br\/blog\/#\/schema\/person\/c9d2f268651fd6d6bf440495dd23b40e"},"headline":"Cuidados na gravidez: Conhe\u00e7a 7 dicas psicol\u00f3gicas para a gesta\u00e7\u00e3o","datePublished":"2018-10-19T22:00:09+00:00","dateModified":"2024-04-24T16:08:24+00:00","mainEntityOfPage":{"@id":"https:\/\/www.telavita.com.br\/blog\/cuidados-na-gravidez\/"},"wordCount":994,"commentCount":0,"publisher":{"@id":"https:\/\/www.telavita.com.br\/blog\/#organization"},"articleSection":["Gesta\u00e7\u00e3o"],"inLanguage":"pt-BR","potentialAction":[{"@type":"CommentAction","name":"Comment","target":["https:\/\/www.telavita.com.br\/blog\/cuidados-na-gravidez\/#respond"]}]},{"@type":"WebPage","@id":"https:\/\/www.telavita.com.br\/blog\/cuidados-na-gravidez\/","url":"https:\/\/www.telavita.com.br\/blog\/cuidados-na-gravidez\/","name":"Dicas de Cuidados na Gravidez - Guia de Psicologia e Gesta\u00e7\u00e3o | TelaVita","isPartOf":{"@id":"https:\/\/www.telavita.com.br\/blog\/#website"},"datePublished":"2018-10-19T22:00:09+00:00","dateModified":"2024-04-24T16:08:24+00:00","description":"Psicologia e gesta\u00e7\u00e3o: Quais os cuidados que devem ser tomados para a sa\u00fade da m\u00e3e e do beb\u00ea? Conhe\u00e7a 7 dicas psicol\u00f3gicas para a gesta\u00e7\u00e3o!","breadcrumb":{"@id":"https:\/\/www.telavita.com.br\/blog\/cuidados-na-gravidez\/#breadcrumb"},"inLanguage":"pt-BR","potentialAction":[{"@type":"ReadAction","target":["https:\/\/www.telavita.com.br\/blog\/cuidados-na-gravidez\/"]}]},{"@type":"BreadcrumbList","@id":"https:\/\/www.telavita.com.br\/blog\/cuidados-na-gravidez\/#breadcrumb","itemListElement":[{"@type":"ListItem","position":1,"name":"In\u00edcio","item":"https:\/\/www.telavita.com.br\/blog\/"},{"@type":"ListItem","position":2,"name":"Cuidados na gravidez: Conhe\u00e7a 7 dicas psicol\u00f3gicas para a gesta\u00e7\u00e3o"}]},{"@type":"WebSite","@id":"https:\/\/www.telavita.com.br\/blog\/#website","url":"https:\/\/www.telavita.com.br\/blog\/","name":"Telavita","description":"Conte\u00fados especializados sobre sa\u00fade mental e bem-estar","publisher":{"@id":"https:\/\/www.telavita.com.br\/blog\/#organization"},"potentialAction":[{"@type":"SearchAction","target":{"@type":"EntryPoint","urlTemplate":"https:\/\/www.telavita.com.br\/blog\/?s={search_term_string}"},"query-input":"required name=search_term_string"}],"inLanguage":"pt-BR"},{"@type":"Organization","@id":"https:\/\/www.telavita.com.br\/blog\/#organization","name":"Telavita","url":"https:\/\/www.telavita.com.br\/blog\/","sameAs":["https:\/\/www.linkedin.com\/company\/telavita\/mycompany\/verification\/","https:\/\/www.instagram.com\/telavita\/","https:\/\/www.facebook.com\/Telavita"],"logo":{"@type":"ImageObject","inLanguage":"pt-BR","@id":"https:\/\/www.telavita.com.br\/blog\/#\/schema\/logo\/image\/","url":"https:\/\/www.telavita.com.br\/blog\/wp-content\/uploads\/2021\/05\/telavita.jpg","contentUrl":"https:\/\/www.telavita.com.br\/blog\/wp-content\/uploads\/2021\/05\/telavita.jpg","width":200,"height":200,"caption":"Telavita"},"image":{"@id":"https:\/\/www.telavita.com.br\/blog\/#\/schema\/logo\/image\/"}},{"@type":"Person","@id":"https:\/\/www.telavita.com.br\/blog\/#\/schema\/person\/c9d2f268651fd6d6bf440495dd23b40e","name":"Juliana Sonsin","image":{"@type":"ImageObject","inLanguage":"pt-BR","@id":"https:\/\/www.telavita.com.br\/blog\/#\/schema\/person\/image\/","url":"https:\/\/secure.gravatar.com\/avatar\/dfb14c6228cdf7312fea984efc84d04e?s=96&d=mm&r=g","contentUrl":"https:\/\/secure.gravatar.com\/avatar\/dfb14c6228cdf7312fea984efc84d04e?s=96&d=mm&r=g","caption":"Juliana Sonsin"},"description":"Jornalista formada pela Faculdade C\u00e1sper Libero e especializada em sa\u00fade. Apaixonada por escrever roteiros de v\u00eddeos, produzir (e assistir) document\u00e1rios e ler sobre tudo um pouco. Acredito no jornalismo \u00e9tico como um meio de trazer ao p\u00fablico informa\u00e7\u00f5es e hist\u00f3rias que valem a pena serem contadas. Gosto de viajar, fazer yoga e assistir s\u00e9ries.","url":"https:\/\/www.telavita.com.br\/blog\/author\/juliana-sonsin\/"}]}},"modified_by":null,"_links":{"self":[{"href":"https:\/\/www.telavita.com.br\/blog\/wp-json\/wp\/v2\/posts\/2664"}],"collection":[{"href":"https:\/\/www.telavita.com.br\/blog\/wp-json\/wp\/v2\/posts"}],"about":[{"href":"https:\/\/www.telavita.com.br\/blog\/wp-json\/wp\/v2\/types\/post"}],"author":[{"embeddable":true,"href":"https:\/\/www.telavita.com.br\/blog\/wp-json\/wp\/v2\/users\/8"}],"replies":[{"embeddable":true,"href":"https:\/\/www.telavita.com.br\/blog\/wp-json\/wp\/v2\/comments?post=2664"}],"version-history":[{"count":14,"href":"https:\/\/www.telavita.com.br\/blog\/wp-json\/wp\/v2\/posts\/2664\/revisions"}],"predecessor-version":[{"id":9426,"href":"https:\/\/www.telavita.com.br\/blog\/wp-json\/wp\/v2\/posts\/2664\/revisions\/9426"}],"wp:featuredmedia":[{"embeddable":true,"href":"https:\/\/www.telavita.com.br\/blog\/wp-json\/wp\/v2\/media\/2780"}],"wp:attachment":[{"href":"https:\/\/www.telavita.com.br\/blog\/wp-json\/wp\/v2\/media?parent=2664"}],"wp:term":[{"taxonomy":"category","embeddable":true,"href":"https:\/\/www.telavita.com.br\/blog\/wp-json\/wp\/v2\/categories?post=2664"},{"taxonomy":"post_tag","embeddable":true,"href":"https:\/\/www.telavita.com.br\/blog\/wp-json\/wp\/v2\/tags?post=2664"}],"curies":[{"name":"wp","href":"https:\/\/api.w.org\/{rel}","templated":true}]}}