{"id":2761,"date":"2018-10-25T09:00:36","date_gmt":"2018-10-25T12:00:36","guid":{"rendered":"https:\/\/www.telavita.com.br\/blog\/?p=2761"},"modified":"2024-04-19T15:54:42","modified_gmt":"2024-04-19T18:54:42","slug":"relacao-sindrome-do-panico-e-infarto","status":"publish","type":"post","link":"https:\/\/www.telavita.com.br\/blog\/relacao-sindrome-do-panico-e-infarto\/","title":{"rendered":"A confus\u00e3o entre S\u00edndrome do P\u00e2nico e infarto. Qual a rela\u00e7\u00e3o entre os dois?"},"content":{"rendered":"\n<p><em><strong>S\u00edndrome do P\u00e2nico e infarto<\/strong> geram muita confus\u00e3o! Saiba quais os sintomas que podem acontecer nos dois quadros.<\/em><\/p>\n\n\n\n<p>Imagine que voc\u00ea est\u00e1 realizando alguma tarefa da sua rotina, seja no trabalho, em casa ou no transporte, e uma ang\u00fastia sufocante toma conta de voc\u00ea repentinamente. E que, junto dessa ang\u00fastia, o seu cora\u00e7\u00e3o come\u00e7a a bater mais forte, e mais forte. Ser\u00e1 infarto? O que est\u00e1 acontecendo? Imaginar esse cen\u00e1rio n\u00e3o \u00e9 uma situa\u00e7\u00e3o agrad\u00e1vel, n\u00e3o \u00e9 mesmo?\u00a0<\/p>\n\n\n\n<p>As pessoas que sofrem de <strong>S\u00edndrome do P\u00e2nico<\/strong> experienciam essas crises mais do que gostariam e, por esse motivo, sentem um medo constante da crise despertar em qualquer momento.\u00a0<\/p>\n\n\n\n<h2 class=\"wp-block-heading\">O que \u00e9 S\u00edndrome do P\u00e2nico?<\/h2>\n\n\n\n<p>A s\u00edndrome do p\u00e2nico \u00e9 um dos <a href=\"https:\/\/www.telavita.com.br\/blog\/o-que-e-ansiedade\/\"><strong>transtornos de ansiedade<\/strong><\/a> mais assustadores. Tamb\u00e9m conhecida por\u00a0<strong>transtorno do p\u00e2nico<\/strong>, essa s\u00edndrome se caracteriza por epis\u00f3dios intensos e inesperados de profundo medo, ang\u00fastia e desespero. A pessoa que sofre da s\u00edndrome tem crises em que o sentimento de morte toma conta e pensa que, a qualquer minuto, algo ruim pode acontecer, mesmo que n\u00e3o exista perigo ou motivo para tais sentimentos.<\/p>\n\n\n\n<p>O<strong> Transtorno de P\u00e2nico<\/strong> tende a aparecer entre os 20 e 30 anos, o final da adolesc\u00eancia e in\u00edcio da vida adulta, respectivamente, e\u00a0<strong>\u00e9 duas vezes mais comum em mulheres<\/strong>. Ainda n\u00e3o h\u00e1 uma explica\u00e7\u00e3o dos motivos de o sexo feminino ser mais suscet\u00edvel ao quadro, mas o<a href=\"https:\/\/www.telavita.com.br\/blog\/5-coisas-sobre-estresse\/\"> <strong>estresse<\/strong><\/a>, jornada dupla, press\u00f5es em geral e fatores sociais, podem ajudar a explicar.<\/p>\n\n\n\n<p><a href=\"https:\/\/www.telavita.com.br\/blog\/sindrome-do-panico\/\">Conhe\u00e7a aqui os <strong>sintomas de s\u00edndrome do p\u00e2nico<\/strong>!<\/a><\/p>\n\n\n\n<h2 class=\"wp-block-heading\">O infarto<\/h2>\n\n\n\n<p>Em seu funcionamento correto, o fluxo sangu\u00edneo irriga os<strong> m\u00fasculos do cora\u00e7\u00e3o<\/strong> e o oxigena. Por\u00e9m, quando h\u00e1 obstru\u00e7\u00e3o de uma art\u00e9ria, vasos que transportam sangue oxigenado do cora\u00e7\u00e3o para o resto do corpo, uma \u00e1rea do cora\u00e7\u00e3o n\u00e3o funciona direito e cria placas de gordura e co\u00e1gulo sangu\u00edneo.\u00a0<\/p>\n\n\n\n<h3 class=\"wp-block-heading\">Fatores de risco do infarto<\/h3>\n\n\n\n<ul><li>Press\u00e3o arterial;<\/li><li>Cigarro;<\/li><li>Colesterol;<\/li><li>Diabetes;<\/li><li>Idade;<\/li><li>Sedentarismo;<\/li><li>Hist\u00f3rico familiar;<\/li><li>Dieta.<\/li><\/ul>\n\n\n\n<p>O infarto \u00e9 a<strong> segunda maior causa de mortes no Brasil.\u00a0<\/strong>O maior risco mora na casa dos 40 anos de idade e no sexo masculino, por isso, levar uma vida saud\u00e1vel \u00e9 imprescind\u00edvel para afastar esse mal.<\/p>\n\n\n\n<h2 class=\"wp-block-heading\">S\u00edndrome do P\u00e2nico ou Infarto?<\/h2>\n\n\n\n<p>\u00c9 muito comum confundir as duas coisas porque os <strong>sintomas de infarto<\/strong>\u00a0podem ter muita semelhan\u00e7a com os da <strong>crise do p\u00e2nico.<\/strong>\u00a0Falta de ar, cora\u00e7\u00e3o acelerado, dor no peito e transpira\u00e7\u00e3o excessiva s\u00e3o <strong>sinais de infarto,<\/strong>\u00a0e tamb\u00e9m batem cart\u00e3o nas angustiantes crises.<\/p>\n\n\n\n<p><strong>As crises acontecem sem aviso pr\u00e9vio<\/strong>, e tamb\u00e9m em qualquer per\u00edodo do dia ou situa\u00e7\u00e3o. Por esse motivo,\u00a0 muitas pessoas que enfrentam os sintomas possuem medo de, enquanto estarem em p\u00fablico, como dirigindo, em meio a uma reuni\u00e3o de trabalho, entre outras situa\u00e7\u00f5es, a s\u00edndrome\u00a0ataca-la, causando constrangimento.<\/p>\n\n\n\n<p>\u00c9 importante que o paciente procure um m\u00e9dico quando esses sintomas aparecerem para que, caso tenha<strong> fatores de risco<\/strong> como diabetes, hist\u00f3rico familiar de doen\u00e7as cardiovasculares, hipertens\u00e3o, fumo, m\u00e1 alimenta\u00e7\u00e3o e sedentarismo, o quadro seja enviado para o tratamento adequado e os sintomas n\u00e3o se prolonguem. Dor no peito, no bra\u00e7o esquerdo, costas, mand\u00edbula e est\u00f4mago podem ser sinais de que o quadro n\u00e3o est\u00e1 melhorando.<\/p>\n\n\n\n<h3 class=\"wp-block-heading\">O que acontece no cora\u00e7\u00e3o?<\/h3>\n\n\n\n<p>Muitas pessoas que est\u00e3o na crise do p\u00e2nico pensam que est\u00e3o sofrendo um ataque card\u00edaco. A confus\u00e3o \u00e9 normal, pois o sintoma lembra muito o de um infarto. As <strong>am\u00edgdalas cerebrais<\/strong> entram em profunda atividade quando recebe o bombeamento sangu\u00edneo. Elas s\u00e3o estruturas respons\u00e1veis pelo medo e apreens\u00e3o e que, durante as crises inesperadas, liberam adrenalina no organismo. A adrenalina \u00e9 o horm\u00f4nio que emite um sinal de alerta no corpo para que ele se prepare para situa\u00e7\u00f5es de perigo.<\/p>\n\n\n\n<h3 class=\"wp-block-heading\">Tratamento<\/h3>\n\n\n\n<p>As consequ\u00eancias da s\u00edndrome do p\u00e2nico na vida da pessoa que sofre do transtorno s\u00e3o profundas e paralisantes. O objetivo do tratamento \u00e9 justamente frear as crises e diminuir sua intensidade com base nos fatores que desencadeiam as crises, pois a <strong>s\u00edndrome do p\u00e2nico n\u00e3o tem cura.<\/strong><\/p>\n\n\n\n<p>A primeira fonte geralmente \u00e9 a\u00a0<a href=\"https:\/\/www.telavita.com.br\/blog\/como-escolher-um-psicologo\/\"><strong>psicoterapia.<\/strong><\/a>\u00a0Nela, o m\u00e9dico psiquiatra analisa as causas e direciona as t\u00e9cnicas terap\u00eauticas direcionadas ao caso particular do indiv\u00edduo. No caso de hist\u00f3rico familiar de infarto e fatores de risco latentes, o m\u00e9dico pode prescrever outros tratamentos mais indicados para o quadro, como o uso de medicamentos.<\/p>\n\n\n\n<p>Voc\u00ea sabe<strong> quais s\u00e3o os sinais da s\u00edndrome do p\u00e2nico<\/strong>? Ent\u00e3o aproveite para <a href=\"https:\/\/www.telavita.com.br\/blog\/5-sinais-de-sindrome-do-panico\/\"><strong>clicar aqui<\/strong> <\/a>e descubra!<\/p>\n","protected":false},"excerpt":{"rendered":"<p>S\u00edndrome do P\u00e2nico e infarto geram muita confus\u00e3o! Saiba quais os sintomas que podem acontecer nos dois quadros. Imagine que voc\u00ea est\u00e1 realizando alguma tarefa da sua rotina, seja no trabalho, em casa ou no transporte, e uma ang\u00fastia sufocante toma conta de voc\u00ea repentinamente. E que, junto dessa ang\u00fastia, o seu cora\u00e7\u00e3o come\u00e7a a [&hellip;]<\/p>\n","protected":false},"author":8,"featured_media":2825,"comment_status":"open","ping_status":"open","sticky":false,"template":"","format":"standard","meta":{"_lmt_disableupdate":"","_lmt_disable":"","footnotes":""},"categories":[34],"tags":[],"yoast_head":"<!-- This site is optimized with the Yoast SEO plugin v19.8 - https:\/\/yoast.com\/wordpress\/plugins\/seo\/ -->\n<title>Crise de p\u00e2nico ou infarto? Por que isso acontece?<\/title>\n<meta name=\"description\" content=\"S\u00edndrome do p\u00e2nico e infarto podem ter muito em comum. Saiba reconhecer os sintomas e a diferenciar os sinais de infarto e crises do p\u00e2nico.\" \/>\n<meta name=\"robots\" content=\"index, follow, max-snippet:-1, max-image-preview:large, max-video-preview:-1\" \/>\n<link rel=\"canonical\" href=\"https:\/\/www.telavita.com.br\/blog\/relacao-sindrome-do-panico-e-infarto\/\" \/>\n<meta property=\"og:locale\" content=\"pt_BR\" \/>\n<meta property=\"og:type\" content=\"article\" \/>\n<meta property=\"og:title\" content=\"Crise de p\u00e2nico ou infarto? Por que isso acontece?\" \/>\n<meta property=\"og:description\" content=\"S\u00edndrome do p\u00e2nico e infarto podem ter muito em comum. Saiba reconhecer os sintomas e a diferenciar os sinais de infarto e crises do p\u00e2nico.\" \/>\n<meta property=\"og:url\" content=\"https:\/\/www.telavita.com.br\/blog\/relacao-sindrome-do-panico-e-infarto\/\" \/>\n<meta property=\"og:site_name\" content=\"Telavita\" \/>\n<meta property=\"article:publisher\" content=\"https:\/\/www.facebook.com\/Telavita\" \/>\n<meta property=\"article:published_time\" content=\"2018-10-25T12:00:36+00:00\" \/>\n<meta property=\"article:modified_time\" content=\"2024-04-19T18:54:42+00:00\" \/>\n<meta property=\"og:image\" content=\"https:\/\/www.telavita.com.br\/blog\/wp-content\/uploads\/2018\/10\/panico-e-infarto.jpg\" \/>\n\t<meta property=\"og:image:width\" content=\"900\" \/>\n\t<meta property=\"og:image:height\" content=\"560\" \/>\n\t<meta property=\"og:image:type\" content=\"image\/jpeg\" \/>\n<meta name=\"author\" content=\"Juliana Sonsin\" \/>\n<meta name=\"twitter:card\" content=\"summary_large_image\" \/>\n<meta name=\"twitter:label1\" content=\"Escrito por\" \/>\n\t<meta name=\"twitter:data1\" content=\"Juliana Sonsin\" \/>\n\t<meta name=\"twitter:label2\" content=\"Est. tempo de leitura\" \/>\n\t<meta name=\"twitter:data2\" content=\"4 minutos\" \/>\n<!-- \/ Yoast SEO plugin. -->","yoast_head_json":{"title":"Crise de p\u00e2nico ou infarto? Por que isso acontece?","description":"S\u00edndrome do p\u00e2nico e infarto podem ter muito em comum. Saiba reconhecer os sintomas e a diferenciar os sinais de infarto e crises do p\u00e2nico.","robots":{"index":"index","follow":"follow","max-snippet":"max-snippet:-1","max-image-preview":"max-image-preview:large","max-video-preview":"max-video-preview:-1"},"canonical":"https:\/\/www.telavita.com.br\/blog\/relacao-sindrome-do-panico-e-infarto\/","og_locale":"pt_BR","og_type":"article","og_title":"Crise de p\u00e2nico ou infarto? Por que isso acontece?","og_description":"S\u00edndrome do p\u00e2nico e infarto podem ter muito em comum. Saiba reconhecer os sintomas e a diferenciar os sinais de infarto e crises do p\u00e2nico.","og_url":"https:\/\/www.telavita.com.br\/blog\/relacao-sindrome-do-panico-e-infarto\/","og_site_name":"Telavita","article_publisher":"https:\/\/www.facebook.com\/Telavita","article_published_time":"2018-10-25T12:00:36+00:00","article_modified_time":"2024-04-19T18:54:42+00:00","og_image":[{"width":900,"height":560,"url":"https:\/\/www.telavita.com.br\/blog\/wp-content\/uploads\/2018\/10\/panico-e-infarto.jpg","type":"image\/jpeg"}],"author":"Juliana Sonsin","twitter_card":"summary_large_image","twitter_misc":{"Escrito por":"Juliana Sonsin","Est. tempo de leitura":"4 minutos"},"schema":{"@context":"https:\/\/schema.org","@graph":[{"@type":"Article","@id":"https:\/\/www.telavita.com.br\/blog\/relacao-sindrome-do-panico-e-infarto\/#article","isPartOf":{"@id":"https:\/\/www.telavita.com.br\/blog\/relacao-sindrome-do-panico-e-infarto\/"},"author":{"name":"Juliana Sonsin","@id":"https:\/\/www.telavita.com.br\/blog\/#\/schema\/person\/c9d2f268651fd6d6bf440495dd23b40e"},"headline":"A confus\u00e3o entre S\u00edndrome do P\u00e2nico e infarto. Qual a rela\u00e7\u00e3o entre os dois?","datePublished":"2018-10-25T12:00:36+00:00","dateModified":"2024-04-19T18:54:42+00:00","mainEntityOfPage":{"@id":"https:\/\/www.telavita.com.br\/blog\/relacao-sindrome-do-panico-e-infarto\/"},"wordCount":831,"commentCount":1,"publisher":{"@id":"https:\/\/www.telavita.com.br\/blog\/#organization"},"articleSection":["Ansiedade"],"inLanguage":"pt-BR","potentialAction":[{"@type":"CommentAction","name":"Comment","target":["https:\/\/www.telavita.com.br\/blog\/relacao-sindrome-do-panico-e-infarto\/#respond"]}]},{"@type":"WebPage","@id":"https:\/\/www.telavita.com.br\/blog\/relacao-sindrome-do-panico-e-infarto\/","url":"https:\/\/www.telavita.com.br\/blog\/relacao-sindrome-do-panico-e-infarto\/","name":"Crise de p\u00e2nico ou infarto? Por que isso acontece?","isPartOf":{"@id":"https:\/\/www.telavita.com.br\/blog\/#website"},"datePublished":"2018-10-25T12:00:36+00:00","dateModified":"2024-04-19T18:54:42+00:00","description":"S\u00edndrome do p\u00e2nico e infarto podem ter muito em comum. Saiba reconhecer os sintomas e a diferenciar os sinais de infarto e crises do p\u00e2nico.","breadcrumb":{"@id":"https:\/\/www.telavita.com.br\/blog\/relacao-sindrome-do-panico-e-infarto\/#breadcrumb"},"inLanguage":"pt-BR","potentialAction":[{"@type":"ReadAction","target":["https:\/\/www.telavita.com.br\/blog\/relacao-sindrome-do-panico-e-infarto\/"]}]},{"@type":"BreadcrumbList","@id":"https:\/\/www.telavita.com.br\/blog\/relacao-sindrome-do-panico-e-infarto\/#breadcrumb","itemListElement":[{"@type":"ListItem","position":1,"name":"In\u00edcio","item":"https:\/\/www.telavita.com.br\/blog\/"},{"@type":"ListItem","position":2,"name":"A confus\u00e3o entre S\u00edndrome do P\u00e2nico e infarto. Qual a rela\u00e7\u00e3o entre os dois?"}]},{"@type":"WebSite","@id":"https:\/\/www.telavita.com.br\/blog\/#website","url":"https:\/\/www.telavita.com.br\/blog\/","name":"Telavita","description":"Conte\u00fados especializados sobre sa\u00fade mental e bem-estar","publisher":{"@id":"https:\/\/www.telavita.com.br\/blog\/#organization"},"potentialAction":[{"@type":"SearchAction","target":{"@type":"EntryPoint","urlTemplate":"https:\/\/www.telavita.com.br\/blog\/?s={search_term_string}"},"query-input":"required name=search_term_string"}],"inLanguage":"pt-BR"},{"@type":"Organization","@id":"https:\/\/www.telavita.com.br\/blog\/#organization","name":"Telavita","url":"https:\/\/www.telavita.com.br\/blog\/","sameAs":["https:\/\/www.linkedin.com\/company\/telavita\/mycompany\/verification\/","https:\/\/www.instagram.com\/telavita\/","https:\/\/www.facebook.com\/Telavita"],"logo":{"@type":"ImageObject","inLanguage":"pt-BR","@id":"https:\/\/www.telavita.com.br\/blog\/#\/schema\/logo\/image\/","url":"https:\/\/www.telavita.com.br\/blog\/wp-content\/uploads\/2021\/05\/telavita.jpg","contentUrl":"https:\/\/www.telavita.com.br\/blog\/wp-content\/uploads\/2021\/05\/telavita.jpg","width":200,"height":200,"caption":"Telavita"},"image":{"@id":"https:\/\/www.telavita.com.br\/blog\/#\/schema\/logo\/image\/"}},{"@type":"Person","@id":"https:\/\/www.telavita.com.br\/blog\/#\/schema\/person\/c9d2f268651fd6d6bf440495dd23b40e","name":"Juliana Sonsin","image":{"@type":"ImageObject","inLanguage":"pt-BR","@id":"https:\/\/www.telavita.com.br\/blog\/#\/schema\/person\/image\/","url":"https:\/\/secure.gravatar.com\/avatar\/dfb14c6228cdf7312fea984efc84d04e?s=96&d=mm&r=g","contentUrl":"https:\/\/secure.gravatar.com\/avatar\/dfb14c6228cdf7312fea984efc84d04e?s=96&d=mm&r=g","caption":"Juliana Sonsin"},"description":"Jornalista formada pela Faculdade C\u00e1sper Libero e especializada em sa\u00fade. Apaixonada por escrever roteiros de v\u00eddeos, produzir (e assistir) document\u00e1rios e ler sobre tudo um pouco. Acredito no jornalismo \u00e9tico como um meio de trazer ao p\u00fablico informa\u00e7\u00f5es e hist\u00f3rias que valem a pena serem contadas. Gosto de viajar, fazer yoga e assistir s\u00e9ries.","url":"https:\/\/www.telavita.com.br\/blog\/author\/juliana-sonsin\/"}]}},"modified_by":"Sarah Rocha","_links":{"self":[{"href":"https:\/\/www.telavita.com.br\/blog\/wp-json\/wp\/v2\/posts\/2761"}],"collection":[{"href":"https:\/\/www.telavita.com.br\/blog\/wp-json\/wp\/v2\/posts"}],"about":[{"href":"https:\/\/www.telavita.com.br\/blog\/wp-json\/wp\/v2\/types\/post"}],"author":[{"embeddable":true,"href":"https:\/\/www.telavita.com.br\/blog\/wp-json\/wp\/v2\/users\/8"}],"replies":[{"embeddable":true,"href":"https:\/\/www.telavita.com.br\/blog\/wp-json\/wp\/v2\/comments?post=2761"}],"version-history":[{"count":6,"href":"https:\/\/www.telavita.com.br\/blog\/wp-json\/wp\/v2\/posts\/2761\/revisions"}],"predecessor-version":[{"id":2863,"href":"https:\/\/www.telavita.com.br\/blog\/wp-json\/wp\/v2\/posts\/2761\/revisions\/2863"}],"wp:featuredmedia":[{"embeddable":true,"href":"https:\/\/www.telavita.com.br\/blog\/wp-json\/wp\/v2\/media\/2825"}],"wp:attachment":[{"href":"https:\/\/www.telavita.com.br\/blog\/wp-json\/wp\/v2\/media?parent=2761"}],"wp:term":[{"taxonomy":"category","embeddable":true,"href":"https:\/\/www.telavita.com.br\/blog\/wp-json\/wp\/v2\/categories?post=2761"},{"taxonomy":"post_tag","embeddable":true,"href":"https:\/\/www.telavita.com.br\/blog\/wp-json\/wp\/v2\/tags?post=2761"}],"curies":[{"name":"wp","href":"https:\/\/api.w.org\/{rel}","templated":true}]}}