{"id":3009,"date":"2018-11-10T08:00:44","date_gmt":"2018-11-10T10:00:44","guid":{"rendered":"https:\/\/www.telavita.com.br\/blog\/?p=3009"},"modified":"2019-10-17T14:08:59","modified_gmt":"2019-10-17T17:08:59","slug":"diferenca-insonia-e-hipersonia","status":"publish","type":"post","link":"https:\/\/www.telavita.com.br\/blog\/diferenca-insonia-e-hipersonia\/","title":{"rendered":"Voc\u00ea sabe a diferen\u00e7a entre ins\u00f4nia e hipersonia?"},"content":{"rendered":"\n<p>H\u00e1 quem pense que somente a<strong> falta de sono<\/strong> se enquadra num <strong>dist\u00farbio do sono<\/strong>, mas saiba que<strong> dormir em excesso<\/strong> tamb\u00e9m \u00e9! <strong>Ins\u00f4nia e Hipersonia<\/strong> s\u00e3o transtornos do sono bem diferentes.<\/p>\n\n\n\n<p>O <strong>sono<\/strong> \u00e9 essencial para o funcionamento do organismo. Sem a sua fun\u00e7\u00e3o restauradora, ser\u00edamos verdadeiros zumbis nos rastejando por a\u00ed. Al\u00e9m disso, ele age\u00a0na sensa\u00e7\u00e3o de bem-estar durante o dia, pois durante o <strong>ciclo do sono<\/strong>, o corpo remove do c\u00e9rebro<strong>\u00a0prote\u00ednas t\u00f3xicas<\/strong>, as\u00a0<strong>beta-amiloides<\/strong>, e se n\u00e3o forem removidas, interferem com o funcionamento dele.<\/p>\n\n\n\n<p>Leia tamb\u00e9m em nosso blog sobre <strong><a href=\"https:\/\/www.telavita.com.br\/blog\/5-sinais-de-insonia\/\">os sinais de ins\u00f4nia<\/a><\/strong>.<\/p>\n\n\n\n<p>Muitos pesquisadores batem na tecla de que a<strong> quantidade de sono<\/strong>&nbsp;que os indiv\u00edduos precisam gira em torno das oito horas, mas o que eles esquecem \u00e9 que isso pode variar de organismo para organismo.&nbsp;<\/p>\n\n\n\n<p>Preocupado com o panorama mundial do sono, o neurocientista brit\u00e2nico&nbsp;<strong>Matthew Walker&nbsp;<\/strong>\u00e9 respons\u00e1vel por um laborat\u00f3rio de sono na&nbsp;<strong><a href=\"https:\/\/www.universityofcalifornia.edu\/\">Universidade da Calif\u00f3rnia<\/a><\/strong>, Berkeley, nos Estados Unidos, e procura combater o estigma &#8220;pregui\u00e7oso&#8221; de quem faz as oitos ou mais&nbsp;<strong>horas de sono<\/strong>. Ele argumenta que a preocupa\u00e7\u00e3o mora no inverso, pois <strong>a falta de sono<\/strong> &#8220;\u00e9 respons\u00e1vel por doen\u00e7as, acidentes, problemas mentais e fadiga que afetam todos n\u00f3s&#8221;, contou \u00e0&nbsp;<a href=\"https:\/\/www.bbc.com\/portuguese\/geral-41789532\">BBC<\/a>.<\/p>\n\n\n\n<p>Mas o perigo mora justamente no excesso, seja em<strong> dormir muito <\/strong>ou<strong> dormir pouco.<\/strong>&nbsp;Ambos os casos s\u00e3o considerados<strong> dist\u00farbios do sono.<\/strong><br>Os dist\u00farbios do sono consistem em altera\u00e7\u00f5es nos padr\u00f5es ou nos h\u00e1bitos de dormir. Essas dificuldades relacionadas ao&nbsp;<strong>sono<\/strong>&nbsp;incluem a ins\u00f4nia,&nbsp;<strong>ronco<\/strong>&nbsp;e apneia do sono,&nbsp;<strong>sonambulismo, hipersonia, bruxismo, s\u00edndrome das pernas inquietas e narcolepsia<\/strong>, segundo o&nbsp;<a href=\"http:\/\/www.sono.org.br\/sono\/disturbiosdosono.php\"><strong>Instituto do Sono.<\/strong><\/a><\/p>\n\n\n\n<p><a href=\"https:\/\/www.telavita.com.br\/blog\/disturbios-do-sono\/\">Saiba <strong>tudo sobre dist\u00farbios do sono<\/strong> aqui em nosso blog.<\/a><\/p>\n\n\n\n<h2 class=\"wp-block-heading\">O que \u00e9 ins\u00f4nia?<\/h2>\n\n\n\n<p>Quase todo mundo j\u00e1 sofreu com<strong> <\/strong>a <strong>perda de sono <\/strong>durante a noite pelo menos uma vez e sabe dos efeitos devastadores que<strong>&nbsp;n\u00e3o dormir<\/strong> pode causar no dia seguinte.&nbsp;Imagine, agora, quem enfrenta a <strong>priva\u00e7\u00e3o do sono <\/strong>numa rotina incessante.&nbsp;<strong>&nbsp;<\/strong><\/p>\n\n\n\n<p>A ins\u00f4nia \u00e9 um pesadelo para mais de 40% dos brasileiros, segundo a&nbsp;<strong><a href=\"http:\/\/www.who.int\/eportuguese\/countries\/bra\/pt\/\">OMS (Organiza\u00e7\u00e3o Mundial da Sa\u00fade)<\/a><\/strong>. Esse dist\u00farbio se caracteriza por &#8220;<strong>dificuldade em iniciar o sono<\/strong>, ou por <strong>acordar durante a noite<\/strong> com dificuldade para voltar a dormir com consequ\u00eancias no dia seguinte. Segundo o <a href=\"https:\/\/www.msdmanuals.com\/pt-br\/casa\/dist%C3%BArbios-cerebrais,-da-medula-espinal-e-dos-nervos\/dist%C3%BArbios-do-sono\/ins%C3%B4nia-e-sonol%C3%AAncia-excessiva-durante-o-dia-eds\">Manual MSD<\/a>, &#8220;cerca de 10% dos adultos sofre de ins\u00f4nia de longa dura\u00e7\u00e3o (cr\u00f4nica) e 30 a 50% sofrem de ins\u00f4nia em algum momento&#8221;.<\/p>\n\n\n\n<h3 class=\"wp-block-heading\">O que causa a ins\u00f4nia?<\/h3>\n\n\n\n<p>Esse <strong>transtorno do sono<\/strong> pode ter causas psiqui\u00e1tricas, como <strong>ansiedade, depress\u00e3o<\/strong>, uso de medicamentos em longo prazo e bebida alco\u00f3lica. Mas os fatores biol\u00f3gicos tamb\u00e9m podem causar esse dist\u00farbio.<\/p>\n\n\n\n<p>O <a href=\"https:\/\/www.msdmanuals.com\/pt-br\/casa\/dist%C3%BArbios-cerebrais,-da-medula-espinal-e-dos-nervos\/dist%C3%BArbios-do-sono\/ins%C3%B4nia-e-sonol%C3%AAncia-excessiva-durante-o-dia-eds\">Manual MSD<\/a> listou as seguintes causas para o problema:<\/p>\n\n\n\n<ul><li>Maus h\u00e1bitos de sono, como consumir bebida com cafe\u00edna \u00e0 tarde ou \u00e0 noite, fazer exerc\u00edcios tarde da noite, ou ter um hor\u00e1rio irregular de sono-acordado;<\/li><li>Problemas de sa\u00fade mental, particularmente de humor, ansiedade e transtornos de abuso de subst\u00e2ncias;<\/li><li>Outros problemas, como problemas card\u00edacos e pulmonares, doen\u00e7as que afetam os m\u00fasculos ou os ossos, ou dor cr\u00f4nica;<\/li><li>Estresse, como aquele devido \u00e0 hospitaliza\u00e7\u00e3o ou perda de um trabalho (chamado ins\u00f4nia de ajuste);<\/li><li>Excesso de preocupa\u00e7\u00e3o com a falta de sono e outro dia de fadiga (chamado de ins\u00f4nia psicofisiol\u00f3gica);<\/li><\/ul>\n\n\n\n<h3 class=\"wp-block-heading\">Sintomas da ins\u00f4nia<\/h3>\n\n\n\n<ul><li>Dificuldade para dormir durante a noite;<\/li><li>Perder o sono durante a noite;<\/li><li>Acordar muito cedo;<\/li><li>N\u00e3o se sentir descansado ap\u00f3s uma noite de sono;<\/li><li>Cansa\u00e7o ou sonol\u00eancia diurna;<\/li><li>Irritabilidade;<\/li><li>Depress\u00e3o ou ansiedade;<\/li><li>Dificuldade de concentra\u00e7\u00e3o;<\/li><li>Dificuldade em reter informa\u00e7\u00f5es;<\/li><li>Dores de cabe\u00e7a;<\/li><li>Problemas gastrointestinais;<\/li><li>Preocupa\u00e7\u00f5es cont\u00ednuas com o sono;<\/li><li>Entre outros.<\/li><\/ul>\n\n\n\n<h3 class=\"wp-block-heading\">Tratamento da ins\u00f4nia<\/h3>\n\n\n\n<p>Existem alguns tipos de tratamentos indicados para a ins\u00f4nia e eles dependem do quadro de cada paciente. A mudan\u00e7a de h\u00e1bitos \u00e9 o primeiro caminho.&nbsp;<strong>&nbsp;<\/strong>O neurocientista<strong> Matthew Walker <\/strong>d\u00e1 cinco dicas<strong>&nbsp;<\/strong>para <br><strong>dicas para dormir bem<\/strong>, dentre elas, dormir no escuro e manter hor\u00e1rios regulares de sono. <\/p>\n\n\n\n<p>Medicamentos prescritos por m\u00e9dicos especialistas tamb\u00e9m podem auxiliar no tratamento, principalmente nos casos de<strong> ins\u00f4nia cr\u00f4nica<\/strong>. Al\u00e9m disso, a <strong>psicoterapia <\/strong>\u00e9 altamente indicada, principalmente para os casos atrelados \u00e0 depress\u00e3o, estresse, ansiedade e outras causas de origem psiqui\u00e1trica.<\/p>\n\n\n\n<p>Veja tamb\u00e9m <strong><a href=\"https:\/\/www.telavita.com.br\/blog\/dicas-para-melhorar-o-sono\/\">5 dicas para combater a ins\u00f4nia<\/a><\/strong>.<\/p>\n\n\n\n<h2 class=\"wp-block-heading\">Hipersonia<\/h2>\n\n\n\n<p>Se a <strong>ins\u00f4nia<\/strong> \u00e9 caracterizada pela falta de sono, a <strong>hipersonia<\/strong> vai no caminho contr\u00e1rio. Aqui, o quadro \u00e9 marcado pela&nbsp;<strong>sonol\u00eancia excessiva<\/strong> e<strong> muito cansa\u00e7o.<\/strong> As pessoas com esse<strong> dist\u00farbio<\/strong> geralmente<strong> dormem muito, <\/strong>mesmo que tenham passado o dia dormindo. Ao acordarem, elas se sentem cansadas pois o sono n\u00e3o foi reparador, e lutam contra a exaust\u00e3o em meio a bocejos constantes.<\/p>\n\n\n\n<p>&#8220;Na maioria dos casos, elas n\u00e3o t\u00eam dificuldade alguma para dormir. Mas o fato de dormirem n\u00e3o \u00e9 algo que acaba com o cansa\u00e7o. Elas t\u00eam problemas para se levantar e se sentem confusas e irritadas&#8221;, afirmaram os pesquisadores da<a href=\"http:\/\/aen.es\/\"> Associa\u00e7\u00e3o Espanhola de Narcolepsia e Hipersonia<\/a> (AEN), em entrevista \u00e0 <a href=\"https:\/\/www.bbc.com\/portuguese\/noticias\/2015\/12\/151216_hipersonia_disturbio_rm#orb-banner\">BBC.<\/a><\/p>\n\n\n\n<p>O<strong> excesso de sono&nbsp;<\/strong>pode afetar n\u00e3o s\u00f3 a sa\u00fade f\u00edsica das pessoas que lidam com esse transtorno, mas tamb\u00e9m a mental, pois podem desenvolver <strong>doen\u00e7as psicol\u00f3gicas <\/strong>e prejudica a vida social, rotina de trabalho e <strong>autoestima <\/strong>delas.&nbsp;<\/p>\n\n\n\n<p>Segundo a <strong>AEN<\/strong>, todos esses fatores podem acabar influenciando a autoestima, a vida social e a rotina de trabalho de quem sofre desse transtorno.<\/p>\n\n\n\n<h3 class=\"wp-block-heading\">Qual a diferen\u00e7a entre narcolepsia e hipersonia?<\/h3>\n\n\n\n<p>Embora tenham semelhan\u00e7as com outro dist\u00farbio do sono, a<strong> narcolepsia,<\/strong> a hipersonia se distingue no sentido de que as pessoas com o problema conseguem dormir facilmente, enquanto os que possuem narcolepsia, n\u00e3o.<\/p>\n\n\n\n<p>Segundo a <a href=\"https:\/\/www.absono.com.br\/\">Associa\u00e7\u00e3o Americana de Sono <\/a>(ASA, na sigla em ingl\u00eas), a hipersonia se assemelha \u00e0 narcolepsia (condi\u00e7\u00e3o neurol\u00f3gica de sono incontrol\u00e1vel) pelos sintomas, mas, enquanto muitos narcol\u00e9psicos t\u00eam problemas para dormir, quem sofre de hipersonia consegue dormir tranquilamente e at\u00e9 melhor do que a maioria das pessoas.<\/p>\n\n\n\n<h2 class=\"wp-block-heading\">Causas e tratamento<\/h2>\n\n\n\n<p>A ASA explica que a hipersonia pode ser causada por outros <strong>transtornos de sono<\/strong>, fatores gen\u00e9ticos ou pelo uso de alguns medicamentos ou drogas.&nbsp;<br>Pessoas que possuem<strong> fibromialgia<\/strong> (s\u00edndrome que provoca dores em todo o corpo) ou em pessoas que sofreram danos cerebrais.<\/p>\n\n\n\n<p>Embora seja&nbsp; uma doen\u00e7a relativamente rara \u2013&nbsp; afeta 1% da popula\u00e7\u00e3o&nbsp;\u2013 aparece com mais frequ\u00eancia em mulheres do que em homens.<\/p>\n\n\n\n<p>O tratamento inclui uma higiene do sono, como a citada anteriormente referente \u00e0 ins\u00f4nia, a psicoterapia e tamb\u00e9m&nbsp; o uso de&nbsp;estimulantes e anfetaminas prescritos por m\u00e9dicos especialistas.<br><\/p>\n\n\n\n<p>Seja o<strong>&nbsp;sono excessivo<\/strong> ou a falta dele, \u00e9 importante tratar qualquer problema referente ao sono, pois dormir bem est\u00e1 ligado ao funcionamento do corpo e mente!<\/p>\n","protected":false},"excerpt":{"rendered":"<p>H\u00e1 quem pense que somente a falta de sono se enquadra num dist\u00farbio do sono, mas saiba que dormir em excesso tamb\u00e9m \u00e9! Ins\u00f4nia e Hipersonia s\u00e3o transtornos do sono bem diferentes. O sono \u00e9 essencial para o funcionamento do organismo. Sem a sua fun\u00e7\u00e3o restauradora, ser\u00edamos verdadeiros zumbis nos rastejando por a\u00ed. Al\u00e9m disso, [&hellip;]<\/p>\n","protected":false},"author":8,"featured_media":3065,"comment_status":"open","ping_status":"open","sticky":false,"template":"","format":"standard","meta":{"_lmt_disableupdate":"","_lmt_disable":"","footnotes":""},"categories":[280],"tags":[],"yoast_head":"<!-- This site is optimized with the Yoast SEO plugin v19.8 - https:\/\/yoast.com\/wordpress\/plugins\/seo\/ -->\n<title>Qual A Diferen\u00e7a Entre Ins\u00f4nia E Hipersonia? | TelaVita<\/title>\n<meta name=\"description\" content=\"Voc\u00ea sabe a diferen\u00e7a entre ins\u00f4nia e hipers\u00f4nia? Esses dist\u00farbios do sono afetam todo o funcionamento do corpo e podem causar doen\u00e7as. Saiba mais.\" \/>\n<meta name=\"robots\" content=\"index, follow, max-snippet:-1, max-image-preview:large, max-video-preview:-1\" \/>\n<link rel=\"canonical\" href=\"https:\/\/www.telavita.com.br\/blog\/diferenca-insonia-e-hipersonia\/\" \/>\n<meta property=\"og:locale\" content=\"pt_BR\" \/>\n<meta property=\"og:type\" content=\"article\" \/>\n<meta property=\"og:title\" content=\"Qual A Diferen\u00e7a Entre Ins\u00f4nia E Hipersonia? | TelaVita\" \/>\n<meta property=\"og:description\" content=\"Voc\u00ea sabe a diferen\u00e7a entre ins\u00f4nia e hipers\u00f4nia? Esses dist\u00farbios do sono afetam todo o funcionamento do corpo e podem causar doen\u00e7as. Saiba mais.\" \/>\n<meta property=\"og:url\" content=\"https:\/\/www.telavita.com.br\/blog\/diferenca-insonia-e-hipersonia\/\" \/>\n<meta property=\"og:site_name\" content=\"Telavita\" \/>\n<meta property=\"article:publisher\" content=\"https:\/\/www.facebook.com\/Telavita\" \/>\n<meta property=\"article:published_time\" content=\"2018-11-10T10:00:44+00:00\" \/>\n<meta property=\"article:modified_time\" content=\"2019-10-17T17:08:59+00:00\" \/>\n<meta property=\"og:image\" content=\"https:\/\/www.telavita.com.br\/blog\/wp-content\/uploads\/2018\/11\/insonia-x-hipersonia.jpg\" \/>\n\t<meta property=\"og:image:width\" content=\"900\" \/>\n\t<meta property=\"og:image:height\" content=\"560\" \/>\n\t<meta property=\"og:image:type\" content=\"image\/jpeg\" \/>\n<meta name=\"author\" content=\"Juliana Sonsin\" \/>\n<meta name=\"twitter:card\" content=\"summary_large_image\" \/>\n<meta name=\"twitter:label1\" content=\"Escrito por\" \/>\n\t<meta name=\"twitter:data1\" content=\"Juliana Sonsin\" \/>\n\t<meta name=\"twitter:label2\" content=\"Est. tempo de leitura\" \/>\n\t<meta name=\"twitter:data2\" content=\"6 minutos\" \/>\n<!-- \/ Yoast SEO plugin. -->","yoast_head_json":{"title":"Qual A Diferen\u00e7a Entre Ins\u00f4nia E Hipersonia? | TelaVita","description":"Voc\u00ea sabe a diferen\u00e7a entre ins\u00f4nia e hipers\u00f4nia? Esses dist\u00farbios do sono afetam todo o funcionamento do corpo e podem causar doen\u00e7as. Saiba mais.","robots":{"index":"index","follow":"follow","max-snippet":"max-snippet:-1","max-image-preview":"max-image-preview:large","max-video-preview":"max-video-preview:-1"},"canonical":"https:\/\/www.telavita.com.br\/blog\/diferenca-insonia-e-hipersonia\/","og_locale":"pt_BR","og_type":"article","og_title":"Qual A Diferen\u00e7a Entre Ins\u00f4nia E Hipersonia? | TelaVita","og_description":"Voc\u00ea sabe a diferen\u00e7a entre ins\u00f4nia e hipers\u00f4nia? Esses dist\u00farbios do sono afetam todo o funcionamento do corpo e podem causar doen\u00e7as. Saiba mais.","og_url":"https:\/\/www.telavita.com.br\/blog\/diferenca-insonia-e-hipersonia\/","og_site_name":"Telavita","article_publisher":"https:\/\/www.facebook.com\/Telavita","article_published_time":"2018-11-10T10:00:44+00:00","article_modified_time":"2019-10-17T17:08:59+00:00","og_image":[{"width":900,"height":560,"url":"https:\/\/www.telavita.com.br\/blog\/wp-content\/uploads\/2018\/11\/insonia-x-hipersonia.jpg","type":"image\/jpeg"}],"author":"Juliana Sonsin","twitter_card":"summary_large_image","twitter_misc":{"Escrito por":"Juliana Sonsin","Est. tempo de leitura":"6 minutos"},"schema":{"@context":"https:\/\/schema.org","@graph":[{"@type":"Article","@id":"https:\/\/www.telavita.com.br\/blog\/diferenca-insonia-e-hipersonia\/#article","isPartOf":{"@id":"https:\/\/www.telavita.com.br\/blog\/diferenca-insonia-e-hipersonia\/"},"author":{"name":"Juliana Sonsin","@id":"https:\/\/www.telavita.com.br\/blog\/#\/schema\/person\/c9d2f268651fd6d6bf440495dd23b40e"},"headline":"Voc\u00ea sabe a diferen\u00e7a entre ins\u00f4nia e hipersonia?","datePublished":"2018-11-10T10:00:44+00:00","dateModified":"2019-10-17T17:08:59+00:00","mainEntityOfPage":{"@id":"https:\/\/www.telavita.com.br\/blog\/diferenca-insonia-e-hipersonia\/"},"wordCount":1210,"commentCount":0,"publisher":{"@id":"https:\/\/www.telavita.com.br\/blog\/#organization"},"articleSection":["Sono"],"inLanguage":"pt-BR","potentialAction":[{"@type":"CommentAction","name":"Comment","target":["https:\/\/www.telavita.com.br\/blog\/diferenca-insonia-e-hipersonia\/#respond"]}]},{"@type":"WebPage","@id":"https:\/\/www.telavita.com.br\/blog\/diferenca-insonia-e-hipersonia\/","url":"https:\/\/www.telavita.com.br\/blog\/diferenca-insonia-e-hipersonia\/","name":"Qual A Diferen\u00e7a Entre Ins\u00f4nia E Hipersonia? | TelaVita","isPartOf":{"@id":"https:\/\/www.telavita.com.br\/blog\/#website"},"datePublished":"2018-11-10T10:00:44+00:00","dateModified":"2019-10-17T17:08:59+00:00","description":"Voc\u00ea sabe a diferen\u00e7a entre ins\u00f4nia e hipers\u00f4nia? Esses dist\u00farbios do sono afetam todo o funcionamento do corpo e podem causar doen\u00e7as. Saiba mais.","breadcrumb":{"@id":"https:\/\/www.telavita.com.br\/blog\/diferenca-insonia-e-hipersonia\/#breadcrumb"},"inLanguage":"pt-BR","potentialAction":[{"@type":"ReadAction","target":["https:\/\/www.telavita.com.br\/blog\/diferenca-insonia-e-hipersonia\/"]}]},{"@type":"BreadcrumbList","@id":"https:\/\/www.telavita.com.br\/blog\/diferenca-insonia-e-hipersonia\/#breadcrumb","itemListElement":[{"@type":"ListItem","position":1,"name":"In\u00edcio","item":"https:\/\/www.telavita.com.br\/blog\/"},{"@type":"ListItem","position":2,"name":"Voc\u00ea sabe a diferen\u00e7a entre ins\u00f4nia e hipersonia?"}]},{"@type":"WebSite","@id":"https:\/\/www.telavita.com.br\/blog\/#website","url":"https:\/\/www.telavita.com.br\/blog\/","name":"Telavita","description":"Conte\u00fados especializados sobre sa\u00fade mental e bem-estar","publisher":{"@id":"https:\/\/www.telavita.com.br\/blog\/#organization"},"potentialAction":[{"@type":"SearchAction","target":{"@type":"EntryPoint","urlTemplate":"https:\/\/www.telavita.com.br\/blog\/?s={search_term_string}"},"query-input":"required name=search_term_string"}],"inLanguage":"pt-BR"},{"@type":"Organization","@id":"https:\/\/www.telavita.com.br\/blog\/#organization","name":"Telavita","url":"https:\/\/www.telavita.com.br\/blog\/","sameAs":["https:\/\/www.linkedin.com\/company\/telavita\/mycompany\/verification\/","https:\/\/www.instagram.com\/telavita\/","https:\/\/www.facebook.com\/Telavita"],"logo":{"@type":"ImageObject","inLanguage":"pt-BR","@id":"https:\/\/www.telavita.com.br\/blog\/#\/schema\/logo\/image\/","url":"https:\/\/www.telavita.com.br\/blog\/wp-content\/uploads\/2021\/05\/telavita.jpg","contentUrl":"https:\/\/www.telavita.com.br\/blog\/wp-content\/uploads\/2021\/05\/telavita.jpg","width":200,"height":200,"caption":"Telavita"},"image":{"@id":"https:\/\/www.telavita.com.br\/blog\/#\/schema\/logo\/image\/"}},{"@type":"Person","@id":"https:\/\/www.telavita.com.br\/blog\/#\/schema\/person\/c9d2f268651fd6d6bf440495dd23b40e","name":"Juliana Sonsin","image":{"@type":"ImageObject","inLanguage":"pt-BR","@id":"https:\/\/www.telavita.com.br\/blog\/#\/schema\/person\/image\/","url":"https:\/\/secure.gravatar.com\/avatar\/dfb14c6228cdf7312fea984efc84d04e?s=96&d=mm&r=g","contentUrl":"https:\/\/secure.gravatar.com\/avatar\/dfb14c6228cdf7312fea984efc84d04e?s=96&d=mm&r=g","caption":"Juliana Sonsin"},"description":"Jornalista formada pela Faculdade C\u00e1sper Libero e especializada em sa\u00fade. Apaixonada por escrever roteiros de v\u00eddeos, produzir (e assistir) document\u00e1rios e ler sobre tudo um pouco. Acredito no jornalismo \u00e9tico como um meio de trazer ao p\u00fablico informa\u00e7\u00f5es e hist\u00f3rias que valem a pena serem contadas. Gosto de viajar, fazer yoga e assistir s\u00e9ries.","url":"https:\/\/www.telavita.com.br\/blog\/author\/juliana-sonsin\/"}]}},"modified_by":null,"_links":{"self":[{"href":"https:\/\/www.telavita.com.br\/blog\/wp-json\/wp\/v2\/posts\/3009"}],"collection":[{"href":"https:\/\/www.telavita.com.br\/blog\/wp-json\/wp\/v2\/posts"}],"about":[{"href":"https:\/\/www.telavita.com.br\/blog\/wp-json\/wp\/v2\/types\/post"}],"author":[{"embeddable":true,"href":"https:\/\/www.telavita.com.br\/blog\/wp-json\/wp\/v2\/users\/8"}],"replies":[{"embeddable":true,"href":"https:\/\/www.telavita.com.br\/blog\/wp-json\/wp\/v2\/comments?post=3009"}],"version-history":[{"count":7,"href":"https:\/\/www.telavita.com.br\/blog\/wp-json\/wp\/v2\/posts\/3009\/revisions"}],"predecessor-version":[{"id":3087,"href":"https:\/\/www.telavita.com.br\/blog\/wp-json\/wp\/v2\/posts\/3009\/revisions\/3087"}],"wp:featuredmedia":[{"embeddable":true,"href":"https:\/\/www.telavita.com.br\/blog\/wp-json\/wp\/v2\/media\/3065"}],"wp:attachment":[{"href":"https:\/\/www.telavita.com.br\/blog\/wp-json\/wp\/v2\/media?parent=3009"}],"wp:term":[{"taxonomy":"category","embeddable":true,"href":"https:\/\/www.telavita.com.br\/blog\/wp-json\/wp\/v2\/categories?post=3009"},{"taxonomy":"post_tag","embeddable":true,"href":"https:\/\/www.telavita.com.br\/blog\/wp-json\/wp\/v2\/tags?post=3009"}],"curies":[{"name":"wp","href":"https:\/\/api.w.org\/{rel}","templated":true}]}}