{"id":3127,"date":"2018-11-23T12:01:09","date_gmt":"2018-11-23T14:01:09","guid":{"rendered":"https:\/\/www.telavita.com.br\/blog\/?p=3127"},"modified":"2019-10-18T11:57:05","modified_gmt":"2019-10-18T14:57:05","slug":"diferenca-de-medo-e-fobia","status":"publish","type":"post","link":"https:\/\/www.telavita.com.br\/blog\/diferenca-de-medo-e-fobia\/","title":{"rendered":"Medo e Fobia: voc\u00ea sabe a diferen\u00e7a entre eles?"},"content":{"rendered":"\n<p>Quando crian\u00e7a, todo mundo j\u00e1 sentiu algum medo, seja do escuro ou dos filmes de terror. Esse comportamento \u00e9 normal. Mas e quando o medo persiste e se torna excessivo, a ponto de fazer com que essas pessoas evitem situa\u00e7\u00f5es ou sintam falta de ar e taquicardia quando topam com o objeto desse medo? \u00c9 importante saber a diferen\u00e7a entre medo e fobia e quando o tratamento \u00e9 necess\u00e1rio.<\/p>\n\n\n\n<h2 class=\"wp-block-heading\">O que \u00e9 medo?<\/h2>\n\n\n\n<p>Imagine viver em um mundo onde animais perigosos est\u00e3o sempre \u00e0 espreita. N\u00e3o h\u00e1 muros, pr\u00e9dios ou fortifica\u00e7\u00f5es, apenas cavernas onde voc\u00ea e sua fam\u00edlia podem se abrigar da chuva, do frio e desses animais. Sair da caverna n\u00e3o \u00e9 tarefa f\u00e1cil, mas \u00e9 preciso ca\u00e7ar comida. Voc\u00ea sentiria medo? Os nossos antepassados que viveram l\u00e1 no in\u00edcio da humanidade sentiam, e foi isso o que permitiu a evolu\u00e7\u00e3o da esp\u00e9cie.<br><\/p>\n\n\n\n<p>Sentir medo \u00e9 normal, \u00e9 uma emo\u00e7\u00e3o esperada e fabricada pelas am\u00edgdalas, pequenas estruturas com formato de noz cuja fun\u00e7\u00e3o \u00e9 identificar o perigo e alertar o corpo de que \u00e9 a hora de ter medo e reagir. Elas est\u00e3o presentes em todos os mam\u00edferos, aves e r\u00e9pteis &nbsp;e desenvolvem a capacidade de antecipar os perigos, como se consegu\u00edssemos prever o futuro. Essa habilidade nos faz perfeitos medrosos, mas medrosos precavidos e conscientes dos perigos.<\/p>\n\n\n\n<p>A planta mimosa \u00e9 um exemplo dessa capacidade biol\u00f3gica que permite a sobreviv\u00eancia. Essa plantinha se fecha quando algu\u00e9m a encosta e se retrai diante de um ind\u00edcio de perigo. \u00c9 o medo dando as caras, mas mais do que isso, \u00e9 o medo revestido de instinto de sobreviv\u00eancia.<br><\/p>\n\n\n\n<p>Foi o medo de morrer que nos manteve vivos. Essa <strong>resposta bioqu\u00edmica<\/strong> do nosso corpo frente ao perigo desencadeia as mais variadas rea\u00e7\u00f5es, como sudorese, aumento da frequ\u00eancia card\u00edaca e n\u00edveis elevados de adrenalina. Quando esses sinais aparecem, \u00e9 hora de agir contra a amea\u00e7a. Muitas pessoas se sentem bem com essas respostas do organismos pois se sentem bem com o horm\u00f4nio adrenalina que \u00e9 produzido. Esses indiv\u00edduos est\u00e3o constantemente \u00e0 procura de situa\u00e7\u00f5es que os desafiem e os fa\u00e7a sentir medo, como pular de paraquedas at\u00e9 mesmo assistir um filme de terror.<br><\/p>\n\n\n\n<p>J\u00e1 um outro grupo de pessoas, n\u00e3o se sente nem um pouco confort\u00e1vel lidando com o medo e epis\u00f3dios que desencadeiem as rea\u00e7\u00f5es f\u00edsicas e emocionais provenientes dele. H\u00e1 algumas que sentem tanto medo, que ficam paralisadas e sem saber como agir. A esse grupo chamamos de f\u00f3bicos.<\/p>\n\n\n\n<h2 class=\"wp-block-heading\">O que \u00e9 fobia?<\/h2>\n\n\n\n<p>&nbsp;O deus&nbsp;<strong>Fobos&nbsp;<\/strong>\u00e9, na mitologia grega, \u00e9 filho de uma uni\u00e3o pra l\u00e1 de poderosa: Ares, o deus da guerra, e Afrodite, a deusa do amor. Fobos acompanha o pai nos campos de batalha e seu objetivo \u00e9 despertar o medo nos cora\u00e7\u00f5es dos inimigos para que paralisem e fujam.<\/p>\n\n\n\n<p>Fobos est\u00e1 presente nas situa\u00e7\u00f5es de medo excessivo que paralisam e n\u00e3o nos deixa agir. Esse medo exacerbado \u00e9 chamado de fobia. Diferentemente do medo, nutrir fobias n\u00e3o \u00e9 normal. \u00c9 uma doen\u00e7a, um <strong><a href=\"https:\/\/www.telavita.com.br\/blog\/o-que-e-ansiedade\/\">transtorno de ansiedade<\/a><\/strong>&nbsp;e est\u00e1 classificado como transtorno f\u00f3bico-ansioso no&nbsp;<a href=\"http:\/\/www.medicinanet.com.br\/cid10\/1536\/f40_transtornos_fobico_ansiosos.htm\">CID 10<\/a>&nbsp;(Classifica\u00e7\u00e3o Estat\u00edstica Internacional de Doen\u00e7as e Problemas Relacionados com a Sa\u00fade). A condi\u00e7\u00e3o j\u00e1 atinge cerca de 20% da popula\u00e7\u00e3o mundial, segundo o<a href=\"https:\/\/www.nih.gov\/\">&nbsp;Instituto Nacional de Sa\u00fade&nbsp;<\/a>americano.<\/p>\n\n\n\n<p><a href=\"https:\/\/www.telavita.com.br\/blog\/o-que-e-fobia\/\">Saiba mais sobre fobias em nosso blog!<\/a><\/p>\n\n\n\n<p>As pessoas que t\u00eam uma<strong> fobia espec\u00edfica<\/strong> passam a evitar a fonte de seu medo excessivo a todo custo, seja ele uma situa\u00e7\u00e3o, um objeto ou um animal. A ansiedade intensa e angustiante que essas pessoas sentem podem at\u00e9 resultar em <a href=\"https:\/\/www.telavita.com.br\/blog\/relacao-sindrome-do-panico-e-infarto\/\">ataques de p\u00e2nico<\/a>.\u00a0<br><\/p>\n\n\n\n<p>A fobia \u00e9 caracterizada por um&nbsp;<strong>medo irracional.<\/strong>&nbsp;\u201c<strong>Pessoas f\u00f3bicas&nbsp;<\/strong>sentem tanto medo que evitam determinadas situa\u00e7\u00f5es, pessoas e lugares para n\u00e3o se expor ao perigo. Quando expostos ao objeto causador da fobia, esses indiv\u00edduos apresentam uma s\u00e9rie de sintomas f\u00edsicos: falta de ar, taquicardia, tremedeira e&nbsp;<strong>ataques de p\u00e2nico<\/strong>\u201c, explica a&nbsp;<a href=\"http:\/\/www.sbie.com.br\/blog\/conheca-quais-sao-os-12-principais-tipos-de-fobia\/\">SBIE (Sociedade Brasileira de Intelig\u00eancia Emocional)<\/a><\/p>\n\n\n\n<p><a href=\"https:\/\/www.telavita.com.br\/blog\/fobias-mais-estranhas\/\">Confira aqui as fobias mais estranhas<\/a>!<\/p>\n\n\n\n<h2 class=\"wp-block-heading\">Medo X Fobia<\/h2>\n\n\n\n<p>O limite entre&nbsp;<strong>medo e fobia<\/strong>&nbsp;est\u00e1 na intensidade em que eles aparecem. O medo \u00e9 uma sensa\u00e7\u00e3o de receio e ansiedade frente a uma situa\u00e7\u00e3o de perigo, uma resposta bioqu\u00edmica do corpo que funciona como um instinto de sobreviv\u00eancia. J\u00e1 a fobia \u00e9 um medo espec\u00edfico, intenso e muitas vezes irracional e que pode paralisar. Aqui, os sintomas s\u00e3o mais fortes e muitas vezes n\u00e3o permitem que o indiv\u00edduo reaja da maneira esperada e fuja do perigo, sobrecarregando as am\u00edgdalas e falhando na miss\u00e3o &#8220;instinto de sobreviv\u00eancia&#8221;. Por saberem dessa impot\u00eancia, os f\u00f3bicos evitam as situa\u00e7\u00f5es desencadeadoras de seus medos, o que afeta o seu dia a dia.<\/p>\n\n\n\n<p>Caso se enquadre no grupo dos f\u00f3bicos, procure tratamento. Esse transtorno de ansiedade tem efeitos negativos na vida dos pacientes e pode desenvolver outras doen\u00e7as. \u00c9 importante ter em mente que, quando evitamos alguma situa\u00e7\u00e3o ou procuramos sa\u00eddas para n\u00e3o enfrent\u00e1-las, estamos diante de um comportamento que n\u00e3o \u00e9 normal. Vencer medos \u00e9 dif\u00edcil, mas n\u00e3o imposs\u00edvel.<\/p>\n\n\n\n<p><a href=\"https:\/\/www.telavita.com.br\/blog\/claustrofobia\/\">N\u00e3o deixe de ler tamb\u00e9m sobre a claustrofobia!<\/a><\/p>\n","protected":false},"excerpt":{"rendered":"<p>Quando crian\u00e7a, todo mundo j\u00e1 sentiu algum medo, seja do escuro ou dos filmes de terror. Esse comportamento \u00e9 normal. Mas e quando o medo persiste e se torna excessivo, a ponto de fazer com que essas pessoas evitem situa\u00e7\u00f5es ou sintam falta de ar e taquicardia quando topam com o objeto desse medo? \u00c9 [&hellip;]<\/p>\n","protected":false},"author":8,"featured_media":3188,"comment_status":"open","ping_status":"open","sticky":false,"template":"","format":"standard","meta":{"_lmt_disableupdate":"","_lmt_disable":"","footnotes":""},"categories":[255],"tags":[],"yoast_head":"<!-- This site is optimized with the Yoast SEO plugin v19.8 - https:\/\/yoast.com\/wordpress\/plugins\/seo\/ -->\n<title>Medo e Fobia: Voc\u00ea Sabe A Diferen\u00e7a Entre Eles? | TelaVita<\/title>\n<meta name=\"description\" content=\"Um, \u00e9 a resposta bioqu\u00edmica normal e esperada do corpo. O outro, \u00e9 doen\u00e7a. Voc\u00ea sabe a diferen\u00e7a entre medo e fobia? Saiba mais aqui!\" \/>\n<meta name=\"robots\" content=\"index, follow, max-snippet:-1, max-image-preview:large, max-video-preview:-1\" \/>\n<link rel=\"canonical\" href=\"https:\/\/www.telavita.com.br\/blog\/diferenca-de-medo-e-fobia\/\" \/>\n<meta property=\"og:locale\" content=\"pt_BR\" \/>\n<meta property=\"og:type\" content=\"article\" \/>\n<meta property=\"og:title\" content=\"Medo e Fobia: Voc\u00ea Sabe A Diferen\u00e7a Entre Eles? | TelaVita\" \/>\n<meta property=\"og:description\" content=\"Um, \u00e9 a resposta bioqu\u00edmica normal e esperada do corpo. O outro, \u00e9 doen\u00e7a. Voc\u00ea sabe a diferen\u00e7a entre medo e fobia? Saiba mais aqui!\" \/>\n<meta property=\"og:url\" content=\"https:\/\/www.telavita.com.br\/blog\/diferenca-de-medo-e-fobia\/\" \/>\n<meta property=\"og:site_name\" content=\"Telavita\" \/>\n<meta property=\"article:publisher\" content=\"https:\/\/www.facebook.com\/Telavita\" \/>\n<meta property=\"article:published_time\" content=\"2018-11-23T14:01:09+00:00\" \/>\n<meta property=\"article:modified_time\" content=\"2019-10-18T14:57:05+00:00\" \/>\n<meta property=\"og:image\" content=\"https:\/\/www.telavita.com.br\/blog\/wp-content\/uploads\/2018\/11\/medo-e-fobia.jpg\" \/>\n\t<meta property=\"og:image:width\" content=\"900\" \/>\n\t<meta property=\"og:image:height\" content=\"560\" \/>\n\t<meta property=\"og:image:type\" content=\"image\/jpeg\" \/>\n<meta name=\"author\" content=\"Juliana Sonsin\" \/>\n<meta name=\"twitter:card\" content=\"summary_large_image\" \/>\n<meta name=\"twitter:label1\" content=\"Escrito por\" \/>\n\t<meta name=\"twitter:data1\" content=\"Juliana Sonsin\" \/>\n\t<meta name=\"twitter:label2\" content=\"Est. tempo de leitura\" \/>\n\t<meta name=\"twitter:data2\" content=\"5 minutos\" \/>\n<!-- \/ Yoast SEO plugin. -->","yoast_head_json":{"title":"Medo e Fobia: Voc\u00ea Sabe A Diferen\u00e7a Entre Eles? | TelaVita","description":"Um, \u00e9 a resposta bioqu\u00edmica normal e esperada do corpo. O outro, \u00e9 doen\u00e7a. Voc\u00ea sabe a diferen\u00e7a entre medo e fobia? Saiba mais aqui!","robots":{"index":"index","follow":"follow","max-snippet":"max-snippet:-1","max-image-preview":"max-image-preview:large","max-video-preview":"max-video-preview:-1"},"canonical":"https:\/\/www.telavita.com.br\/blog\/diferenca-de-medo-e-fobia\/","og_locale":"pt_BR","og_type":"article","og_title":"Medo e Fobia: Voc\u00ea Sabe A Diferen\u00e7a Entre Eles? | TelaVita","og_description":"Um, \u00e9 a resposta bioqu\u00edmica normal e esperada do corpo. O outro, \u00e9 doen\u00e7a. Voc\u00ea sabe a diferen\u00e7a entre medo e fobia? Saiba mais aqui!","og_url":"https:\/\/www.telavita.com.br\/blog\/diferenca-de-medo-e-fobia\/","og_site_name":"Telavita","article_publisher":"https:\/\/www.facebook.com\/Telavita","article_published_time":"2018-11-23T14:01:09+00:00","article_modified_time":"2019-10-18T14:57:05+00:00","og_image":[{"width":900,"height":560,"url":"https:\/\/www.telavita.com.br\/blog\/wp-content\/uploads\/2018\/11\/medo-e-fobia.jpg","type":"image\/jpeg"}],"author":"Juliana Sonsin","twitter_card":"summary_large_image","twitter_misc":{"Escrito por":"Juliana Sonsin","Est. tempo de leitura":"5 minutos"},"schema":{"@context":"https:\/\/schema.org","@graph":[{"@type":"Article","@id":"https:\/\/www.telavita.com.br\/blog\/diferenca-de-medo-e-fobia\/#article","isPartOf":{"@id":"https:\/\/www.telavita.com.br\/blog\/diferenca-de-medo-e-fobia\/"},"author":{"name":"Juliana Sonsin","@id":"https:\/\/www.telavita.com.br\/blog\/#\/schema\/person\/c9d2f268651fd6d6bf440495dd23b40e"},"headline":"Medo e Fobia: voc\u00ea sabe a diferen\u00e7a entre eles?","datePublished":"2018-11-23T14:01:09+00:00","dateModified":"2019-10-18T14:57:05+00:00","mainEntityOfPage":{"@id":"https:\/\/www.telavita.com.br\/blog\/diferenca-de-medo-e-fobia\/"},"wordCount":920,"commentCount":0,"publisher":{"@id":"https:\/\/www.telavita.com.br\/blog\/#organization"},"articleSection":["Fobias"],"inLanguage":"pt-BR","potentialAction":[{"@type":"CommentAction","name":"Comment","target":["https:\/\/www.telavita.com.br\/blog\/diferenca-de-medo-e-fobia\/#respond"]}]},{"@type":"WebPage","@id":"https:\/\/www.telavita.com.br\/blog\/diferenca-de-medo-e-fobia\/","url":"https:\/\/www.telavita.com.br\/blog\/diferenca-de-medo-e-fobia\/","name":"Medo e Fobia: Voc\u00ea Sabe A Diferen\u00e7a Entre Eles? | TelaVita","isPartOf":{"@id":"https:\/\/www.telavita.com.br\/blog\/#website"},"datePublished":"2018-11-23T14:01:09+00:00","dateModified":"2019-10-18T14:57:05+00:00","description":"Um, \u00e9 a resposta bioqu\u00edmica normal e esperada do corpo. O outro, \u00e9 doen\u00e7a. Voc\u00ea sabe a diferen\u00e7a entre medo e fobia? Saiba mais aqui!","breadcrumb":{"@id":"https:\/\/www.telavita.com.br\/blog\/diferenca-de-medo-e-fobia\/#breadcrumb"},"inLanguage":"pt-BR","potentialAction":[{"@type":"ReadAction","target":["https:\/\/www.telavita.com.br\/blog\/diferenca-de-medo-e-fobia\/"]}]},{"@type":"BreadcrumbList","@id":"https:\/\/www.telavita.com.br\/blog\/diferenca-de-medo-e-fobia\/#breadcrumb","itemListElement":[{"@type":"ListItem","position":1,"name":"In\u00edcio","item":"https:\/\/www.telavita.com.br\/blog\/"},{"@type":"ListItem","position":2,"name":"Medo e Fobia: voc\u00ea sabe a diferen\u00e7a entre eles?"}]},{"@type":"WebSite","@id":"https:\/\/www.telavita.com.br\/blog\/#website","url":"https:\/\/www.telavita.com.br\/blog\/","name":"Telavita","description":"Conte\u00fados especializados sobre sa\u00fade mental e bem-estar","publisher":{"@id":"https:\/\/www.telavita.com.br\/blog\/#organization"},"potentialAction":[{"@type":"SearchAction","target":{"@type":"EntryPoint","urlTemplate":"https:\/\/www.telavita.com.br\/blog\/?s={search_term_string}"},"query-input":"required name=search_term_string"}],"inLanguage":"pt-BR"},{"@type":"Organization","@id":"https:\/\/www.telavita.com.br\/blog\/#organization","name":"Telavita","url":"https:\/\/www.telavita.com.br\/blog\/","sameAs":["https:\/\/www.linkedin.com\/company\/telavita\/mycompany\/verification\/","https:\/\/www.instagram.com\/telavita\/","https:\/\/www.facebook.com\/Telavita"],"logo":{"@type":"ImageObject","inLanguage":"pt-BR","@id":"https:\/\/www.telavita.com.br\/blog\/#\/schema\/logo\/image\/","url":"https:\/\/www.telavita.com.br\/blog\/wp-content\/uploads\/2021\/05\/telavita.jpg","contentUrl":"https:\/\/www.telavita.com.br\/blog\/wp-content\/uploads\/2021\/05\/telavita.jpg","width":200,"height":200,"caption":"Telavita"},"image":{"@id":"https:\/\/www.telavita.com.br\/blog\/#\/schema\/logo\/image\/"}},{"@type":"Person","@id":"https:\/\/www.telavita.com.br\/blog\/#\/schema\/person\/c9d2f268651fd6d6bf440495dd23b40e","name":"Juliana Sonsin","image":{"@type":"ImageObject","inLanguage":"pt-BR","@id":"https:\/\/www.telavita.com.br\/blog\/#\/schema\/person\/image\/","url":"https:\/\/secure.gravatar.com\/avatar\/dfb14c6228cdf7312fea984efc84d04e?s=96&d=mm&r=g","contentUrl":"https:\/\/secure.gravatar.com\/avatar\/dfb14c6228cdf7312fea984efc84d04e?s=96&d=mm&r=g","caption":"Juliana Sonsin"},"description":"Jornalista formada pela Faculdade C\u00e1sper Libero e especializada em sa\u00fade. Apaixonada por escrever roteiros de v\u00eddeos, produzir (e assistir) document\u00e1rios e ler sobre tudo um pouco. Acredito no jornalismo \u00e9tico como um meio de trazer ao p\u00fablico informa\u00e7\u00f5es e hist\u00f3rias que valem a pena serem contadas. Gosto de viajar, fazer yoga e assistir s\u00e9ries.","url":"https:\/\/www.telavita.com.br\/blog\/author\/juliana-sonsin\/"}]}},"modified_by":null,"_links":{"self":[{"href":"https:\/\/www.telavita.com.br\/blog\/wp-json\/wp\/v2\/posts\/3127"}],"collection":[{"href":"https:\/\/www.telavita.com.br\/blog\/wp-json\/wp\/v2\/posts"}],"about":[{"href":"https:\/\/www.telavita.com.br\/blog\/wp-json\/wp\/v2\/types\/post"}],"author":[{"embeddable":true,"href":"https:\/\/www.telavita.com.br\/blog\/wp-json\/wp\/v2\/users\/8"}],"replies":[{"embeddable":true,"href":"https:\/\/www.telavita.com.br\/blog\/wp-json\/wp\/v2\/comments?post=3127"}],"version-history":[{"count":2,"href":"https:\/\/www.telavita.com.br\/blog\/wp-json\/wp\/v2\/posts\/3127\/revisions"}],"predecessor-version":[{"id":3189,"href":"https:\/\/www.telavita.com.br\/blog\/wp-json\/wp\/v2\/posts\/3127\/revisions\/3189"}],"wp:featuredmedia":[{"embeddable":true,"href":"https:\/\/www.telavita.com.br\/blog\/wp-json\/wp\/v2\/media\/3188"}],"wp:attachment":[{"href":"https:\/\/www.telavita.com.br\/blog\/wp-json\/wp\/v2\/media?parent=3127"}],"wp:term":[{"taxonomy":"category","embeddable":true,"href":"https:\/\/www.telavita.com.br\/blog\/wp-json\/wp\/v2\/categories?post=3127"},{"taxonomy":"post_tag","embeddable":true,"href":"https:\/\/www.telavita.com.br\/blog\/wp-json\/wp\/v2\/tags?post=3127"}],"curies":[{"name":"wp","href":"https:\/\/api.w.org\/{rel}","templated":true}]}}