{"id":3137,"date":"2018-11-21T08:00:06","date_gmt":"2018-11-21T10:00:06","guid":{"rendered":"https:\/\/www.telavita.com.br\/blog\/?p=3137"},"modified":"2022-04-29T11:25:04","modified_gmt":"2022-04-29T14:25:04","slug":"expressoes-faciais-e-psicologia","status":"publish","type":"post","link":"https:\/\/www.telavita.com.br\/blog\/expressoes-faciais-e-psicologia\/","title":{"rendered":"Por que as express\u00f5es faciais s\u00e3o importantes, segundo a psicologia?"},"content":{"rendered":"\r\n<p>&#8220;Um olhar vale mais do que mil palavras&#8221;. Voc\u00ea com certeza j\u00e1 ouviu essa frase, mas por que um simples olhar basta para dizer o que pensamos ou sentimos acerca de algo ou algu\u00e9m? A premissa por tr\u00e1s da frase pode ter fundamenta\u00e7\u00f5es te\u00f3ricas da psicologia com a cogni\u00e7\u00e3o social e os estudos do psic\u00f3logo Paul Ekman.\u00a0<\/p>\r\n\r\n\r\n\r\n<p><a href=\"https:\/\/www.telavita.com.br\/blog\/divertida-mente-e-emocoes\/\">No filme da <\/a><strong><a href=\"https:\/\/www.telavita.com.br\/blog\/divertida-mente-e-emocoes\/\">Disney-Pixar &#8220;Divertida Mente&#8221;<\/a><\/strong>, as emo\u00e7\u00f5es s\u00e3o a base de todo o processamento mental da garotinha Riley. \u00c9 a partir da <strong>Alegria, Medo, Raiva, Nojo e Tristeza<\/strong> que se d\u00e1 a percep\u00e7\u00e3o da menina acerca das mais variadas situa\u00e7\u00f5es, dos outros e dela mesma. O filme explica como as emo\u00e7\u00f5es consolidam as mem\u00f3rias, moldam a personalidade, criam sinapses e s\u00e3o os principais elementos da cogni\u00e7\u00e3o social.<\/p>\r\n\r\n\r\n\r\n<p><a href=\"https:\/\/www.telavita.com.br\/blog\/divertida-mente-e-emocoes\/\">Confira o que o filme Divertida Mente explica sobre a mente humana!<\/a><\/p>\r\n<span class='mb-center maxbutton-3-center'><span class='maxbutton-3-container mb-container'><a class=\"maxbutton-3 maxbutton maxbutton-manda-para-pagina-psicologos\" href=\"https:\/\/app.telavita.com.br\/psicologia-online\/encontre-seu-psicologo\"><span class='mb-text'>Agende agora uma consulta com psic\u00f3logo<\/span><\/a><\/span><\/span>\r\n<h1>Cogni\u00e7\u00e3o Social<\/h1>\r\n\r\n\r\n\r\n<p>A <strong>cogni\u00e7\u00e3o social<\/strong> \u00e9 um conceito da psicologia que surgiu em meados dos anos 70 e se caracteriza pelo conjunto de habilidades que um indiv\u00edduo tem para perceber, interpretar, conhecer e prever os mais variados est\u00edmulos, gerando respostas condizentes a eles. &#8220;Procura compreender e explicar como \u00e9 que as pessoas percebem a si pr\u00f3prias e aos outros, e como \u00e9 que essas percep\u00e7\u00f5es permitem explicar, prever e orientar o comportamento social&#8221;, <a href=\"http:\/\/www.scielo.mec.pt\/scielo.php?script=sci_arttext&amp;pid=S0874-20492011000100006\">explicam especialistas do Instituto Universit\u00e1rio de Lisboa<\/a>.<\/p>\r\n\r\n\r\n\r\n<p><strong>Paul Ekman<\/strong>,\u00a0psic\u00f3logo americano, foi pioneiro no estudo das emo\u00e7\u00f5es e express\u00f5es faciais\u00a0acerca do modo como interpretamos o mundo e como, consequentemente, somos interpretados por ele. Se lembra das emo\u00e7\u00f5es do filme &#8220;Divertida Mente&#8221;? <strong>Ekman <\/strong>adicionou mais duas emo\u00e7\u00f5es &#8211;\u00a0<strong>surpresa e desprezo<\/strong> &#8211; para a conta, tornando, ent\u00e3o, sete express\u00f5es faciais universais. Em suas pesquisas, o psic\u00f3logo encontrou concord\u00e2ncia de 70% entre as express\u00f5es, fazendo a sua teoria das express\u00f5es universais ainda mais forte.<\/p>\r\n\r\n\r\n\r\n<p>A premissa para que as <strong>express\u00f5es faciais<\/strong>, de fato, mostrem o que sentimos, \u00e9 a cogni\u00e7\u00e3o social. Para que uma <strong>express\u00e3o facial <\/strong>possa ser entendida, o indiv\u00edduo receptor deve ter a habilidade de reconhecer a express\u00e3o, interpretar o seu significado, entender a sua motiva\u00e7\u00e3o e responder a ela. Esse processo todo em que acontece essa<strong> comunica\u00e7\u00e3o n\u00e3o-verbal <\/strong>\u00e9 a cogni\u00e7\u00e3o social.<\/p>\r\n\r\n\r\n\r\n<h2 class=\"wp-block-heading\">Quais s\u00e3o as 7 express\u00f5es faciais b\u00e1sicas<\/h2>\r\n\r\n\r\n\r\n<p>Segundo os estudos de Ekman, existem sete express\u00f5es faciais b\u00e1sicas reconhecidas pela grande maioria das pessoas, independente de sua origem ou cultura.<\/p>\r\n\r\n\r\n\r\n<ul>\r\n<li><strong>Express\u00e3o de<\/strong> <strong>alegria<\/strong> &#8211;\u00a0 \u00e9 a \u00fanica emo\u00e7\u00e3o positiva b\u00e1sica, atrelada ao\u00a0<strong>prazer;<\/strong>\u00a0<\/li>\r\n<li><strong>Express\u00e3o de tristeza<\/strong> &#8211; \u00a0relacionada \u00e0\u00a0<strong>perda;<\/strong><\/li>\r\n<li><strong>Express\u00e3o de raiva<\/strong> &#8211; quando um fator externo realiza\u00a0<strong>interfer\u00eancia<\/strong> no indiv\u00edduo;<\/li>\r\n<li><strong>Express\u00e3o de medo<\/strong> &#8211; ligada a situa\u00e7\u00f5es de\u00a0<strong>perigo;<\/strong><\/li>\r\n<li><strong>Express\u00e3o de nojo<\/strong> &#8211; percep\u00e7\u00e3o de um\u00a0objeto possivelmente t\u00f3xico e que\u00a0pode contaminar e exercer perigo;<\/li>\r\n<li><strong>Express\u00e3o de surpresa<\/strong>\u2013 \u00e9 a emo\u00e7\u00e3o mais breve e sempre seguida de outra, positiva ou negativa;<\/li>\r\n<li><strong>Express\u00e3o de desprezo<\/strong> &#8211; sentimento de desd\u00e9m.<\/li>\r\n<\/ul>\r\n\r\n\r\n\r\n<h2 class=\"wp-block-heading\">Express\u00f5es faciais e a intera\u00e7\u00e3o social<\/h2>\r\n\r\n\r\n\r\n<p>J\u00e1 explicamos que a cogni\u00e7\u00e3o social \u00e9 uma das habilidades mais importantes para conhecer o que os outros indiv\u00edduos nos sinalizam acerca de suas inten\u00e7\u00f5es ou emo\u00e7\u00f5es. Numa conversa, se o outro nos sinaliza uma express\u00e3o facial negativa, j\u00e1 conseguimos entender que devemos mudar de assunto ou encerrar o di\u00e1logo se n\u00e3o quisermos que nenhuma situa\u00e7\u00e3o desagrad\u00e1vel suceda.<\/p>\r\n\r\n\r\n\r\n<p>&#8220;Express\u00f5es faciais s\u00e3o cruciais no desenvolvimento e na regula\u00e7\u00e3o das rela\u00e7\u00f5es interpessoais&#8221;, afirma Ekman. Ele explica que indiv\u00edduos cuja cogni\u00e7\u00e3o social n\u00e3o \u00e9 desenvolvida, ou seja, que n\u00e3o conseguem perceber, interpretar e responder aos sinais, como as express\u00f5es faciais, t\u00eam maior dificuldade em estabelecer la\u00e7os e <strong>intera\u00e7\u00f5es sociais<\/strong>.<\/p>\r\n\r\n\r\n\r\n<p>Ao analisar <strong>indiv\u00edduos com paralisia facial<\/strong>,\u00a0 o resultado foi uma menor preval\u00eancia de intera\u00e7\u00f5es sociais desses pacientes, j\u00e1 que a express\u00e3o do rosto n\u00e3o consegue refletir as emo\u00e7\u00f5es e inten\u00e7\u00f5es.\u00a0 <a href=\"https:\/\/www.telavita.com.br\/blog\/autismo\/\">Em pessoas com <\/a><strong><a href=\"https:\/\/www.telavita.com.br\/blog\/autismo\/\">autismo<\/a><\/strong>, essa habilidade tamb\u00e9m \u00e9 reduzida, tornando a tarefa de <strong>integra\u00e7\u00e3o social <\/strong>mais dif\u00edcil.<\/p>\r\n\r\n\r\n\r\n<p>No que diz respeito ao autismo, um dos grandes impactos negativos e prejudiciais \u00e9 o d\u00e9ficit na intencionalidade do outro, o que o psic\u00f3logo <strong>Simon Baron-Cohen<\/strong> intitulou de \u201ccegueira mental\u201d, pois os indiv\u00edduos autistas possuem enorme dificuldade de relacionar estados mentais diferentes dos seus, fazendo-os faltar com a percep\u00e7\u00e3o \u00e0s emo\u00e7\u00f5es alheias e n\u00e3o responder a eles conforme o esperado.<\/p>\r\n<span class='mb-center maxbutton-2-center'><span class='maxbutton-2-container mb-container'><a class=\"maxbutton-2 maxbutton maxbutton-home-telavita\" href=\"https:\/\/www.telavita.com.br\"><span class='mb-text'>Conhe\u00e7a a Telavita<\/span><\/a><\/span><\/span>\r\n\r\n\r\n\r\n<h2 class=\"wp-block-heading\">Leitura facial e a mentira<\/h2>\r\n\r\n\r\n\r\n<p>O <strong>rosto das pessoas<\/strong> exprimem emo\u00e7\u00f5es. Ekman estudou \u00e0 fundo as <strong>express\u00f5es fision\u00f4micas<\/strong> para saber identificar os <strong>tipos de express\u00f5es e sinais faciais. <\/strong>Devido ao sucesso de suas pesquisas em <strong>microexpress\u00f5es<\/strong>, o psic\u00f3logo inspirou a s\u00e9rie de televis\u00e3o americana <strong>Lie to Me<\/strong>, em que um especialista em identificar mentirosos trabalha para o FBI.\u00a0<\/p>\r\n\r\n\r\n\r\n<p>&#8220;Quando voc\u00ea co\u00e7a o queixo, torce as m\u00e3os ou mexe o nariz, o Dr. Cal Lightman (Tim Roth) sabe que voc\u00ea est\u00e1 mentindo. Ele n\u00e3o apenas imagina, ele sabe. Sua incr\u00edvel capacidade de observa\u00e7\u00e3o o fez se tornar o maior especialista em identificar engana\u00e7\u00f5es do pa\u00eds. Um detector de mentiras ambulante, Cal descobre os maiores segredos e desvenda os casos mais complicados para o FBI, corpora\u00e7\u00f5es e indiv\u00edduos privados<a href=\"http:\/\/www.adorocinema.com\/series\/serie-4073\/\">\u00a0(Adoro Cinema)<\/a>.<\/p>\r\n\r\n\r\n\r\n<p>Ou seja, a nossa capacidade de<strong> &#8220;ler as pessoas&#8221;<\/strong> \u00e9, na verdade, saber identificar as express\u00f5es faciais b\u00e1sicas. Essa <strong>leitura do rosto<\/strong> ajuda a detectar mentirosos e tamb\u00e9m as verdadeiras inten\u00e7\u00f5es das pessoas, auxiliando no processo de intera\u00e7\u00e3o e na consolida\u00e7\u00e3o de la\u00e7os sociais.\u00a0<\/p>\r\n","protected":false},"excerpt":{"rendered":"<p>&#8220;Um olhar vale mais do que mil palavras&#8221;. Voc\u00ea com certeza j\u00e1 ouviu essa frase, mas por que um simples olhar basta para dizer o que pensamos ou sentimos acerca de algo ou algu\u00e9m? A premissa por tr\u00e1s da frase pode ter fundamenta\u00e7\u00f5es te\u00f3ricas da psicologia com a cogni\u00e7\u00e3o social e os estudos do psic\u00f3logo [&hellip;]<\/p>\n","protected":false},"author":8,"featured_media":3153,"comment_status":"open","ping_status":"open","sticky":false,"template":"","format":"standard","meta":{"_lmt_disableupdate":"","_lmt_disable":"","footnotes":""},"categories":[273],"tags":[],"yoast_head":"<!-- This site is optimized with the Yoast SEO plugin v19.8 - https:\/\/yoast.com\/wordpress\/plugins\/seo\/ -->\n<title>Entenda O Porqu\u00ea As Express\u00f5es Faciais S\u00e3o Importantes | TelaVita<\/title>\n<meta name=\"description\" content=\"Saber identificar as express\u00f5es faciais do outro \u00e9 uma habilidade. Saiba mais sobre a psicologia das emo\u00e7\u00f5es e da leitura das express\u00f5es.\" \/>\n<meta name=\"robots\" content=\"index, follow, max-snippet:-1, max-image-preview:large, max-video-preview:-1\" \/>\n<link rel=\"canonical\" href=\"https:\/\/www.telavita.com.br\/blog\/expressoes-faciais-e-psicologia\/\" \/>\n<meta property=\"og:locale\" content=\"pt_BR\" \/>\n<meta property=\"og:type\" content=\"article\" \/>\n<meta property=\"og:title\" content=\"Entenda O Porqu\u00ea As Express\u00f5es Faciais S\u00e3o Importantes | TelaVita\" \/>\n<meta property=\"og:description\" content=\"Saber identificar as express\u00f5es faciais do outro \u00e9 uma habilidade. Saiba mais sobre a psicologia das emo\u00e7\u00f5es e da leitura das express\u00f5es.\" \/>\n<meta property=\"og:url\" content=\"https:\/\/www.telavita.com.br\/blog\/expressoes-faciais-e-psicologia\/\" \/>\n<meta property=\"og:site_name\" content=\"Telavita\" \/>\n<meta property=\"article:publisher\" content=\"https:\/\/www.facebook.com\/Telavita\" \/>\n<meta property=\"article:published_time\" content=\"2018-11-21T10:00:06+00:00\" \/>\n<meta property=\"article:modified_time\" content=\"2022-04-29T14:25:04+00:00\" \/>\n<meta property=\"og:image\" content=\"https:\/\/www.telavita.com.br\/blog\/wp-content\/uploads\/2018\/11\/expressao-facial.jpg\" \/>\n\t<meta property=\"og:image:width\" content=\"900\" \/>\n\t<meta property=\"og:image:height\" content=\"560\" \/>\n\t<meta property=\"og:image:type\" content=\"image\/jpeg\" \/>\n<meta name=\"author\" content=\"Juliana Sonsin\" \/>\n<meta name=\"twitter:card\" content=\"summary_large_image\" \/>\n<meta name=\"twitter:label1\" content=\"Escrito por\" \/>\n\t<meta name=\"twitter:data1\" content=\"Juliana Sonsin\" \/>\n\t<meta name=\"twitter:label2\" content=\"Est. tempo de leitura\" \/>\n\t<meta name=\"twitter:data2\" content=\"5 minutos\" \/>\n<!-- \/ Yoast SEO plugin. -->","yoast_head_json":{"title":"Entenda O Porqu\u00ea As Express\u00f5es Faciais S\u00e3o Importantes | TelaVita","description":"Saber identificar as express\u00f5es faciais do outro \u00e9 uma habilidade. Saiba mais sobre a psicologia das emo\u00e7\u00f5es e da leitura das express\u00f5es.","robots":{"index":"index","follow":"follow","max-snippet":"max-snippet:-1","max-image-preview":"max-image-preview:large","max-video-preview":"max-video-preview:-1"},"canonical":"https:\/\/www.telavita.com.br\/blog\/expressoes-faciais-e-psicologia\/","og_locale":"pt_BR","og_type":"article","og_title":"Entenda O Porqu\u00ea As Express\u00f5es Faciais S\u00e3o Importantes | TelaVita","og_description":"Saber identificar as express\u00f5es faciais do outro \u00e9 uma habilidade. Saiba mais sobre a psicologia das emo\u00e7\u00f5es e da leitura das express\u00f5es.","og_url":"https:\/\/www.telavita.com.br\/blog\/expressoes-faciais-e-psicologia\/","og_site_name":"Telavita","article_publisher":"https:\/\/www.facebook.com\/Telavita","article_published_time":"2018-11-21T10:00:06+00:00","article_modified_time":"2022-04-29T14:25:04+00:00","og_image":[{"width":900,"height":560,"url":"https:\/\/www.telavita.com.br\/blog\/wp-content\/uploads\/2018\/11\/expressao-facial.jpg","type":"image\/jpeg"}],"author":"Juliana Sonsin","twitter_card":"summary_large_image","twitter_misc":{"Escrito por":"Juliana Sonsin","Est. tempo de leitura":"5 minutos"},"schema":{"@context":"https:\/\/schema.org","@graph":[{"@type":"Article","@id":"https:\/\/www.telavita.com.br\/blog\/expressoes-faciais-e-psicologia\/#article","isPartOf":{"@id":"https:\/\/www.telavita.com.br\/blog\/expressoes-faciais-e-psicologia\/"},"author":{"name":"Juliana Sonsin","@id":"https:\/\/www.telavita.com.br\/blog\/#\/schema\/person\/c9d2f268651fd6d6bf440495dd23b40e"},"headline":"Por que as express\u00f5es faciais s\u00e3o importantes, segundo a psicologia?","datePublished":"2018-11-21T10:00:06+00:00","dateModified":"2022-04-29T14:25:04+00:00","mainEntityOfPage":{"@id":"https:\/\/www.telavita.com.br\/blog\/expressoes-faciais-e-psicologia\/"},"wordCount":979,"commentCount":0,"publisher":{"@id":"https:\/\/www.telavita.com.br\/blog\/#organization"},"articleSection":["Comportamento"],"inLanguage":"pt-BR","potentialAction":[{"@type":"CommentAction","name":"Comment","target":["https:\/\/www.telavita.com.br\/blog\/expressoes-faciais-e-psicologia\/#respond"]}]},{"@type":"WebPage","@id":"https:\/\/www.telavita.com.br\/blog\/expressoes-faciais-e-psicologia\/","url":"https:\/\/www.telavita.com.br\/blog\/expressoes-faciais-e-psicologia\/","name":"Entenda O Porqu\u00ea As Express\u00f5es Faciais S\u00e3o Importantes | TelaVita","isPartOf":{"@id":"https:\/\/www.telavita.com.br\/blog\/#website"},"datePublished":"2018-11-21T10:00:06+00:00","dateModified":"2022-04-29T14:25:04+00:00","description":"Saber identificar as express\u00f5es faciais do outro \u00e9 uma habilidade. Saiba mais sobre a psicologia das emo\u00e7\u00f5es e da leitura das express\u00f5es.","breadcrumb":{"@id":"https:\/\/www.telavita.com.br\/blog\/expressoes-faciais-e-psicologia\/#breadcrumb"},"inLanguage":"pt-BR","potentialAction":[{"@type":"ReadAction","target":["https:\/\/www.telavita.com.br\/blog\/expressoes-faciais-e-psicologia\/"]}]},{"@type":"BreadcrumbList","@id":"https:\/\/www.telavita.com.br\/blog\/expressoes-faciais-e-psicologia\/#breadcrumb","itemListElement":[{"@type":"ListItem","position":1,"name":"In\u00edcio","item":"https:\/\/www.telavita.com.br\/blog\/"},{"@type":"ListItem","position":2,"name":"Por que as express\u00f5es faciais s\u00e3o importantes, segundo a psicologia?"}]},{"@type":"WebSite","@id":"https:\/\/www.telavita.com.br\/blog\/#website","url":"https:\/\/www.telavita.com.br\/blog\/","name":"Telavita","description":"Conte\u00fados especializados sobre sa\u00fade mental e bem-estar","publisher":{"@id":"https:\/\/www.telavita.com.br\/blog\/#organization"},"potentialAction":[{"@type":"SearchAction","target":{"@type":"EntryPoint","urlTemplate":"https:\/\/www.telavita.com.br\/blog\/?s={search_term_string}"},"query-input":"required name=search_term_string"}],"inLanguage":"pt-BR"},{"@type":"Organization","@id":"https:\/\/www.telavita.com.br\/blog\/#organization","name":"Telavita","url":"https:\/\/www.telavita.com.br\/blog\/","sameAs":["https:\/\/www.linkedin.com\/company\/telavita\/mycompany\/verification\/","https:\/\/www.instagram.com\/telavita\/","https:\/\/www.facebook.com\/Telavita"],"logo":{"@type":"ImageObject","inLanguage":"pt-BR","@id":"https:\/\/www.telavita.com.br\/blog\/#\/schema\/logo\/image\/","url":"https:\/\/www.telavita.com.br\/blog\/wp-content\/uploads\/2021\/05\/telavita.jpg","contentUrl":"https:\/\/www.telavita.com.br\/blog\/wp-content\/uploads\/2021\/05\/telavita.jpg","width":200,"height":200,"caption":"Telavita"},"image":{"@id":"https:\/\/www.telavita.com.br\/blog\/#\/schema\/logo\/image\/"}},{"@type":"Person","@id":"https:\/\/www.telavita.com.br\/blog\/#\/schema\/person\/c9d2f268651fd6d6bf440495dd23b40e","name":"Juliana Sonsin","image":{"@type":"ImageObject","inLanguage":"pt-BR","@id":"https:\/\/www.telavita.com.br\/blog\/#\/schema\/person\/image\/","url":"https:\/\/secure.gravatar.com\/avatar\/dfb14c6228cdf7312fea984efc84d04e?s=96&d=mm&r=g","contentUrl":"https:\/\/secure.gravatar.com\/avatar\/dfb14c6228cdf7312fea984efc84d04e?s=96&d=mm&r=g","caption":"Juliana Sonsin"},"description":"Jornalista formada pela Faculdade C\u00e1sper Libero e especializada em sa\u00fade. Apaixonada por escrever roteiros de v\u00eddeos, produzir (e assistir) document\u00e1rios e ler sobre tudo um pouco. Acredito no jornalismo \u00e9tico como um meio de trazer ao p\u00fablico informa\u00e7\u00f5es e hist\u00f3rias que valem a pena serem contadas. Gosto de viajar, fazer yoga e assistir s\u00e9ries.","url":"https:\/\/www.telavita.com.br\/blog\/author\/juliana-sonsin\/"}]}},"modified_by":null,"_links":{"self":[{"href":"https:\/\/www.telavita.com.br\/blog\/wp-json\/wp\/v2\/posts\/3137"}],"collection":[{"href":"https:\/\/www.telavita.com.br\/blog\/wp-json\/wp\/v2\/posts"}],"about":[{"href":"https:\/\/www.telavita.com.br\/blog\/wp-json\/wp\/v2\/types\/post"}],"author":[{"embeddable":true,"href":"https:\/\/www.telavita.com.br\/blog\/wp-json\/wp\/v2\/users\/8"}],"replies":[{"embeddable":true,"href":"https:\/\/www.telavita.com.br\/blog\/wp-json\/wp\/v2\/comments?post=3137"}],"version-history":[{"count":6,"href":"https:\/\/www.telavita.com.br\/blog\/wp-json\/wp\/v2\/posts\/3137\/revisions"}],"predecessor-version":[{"id":7848,"href":"https:\/\/www.telavita.com.br\/blog\/wp-json\/wp\/v2\/posts\/3137\/revisions\/7848"}],"wp:featuredmedia":[{"embeddable":true,"href":"https:\/\/www.telavita.com.br\/blog\/wp-json\/wp\/v2\/media\/3153"}],"wp:attachment":[{"href":"https:\/\/www.telavita.com.br\/blog\/wp-json\/wp\/v2\/media?parent=3137"}],"wp:term":[{"taxonomy":"category","embeddable":true,"href":"https:\/\/www.telavita.com.br\/blog\/wp-json\/wp\/v2\/categories?post=3137"},{"taxonomy":"post_tag","embeddable":true,"href":"https:\/\/www.telavita.com.br\/blog\/wp-json\/wp\/v2\/tags?post=3137"}],"curies":[{"name":"wp","href":"https:\/\/api.w.org\/{rel}","templated":true}]}}