{"id":3174,"date":"2019-01-06T08:00:23","date_gmt":"2019-01-06T10:00:23","guid":{"rendered":"https:\/\/www.telavita.com.br\/blog\/?p=3174"},"modified":"2021-06-30T17:10:28","modified_gmt":"2021-06-30T20:10:28","slug":"sintomas-da-apneia","status":"publish","type":"post","link":"https:\/\/www.telavita.com.br\/blog\/sintomas-da-apneia\/","title":{"rendered":"Dist\u00farbios do sono: Confira 5 sintomas da apneia do sono!"},"content":{"rendered":"\r\n<p><em>Cerca de 1 bilh\u00e3o de pessoas sofrem com esse dist\u00farbio. A apneia do sono e seus sintomas podem impactar profundamente a vida de muitos.<\/em><\/p>\r\n\r\n\r\n\r\n<p>Imagine estar dormindo e, de repente,\u00a0<strong>parar de respirar durante o sono<\/strong>. Agora imagine que esse processo pode ser repetir\u00a0<strong>at\u00e9 35 vezes durante 1 minuto<\/strong>. Parece desesperador, n\u00e3o? \u00c9 o que acontece com algu\u00e9m que possui apneia do sono.<\/p>\r\n\r\n\r\n\r\n<p>A\u00a0<strong><a href=\"https:\/\/www.telavita.com.br\/blog\/apneia\/\">apneia do sono \u00e9 um dist\u00farbio<\/a><\/strong>\u00a0que afeta 30% da popula\u00e7\u00e3o mundial, cerca de 1 bilh\u00e3o de pessoas. Do que se trata essa<strong>\u00a0s\u00edndrome do sono<\/strong>?\u00a0<br \/>&#8220;Ela compreende epis\u00f3dios de oclus\u00e3o parcial ou tamb\u00e9m completa das vias respirat\u00f3rias superiores durante o sono e provoca a cessa\u00e7\u00e3o da respira\u00e7\u00e3o (definida como um per\u00edodo de apneia\u00a0&gt;10\u00a0s)&#8221;, explica o\u00a0<strong><a href=\"https:\/\/www.msdmanuals.com\/pt-br\/profissional\/dist%C3%BArbios-pulmonares\/apneia-do-sono\/apneia-obstrutiva-do-sono\">Manual MSD.<\/a><\/strong>\u00a0<\/p>\r\n<span class='mb-center maxbutton-3-center'><span class='maxbutton-3-container mb-container'><a class=\"maxbutton-3 maxbutton maxbutton-manda-para-pagina-psicologos\" href=\"https:\/\/app.telavita.com.br\/psicologia-online\/encontre-seu-psicologo\"><span class='mb-text'>Agende agora uma consulta com psic\u00f3logo<\/span><\/a><\/span><\/span>\r\n\r\n\r\n\r\n<p>Esse bloqueio ocorre pois os m\u00fasculos da parte de tr\u00e1s da boca relaxam e obstruem a passagem de ar na garganta. A falta de oxig\u00eanio afeta o sistema nervoso, comprometendo at\u00e9 a press\u00e3o arterial, o que pode ocasionar diversas doen\u00e7as cardiovasculares.<\/p>\r\n\r\n\r\n\r\n<h2 class=\"wp-block-heading\">1 &#8211; Dificuldade para respirar<\/h2>\r\n\r\n\r\n\r\n<p>Respirar parece algo f\u00e1cil e rotineiro, mas para quem sofre de apneia, a <strong>sensa\u00e7\u00e3o de sufocamento durante o sono<\/strong> \u00e9 constante e causa s\u00e9rios problemas \u00e0 sa\u00fade. Esse problema se d\u00e1 por conta do bloqueio das vias respirat\u00f3rias.\u00a0<\/p>\r\n\r\n\r\n\r\n<p>Esse bloqueio ocorre pois os m\u00fasculos da parte de tr\u00e1s da boca relaxam e obstruem a passagem de ar na garganta. A falta de oxig\u00eanio afeta o sistema nervoso, comprometendo at\u00e9 a press\u00e3o arterial, o que pode ocasionar diversas doen\u00e7as cardiovasculares.<\/p>\r\n\r\n\r\n\r\n<h2 class=\"wp-block-heading\">2 &#8211; Ronco<\/h2>\r\n\r\n\r\n\r\n<p>O<strong>\u00a0ronco<\/strong>, um dos sinais mais marcantes e barulhentos do dist\u00farbio, \u00e9 resultado das vibra\u00e7\u00f5es que as estruturas da garganta fazem por estarem comprimidas devido \u00e0 obstru\u00e7\u00e3o do ar. Ou seja,\u00a0<strong>o que causa o ronco<\/strong>, \u00e9 justamente esse processo em que se d\u00e1 o relaxamento dos m\u00fasculos e o bloqueio da passagem do ar.<\/p>\r\n<p><strong>LEIA MAIS: <a href=\"https:\/\/www.telavita.com.br\/blog\/dicas-para-melhorar-o-sono\/\">Dicas para melhorar o sono e promover sua higiene!<\/a><\/strong><\/p>\r\n\r\n\r\n\r\n<h2 class=\"wp-block-heading\">3 &#8211; Despertares recorrentes<\/h2>\r\n\r\n\r\n\r\n<p>J\u00e1 falamos sobre o processo de bloqueio que as vias respirat\u00f3rias sofrem e que isso pode acontecer at\u00e9 35 vezes durante 1 minuto. Isso n\u00e3o parece nada confort\u00e1vel, n\u00e3o? Esses epis\u00f3dios anormais fazem com que o corpo desperte para regular novamente as suas fun\u00e7\u00f5es.<\/p>\r\n\r\n\r\n\r\n<p>A cada obstru\u00e7\u00e3o, o ciclo do sono \u00e9 colocado em risco e interrompido, gerando despertares recorrentes e que impactam demais na vida dos pacientes.<\/p>\r\n<span class='mb-center maxbutton-2-center'><span class='maxbutton-2-container mb-container'><a class=\"maxbutton-2 maxbutton maxbutton-home-telavita\" href=\"https:\/\/www.telavita.com.br\"><span class='mb-text'>Conhe\u00e7a a Telavita<\/span><\/a><\/span><\/span>\r\n\r\n\r\n\r\n<h2 class=\"wp-block-heading\">4 &#8211; Sono em excesso<strong>\u00a0<\/strong>durante o dia<\/h2>\r\n\r\n\r\n\r\n<p>Um dos sinais e consequ\u00eancias da apneia do sono \u00e9 a sonol\u00eancia durante o dia, j\u00e1 que quem sofre do dist\u00farbio n\u00e3o consegue completar o ciclo do sono durante a noite.\u00a0<\/p>\r\n\r\n\r\n\r\n<p>\u00c9 durante a noite que o sono completa sua miss\u00e3o restauradora, essencial para a sa\u00fade do organismo pois na capacidade dos indiv\u00edduos sentirem-se bem durante o dia. Isso acontece porque, durante o sono, o corpo remove do c\u00e9rebro<strong>\u00a0prote\u00ednas t\u00f3xicas<\/strong>, as\u00a0<strong>beta-amiloides<\/strong>. Se n\u00e3o forem removidas, interferem com o funcionamento do c\u00e9rebro.<\/p>\r\n\r\n\r\n\r\n<p>Quando o indiv\u00edduo n\u00e3o dorme, a sensa\u00e7\u00e3o de bem-estar que o efeito restaurador do corpo promove durante a noite n\u00e3o acontece.<\/p>\r\n<p><strong>LEIA MAIS: <a href=\"https:\/\/www.telavita.com.br\/blog\/apneia\/\">Apneia do sono: o dist\u00farbio que pode causar hipertens\u00e3o e at\u00e9 depress\u00e3o!<\/a><\/strong><\/p>\r\n\r\n\r\n\r\n<h2 class=\"wp-block-heading\">5 &#8211; Altera\u00e7\u00f5es de humor<\/h2>\r\n\r\n\r\n\r\n<p>Cientistas da\u00a0<a href=\"http:\/\/www.ucla.edu\/\">Universidade da Calif\u00f3rnia<\/a>, nos Estados Unidos, observaram que os n\u00edveis dos neurotransmissores GABA e glutamato, moduladores das emo\u00e7\u00f5es, de quem sofre de apneia se encontravam acima do normal. Isso pode explicar no desenvolvimento das doen\u00e7as psicol\u00f3gicas como\u00a0<strong><a href=\"https:\/\/www.telavita.com.br\/blog\/depressao\/\">depress\u00e3o<\/a>,\u00a0<a href=\"https:\/\/www.telavita.com.br\/blog\/o-que-e-ansiedade\/\">ansiedade\u00a0<\/a>e\u00a0<a href=\"https:\/\/www.telavita.com.br\/blog\/estresse-o-que-e\/\">estresse<\/a><\/strong><a href=\"https:\/\/www.telavita.com.br\/blog\/estresse-o-que-e\/\">.\u00a0<\/a><\/p>\r\n\r\n\r\n\r\n<p>O <strong>tratamento para apneia<\/strong>\u00a0pode se dar atrav\u00e9s de aparelhos, <strong>m\u00e1scara CPAP <\/strong>e, nos casos refrat\u00e1rios, cirurgia. Uma reavalia\u00e7\u00e3o da <strong>higiene do sono <\/strong>tamb\u00e9m fundamental.<\/p>\r\n\r\n\r\n\r\n\r\n\r\n<p>A terapia tamb\u00e9m \u00e9 uma \u00f3tima aliada nos casos em que h\u00e1 a comorbidade entre apneia e depress\u00e3o, ansiedade ou estresse. Assim, o psic\u00f3logo auxiliar\u00e1 na redu\u00e7\u00e3o dos gatilhos e em terapias que ajudem a melhorar o sono.<\/p>\r\n<span class='mb-center maxbutton-4-center'><span class='maxbutton-4-container mb-container'><a class=\"maxbutton-4 maxbutton maxbutton-manda-para-o-catalogo-de-psicologos\" href=\"https:\/\/app.telavita.com.br\/psicologia-online\/encontre-seu-psicologo\"><span class='mb-text'>Encontre seu psic\u00f3logo online<\/span><\/a><\/span><\/span>\r\n","protected":false},"excerpt":{"rendered":"<p>Cerca de 1 bilh\u00e3o de pessoas sofrem com esse dist\u00farbio. A apneia do sono e seus sintomas podem impactar profundamente a vida de muitos. Imagine estar dormindo e, de repente,\u00a0parar de respirar durante o sono. Agora imagine que esse processo pode ser repetir\u00a0at\u00e9 35 vezes durante 1 minuto. Parece desesperador, n\u00e3o? \u00c9 o que acontece [&hellip;]<\/p>\n","protected":false},"author":8,"featured_media":4563,"comment_status":"open","ping_status":"open","sticky":false,"template":"","format":"standard","meta":{"_lmt_disableupdate":"","_lmt_disable":"","footnotes":""},"categories":[280],"tags":[],"yoast_head":"<!-- This site is optimized with the Yoast SEO plugin v19.8 - https:\/\/yoast.com\/wordpress\/plugins\/seo\/ -->\n<title>Sintomas Da Apneia Do Sono - Confira Os 5 Sinais De Apneia Do Sono<\/title>\n<meta name=\"description\" content=\"Cerca de 1 bilh\u00e3o de pessoas sofrem com esse dist\u00farbio. A apneia do sono e seus sintomas podem impactar profundamente a vida de muitos.\" \/>\n<meta name=\"robots\" content=\"index, follow, max-snippet:-1, max-image-preview:large, max-video-preview:-1\" \/>\n<link rel=\"canonical\" href=\"https:\/\/www.telavita.com.br\/blog\/sintomas-da-apneia\/\" \/>\n<meta property=\"og:locale\" content=\"pt_BR\" \/>\n<meta property=\"og:type\" content=\"article\" \/>\n<meta property=\"og:title\" content=\"Sintomas Da Apneia Do Sono - Confira Os 5 Sinais De Apneia Do Sono\" \/>\n<meta property=\"og:description\" content=\"Cerca de 1 bilh\u00e3o de pessoas sofrem com esse dist\u00farbio. A apneia do sono e seus sintomas podem impactar profundamente a vida de muitos.\" \/>\n<meta property=\"og:url\" content=\"https:\/\/www.telavita.com.br\/blog\/sintomas-da-apneia\/\" \/>\n<meta property=\"og:site_name\" content=\"Telavita\" \/>\n<meta property=\"article:publisher\" content=\"https:\/\/www.facebook.com\/Telavita\" \/>\n<meta property=\"article:published_time\" content=\"2019-01-06T10:00:23+00:00\" \/>\n<meta property=\"article:modified_time\" content=\"2021-06-30T20:10:28+00:00\" \/>\n<meta property=\"og:image\" content=\"https:\/\/www.telavita.com.br\/blog\/wp-content\/uploads\/2018\/11\/sintomas-da-apneia.jpg\" \/>\n\t<meta property=\"og:image:width\" content=\"900\" \/>\n\t<meta property=\"og:image:height\" content=\"560\" \/>\n\t<meta property=\"og:image:type\" content=\"image\/jpeg\" \/>\n<meta name=\"author\" content=\"Juliana Sonsin\" \/>\n<meta name=\"twitter:card\" content=\"summary_large_image\" \/>\n<meta name=\"twitter:label1\" content=\"Escrito por\" \/>\n\t<meta name=\"twitter:data1\" content=\"Juliana Sonsin\" \/>\n\t<meta name=\"twitter:label2\" content=\"Est. tempo de leitura\" \/>\n\t<meta name=\"twitter:data2\" content=\"3 minutos\" \/>\n<!-- \/ Yoast SEO plugin. -->","yoast_head_json":{"title":"Sintomas Da Apneia Do Sono - Confira Os 5 Sinais De Apneia Do Sono","description":"Cerca de 1 bilh\u00e3o de pessoas sofrem com esse dist\u00farbio. A apneia do sono e seus sintomas podem impactar profundamente a vida de muitos.","robots":{"index":"index","follow":"follow","max-snippet":"max-snippet:-1","max-image-preview":"max-image-preview:large","max-video-preview":"max-video-preview:-1"},"canonical":"https:\/\/www.telavita.com.br\/blog\/sintomas-da-apneia\/","og_locale":"pt_BR","og_type":"article","og_title":"Sintomas Da Apneia Do Sono - Confira Os 5 Sinais De Apneia Do Sono","og_description":"Cerca de 1 bilh\u00e3o de pessoas sofrem com esse dist\u00farbio. A apneia do sono e seus sintomas podem impactar profundamente a vida de muitos.","og_url":"https:\/\/www.telavita.com.br\/blog\/sintomas-da-apneia\/","og_site_name":"Telavita","article_publisher":"https:\/\/www.facebook.com\/Telavita","article_published_time":"2019-01-06T10:00:23+00:00","article_modified_time":"2021-06-30T20:10:28+00:00","og_image":[{"width":900,"height":560,"url":"https:\/\/www.telavita.com.br\/blog\/wp-content\/uploads\/2018\/11\/sintomas-da-apneia.jpg","type":"image\/jpeg"}],"author":"Juliana Sonsin","twitter_card":"summary_large_image","twitter_misc":{"Escrito por":"Juliana Sonsin","Est. tempo de leitura":"3 minutos"},"schema":{"@context":"https:\/\/schema.org","@graph":[{"@type":"Article","@id":"https:\/\/www.telavita.com.br\/blog\/sintomas-da-apneia\/#article","isPartOf":{"@id":"https:\/\/www.telavita.com.br\/blog\/sintomas-da-apneia\/"},"author":{"name":"Juliana Sonsin","@id":"https:\/\/www.telavita.com.br\/blog\/#\/schema\/person\/c9d2f268651fd6d6bf440495dd23b40e"},"headline":"Dist\u00farbios do sono: Confira 5 sintomas da apneia do sono!","datePublished":"2019-01-06T10:00:23+00:00","dateModified":"2021-06-30T20:10:28+00:00","mainEntityOfPage":{"@id":"https:\/\/www.telavita.com.br\/blog\/sintomas-da-apneia\/"},"wordCount":697,"commentCount":0,"publisher":{"@id":"https:\/\/www.telavita.com.br\/blog\/#organization"},"articleSection":["Sono"],"inLanguage":"pt-BR","potentialAction":[{"@type":"CommentAction","name":"Comment","target":["https:\/\/www.telavita.com.br\/blog\/sintomas-da-apneia\/#respond"]}]},{"@type":"WebPage","@id":"https:\/\/www.telavita.com.br\/blog\/sintomas-da-apneia\/","url":"https:\/\/www.telavita.com.br\/blog\/sintomas-da-apneia\/","name":"Sintomas Da Apneia Do Sono - Confira Os 5 Sinais De Apneia Do Sono","isPartOf":{"@id":"https:\/\/www.telavita.com.br\/blog\/#website"},"datePublished":"2019-01-06T10:00:23+00:00","dateModified":"2021-06-30T20:10:28+00:00","description":"Cerca de 1 bilh\u00e3o de pessoas sofrem com esse dist\u00farbio. A apneia do sono e seus sintomas podem impactar profundamente a vida de muitos.","breadcrumb":{"@id":"https:\/\/www.telavita.com.br\/blog\/sintomas-da-apneia\/#breadcrumb"},"inLanguage":"pt-BR","potentialAction":[{"@type":"ReadAction","target":["https:\/\/www.telavita.com.br\/blog\/sintomas-da-apneia\/"]}]},{"@type":"BreadcrumbList","@id":"https:\/\/www.telavita.com.br\/blog\/sintomas-da-apneia\/#breadcrumb","itemListElement":[{"@type":"ListItem","position":1,"name":"In\u00edcio","item":"https:\/\/www.telavita.com.br\/blog\/"},{"@type":"ListItem","position":2,"name":"Dist\u00farbios do sono: Confira 5 sintomas da apneia do sono!"}]},{"@type":"WebSite","@id":"https:\/\/www.telavita.com.br\/blog\/#website","url":"https:\/\/www.telavita.com.br\/blog\/","name":"Telavita","description":"Conte\u00fados especializados sobre sa\u00fade mental e bem-estar","publisher":{"@id":"https:\/\/www.telavita.com.br\/blog\/#organization"},"potentialAction":[{"@type":"SearchAction","target":{"@type":"EntryPoint","urlTemplate":"https:\/\/www.telavita.com.br\/blog\/?s={search_term_string}"},"query-input":"required name=search_term_string"}],"inLanguage":"pt-BR"},{"@type":"Organization","@id":"https:\/\/www.telavita.com.br\/blog\/#organization","name":"Telavita","url":"https:\/\/www.telavita.com.br\/blog\/","sameAs":["https:\/\/www.linkedin.com\/company\/telavita\/mycompany\/verification\/","https:\/\/www.instagram.com\/telavita\/","https:\/\/www.facebook.com\/Telavita"],"logo":{"@type":"ImageObject","inLanguage":"pt-BR","@id":"https:\/\/www.telavita.com.br\/blog\/#\/schema\/logo\/image\/","url":"https:\/\/www.telavita.com.br\/blog\/wp-content\/uploads\/2021\/05\/telavita.jpg","contentUrl":"https:\/\/www.telavita.com.br\/blog\/wp-content\/uploads\/2021\/05\/telavita.jpg","width":200,"height":200,"caption":"Telavita"},"image":{"@id":"https:\/\/www.telavita.com.br\/blog\/#\/schema\/logo\/image\/"}},{"@type":"Person","@id":"https:\/\/www.telavita.com.br\/blog\/#\/schema\/person\/c9d2f268651fd6d6bf440495dd23b40e","name":"Juliana Sonsin","image":{"@type":"ImageObject","inLanguage":"pt-BR","@id":"https:\/\/www.telavita.com.br\/blog\/#\/schema\/person\/image\/","url":"https:\/\/secure.gravatar.com\/avatar\/dfb14c6228cdf7312fea984efc84d04e?s=96&d=mm&r=g","contentUrl":"https:\/\/secure.gravatar.com\/avatar\/dfb14c6228cdf7312fea984efc84d04e?s=96&d=mm&r=g","caption":"Juliana Sonsin"},"description":"Jornalista formada pela Faculdade C\u00e1sper Libero e especializada em sa\u00fade. Apaixonada por escrever roteiros de v\u00eddeos, produzir (e assistir) document\u00e1rios e ler sobre tudo um pouco. Acredito no jornalismo \u00e9tico como um meio de trazer ao p\u00fablico informa\u00e7\u00f5es e hist\u00f3rias que valem a pena serem contadas. Gosto de viajar, fazer yoga e assistir s\u00e9ries.","url":"https:\/\/www.telavita.com.br\/blog\/author\/juliana-sonsin\/"}]}},"modified_by":null,"_links":{"self":[{"href":"https:\/\/www.telavita.com.br\/blog\/wp-json\/wp\/v2\/posts\/3174"}],"collection":[{"href":"https:\/\/www.telavita.com.br\/blog\/wp-json\/wp\/v2\/posts"}],"about":[{"href":"https:\/\/www.telavita.com.br\/blog\/wp-json\/wp\/v2\/types\/post"}],"author":[{"embeddable":true,"href":"https:\/\/www.telavita.com.br\/blog\/wp-json\/wp\/v2\/users\/8"}],"replies":[{"embeddable":true,"href":"https:\/\/www.telavita.com.br\/blog\/wp-json\/wp\/v2\/comments?post=3174"}],"version-history":[{"count":8,"href":"https:\/\/www.telavita.com.br\/blog\/wp-json\/wp\/v2\/posts\/3174\/revisions"}],"predecessor-version":[{"id":7393,"href":"https:\/\/www.telavita.com.br\/blog\/wp-json\/wp\/v2\/posts\/3174\/revisions\/7393"}],"wp:featuredmedia":[{"embeddable":true,"href":"https:\/\/www.telavita.com.br\/blog\/wp-json\/wp\/v2\/media\/4563"}],"wp:attachment":[{"href":"https:\/\/www.telavita.com.br\/blog\/wp-json\/wp\/v2\/media?parent=3174"}],"wp:term":[{"taxonomy":"category","embeddable":true,"href":"https:\/\/www.telavita.com.br\/blog\/wp-json\/wp\/v2\/categories?post=3174"},{"taxonomy":"post_tag","embeddable":true,"href":"https:\/\/www.telavita.com.br\/blog\/wp-json\/wp\/v2\/tags?post=3174"}],"curies":[{"name":"wp","href":"https:\/\/api.w.org\/{rel}","templated":true}]}}