{"id":3530,"date":"2019-01-11T12:03:06","date_gmt":"2019-01-11T14:03:06","guid":{"rendered":"https:\/\/www.telavita.com.br\/blog\/?p=3530"},"modified":"2023-08-11T16:55:21","modified_gmt":"2023-08-11T19:55:21","slug":"sindrome-de-tourette","status":"publish","type":"post","link":"https:\/\/www.telavita.com.br\/blog\/sindrome-de-tourette\/","title":{"rendered":"S\u00edndrome de Tourette: sintomas, causas e curiosidades"},"content":{"rendered":"\r\n\r\n\r\n<p>A S\u00edndrome de Tourette, com seus tiques incontrol\u00e1veis, afeta tanto pacientes quanto suas rela\u00e7\u00f5es interpessoais, gerando desconforto. <strong>Phoebe Lichten<\/strong>, personagem de<strong> &#8220;A Menina no Pa\u00eds das Maravilhas&#8221;<\/strong>, espelha a realidade de crian\u00e7as com a s\u00edndrome, lidando com tiques e desafios sociais.<\/p>\r\n<p>Zombaria, provoca\u00e7\u00f5es e rejei\u00e7\u00e3o s\u00e3o partes de seu dia a dia como portadora da <strong>S\u00edndrome de Tourette<\/strong>, um dist\u00farbio neuropsiqui\u00e1trico caracterizado por tiques m\u00faltiplos, motores ou vocais, que a faz parecer mal educada e estranha aos olhos dos outros.<\/p>\r\n<p>Embora Phoebe seja personagem do filme<strong> \u201cA menina no Pa\u00eds das Maravilhas\u201d (Phoebe in Wonderland)<\/strong>, a s\u00edndrome de Tourette \u00e9 real e torna a vida de muitas pessoas bem dif\u00edcil.<\/p>\r\n<h2><strong>O que \u00e9 a S\u00edndrome de Tourette?<\/strong><\/h2>\r\n<p>A <strong>S\u00edndrome de Tourette<\/strong> \u00e9 um dist\u00farbio neuropsiqui\u00e1trico caracterizado pela <strong>presen\u00e7a de tiques motores e vocais involunt\u00e1rios<\/strong>, que s\u00e3o movimentos e sons repetitivos e incontrol\u00e1veis.<\/p>\r\n\r\n\r\n\r\n<p>Na grande maioria dos casos, a s\u00edndrome aparece na inf\u00e2ncia, entre 3 a 9 anos, e ocorre cerca de <strong>3 a 4 vezes mais nos meninos do que nas meninas.<\/strong> No entanto, <strong>a condi\u00e7\u00e3o pode ser cr\u00f4nica e com sintomas que duram por toda a vida.<\/strong><\/p>\r\n<p>Por\u00e9m, a maioria dos pacientes experienciam os piores sinais na pr\u00e9-adolesc\u00eancia, e assim, podem obter grande melhora nos anos seguintes.<\/p>\r\n<h3><strong>O preconceito com a condi\u00e7\u00e3o<\/strong><\/h3>\r\n\r\n\r\n\r\n\r\n\r\n<p>A <strong><a href=\"https:\/\/tourette.org\/\">TSA (Associa\u00e7\u00e3o da S\u00edndrome de Tourette) <\/a><\/strong>define o problema \u00a0como \u201cum transtorno desconcertante\u201d, isso por que a quantidade de tiques e movimentos involunt\u00e1rios podem fazer com que o paciente sinta uma necessidade incontrol\u00e1vel de falar algo <strong>que n\u00e3o \u00e9 socialmente aceito ou que vai contra as normas da educa\u00e7\u00e3o. <\/strong><\/p>\r\n<p>Al\u00e9m disso, os tiques motores tamb\u00e9m podem ofender algu\u00e9m que n\u00e3o tem conhecimento do problema. \u00c9 essencial lembrar que esses tiques s\u00e3o <strong>involunt\u00e1rios<\/strong>, ou seja, a pessoa n\u00e3o tem controle sobre eles e <strong>n\u00e3o os faz para chamar aten\u00e7\u00e3o.<\/strong><\/p>\r\n\r\n\r\n\r\n<h2 class=\"wp-block-heading\"><strong>O que s\u00e3o tiques?<\/strong><\/h2>\r\n\r\n\r\n\r\n<p>Os <strong>tiques<\/strong> s\u00e3o movimentos involunt\u00e1rios, s\u00fabitos, r\u00e1pidos, recorrentes, n\u00e3o r\u00edtmicos e estereotipados. Aparecem tamb\u00e9m na forma de vocaliza\u00e7\u00f5es (barulhos) e ocorrem de forma cont\u00ednua ou em acessos.<\/p>\r\n<p>Entretanto, as vezes s\u00e3o precedidos por uma sensa\u00e7\u00e3o desconfort\u00e1vel, chamada de sensa\u00e7\u00e3o premonit\u00f3ria e frequentemente seguidos por uma sensa\u00e7\u00e3o de al\u00edvio. <strong><a href=\"https:\/\/www.telavita.com.br\/blog\/estresse-o-que-e\/\">Estresse<\/a>, <\/strong>fadiga, <strong><a href=\"https:\/\/www.telavita.com.br\/blog\/o-que-e-ansiedade\/\">ansiedade <\/a><\/strong>e excita\u00e7\u00e3o<strong> podem ser gatilhos para os tiques darem as caras. <\/strong><\/p>\r\n<p>Todavia, os tiques complexos podem organizar-se e serem ritualizados, o que os torna, \u00e0s vezes, dif\u00edceis de diferenciar das compuls\u00f5es, que seriam precedidas de fen\u00f4menos cognitivos (id\u00e9ias) e acompanhados de sinais auton\u00f4micos (ansiedade, palpita\u00e7\u00f5es, tremores, sudorese).<\/p>\r\n<h3><strong>Como s\u00e3o os tiques na S\u00edndrome de Tourette?<\/strong><\/h3>\r\n\r\n\r\n\r\n\r\n\r\n<p>Os <strong>tiques<\/strong> podem contemplar tanto os movimentos mais simples, como piscar repetidamente, quanto os mais complexos e desconcertantes, como a <strong>coprolalia<\/strong>, emiss\u00e3o involunt\u00e1ria de palavras obscenas (palavr\u00f5es) e a <strong>copropraxia<\/strong>, gestos obscenos involunt\u00e1rios. Al\u00e9m desses tipos, tamb\u00e9m existem:<\/p>\r\n\r\n\r\n\r\n<ul>\r\n<li><strong>Ecolalia:<\/strong> repeti\u00e7\u00e3o de palavras ouvidas.<\/li>\r\n<li><strong>Ecopraxia:<\/strong> repeti\u00e7\u00e3o de gestos vistos.<\/li>\r\n<li><strong>Palilalia:<\/strong> repeti\u00e7\u00e3o das pr\u00f3prias palavras.<\/li>\r\n<\/ul>\r\n\r\n\r\n\r\n<p style=\"text-align: left;\">Na S\u00edndrome de Tourette, a intensidade dos tiques varia entre os quase impercept\u00edveis, como um leve levantar de ombros, at\u00e9 tiques mais graves, como <strong>lamber m\u00e3os, dedos ou objetos. <\/strong><\/p>\r\n<p style=\"text-align: left;\">Em contrapartida, estima-se que um ter\u00e7o dos pacientes apresente remiss\u00e3o completa ao final da adolesc\u00eancia, ainda que existam casos em que a <strong>crian\u00e7a leva boa parte dos tiques, ainda que camuflados, para a vida adulta. <\/strong><\/p>\r\n\r\n\r\n\r\n<h2 class=\"wp-block-heading\"><strong>Sintomas da S\u00edndrome de Tourette<\/strong><\/h2>\r\n\r\n\r\n\r\n<p>Segundo o<strong><a href=\"https:\/\/drauziovarella.uol.com.br\/doencas-e-sintomas\/sindrome-de-tourette\/\"> Dr. Drauzio Varella<\/a><\/strong>, em 80% dos casos, os tiques motores s\u00e3o a manifesta\u00e7\u00e3o inicial da s\u00edndrome. Logo, eles incluem piscar, franzir a testa, contrair os m\u00fasculos da face, balan\u00e7ar a cabe\u00e7a, contrair em trancos os m\u00fasculos abdominais ou outros grupos musculares, al\u00e9m de movimentos mais complexos que parecem propositais.<\/p>\r\n<p>Al\u00e9m desse sinal que \u00e9 o mais marcante, podem ser manifestados como sintoma:<\/p>\r\n\r\n\r\n\r\n<ul>\r\n<li><strong><a href=\"https:\/\/www.telavita.com.br\/blog\/raiva-e-agressividade\/\">Agressividade<\/a><\/strong>;<\/li>\r\n<li>Comportamento compulsivo;<\/li>\r\n<li>Hiperatividade;<\/li>\r\n<li>Imita\u00e7\u00e3o involunt\u00e1ria dos movimentos de outra pessoa;<\/li>\r\n<li>Impulsividade;<\/li>\r\n<li>Movimentos repetitivos;<\/li>\r\n<li>Aumento da atividade muscular;<\/li>\r\n<li><strong><a href=\"https:\/\/www.telavita.com.br\/blog\/o-que-e-ansiedade\/\">Ansiedade<\/a><\/strong>;<\/li>\r\n<li>Dificuldade de aprendizagem;<\/li>\r\n<li>Gagueira, pigarrear com frequ\u00eancia, piscar os olhos repetidamente, resposta exagerada ao receber um susto, tosse ou tremores nas p\u00e1lpebras<\/li>\r\n<\/ul>\r\n\r\n\r\n\r\n\r\n\r\n<h3><strong>Famosos que possuem a S\u00edndrome de Tourette<\/strong><\/h3>\r\n<p>Billie Eilish, uma cantora e compositora talentosa, \u00e9 conhecida por sua m\u00fasica \u00fanica e estilo inovador. Ela tem sido muito aberta sobre sua sa\u00fade mental e em 2022, no programa My Next Guest, falou abertamento sobre ser diagnosticada com a S\u00edndrome de Tourette.<\/p>\r\n<div class=\"group w-full text-token-text-primary border-b border-black\/10 dark:border-gray-900\/50 bg-gray-50 dark:bg-[#444654]\">\r\n<div class=\"flex p-4 gap-4 text-base md:gap-6 md:max-w-2xl lg:max-w-[38rem] xl:max-w-3xl md:py-6 lg:px-0 m-auto\">\r\n<div class=\"relative flex w-[calc(100%-50px)] flex-col gap-1 md:gap-3 lg:w-[calc(100%-115px)]\">\r\n<div class=\"flex flex-grow flex-col gap-3\">\r\n<div class=\"min-h-[20px] flex flex-col items-start gap-3 overflow-x-auto whitespace-pre-wrap break-words\">\r\n<div class=\"markdown prose w-full break-words dark:prose-invert light\">\r\n<p><strong><a href=\"https:\/\/oglobo.globo.com\/cultura\/noticia\/2023\/03\/sindrome-de-tourette-atracao-do-lollapalooza-billie-eilish-convive-com-a-doenca-ha-dez-anos-entenda.ghtml\">De acordo com Billie<\/a><\/strong>, os tiques geralmente n\u00e3o ocorrem durante suas performances no palco, mas sim em situa\u00e7\u00f5es informais quando ela est\u00e1 mais relaxada. Outras celebridades tamb\u00e9m compartilharam publicamente que t\u00eam a s\u00edndrome, incluindo o lutador e <strong>ex-participante do BBB Cara de Sapato<\/strong>, o jogador <strong>David Beckham<\/strong> e o cantor escoc\u00eas <strong>Lewis Capaldi.<\/strong><\/p>\r\n<\/div>\r\n<\/div>\r\n<\/div>\r\n<\/div>\r\n<\/div>\r\n<\/div>\r\n<h2><strong>Tratamento para a condi\u00e7\u00e3o<\/strong><\/h2>\r\n<p>\r\n\r\n<\/p>\r\n<p>A s\u00edndrome de Tourette n\u00e3o tem cura, mas pode ser controlada. Uma grande aliada do tratamento \u00e9 <a href=\"https:\/\/www.telavita.com.br\/blog\/terapia-cognitiva-comportamental\/\"><strong>a<\/strong> <strong>terapia cognitivo-comportamental<\/strong><\/a> ou, para os \u00edntimos, TCC, um dos tipos de terapia mais famosos e mais embasados por evid\u00eancias cient\u00edficas.<\/p>\r\n<p>Nela, o terapeuta conduz o paciente a uma verdadeira <strong>jornada de transforma\u00e7\u00e3o de pensamento<\/strong> frente aos problemas e \u00e0s emo\u00e7\u00f5es que eles surtem. Diante disso, inicialmente, objetiva devolver ao paciente a flexibilidade cognitiva,<strong> atrav\u00e9s da interven\u00e7\u00e3o sobre as suas cogni\u00e7\u00f5es.<\/strong><\/p>\r\n<p>Todavia, ao longo do processo terap\u00eautico, a TCC atua diretamente sobre <strong>o sistema de esquemas e cren\u00e7as do paciente<\/strong> a fim de promover sua reestrutura\u00e7\u00e3o. Em paralelo \u00e0 reestrutura\u00e7\u00e3o cognitiva, o terapeuta cognitivo utiliza ainda uma abordagem de resolu\u00e7\u00e3o de problemas.<\/p>\r\n<p>\r\n\r\n\r\n\r\n<\/p>\r\n<p>Sendo assim, no <strong>caso da s\u00edndrome de Tourette<\/strong>, os psic\u00f3logos conduzem os pacientes em um treinamento e monitora\u00e7\u00e3o das sensa\u00e7\u00f5es premonit\u00f3rias e dos tiques. Medicamentos antipsic\u00f3ticos tamb\u00e9m podem se prescritos por m\u00e9dicos especialistas com a finalidade de reduzir a intensidade dos tiques.<\/p>\r\n\r\n\r\n\r\n<p><strong><br \/><\/strong><span class='mb-center maxbutton-4-center'><span class='maxbutton-4-container mb-container'><a class=\"maxbutton-4 maxbutton maxbutton-manda-para-o-catalogo-de-psicologos\" href=\"https:\/\/app.telavita.com.br\/psicologia-online\/encontre-seu-psicologo\"><span class='mb-text'>Encontre seu psic\u00f3logo online<\/span><\/a><\/span><\/span><\/p>\r\n","protected":false},"excerpt":{"rendered":"<p>A S\u00edndrome de Tourette, com seus tiques incontrol\u00e1veis, afeta tanto pacientes quanto suas rela\u00e7\u00f5es interpessoais, gerando desconforto. Phoebe Lichten, personagem de &#8220;A Menina no Pa\u00eds das Maravilhas&#8221;, espelha a realidade de crian\u00e7as com a s\u00edndrome, lidando com tiques e desafios sociais. Zombaria, provoca\u00e7\u00f5es e rejei\u00e7\u00e3o s\u00e3o partes de seu dia a dia como portadora da [&hellip;]<\/p>\n","protected":false},"author":8,"featured_media":8921,"comment_status":"open","ping_status":"open","sticky":false,"template":"","format":"standard","meta":{"_lmt_disableupdate":"","_lmt_disable":"","footnotes":""},"categories":[277],"tags":[],"yoast_head":"<!-- This site is optimized with the Yoast SEO plugin v19.8 - https:\/\/yoast.com\/wordpress\/plugins\/seo\/ -->\n<title>S\u00edndrome de Tourette: sintomas, causas e curiosidades | Telavita<\/title>\n<meta name=\"description\" content=\"A S\u00edndrome de Tourette \u00e9 um dist\u00farbio neuropsiqui\u00e1trico caracterizado por tiques m\u00faltiplos incontrol\u00e1veis e desconcertantes.\" \/>\n<meta name=\"robots\" content=\"index, follow, max-snippet:-1, max-image-preview:large, max-video-preview:-1\" \/>\n<link rel=\"canonical\" href=\"https:\/\/www.telavita.com.br\/blog\/sindrome-de-tourette\/\" \/>\n<meta property=\"og:locale\" content=\"pt_BR\" \/>\n<meta property=\"og:type\" content=\"article\" \/>\n<meta property=\"og:title\" content=\"S\u00edndrome de Tourette: sintomas, causas e curiosidades | Telavita\" \/>\n<meta property=\"og:description\" content=\"A S\u00edndrome de Tourette \u00e9 um dist\u00farbio neuropsiqui\u00e1trico caracterizado por tiques m\u00faltiplos incontrol\u00e1veis e desconcertantes.\" \/>\n<meta property=\"og:url\" content=\"https:\/\/www.telavita.com.br\/blog\/sindrome-de-tourette\/\" \/>\n<meta property=\"og:site_name\" content=\"Telavita\" \/>\n<meta property=\"article:publisher\" content=\"https:\/\/www.facebook.com\/Telavita\" \/>\n<meta property=\"article:published_time\" content=\"2019-01-11T14:03:06+00:00\" \/>\n<meta property=\"article:modified_time\" content=\"2023-08-11T19:55:21+00:00\" \/>\n<meta property=\"og:image\" content=\"https:\/\/www.telavita.com.br\/blog\/wp-content\/uploads\/2019\/01\/sindrome-de-tourette.jpg\" \/>\n\t<meta property=\"og:image:width\" content=\"2560\" \/>\n\t<meta property=\"og:image:height\" content=\"1707\" \/>\n\t<meta property=\"og:image:type\" content=\"image\/jpeg\" \/>\n<meta name=\"author\" content=\"Juliana Sonsin\" \/>\n<meta name=\"twitter:card\" content=\"summary_large_image\" \/>\n<meta name=\"twitter:label1\" content=\"Escrito por\" \/>\n\t<meta name=\"twitter:data1\" content=\"Juliana Sonsin\" \/>\n\t<meta name=\"twitter:label2\" content=\"Est. tempo de leitura\" \/>\n\t<meta name=\"twitter:data2\" content=\"6 minutos\" \/>\n<!-- \/ Yoast SEO plugin. -->","yoast_head_json":{"title":"S\u00edndrome de Tourette: sintomas, causas e curiosidades | Telavita","description":"A S\u00edndrome de Tourette \u00e9 um dist\u00farbio neuropsiqui\u00e1trico caracterizado por tiques m\u00faltiplos incontrol\u00e1veis e desconcertantes.","robots":{"index":"index","follow":"follow","max-snippet":"max-snippet:-1","max-image-preview":"max-image-preview:large","max-video-preview":"max-video-preview:-1"},"canonical":"https:\/\/www.telavita.com.br\/blog\/sindrome-de-tourette\/","og_locale":"pt_BR","og_type":"article","og_title":"S\u00edndrome de Tourette: sintomas, causas e curiosidades | Telavita","og_description":"A S\u00edndrome de Tourette \u00e9 um dist\u00farbio neuropsiqui\u00e1trico caracterizado por tiques m\u00faltiplos incontrol\u00e1veis e desconcertantes.","og_url":"https:\/\/www.telavita.com.br\/blog\/sindrome-de-tourette\/","og_site_name":"Telavita","article_publisher":"https:\/\/www.facebook.com\/Telavita","article_published_time":"2019-01-11T14:03:06+00:00","article_modified_time":"2023-08-11T19:55:21+00:00","og_image":[{"width":2560,"height":1707,"url":"https:\/\/www.telavita.com.br\/blog\/wp-content\/uploads\/2019\/01\/sindrome-de-tourette.jpg","type":"image\/jpeg"}],"author":"Juliana Sonsin","twitter_card":"summary_large_image","twitter_misc":{"Escrito por":"Juliana Sonsin","Est. tempo de leitura":"6 minutos"},"schema":{"@context":"https:\/\/schema.org","@graph":[{"@type":"Article","@id":"https:\/\/www.telavita.com.br\/blog\/sindrome-de-tourette\/#article","isPartOf":{"@id":"https:\/\/www.telavita.com.br\/blog\/sindrome-de-tourette\/"},"author":{"name":"Juliana Sonsin","@id":"https:\/\/www.telavita.com.br\/blog\/#\/schema\/person\/c9d2f268651fd6d6bf440495dd23b40e"},"headline":"S\u00edndrome de Tourette: sintomas, causas e curiosidades","datePublished":"2019-01-11T14:03:06+00:00","dateModified":"2023-08-11T19:55:21+00:00","mainEntityOfPage":{"@id":"https:\/\/www.telavita.com.br\/blog\/sindrome-de-tourette\/"},"wordCount":1039,"commentCount":0,"publisher":{"@id":"https:\/\/www.telavita.com.br\/blog\/#organization"},"articleSection":["Outras S\u00edndromes"],"inLanguage":"pt-BR","potentialAction":[{"@type":"CommentAction","name":"Comment","target":["https:\/\/www.telavita.com.br\/blog\/sindrome-de-tourette\/#respond"]}]},{"@type":"WebPage","@id":"https:\/\/www.telavita.com.br\/blog\/sindrome-de-tourette\/","url":"https:\/\/www.telavita.com.br\/blog\/sindrome-de-tourette\/","name":"S\u00edndrome de Tourette: sintomas, causas e curiosidades | Telavita","isPartOf":{"@id":"https:\/\/www.telavita.com.br\/blog\/#website"},"datePublished":"2019-01-11T14:03:06+00:00","dateModified":"2023-08-11T19:55:21+00:00","description":"A S\u00edndrome de Tourette \u00e9 um dist\u00farbio neuropsiqui\u00e1trico caracterizado por tiques m\u00faltiplos incontrol\u00e1veis e desconcertantes.","breadcrumb":{"@id":"https:\/\/www.telavita.com.br\/blog\/sindrome-de-tourette\/#breadcrumb"},"inLanguage":"pt-BR","potentialAction":[{"@type":"ReadAction","target":["https:\/\/www.telavita.com.br\/blog\/sindrome-de-tourette\/"]}]},{"@type":"BreadcrumbList","@id":"https:\/\/www.telavita.com.br\/blog\/sindrome-de-tourette\/#breadcrumb","itemListElement":[{"@type":"ListItem","position":1,"name":"In\u00edcio","item":"https:\/\/www.telavita.com.br\/blog\/"},{"@type":"ListItem","position":2,"name":"S\u00edndrome de Tourette: sintomas, causas e curiosidades"}]},{"@type":"WebSite","@id":"https:\/\/www.telavita.com.br\/blog\/#website","url":"https:\/\/www.telavita.com.br\/blog\/","name":"Telavita","description":"Conte\u00fados especializados sobre sa\u00fade mental e bem-estar","publisher":{"@id":"https:\/\/www.telavita.com.br\/blog\/#organization"},"potentialAction":[{"@type":"SearchAction","target":{"@type":"EntryPoint","urlTemplate":"https:\/\/www.telavita.com.br\/blog\/?s={search_term_string}"},"query-input":"required name=search_term_string"}],"inLanguage":"pt-BR"},{"@type":"Organization","@id":"https:\/\/www.telavita.com.br\/blog\/#organization","name":"Telavita","url":"https:\/\/www.telavita.com.br\/blog\/","sameAs":["https:\/\/www.linkedin.com\/company\/telavita\/mycompany\/verification\/","https:\/\/www.instagram.com\/telavita\/","https:\/\/www.facebook.com\/Telavita"],"logo":{"@type":"ImageObject","inLanguage":"pt-BR","@id":"https:\/\/www.telavita.com.br\/blog\/#\/schema\/logo\/image\/","url":"https:\/\/www.telavita.com.br\/blog\/wp-content\/uploads\/2021\/05\/telavita.jpg","contentUrl":"https:\/\/www.telavita.com.br\/blog\/wp-content\/uploads\/2021\/05\/telavita.jpg","width":200,"height":200,"caption":"Telavita"},"image":{"@id":"https:\/\/www.telavita.com.br\/blog\/#\/schema\/logo\/image\/"}},{"@type":"Person","@id":"https:\/\/www.telavita.com.br\/blog\/#\/schema\/person\/c9d2f268651fd6d6bf440495dd23b40e","name":"Juliana Sonsin","image":{"@type":"ImageObject","inLanguage":"pt-BR","@id":"https:\/\/www.telavita.com.br\/blog\/#\/schema\/person\/image\/","url":"https:\/\/secure.gravatar.com\/avatar\/dfb14c6228cdf7312fea984efc84d04e?s=96&d=mm&r=g","contentUrl":"https:\/\/secure.gravatar.com\/avatar\/dfb14c6228cdf7312fea984efc84d04e?s=96&d=mm&r=g","caption":"Juliana Sonsin"},"description":"Jornalista formada pela Faculdade C\u00e1sper Libero e especializada em sa\u00fade. Apaixonada por escrever roteiros de v\u00eddeos, produzir (e assistir) document\u00e1rios e ler sobre tudo um pouco. Acredito no jornalismo \u00e9tico como um meio de trazer ao p\u00fablico informa\u00e7\u00f5es e hist\u00f3rias que valem a pena serem contadas. Gosto de viajar, fazer yoga e assistir s\u00e9ries.","url":"https:\/\/www.telavita.com.br\/blog\/author\/juliana-sonsin\/"}]}},"modified_by":null,"_links":{"self":[{"href":"https:\/\/www.telavita.com.br\/blog\/wp-json\/wp\/v2\/posts\/3530"}],"collection":[{"href":"https:\/\/www.telavita.com.br\/blog\/wp-json\/wp\/v2\/posts"}],"about":[{"href":"https:\/\/www.telavita.com.br\/blog\/wp-json\/wp\/v2\/types\/post"}],"author":[{"embeddable":true,"href":"https:\/\/www.telavita.com.br\/blog\/wp-json\/wp\/v2\/users\/8"}],"replies":[{"embeddable":true,"href":"https:\/\/www.telavita.com.br\/blog\/wp-json\/wp\/v2\/comments?post=3530"}],"version-history":[{"count":7,"href":"https:\/\/www.telavita.com.br\/blog\/wp-json\/wp\/v2\/posts\/3530\/revisions"}],"predecessor-version":[{"id":8923,"href":"https:\/\/www.telavita.com.br\/blog\/wp-json\/wp\/v2\/posts\/3530\/revisions\/8923"}],"wp:featuredmedia":[{"embeddable":true,"href":"https:\/\/www.telavita.com.br\/blog\/wp-json\/wp\/v2\/media\/8921"}],"wp:attachment":[{"href":"https:\/\/www.telavita.com.br\/blog\/wp-json\/wp\/v2\/media?parent=3530"}],"wp:term":[{"taxonomy":"category","embeddable":true,"href":"https:\/\/www.telavita.com.br\/blog\/wp-json\/wp\/v2\/categories?post=3530"},{"taxonomy":"post_tag","embeddable":true,"href":"https:\/\/www.telavita.com.br\/blog\/wp-json\/wp\/v2\/tags?post=3530"}],"curies":[{"name":"wp","href":"https:\/\/api.w.org\/{rel}","templated":true}]}}