{"id":3537,"date":"2019-01-15T12:26:18","date_gmt":"2019-01-15T14:26:18","guid":{"rendered":"https:\/\/www.telavita.com.br\/blog\/?p=3537"},"modified":"2022-10-25T14:45:14","modified_gmt":"2022-10-25T17:45:14","slug":"linha-teorica-depressao","status":"publish","type":"post","link":"https:\/\/www.telavita.com.br\/blog\/linha-teorica-depressao\/","title":{"rendered":"Qual linha te\u00f3rica devo escolher para o tratamento da depress\u00e3o?"},"content":{"rendered":"<p><span style=\"font-weight: 400;\">A <\/span><b>psicologia<\/b><span style=\"font-weight: 400;\"> \u00e9 uma \u00e1rea ampla com diversas vertentes. No entanto, na hora de procurar um psic\u00f3logo, \u00e9 importante saber <\/span><b>qual a linha te\u00f3rica que ele segue.<\/b><span style=\"font-weight: 400;\"> Visto isso, pelo fato da depress\u00e3o ser um dos transtornos mais comuns da atualidade, \u00e9 o tipo de dist\u00farbio que mais tem demanda para tratamento.<\/span><\/p>\n<p><span style=\"font-weight: 400;\">A linha te\u00f3rica, por sua vez, diz respeito a qual teoria da psicologia o profissional ir\u00e1 seguir para iniciar o tratamento. S\u00e3o diversos conceitos e percep\u00e7\u00f5es que s\u00e3o diferentes umas das outras, mas <\/span><b>todas as \u00e1reas se mostram eficazes.<\/b><\/p>\n<p><span style=\"font-weight: 400;\">Algumas s\u00e3o mais indicadas para certos tipos de transtornos, isso \u00e9 comum. Por isso, vamos falar um pouco sobre o tema<\/span><b> levando em considera\u00e7\u00e3o o transtorno depressivo<\/b><span style=\"font-weight: 400;\">. Afinal, na hora de <\/span><a href=\"https:\/\/www.telavita.com.br\/blog\/beneficios-consulta-psicologica-depressao\/\"><b>procurar acompanhamento psicol\u00f3gico<\/b><\/a><span style=\"font-weight: 400;\">, qual linha \u00e9 mais indicada para a depress\u00e3o?<\/span><\/p>\n<h2><b>Conhecendo a din\u00e2mica ps\u00edquica do transtorno depressivo<\/b><\/h2>\n<p><span style=\"font-weight: 400;\">A depress\u00e3o consiste na <\/span><b>diminui\u00e7\u00e3o ou na perda de interesse<\/b><span style=\"font-weight: 400;\"> pelas atividades di\u00e1rias e cria grande apatia, o que afeta o funcionamento do organismo. No entanto, n\u00e3o atinge s\u00f3 a mente, mas tamb\u00e9m o corpo.<\/span><\/p>\n<p><span style=\"font-weight: 400;\">A<\/span> <span style=\"font-weight: 400;\">causa da depress\u00e3o, no c\u00e9rebro, compreende a <\/span><b>falha na produ\u00e7\u00e3o ou no aproveitamento de uma subst\u00e2ncia chamada serotonina<\/b><span style=\"font-weight: 400;\">, essencial para a comunica\u00e7\u00e3o entre os neur\u00f4nios e que provoca a sensa\u00e7\u00e3o de bem-estar. Por\u00e9m, a<\/span> <span style=\"font-weight: 400;\">origem da depress\u00e3o em cada indiv\u00edduo pode variar.<\/span><\/p>\n<p><span style=\"font-weight: 400;\">A depress\u00e3o end\u00f3gena, por exemplo, consiste em <\/span><b>altera\u00e7\u00f5es biol\u00f3gicas e na predisposi\u00e7\u00e3o gen\u00e9tica do indiv\u00edduo<\/b><span style=\"font-weight: 400;\">, ou seja, aqui, a depress\u00e3o \u00e9 heredit\u00e1ria e surge da <\/span><b>modifica\u00e7\u00e3o estrutural biol\u00f3gica do indiv\u00edduo.<\/b><span style=\"font-weight: 400;\"> J\u00e1 na depress\u00e3o ex\u00f3gena,\u00a0 os fatores externos como <\/span><b>estresse e traumas<\/b><span style=\"font-weight: 400;\">, s\u00e3o os poss\u00edveis causadores do problema.<\/span><\/p>\n<p><span style=\"font-weight: 400;\">A doen\u00e7a j\u00e1 atinge cerca de 300 milh\u00f5es de pessoas em todo o planeta, de acordo com a <\/span><b>Organiza\u00e7\u00e3o Mundial da Sa\u00fade. <\/b><span style=\"font-weight: 400;\">No Brasil,<\/span> <a href=\"https:\/\/www.revistahcsm.coc.fiocruz.br\/no-dia-mundial-da-saude-oms-alerta-sobre-depressao\/\"><b>5,8% da popula\u00e7\u00e3o sofre com o transtorno<\/b><\/a><span style=\"font-weight: 400;\">, sendo assim,\u00a0 o pa\u00eds com maior preval\u00eancia de depress\u00e3o da Am\u00e9rica Latina.\u00a0\u00a0<\/span><\/p>\n<p><b>LEIA MAIS: <\/b><a href=\"https:\/\/www.telavita.com.br\/blog\/depressao\/\"><b>O que \u00e9 a depress\u00e3o?<\/b><\/a><\/p>\n<h2><b>As duas principais linhas te\u00f3ricas para tratar a depress\u00e3o<\/b><\/h2>\n<p><span style=\"font-weight: 400;\">A depress\u00e3o n\u00e3o tem cura, mas pode ser controlada e ter os sintomas diminu\u00eddos. Tanto o acompanhamento psicol\u00f3gico peri\u00f3dico, quanto o uso de medicamentos, s\u00e3o essenciais para o tratamento da doen\u00e7a.\u00a0<\/span><\/p>\n<p><span style=\"font-weight: 400;\">Logo, na hora de escolher o terapeuta, \u00e9 importante estar de acordo com sua linha te\u00f3rica, tal como tamb\u00e9m, entend\u00ea-la e estar de acordo com o seu processo. Por isso,\u00a0 selecionamos duas das mais indicadas para a doen\u00e7a.<\/span><\/p>\n<h3><b>1. Terapia cognitivo-comportamental<\/b><\/h3>\n<p><b>A <\/b><a href=\"https:\/\/www.telavita.com.br\/blog\/terapia-cognitiva-comportamental\/\"><b>terapia cognitivo-comportamental<\/b><\/a><span style=\"font-weight: 400;\"> ou, para os \u00edntimos, TCC, \u00e9 um dos tipos de terapia mais famosos e mais embasados por e<\/span><b>vid\u00eancias cient\u00edficas<\/b><span style=\"font-weight: 400;\">. Aqui, o terapeuta<\/span> <span style=\"font-weight: 400;\">conduz o paciente a uma verdadeira jornada de transforma\u00e7\u00e3o de pensamento frente aos problemas e \u00e0s emo\u00e7\u00f5es que eles surtem. O <\/span><b>Instituto de Terapia Cognitiva do Brasil <\/b><span style=\"font-weight: 400;\">explica, brevemente, essa linha de abordagem:\u00a0<\/span><\/p>\n<p><i><span style=\"font-weight: 400;\">\u201cInicialmente, objetiva devolver ao paciente a flexibilidade cognitiva, atrav\u00e9s da interven\u00e7\u00e3o sobre as suas cogni\u00e7\u00f5es, a fim de promover mudan\u00e7as nas emo\u00e7\u00f5es e <\/span><\/i><b><i>comportamentos <\/i><\/b><i><span style=\"font-weight: 400;\">que as acompanham.\u00a0<\/span><\/i><\/p>\n<p><i><span style=\"font-weight: 400;\">Ao longo do processo terap\u00eautico, no entanto, atua diretamente sobre o sistema de esquemas e cren\u00e7as do paciente a fim de promover sua reestrutura\u00e7\u00e3o. Em paralelo \u00e0 reestrutura\u00e7\u00e3o cognitiva, o terapeuta cognitivo<\/span><\/i> <i><span style=\"font-weight: 400;\">utiliza ainda uma abordagem de resolu\u00e7\u00e3o de problemas\u201d.<\/span><\/i><\/p>\n<p><span style=\"font-weight: 400;\">Visto isso, pode se dizer que essa linha da psicologia \u00e9 bem objetiva e <\/span><b>foca no comportamento<\/b><span style=\"font-weight: 400;\">, ou seja, o psic\u00f3logo auxilia na mudan\u00e7a de h\u00e1bitos da rotina que possam ser gatilhos para que a s\u00edndrome continue enraizada. Com o tempo, essas pequenas mudan\u00e7as <\/span><b>transformam o quadro do paciente e internaliza esse novo meio de enxergar e pensar a vida.<\/b><\/p>\n<h3><b>2. Psican\u00e1lise<\/b><\/h3>\n<p><span style=\"font-weight: 400;\">Essa linha psicol\u00f3gica foi criada pelo psicanalista<\/span><b> Sigmund Freud<\/b><span style=\"font-weight: 400;\"> e consiste em investiga\u00e7\u00f5es da psique humana, do inconsciente e dos processos mentais conscientes, tamb\u00e9m. No entanto, as sess\u00f5es permitem que os pacientes falem sobre qualquer coisa que vier \u00e0 mente, pois isso permite que o psic\u00f3logo fa\u00e7a<\/span><b> conex\u00f5es desses fatos que o inconsciente traz \u00e0 tona, aos comportamentos e problemas que ele possui.\u00a0<\/b><\/p>\n<p><span style=\"font-weight: 400;\">A<\/span> <a href=\"https:\/\/www.telavita.com.br\/blog\/psicanalise\/\"><b>psican\u00e1lise<\/b> <b>\u00e9<\/b> <b>uma linha mais profunda<\/b><\/a><span style=\"font-weight: 400;\">, demorada e mais subjetiva do que a TCC, serve para os tratamentos depressivos tamb\u00e9m, mas <\/span><b>\u00e9 mais indicada para trabalhar o autoconhecimento em prol da mudan\u00e7a interna<\/b><span style=\"font-weight: 400;\">, refletindo o mundo externo.<\/span><\/p>\n<p><b>LEIA MAIS: <\/b><a href=\"https:\/\/www.telavita.com.br\/blog\/abordagens-da-psicologia\/\"><b>Conhe\u00e7a todas as abordagens da psicologia<\/b><\/a><b>\u00a0<\/b><\/p>\n<h2><b>Como escolher o melhor profissional?<\/b><\/h2>\n<p><span style=\"font-weight: 400;\">\u00c9 importante ressaltar que, qualquer que seja a linha que mais se comunicar com o paciente, <\/span><b>o pr\u00f3prio psic\u00f3logo \u00e9 o diferencial<\/b><span style=\"font-weight: 400;\">, afinal, um profissional com um bom curr\u00edculo e especializa\u00e7\u00f5es no transtorno que acomete o paciente, parece uma escolha mais assertiva do que outro que n\u00e3o possui esse conhecimento.<\/span><\/p>\n<p><span style=\"font-weight: 400;\">Na hora de escolher um psic\u00f3logo voc\u00ea pode:<\/span><\/p>\n<ul>\n<li style=\"font-weight: 400;\" aria-level=\"1\"><span style=\"font-weight: 400;\">Checar as especializa\u00e7\u00f5es do profissional;<\/span><\/li>\n<li style=\"font-weight: 400;\" aria-level=\"1\"><span style=\"font-weight: 400;\">Identificar sua linha te\u00f3rica e procurar mais informa\u00e7\u00f5es sobre ela;<\/span><\/li>\n<li style=\"font-weight: 400;\" aria-level=\"1\"><span style=\"font-weight: 400;\">Procurar saber o seu g\u00eanero (algumas pessoas preferem fazer terapia com algu\u00e9m do mesmo sexo);<\/span><\/li>\n<li style=\"font-weight: 400;\" aria-level=\"1\"><span style=\"font-weight: 400;\">Marcar uma primeira consulta para sanar as d\u00favidas e conversar sobre o tratamento.<\/span><\/li>\n<\/ul>\n<span class='mb-center maxbutton-4-center'><span class='maxbutton-4-container mb-container'><a class=\"maxbutton-4 maxbutton maxbutton-manda-para-o-catalogo-de-psicologos\" href=\"https:\/\/app.telavita.com.br\/psicologia-online\/encontre-seu-psicologo\"><span class='mb-text'>Encontre seu psic\u00f3logo online<\/span><\/a><\/span><\/span>\n","protected":false},"excerpt":{"rendered":"<p>A psicologia \u00e9 uma \u00e1rea ampla com diversas vertentes. No entanto, na hora de procurar um psic\u00f3logo, \u00e9 importante saber qual a linha te\u00f3rica que ele segue. Visto isso, pelo fato da depress\u00e3o ser um dos transtornos mais comuns da atualidade, \u00e9 o tipo de dist\u00farbio que mais tem demanda para tratamento. A linha te\u00f3rica, [&hellip;]<\/p>\n","protected":false},"author":8,"featured_media":8191,"comment_status":"open","ping_status":"open","sticky":false,"template":"","format":"standard","meta":{"_lmt_disableupdate":"","_lmt_disable":"","footnotes":""},"categories":[33],"tags":[],"yoast_head":"<!-- This site is optimized with the Yoast SEO plugin v19.8 - https:\/\/yoast.com\/wordpress\/plugins\/seo\/ -->\n<title>Qual \u00e9 a melhor linha te\u00f3rica para tratar a depress\u00e3o? | Telavita<\/title>\n<meta name=\"description\" content=\"A depress\u00e3o n\u00e3o tem cura, mas pode ser controlada e ter os sintomas diminu\u00eddos. Saiba qual linha te\u00f3rica \u00e9 ideal para a depress\u00e3o.\" \/>\n<meta name=\"robots\" content=\"index, follow, max-snippet:-1, max-image-preview:large, max-video-preview:-1\" \/>\n<link rel=\"canonical\" href=\"https:\/\/www.telavita.com.br\/blog\/linha-teorica-depressao\/\" \/>\n<meta property=\"og:locale\" content=\"pt_BR\" \/>\n<meta property=\"og:type\" content=\"article\" \/>\n<meta property=\"og:title\" content=\"Qual \u00e9 a melhor linha te\u00f3rica para tratar a depress\u00e3o? | Telavita\" \/>\n<meta property=\"og:description\" content=\"A depress\u00e3o n\u00e3o tem cura, mas pode ser controlada e ter os sintomas diminu\u00eddos. Saiba qual linha te\u00f3rica \u00e9 ideal para a depress\u00e3o.\" \/>\n<meta property=\"og:url\" content=\"https:\/\/www.telavita.com.br\/blog\/linha-teorica-depressao\/\" \/>\n<meta property=\"og:site_name\" content=\"Telavita\" \/>\n<meta property=\"article:publisher\" content=\"https:\/\/www.facebook.com\/Telavita\" \/>\n<meta property=\"article:published_time\" content=\"2019-01-15T14:26:18+00:00\" \/>\n<meta property=\"article:modified_time\" content=\"2022-10-25T17:45:14+00:00\" \/>\n<meta property=\"og:image\" content=\"https:\/\/www.telavita.com.br\/blog\/wp-content\/uploads\/2019\/01\/homem-pensando-na-linha-teorica-para-tratar-depressao-1-1-scaled.jpg\" \/>\n\t<meta property=\"og:image:width\" content=\"2560\" \/>\n\t<meta property=\"og:image:height\" content=\"1707\" \/>\n\t<meta property=\"og:image:type\" content=\"image\/jpeg\" \/>\n<meta name=\"author\" content=\"Juliana Sonsin\" \/>\n<meta name=\"twitter:card\" content=\"summary_large_image\" \/>\n<meta name=\"twitter:label1\" content=\"Escrito por\" \/>\n\t<meta name=\"twitter:data1\" content=\"Juliana Sonsin\" \/>\n\t<meta name=\"twitter:label2\" content=\"Est. tempo de leitura\" \/>\n\t<meta name=\"twitter:data2\" content=\"5 minutos\" \/>\n<!-- \/ Yoast SEO plugin. -->","yoast_head_json":{"title":"Qual \u00e9 a melhor linha te\u00f3rica para tratar a depress\u00e3o? | Telavita","description":"A depress\u00e3o n\u00e3o tem cura, mas pode ser controlada e ter os sintomas diminu\u00eddos. Saiba qual linha te\u00f3rica \u00e9 ideal para a depress\u00e3o.","robots":{"index":"index","follow":"follow","max-snippet":"max-snippet:-1","max-image-preview":"max-image-preview:large","max-video-preview":"max-video-preview:-1"},"canonical":"https:\/\/www.telavita.com.br\/blog\/linha-teorica-depressao\/","og_locale":"pt_BR","og_type":"article","og_title":"Qual \u00e9 a melhor linha te\u00f3rica para tratar a depress\u00e3o? | Telavita","og_description":"A depress\u00e3o n\u00e3o tem cura, mas pode ser controlada e ter os sintomas diminu\u00eddos. Saiba qual linha te\u00f3rica \u00e9 ideal para a depress\u00e3o.","og_url":"https:\/\/www.telavita.com.br\/blog\/linha-teorica-depressao\/","og_site_name":"Telavita","article_publisher":"https:\/\/www.facebook.com\/Telavita","article_published_time":"2019-01-15T14:26:18+00:00","article_modified_time":"2022-10-25T17:45:14+00:00","og_image":[{"width":2560,"height":1707,"url":"https:\/\/www.telavita.com.br\/blog\/wp-content\/uploads\/2019\/01\/homem-pensando-na-linha-teorica-para-tratar-depressao-1-1-scaled.jpg","type":"image\/jpeg"}],"author":"Juliana Sonsin","twitter_card":"summary_large_image","twitter_misc":{"Escrito por":"Juliana Sonsin","Est. tempo de leitura":"5 minutos"},"schema":{"@context":"https:\/\/schema.org","@graph":[{"@type":"Article","@id":"https:\/\/www.telavita.com.br\/blog\/linha-teorica-depressao\/#article","isPartOf":{"@id":"https:\/\/www.telavita.com.br\/blog\/linha-teorica-depressao\/"},"author":{"name":"Juliana Sonsin","@id":"https:\/\/www.telavita.com.br\/blog\/#\/schema\/person\/c9d2f268651fd6d6bf440495dd23b40e"},"headline":"Qual linha te\u00f3rica devo escolher para o tratamento da depress\u00e3o?","datePublished":"2019-01-15T14:26:18+00:00","dateModified":"2022-10-25T17:45:14+00:00","mainEntityOfPage":{"@id":"https:\/\/www.telavita.com.br\/blog\/linha-teorica-depressao\/"},"wordCount":902,"commentCount":0,"publisher":{"@id":"https:\/\/www.telavita.com.br\/blog\/#organization"},"articleSection":["Depress\u00e3o"],"inLanguage":"pt-BR","potentialAction":[{"@type":"CommentAction","name":"Comment","target":["https:\/\/www.telavita.com.br\/blog\/linha-teorica-depressao\/#respond"]}]},{"@type":"WebPage","@id":"https:\/\/www.telavita.com.br\/blog\/linha-teorica-depressao\/","url":"https:\/\/www.telavita.com.br\/blog\/linha-teorica-depressao\/","name":"Qual \u00e9 a melhor linha te\u00f3rica para tratar a depress\u00e3o? | Telavita","isPartOf":{"@id":"https:\/\/www.telavita.com.br\/blog\/#website"},"datePublished":"2019-01-15T14:26:18+00:00","dateModified":"2022-10-25T17:45:14+00:00","description":"A depress\u00e3o n\u00e3o tem cura, mas pode ser controlada e ter os sintomas diminu\u00eddos. Saiba qual linha te\u00f3rica \u00e9 ideal para a depress\u00e3o.","breadcrumb":{"@id":"https:\/\/www.telavita.com.br\/blog\/linha-teorica-depressao\/#breadcrumb"},"inLanguage":"pt-BR","potentialAction":[{"@type":"ReadAction","target":["https:\/\/www.telavita.com.br\/blog\/linha-teorica-depressao\/"]}]},{"@type":"BreadcrumbList","@id":"https:\/\/www.telavita.com.br\/blog\/linha-teorica-depressao\/#breadcrumb","itemListElement":[{"@type":"ListItem","position":1,"name":"In\u00edcio","item":"https:\/\/www.telavita.com.br\/blog\/"},{"@type":"ListItem","position":2,"name":"Qual linha te\u00f3rica devo escolher para o tratamento da depress\u00e3o?"}]},{"@type":"WebSite","@id":"https:\/\/www.telavita.com.br\/blog\/#website","url":"https:\/\/www.telavita.com.br\/blog\/","name":"Telavita","description":"Conte\u00fados especializados sobre sa\u00fade mental e bem-estar","publisher":{"@id":"https:\/\/www.telavita.com.br\/blog\/#organization"},"potentialAction":[{"@type":"SearchAction","target":{"@type":"EntryPoint","urlTemplate":"https:\/\/www.telavita.com.br\/blog\/?s={search_term_string}"},"query-input":"required name=search_term_string"}],"inLanguage":"pt-BR"},{"@type":"Organization","@id":"https:\/\/www.telavita.com.br\/blog\/#organization","name":"Telavita","url":"https:\/\/www.telavita.com.br\/blog\/","sameAs":["https:\/\/www.linkedin.com\/company\/telavita\/mycompany\/verification\/","https:\/\/www.instagram.com\/telavita\/","https:\/\/www.facebook.com\/Telavita"],"logo":{"@type":"ImageObject","inLanguage":"pt-BR","@id":"https:\/\/www.telavita.com.br\/blog\/#\/schema\/logo\/image\/","url":"https:\/\/www.telavita.com.br\/blog\/wp-content\/uploads\/2021\/05\/telavita.jpg","contentUrl":"https:\/\/www.telavita.com.br\/blog\/wp-content\/uploads\/2021\/05\/telavita.jpg","width":200,"height":200,"caption":"Telavita"},"image":{"@id":"https:\/\/www.telavita.com.br\/blog\/#\/schema\/logo\/image\/"}},{"@type":"Person","@id":"https:\/\/www.telavita.com.br\/blog\/#\/schema\/person\/c9d2f268651fd6d6bf440495dd23b40e","name":"Juliana Sonsin","image":{"@type":"ImageObject","inLanguage":"pt-BR","@id":"https:\/\/www.telavita.com.br\/blog\/#\/schema\/person\/image\/","url":"https:\/\/secure.gravatar.com\/avatar\/dfb14c6228cdf7312fea984efc84d04e?s=96&d=mm&r=g","contentUrl":"https:\/\/secure.gravatar.com\/avatar\/dfb14c6228cdf7312fea984efc84d04e?s=96&d=mm&r=g","caption":"Juliana Sonsin"},"description":"Jornalista formada pela Faculdade C\u00e1sper Libero e especializada em sa\u00fade. Apaixonada por escrever roteiros de v\u00eddeos, produzir (e assistir) document\u00e1rios e ler sobre tudo um pouco. Acredito no jornalismo \u00e9tico como um meio de trazer ao p\u00fablico informa\u00e7\u00f5es e hist\u00f3rias que valem a pena serem contadas. Gosto de viajar, fazer yoga e assistir s\u00e9ries.","url":"https:\/\/www.telavita.com.br\/blog\/author\/juliana-sonsin\/"}]}},"modified_by":null,"_links":{"self":[{"href":"https:\/\/www.telavita.com.br\/blog\/wp-json\/wp\/v2\/posts\/3537"}],"collection":[{"href":"https:\/\/www.telavita.com.br\/blog\/wp-json\/wp\/v2\/posts"}],"about":[{"href":"https:\/\/www.telavita.com.br\/blog\/wp-json\/wp\/v2\/types\/post"}],"author":[{"embeddable":true,"href":"https:\/\/www.telavita.com.br\/blog\/wp-json\/wp\/v2\/users\/8"}],"replies":[{"embeddable":true,"href":"https:\/\/www.telavita.com.br\/blog\/wp-json\/wp\/v2\/comments?post=3537"}],"version-history":[{"count":10,"href":"https:\/\/www.telavita.com.br\/blog\/wp-json\/wp\/v2\/posts\/3537\/revisions"}],"predecessor-version":[{"id":8192,"href":"https:\/\/www.telavita.com.br\/blog\/wp-json\/wp\/v2\/posts\/3537\/revisions\/8192"}],"wp:featuredmedia":[{"embeddable":true,"href":"https:\/\/www.telavita.com.br\/blog\/wp-json\/wp\/v2\/media\/8191"}],"wp:attachment":[{"href":"https:\/\/www.telavita.com.br\/blog\/wp-json\/wp\/v2\/media?parent=3537"}],"wp:term":[{"taxonomy":"category","embeddable":true,"href":"https:\/\/www.telavita.com.br\/blog\/wp-json\/wp\/v2\/categories?post=3537"},{"taxonomy":"post_tag","embeddable":true,"href":"https:\/\/www.telavita.com.br\/blog\/wp-json\/wp\/v2\/tags?post=3537"}],"curies":[{"name":"wp","href":"https:\/\/api.w.org\/{rel}","templated":true}]}}