{"id":3586,"date":"2019-01-27T16:38:27","date_gmt":"2019-01-27T18:38:27","guid":{"rendered":"https:\/\/www.telavita.com.br\/blog\/?p=3586"},"modified":"2025-12-08T18:56:55","modified_gmt":"2025-12-08T20:56:55","slug":"diferenca-de-burnout-e-estresse","status":"publish","type":"post","link":"https:\/\/www.telavita.com.br\/blog\/diferenca-de-burnout-e-estresse\/","title":{"rendered":"Entenda a diferen\u00e7a de Burnout e Estresse"},"content":{"rendered":"<p><span style=\"font-weight: 400;\">Of\u00edcio, trabalho e profiss\u00e3o: por anos, esses conceitos existiram, ora misturados, ora independentes. Dessa forma, despertaram em fil\u00f3sofos o questionamento sobre <\/span><b>o prop\u00f3sito do trabalho na vida do homem. <\/b><span style=\"font-weight: 400;\">N\u00e3o \u00e9 de hoje que o estresse \u00e9 um problema nas rela\u00e7\u00f5es de trabalho. Atualmente, seu excesso pode at\u00e9 mesmo desencadear uma S\u00edndrome de Burnout.<\/span><\/p>\n<p><span style=\"font-weight: 400;\">Logo, sabe-se que, desde a Pr\u00e9-Hist\u00f3ria, a inven\u00e7\u00e3o de instrumentos como a pedra lascada e o machado proporcionou ao homem<\/span><b> realizar o trabalho de modo mais \u00e1gi<\/b><span style=\"font-weight: 400;\"><strong>l<\/strong>, assim, a ca\u00e7a, pesca, coleta e agricultura colaboraram de modo mais eficiente para <\/span><b>a sobreviv\u00eancia da esp\u00e9cie.<\/b><\/p>\n<p><span style=\"font-weight: 400;\">Atualmente, <\/span><b>n\u00f3s tamb\u00e9m necessitamos trabalhar para sobreviver<\/b><span style=\"font-weight: 400;\">, entretanto, o tipo de profiss\u00e3o e <\/span><b>as condi\u00e7\u00f5es f\u00edsicas e psicol\u00f3gicas de cada emprego<\/b><span style=\"font-weight: 400;\">, define a maneira que o indiv\u00edduo realiza tal of\u00edcio.\u00a0<\/span><\/p>\n<h2><b>As excessivas jornadas de trabalho<\/b><\/h2>\n<p><span style=\"font-weight: 400;\">Para alguns, passar 8 horas dentro de um escrit\u00f3rio \u00e9 um supl\u00edcio, enquanto para outros, doar mais de 8 horas de seus dias para as atividades laborais \u00e9 normal. A quest\u00e3o aqui \u00e9: <\/span><b>cada indiv\u00edduo se adapta \u00e0s situa\u00e7\u00f5es de uma maneira.<\/b><span style=\"font-weight: 400;\"> Sendo assim, o gatilho que pode levar algu\u00e9m a uma crise de estresse, pode ser uma situa\u00e7\u00e3o perfeitamente normal para o outro.<\/span><\/p>\n<p><span style=\"font-weight: 400;\">O cen\u00e1rio atual em que o mundo globalizado exige cada vez mais dos profissionais, criou uma esp\u00e9cie de <\/span><b>obriga\u00e7\u00e3o de amar o trabalho.<\/b><span style=\"font-weight: 400;\"> Contudo, n\u00e3o \u00e9 bem assim, afinal, os tempos de lazer e a <a href=\"https:\/\/www.telavita.com.br\/blog\/qualidade-de-vida\/\">qualidade de vida<\/a> promovem bem-estar e sa\u00fade \u00e0s pessoas.\u00a0<\/span><\/p>\n<p><span style=\"font-weight: 400;\">Hoje, principalmente em meio ao caos das cidades grandes, a quantidade de gatilhos para o estresse \u00e9 enorme: tr\u00e2nsito, transporte p\u00fablico abarrotado, cobran\u00e7as do chefe, metas inating\u00edveis. Tudo isso pode <\/span><b>elevar os n\u00edveis de estresse, <\/b><span style=\"font-weight: 400;\">que \u00e9 o causador de in\u00fameras doen\u00e7as e transtornos mentais, como o Burnout.\u00a0<\/span><\/p>\n<p><strong>LEIA MAIS: <a href=\"https:\/\/www.telavita.com.br\/blog\/saiba-como-combater-o-estresse\/\" target=\"_blank\" rel=\"noopener\">Como combater o estresse?<\/a><\/strong><\/p>\n<h2><b>O que \u00e9 o Estresse?<\/b><\/h2>\n<p><span style=\"font-weight: 400;\">O esfor\u00e7o demasiado que realizamos sob press\u00e3o e que demanda mais do que conseguimos lidar, seja por quest\u00f5es emocionais, psicol\u00f3gicas ou f\u00edsicas, <\/span><a href=\"https:\/\/www.telavita.com.br\/blog\/estresse-o-que-e\/\" target=\"_blank\" rel=\"noopener\"><b>\u00e9 chamado de estresse.<\/b><\/a><span style=\"font-weight: 400;\">\u00a0 Ele \u00e9 uma resposta do organismo quando se depara com situa\u00e7\u00f5es adversas, liberando uma s\u00e9rie de rea\u00e7\u00f5es qu\u00edmicas e, consequentemente, fisiol\u00f3gicas.<\/span><\/p>\n<p><span style=\"font-weight: 400;\">De acordo com entrevista cedida ao <\/span><b>Hospital Israelita Albert Einstein<\/b><span style=\"font-weight: 400;\">, a <\/span><b>Dra. Selma Bordin explica<\/b><span style=\"font-weight: 400;\">: <\/span><i><span style=\"font-weight: 400;\">\u201cQuando nossos ancestrais se depararam com situa\u00e7\u00f5es de perigo, como o encontro inesperado com um animal, precisavam defender-se \u2013 atacando ou fugindo. As duas rea\u00e7\u00f5es demandam uma s\u00e9rie de ajustes do corpo.&#8221;<\/span><\/i><\/p>\n<p><span style=\"font-weight: 400;\">Hoje, n\u00e3o precisamos lutar ou correr, ent\u00e3o toda a adrenalina produzida pelo corpo frente \u00e0 situa\u00e7\u00f5es adversas \u00e9 sufocada, <\/span><b>gerando o estresse. <\/b><span style=\"font-weight: 400;\">A <\/span><b>Associa\u00e7\u00e3o Americana de Psicologia <\/b><span style=\"font-weight: 400;\">definiu a exist\u00eancia de 3 tipos de estresse: estresse agudo, estresse agudo epis\u00f3dico ou estresse cr\u00f4nico. Al\u00e9m disso, existem ainda o<\/span><a href=\"https:\/\/www.telavita.com.br\/blog\/estresse-pos-traumatico-em-theon-greyjoy-de-game-of-thrones\/\" target=\"_blank\" rel=\"noopener\"> <b>Transtorno do Estresse P\u00f3s-traum\u00e1tico<\/b><\/a> <span style=\"font-weight: 400;\">e o Estresse P\u00f3s-Parto.<\/span><\/p>\n<h2><b>Sintomas do Estresse<\/b><\/h2>\n<p><span style=\"font-weight: 400;\">O <\/span><b>estresse <\/b><span style=\"font-weight: 400;\">causa diversas rea\u00e7\u00f5es no nosso organismo, e eles podem ser notados tanto fisicamente como psicologicamente. Os <\/span><a href=\"https:\/\/www.telavita.com.br\/blog\/sintomas-de-estresse\/\" target=\"_blank\" rel=\"noopener\"><b>sintomas de estresse<\/b><\/a><span style=\"font-weight: 400;\"> podem ser percebidos facilmente no dia a dia, <\/span><b>seus principais sinais s\u00e3o:<\/b><\/p>\n<ul>\n<li style=\"font-weight: 400;\" aria-level=\"1\"><span style=\"font-weight: 400;\">Tonturas e dores de cabe\u00e7a;<\/span><\/li>\n<li style=\"font-weight: 400;\" aria-level=\"1\"><span style=\"font-weight: 400;\">Problemas digestivos;<\/span><\/li>\n<li style=\"font-weight: 400;\" aria-level=\"1\"><span style=\"font-weight: 400;\">Ins\u00f4nia;<\/span><\/li>\n<li style=\"font-weight: 400;\" aria-level=\"1\"><span style=\"font-weight: 400;\">Dores musculares;<\/span><\/li>\n<li style=\"font-weight: 400;\" aria-level=\"1\"><span style=\"font-weight: 400;\">Cansa\u00e7o;<\/span><\/li>\n<li style=\"font-weight: 400;\" aria-level=\"1\"><span style=\"font-weight: 400;\">Problemas (irrita\u00e7\u00f5es) de pele;<\/span><\/li>\n<li style=\"font-weight: 400;\" aria-level=\"1\"><span style=\"font-weight: 400;\">Queda de cabelo;<\/span><\/li>\n<li style=\"font-weight: 400;\" aria-level=\"1\"><span style=\"font-weight: 400;\">Hipertens\u00e3o;<\/span><\/li>\n<li style=\"font-weight: 400;\" aria-level=\"1\"><span style=\"font-weight: 400;\">Formigamento (m\u00e3os, por exemplo);<\/span><\/li>\n<li style=\"font-weight: 400;\" aria-level=\"1\"><span style=\"font-weight: 400;\">Perda de interesse pelas coisas;<\/span><\/li>\n<li style=\"font-weight: 400;\" aria-level=\"1\"><span style=\"font-weight: 400;\">Altera\u00e7\u00f5es de humor;<\/span><\/li>\n<li style=\"font-weight: 400;\" aria-level=\"1\"><span style=\"font-weight: 400;\">Problemas de aten\u00e7\u00e3o, concentra\u00e7\u00e3o e mem\u00f3ria;<\/span><\/li>\n<li style=\"font-weight: 400;\" aria-level=\"1\"><span style=\"font-weight: 400;\">Ansiedade;<\/span><\/li>\n<li style=\"font-weight: 400;\" aria-level=\"1\"><span style=\"font-weight: 400;\">Depress\u00e3o;<\/span><\/li>\n<li style=\"font-weight: 400;\" aria-level=\"1\"><span style=\"font-weight: 400;\">Entre outros.<\/span><\/li>\n<\/ul>\n<p><span style=\"font-weight: 400;\">Quando esses sintomas aparecem no ambiente de trabalho e o estresse toma conta, \u00e9 preciso ter cuidado para que, em excesso, ele n\u00e3o se desenvolva para<\/span> <span style=\"font-weight: 400;\">a<\/span><b> S\u00edndrome de Burnout.<\/b><\/p>\n<h2><b>S\u00edndrome de Burnout: O que \u00e9?<\/b><\/h2>\n<p><span style=\"font-weight: 400;\">A <\/span><a href=\"https:\/\/www.telavita.com.br\/blog\/sindrome-de-burnout-tratamento\/\" target=\"_blank\" rel=\"noopener\"><b>s\u00edndrome de Burnout, ou s\u00edndrome do esgotamento profissiona<\/b><span style=\"font-weight: 400;\">l<\/span><\/a><span style=\"font-weight: 400;\">, \u00e9 um dist\u00farbio psicol\u00f3gico que consiste em tens\u00e3o emocional e estresse cr\u00f4nico decorrente do trabalho desgastante. O <\/span><b>esgotamento f\u00edsico e mental <\/b><span style=\"font-weight: 400;\">\u00e9 constante e se manifesta, principalmente, em profiss\u00f5es cuja exig\u00eancia interpessoal se faz presente.<\/span><\/p>\n<p><span style=\"font-weight: 400;\">Segundo a <\/span><b>Revista Brasileira de Medicina do Trabalho<\/b><span style=\"font-weight: 400;\">, <\/span><i><span style=\"font-weight: 400;\">\u201catualmente, Burnout \u00e9 definida por uma combina\u00e7\u00e3o de tr\u00eas fatores: exaust\u00e3o emocional (deple\u00e7\u00e3o da energia emocional pela demanda excessiva de trabalho), despersonaliza\u00e7\u00e3o (senso de dist\u00e2ncia emocional dos coelgas de trabalho) e baixa realiza\u00e7\u00e3o pessoal (baixa autoestima e baixa efic\u00e1cia no trabalho)\u201d.<\/span><\/i><\/p>\n<p><span style=\"font-weight: 400;\">O <\/span><b>transtorno de Burnout <\/b><a href=\"https:\/\/jornal.usp.br\/atualidades\/sindrome-de-burnout-esta-cada-vez-mais-presente-na-vida-dos-brasileiros\/\" target=\"_blank\" rel=\"noopener\"><b>j\u00e1 atinge 30% dos brasileiros.<\/b><\/a><span style=\"font-weight: 400;\"> Em 2016, foram 75,3 mil afastamentos por estresse de trabalho ocasionados pelo Burnout registrados pela Previd\u00eancia Social no Brasil.<\/span><\/p>\n<h2><b>Burnout: Sintomas<\/b><\/h2>\n<p><span style=\"font-weight: 400;\">O sintoma t\u00edpico da s\u00edndrome de Burnout \u00e9 a sensa\u00e7\u00e3o de<\/span><b> esgotamento mental,<\/b><span style=\"font-weight: 400;\"> f\u00edsico e tamb\u00e9m de <\/span><b>esgotamento emocional<\/b><span style=\"font-weight: 400;\"> que refletem diretamente no trabalho e tamb\u00e9m na vida pessoal, como:<\/span><\/p>\n<ul>\n<li style=\"font-weight: 400;\" aria-level=\"1\"><span style=\"font-weight: 400;\">Ins\u00f4nia;<\/span><\/li>\n<li style=\"font-weight: 400;\" aria-level=\"1\"><span style=\"font-weight: 400;\">Isolamento;<\/span><\/li>\n<li style=\"font-weight: 400;\" aria-level=\"1\"><span style=\"font-weight: 400;\">Irritabilidade;<\/span><\/li>\n<li style=\"font-weight: 400;\" aria-level=\"1\"><span style=\"font-weight: 400;\">Ansiedade;<\/span><\/li>\n<li style=\"font-weight: 400;\" aria-level=\"1\"><span style=\"font-weight: 400;\">Depress\u00e3o;<\/span><\/li>\n<li style=\"font-weight: 400;\" aria-level=\"1\"><span style=\"font-weight: 400;\">Pessimismo;<\/span><\/li>\n<li style=\"font-weight: 400;\" aria-level=\"1\"><span style=\"font-weight: 400;\">Dor de cabe\u00e7a;<\/span><\/li>\n<li style=\"font-weight: 400;\" aria-level=\"1\"><span style=\"font-weight: 400;\">Agressividade;<\/span><\/li>\n<li style=\"font-weight: 400;\" aria-level=\"1\"><span style=\"font-weight: 400;\">Enxaqueca;<\/span><\/li>\n<li style=\"font-weight: 400;\" aria-level=\"1\"><span style=\"font-weight: 400;\">Cansa\u00e7o;<\/span><\/li>\n<li style=\"font-weight: 400;\" aria-level=\"1\"><span style=\"font-weight: 400;\">Sudorese;<\/span><\/li>\n<li style=\"font-weight: 400;\" aria-level=\"1\"><span style=\"font-weight: 400;\">Palpita\u00e7\u00e3o;<\/span><\/li>\n<li style=\"font-weight: 400;\" aria-level=\"1\"><span style=\"font-weight: 400;\">Press\u00e3o alta;<\/span><\/li>\n<li style=\"font-weight: 400;\" aria-level=\"1\"><span style=\"font-weight: 400;\">Baixa autoestima;<\/span><\/li>\n<li style=\"font-weight: 400;\" aria-level=\"1\"><span style=\"font-weight: 400;\">Aus\u00eancias no trabalho;<\/span><\/li>\n<li style=\"font-weight: 400;\" aria-level=\"1\"><span style=\"font-weight: 400;\">Baixa produtividade;<\/span><\/li>\n<li style=\"font-weight: 400;\" aria-level=\"1\"><span style=\"font-weight: 400;\">Lapsos de mem\u00f3ria;<\/span><\/li>\n<li style=\"font-weight: 400;\" aria-level=\"1\"><span style=\"font-weight: 400;\">Altera\u00e7\u00f5es\u00a0 de humor;<\/span><\/li>\n<li style=\"font-weight: 400;\" aria-level=\"1\"><span style=\"font-weight: 400;\">Dores musculares;<\/span><\/li>\n<li style=\"font-weight: 400;\" aria-level=\"1\"><span style=\"font-weight: 400;\">Dificuldade de concentra\u00e7\u00e3o;<\/span><\/li>\n<li style=\"font-weight: 400;\" aria-level=\"1\"><span style=\"font-weight: 400;\">Crises de asma;<\/span><\/li>\n<li style=\"font-weight: 400;\" aria-level=\"1\"><span style=\"font-weight: 400;\">Dist\u00farbios gastrintestinais;<\/span><\/li>\n<li style=\"font-weight: 400;\" aria-level=\"1\"><span style=\"font-weight: 400;\">Entre outros.<\/span><\/li>\n<\/ul>\n<p><b>LEIA MAIS: <\/b><a href=\"https:\/\/www.telavita.com.br\/blog\/especialista-para-burnout\/\"><b>Como escolher o melhor especialista para tratar o Burnout<\/b><\/a><\/p>\n<h2><b>Estresse no Trabalho e S\u00edndrome de Burnout<\/b><\/h2>\n<p><span style=\"font-weight: 400;\">Embora possuam muitas semelhan\u00e7as, principalmente no que diz respeito aos sintomas, \u00e9 preciso entender diferen\u00e7as important\u00edssimas entre estresse e Burnout. Portanto, na<\/span><a href=\"https:\/\/www.telavita.com.br\/blog\/sintomas-burnout\/\"> <b>doen\u00e7a de Burnout<\/b><\/a><span style=\"font-weight: 400;\">, estar no ambiente, por si s\u00f3, j\u00e1 causa ansiedade e profundo esgotamento que leva a maioria dos pacientes a ter uma crise.\u00a0\u00a0<\/span><\/p>\n<p><span style=\"font-weight: 400;\">O <\/span><a href=\"https:\/\/www.telavita.com.br\/blog\/esgotado-no-trabalho\/\"><b>esgotamento mental e f\u00edsico<\/b><\/a><span style=\"font-weight: 400;\"> chega em etapas: primeiro, o paciente tem uma dr\u00e1stica queda no rendimento e duvida das pr\u00f3prias capacidades, o que o leva a sentir-se extremamente desmotivado.\u00a0<\/span><\/p>\n<p><span style=\"font-weight: 400;\">A seguir, a agressividade toma conta, o que colabora para <\/span><b>a libera\u00e7\u00e3o de horm\u00f4nios em ataques de ira, como o cortisol, produzido na suprarrenal.<\/b><span style=\"font-weight: 400;\"> Dessa forma, esse processo bioqu\u00edmico colabora com o aumento do risco de diabetes, cardiopatias, doen\u00e7as autoimunes, crises de p\u00e2nico e depress\u00e3o. E, por fim, chega o <\/span><b>esgotamento total.\u00a0<\/b><\/p>\n<p><span style=\"font-weight: 400;\">J\u00e1 o estresse, \u00e9 a condi\u00e7\u00e3o que se d\u00e1 como resposta a situa\u00e7\u00f5es vivenciadas na vida humana. No entanto,<\/span><b> n\u00e3o se restringe apenas ao \u00e2mbito trabalhista, como o Burnout.<\/b><span style=\"font-weight: 400;\"> Ele pode ser o fator principal do surgimento da S\u00edndrome de Burnout, mas n\u00e3o \u00e9 a mesma coisa.<\/span><\/p>\n<p><a href=\"https:\/\/conteudo.telavita.com.br\/e-book-alem-do-beneficio\" target=\"_blank\" rel=\"noopener\"><img loading=\"lazy\" decoding=\"async\" class=\"alignnone size-full wp-image-8341\" src=\"https:\/\/www.telavita.com.br\/blog\/wp-content\/uploads\/2019\/05\/Banner_Blog_E-book.png\" alt=\"ebook-saude-mental-nas-empresas\" width=\"693\" height=\"193\" srcset=\"https:\/\/www.telavita.com.br\/blog\/wp-content\/uploads\/2019\/05\/Banner_Blog_E-book.png 693w, https:\/\/www.telavita.com.br\/blog\/wp-content\/uploads\/2019\/05\/Banner_Blog_E-book-300x84.png 300w\" sizes=\"(max-width: 693px) 100vw, 693px\" \/><\/a><\/p>\n<h2><b>Tratamento para s\u00edndrome de Burnout e estresse<\/b><\/h2>\n<p><span style=\"font-weight: 400;\">De acordo com o <\/span><b>Hospital Israelita Albert Einstein<\/b><span style=\"font-weight: 400;\">,<\/span><i><span style=\"font-weight: 400;\"> \u201cO tratamento do estresse foca em tr\u00eas pontos: administrar os estressores, aumentar a resist\u00eancia a eles e mudar a forma de enfrent\u00e1-los. J\u00e1 a s\u00edndrome de Burnout necessita de um diagn\u00f3stico do transtorno e ele s\u00f3 pode ser realizado por um profissional de sa\u00fade mental, seja ele psic\u00f3logo ou psiquiatra.\u201d<\/span><\/i><\/p>\n<p><span style=\"font-weight: 400;\">Felizmente, a s\u00edndrome de Burnout tem cura e, as formas de tratamento envolvem <\/span><b>medica\u00e7\u00e3o e psicoterapia.<\/b><span style=\"font-weight: 400;\"> Com o acompanhamento psicol\u00f3gico mais indicado para cada caso, o profissional \u00e9 capaz de identificar os sintomas e auxiliar o paciente a transformar o seu modo de lidar <\/span>com<b> as situa\u00e7\u00f5es que possam engatilhar uma crise de Burnout.<\/b><\/p>\n<p><span style=\"font-weight: 400;\">Ainda para <\/span><a href=\"https:\/\/www.telavita.com.br\/blog\/como-controlar-estresse-no-trabalho\/\"><b>reduzir o estresse no trabalho<\/b><\/a><span style=\"font-weight: 400;\">, o profissional pode:<\/span><\/p>\n<ul>\n<li style=\"font-weight: 400;\" aria-level=\"1\"><span style=\"font-weight: 400;\">Realmente aproveitar a hora do almo\u00e7o, sem trabalhar enquanto realiza as refei\u00e7\u00f5es;<\/span><\/li>\n<li style=\"font-weight: 400;\" aria-level=\"1\"><span style=\"font-weight: 400;\">Colocar m\u00fasica para relaxar;<\/span><\/li>\n<li style=\"font-weight: 400;\" aria-level=\"1\"><span style=\"font-weight: 400;\">Trabalhar a respira\u00e7\u00e3o;<\/span><\/li>\n<li style=\"font-weight: 400;\" aria-level=\"1\"><span style=\"font-weight: 400;\">Colocar metas reais e poss\u00edveis de serem cumpridas;<\/span><\/li>\n<li style=\"font-weight: 400;\" aria-level=\"1\"><span style=\"font-weight: 400;\">Estabelecer um hor\u00e1rio fixo de entrada e sa\u00edda;<\/span><\/li>\n<li style=\"font-weight: 400;\" aria-level=\"1\"><span style=\"font-weight: 400;\">N\u00e3o levar trabalho para a casa<\/span><\/li>\n<li style=\"font-weight: 400;\" aria-level=\"1\"><span style=\"font-weight: 400;\">Entre outros.<\/span><\/li>\n<\/ul>\n<p><span style=\"font-weight: 400;\">Dessa forma, seja <\/span><b>estresse ou S\u00edndrome de Burnout<\/b><span style=\"font-weight: 400;\">, \u00e9 preciso do tratamento apropriado para n\u00e3o deixar que esses transtornos mentais afetem o bem-estar e a qualidade de vida dos pacientes. Balancear a vida pessoal com a profissional, regadas \u00e0 altas doses de qualidade de vida, \u00e9 o maior aliado na luta contra o estresse e o Burnout.<\/span><\/p>\n<p><b>LEIA MAIS: <\/b><a href=\"https:\/\/www.telavita.com.br\/blog\/estresse-no-trabalho\/\"><b>O benef\u00edcio de empresas conscientes para a redu\u00e7\u00e3o do estresse no trabalho<\/b><\/a><\/p>\n<h2><b>Como a Telavita pode te ajudar?<\/b><\/h2>\n<p><span style=\"font-weight: 400;\">O melhor tratamento para o Burnout \u00e9 <\/span><b>a psicoterapia.<\/b><span style=\"font-weight: 400;\"> No entanto, a <\/span><b>Telavita <\/b><span style=\"font-weight: 400;\">oferece um robusto cat\u00e1logo de profissionais treinados para te ajudar em qualquer problema. Seja marcando uma consulta particular ou por conv\u00eanio, nos comprometemos em te ajudar nessa jornada at\u00e9 o fim!\u00a0<\/span><\/p>\n<span class='mb-center maxbutton-3-center'><span class='maxbutton-3-container mb-container'><a class=\"maxbutton-3 maxbutton maxbutton-manda-para-pagina-psicologos\" href=\"https:\/\/app.telavita.com.br\/psicologia-online\/encontre-seu-psicologo\"><span class='mb-text'>Agende agora uma consulta com psic\u00f3logo<\/span><\/a><\/span><\/span>\n","protected":false},"excerpt":{"rendered":"<p>Of\u00edcio, trabalho e profiss\u00e3o: por anos, esses conceitos existiram, ora misturados, ora independentes. Dessa forma, despertaram em fil\u00f3sofos o questionamento sobre o prop\u00f3sito do trabalho na vida do homem. N\u00e3o \u00e9 de hoje que o estresse \u00e9 um problema nas rela\u00e7\u00f5es de trabalho. Atualmente, seu excesso pode at\u00e9 mesmo desencadear uma S\u00edndrome de Burnout. Logo, [&hellip;]<\/p>\n","protected":false},"author":8,"featured_media":4722,"comment_status":"open","ping_status":"open","sticky":false,"template":"","format":"standard","meta":{"_lmt_disableupdate":"no","_lmt_disable":"no","footnotes":""},"categories":[282],"tags":[],"yoast_head":"<!-- This site is optimized with the Yoast SEO plugin v19.8 - https:\/\/yoast.com\/wordpress\/plugins\/seo\/ -->\n<title>Qual a diferen\u00e7a entre Burnout e Estresse? | Telavita<\/title>\n<meta name=\"description\" content=\"Embora muito parecidos, o Burnout e o Estresse possuem diferen\u00e7as. Conhe\u00e7a as particularidades de cada um e seus principais sintomas.\" \/>\n<meta name=\"robots\" content=\"index, follow, max-snippet:-1, max-image-preview:large, max-video-preview:-1\" \/>\n<link rel=\"canonical\" href=\"https:\/\/www.telavita.com.br\/blog\/diferenca-de-burnout-e-estresse\/\" \/>\n<meta property=\"og:locale\" content=\"pt_BR\" \/>\n<meta property=\"og:type\" content=\"article\" \/>\n<meta property=\"og:title\" content=\"Qual a diferen\u00e7a entre Burnout e Estresse? | Telavita\" \/>\n<meta property=\"og:description\" content=\"Embora muito parecidos, o Burnout e o Estresse possuem diferen\u00e7as. Conhe\u00e7a as particularidades de cada um e seus principais sintomas.\" \/>\n<meta property=\"og:url\" content=\"https:\/\/www.telavita.com.br\/blog\/diferenca-de-burnout-e-estresse\/\" \/>\n<meta property=\"og:site_name\" content=\"Telavita\" \/>\n<meta property=\"article:publisher\" content=\"https:\/\/www.facebook.com\/Telavita\" \/>\n<meta property=\"article:published_time\" content=\"2019-01-27T18:38:27+00:00\" \/>\n<meta property=\"article:modified_time\" content=\"2025-12-08T20:56:55+00:00\" \/>\n<meta property=\"og:image\" content=\"https:\/\/www.telavita.com.br\/blog\/wp-content\/uploads\/2019\/02\/diferenca-de-estresse-e-burnout.jpg\" \/>\n\t<meta property=\"og:image:width\" content=\"900\" \/>\n\t<meta property=\"og:image:height\" content=\"560\" \/>\n\t<meta property=\"og:image:type\" content=\"image\/jpeg\" \/>\n<meta name=\"author\" content=\"Juliana Sonsin\" \/>\n<meta name=\"twitter:card\" content=\"summary_large_image\" \/>\n<meta name=\"twitter:label1\" content=\"Escrito por\" \/>\n\t<meta name=\"twitter:data1\" content=\"Juliana Sonsin\" \/>\n\t<meta name=\"twitter:label2\" content=\"Est. tempo de leitura\" \/>\n\t<meta name=\"twitter:data2\" content=\"8 minutos\" \/>\n<!-- \/ Yoast SEO plugin. -->","yoast_head_json":{"title":"Qual a diferen\u00e7a entre Burnout e Estresse? | Telavita","description":"Embora muito parecidos, o Burnout e o Estresse possuem diferen\u00e7as. Conhe\u00e7a as particularidades de cada um e seus principais sintomas.","robots":{"index":"index","follow":"follow","max-snippet":"max-snippet:-1","max-image-preview":"max-image-preview:large","max-video-preview":"max-video-preview:-1"},"canonical":"https:\/\/www.telavita.com.br\/blog\/diferenca-de-burnout-e-estresse\/","og_locale":"pt_BR","og_type":"article","og_title":"Qual a diferen\u00e7a entre Burnout e Estresse? | Telavita","og_description":"Embora muito parecidos, o Burnout e o Estresse possuem diferen\u00e7as. Conhe\u00e7a as particularidades de cada um e seus principais sintomas.","og_url":"https:\/\/www.telavita.com.br\/blog\/diferenca-de-burnout-e-estresse\/","og_site_name":"Telavita","article_publisher":"https:\/\/www.facebook.com\/Telavita","article_published_time":"2019-01-27T18:38:27+00:00","article_modified_time":"2025-12-08T20:56:55+00:00","og_image":[{"width":900,"height":560,"url":"https:\/\/www.telavita.com.br\/blog\/wp-content\/uploads\/2019\/02\/diferenca-de-estresse-e-burnout.jpg","type":"image\/jpeg"}],"author":"Juliana Sonsin","twitter_card":"summary_large_image","twitter_misc":{"Escrito por":"Juliana Sonsin","Est. tempo de leitura":"8 minutos"},"schema":{"@context":"https:\/\/schema.org","@graph":[{"@type":"Article","@id":"https:\/\/www.telavita.com.br\/blog\/diferenca-de-burnout-e-estresse\/#article","isPartOf":{"@id":"https:\/\/www.telavita.com.br\/blog\/diferenca-de-burnout-e-estresse\/"},"author":{"name":"Juliana Sonsin","@id":"https:\/\/www.telavita.com.br\/blog\/#\/schema\/person\/c9d2f268651fd6d6bf440495dd23b40e"},"headline":"Entenda a diferen\u00e7a de Burnout e Estresse","datePublished":"2019-01-27T18:38:27+00:00","dateModified":"2025-12-08T20:56:55+00:00","mainEntityOfPage":{"@id":"https:\/\/www.telavita.com.br\/blog\/diferenca-de-burnout-e-estresse\/"},"wordCount":1380,"commentCount":0,"publisher":{"@id":"https:\/\/www.telavita.com.br\/blog\/#organization"},"articleSection":["Burnout"],"inLanguage":"pt-BR","potentialAction":[{"@type":"CommentAction","name":"Comment","target":["https:\/\/www.telavita.com.br\/blog\/diferenca-de-burnout-e-estresse\/#respond"]}]},{"@type":"WebPage","@id":"https:\/\/www.telavita.com.br\/blog\/diferenca-de-burnout-e-estresse\/","url":"https:\/\/www.telavita.com.br\/blog\/diferenca-de-burnout-e-estresse\/","name":"Qual a diferen\u00e7a entre Burnout e Estresse? | Telavita","isPartOf":{"@id":"https:\/\/www.telavita.com.br\/blog\/#website"},"datePublished":"2019-01-27T18:38:27+00:00","dateModified":"2025-12-08T20:56:55+00:00","description":"Embora muito parecidos, o Burnout e o Estresse possuem diferen\u00e7as. Conhe\u00e7a as particularidades de cada um e seus principais sintomas.","breadcrumb":{"@id":"https:\/\/www.telavita.com.br\/blog\/diferenca-de-burnout-e-estresse\/#breadcrumb"},"inLanguage":"pt-BR","potentialAction":[{"@type":"ReadAction","target":["https:\/\/www.telavita.com.br\/blog\/diferenca-de-burnout-e-estresse\/"]}]},{"@type":"BreadcrumbList","@id":"https:\/\/www.telavita.com.br\/blog\/diferenca-de-burnout-e-estresse\/#breadcrumb","itemListElement":[{"@type":"ListItem","position":1,"name":"In\u00edcio","item":"https:\/\/www.telavita.com.br\/blog\/"},{"@type":"ListItem","position":2,"name":"Entenda a diferen\u00e7a de Burnout e Estresse"}]},{"@type":"WebSite","@id":"https:\/\/www.telavita.com.br\/blog\/#website","url":"https:\/\/www.telavita.com.br\/blog\/","name":"Telavita","description":"Conte\u00fados especializados sobre sa\u00fade mental e bem-estar","publisher":{"@id":"https:\/\/www.telavita.com.br\/blog\/#organization"},"potentialAction":[{"@type":"SearchAction","target":{"@type":"EntryPoint","urlTemplate":"https:\/\/www.telavita.com.br\/blog\/?s={search_term_string}"},"query-input":"required name=search_term_string"}],"inLanguage":"pt-BR"},{"@type":"Organization","@id":"https:\/\/www.telavita.com.br\/blog\/#organization","name":"Telavita","url":"https:\/\/www.telavita.com.br\/blog\/","sameAs":["https:\/\/www.linkedin.com\/company\/telavita\/mycompany\/verification\/","https:\/\/www.instagram.com\/telavita\/","https:\/\/www.facebook.com\/Telavita"],"logo":{"@type":"ImageObject","inLanguage":"pt-BR","@id":"https:\/\/www.telavita.com.br\/blog\/#\/schema\/logo\/image\/","url":"https:\/\/www.telavita.com.br\/blog\/wp-content\/uploads\/2021\/05\/telavita.jpg","contentUrl":"https:\/\/www.telavita.com.br\/blog\/wp-content\/uploads\/2021\/05\/telavita.jpg","width":200,"height":200,"caption":"Telavita"},"image":{"@id":"https:\/\/www.telavita.com.br\/blog\/#\/schema\/logo\/image\/"}},{"@type":"Person","@id":"https:\/\/www.telavita.com.br\/blog\/#\/schema\/person\/c9d2f268651fd6d6bf440495dd23b40e","name":"Juliana Sonsin","image":{"@type":"ImageObject","inLanguage":"pt-BR","@id":"https:\/\/www.telavita.com.br\/blog\/#\/schema\/person\/image\/","url":"https:\/\/secure.gravatar.com\/avatar\/dfb14c6228cdf7312fea984efc84d04e?s=96&d=mm&r=g","contentUrl":"https:\/\/secure.gravatar.com\/avatar\/dfb14c6228cdf7312fea984efc84d04e?s=96&d=mm&r=g","caption":"Juliana Sonsin"},"description":"Jornalista formada pela Faculdade C\u00e1sper Libero e especializada em sa\u00fade. Apaixonada por escrever roteiros de v\u00eddeos, produzir (e assistir) document\u00e1rios e ler sobre tudo um pouco. Acredito no jornalismo \u00e9tico como um meio de trazer ao p\u00fablico informa\u00e7\u00f5es e hist\u00f3rias que valem a pena serem contadas. Gosto de viajar, fazer yoga e assistir s\u00e9ries.","url":"https:\/\/www.telavita.com.br\/blog\/author\/juliana-sonsin\/"}]}},"modified_by":"Marcelo Vilas Boas","_links":{"self":[{"href":"https:\/\/www.telavita.com.br\/blog\/wp-json\/wp\/v2\/posts\/3586"}],"collection":[{"href":"https:\/\/www.telavita.com.br\/blog\/wp-json\/wp\/v2\/posts"}],"about":[{"href":"https:\/\/www.telavita.com.br\/blog\/wp-json\/wp\/v2\/types\/post"}],"author":[{"embeddable":true,"href":"https:\/\/www.telavita.com.br\/blog\/wp-json\/wp\/v2\/users\/8"}],"replies":[{"embeddable":true,"href":"https:\/\/www.telavita.com.br\/blog\/wp-json\/wp\/v2\/comments?post=3586"}],"version-history":[{"count":11,"href":"https:\/\/www.telavita.com.br\/blog\/wp-json\/wp\/v2\/posts\/3586\/revisions"}],"predecessor-version":[{"id":9672,"href":"https:\/\/www.telavita.com.br\/blog\/wp-json\/wp\/v2\/posts\/3586\/revisions\/9672"}],"wp:featuredmedia":[{"embeddable":true,"href":"https:\/\/www.telavita.com.br\/blog\/wp-json\/wp\/v2\/media\/4722"}],"wp:attachment":[{"href":"https:\/\/www.telavita.com.br\/blog\/wp-json\/wp\/v2\/media?parent=3586"}],"wp:term":[{"taxonomy":"category","embeddable":true,"href":"https:\/\/www.telavita.com.br\/blog\/wp-json\/wp\/v2\/categories?post=3586"},{"taxonomy":"post_tag","embeddable":true,"href":"https:\/\/www.telavita.com.br\/blog\/wp-json\/wp\/v2\/tags?post=3586"}],"curies":[{"name":"wp","href":"https:\/\/api.w.org\/{rel}","templated":true}]}}