{"id":3608,"date":"2019-01-30T07:37:34","date_gmt":"2019-01-30T09:37:34","guid":{"rendered":"https:\/\/www.telavita.com.br\/blog\/?p=3608"},"modified":"2023-06-12T13:15:16","modified_gmt":"2023-06-12T16:15:16","slug":"sindrome-de-estocolmo","status":"publish","type":"post","link":"https:\/\/www.telavita.com.br\/blog\/sindrome-de-estocolmo\/","title":{"rendered":"S\u00edndrome de Estocolmo: os intrigantes v\u00ednculos emocionais entre v\u00edtimas e agressores"},"content":{"rendered":"\r\n<p>A <strong>S\u00edndrome de Estocolmo<\/strong> \u00e9 um fen\u00f4meno psicol\u00f3gico que ocorre quando uma pessoa desenvolve uma liga\u00e7\u00e3o emocional com seu sequestrador ou agressor, e come\u00e7a a ter <strong>sentimentos de simpatia, empatia ou at\u00e9 mesmo amor por essa pessoa.<\/strong><\/p>\r\n<p>No entanto, esse fen\u00f4meno recebeu esse nome devido a um assalto a banco que ocorreu em Estocolmo, Su\u00e9cia, em 1973, onde <strong>os ref\u00e9ns desenvolveram sentimentos positivos em rela\u00e7\u00e3o aos sequestradores.<\/strong><\/p>\r\n<h2><strong>A s\u00edndrome de Estocolmo e a s\u00e9rie La Casa de Papel<\/strong><\/h2>\r\n<p>Uma das s\u00e9ries de maior sucesso nos \u00faltimos anos foi <strong>La Casa De Papel<\/strong>, produ\u00e7\u00e3o da <strong>Netflix<\/strong> que virou febre no Brasil. A hist\u00f3ria dos ladr\u00f5es que partiram numa miss\u00e3o quase imposs\u00edvel de roubar a <strong>Casa da Moeda da Espanha<\/strong>, despertou os mais variados sentimentos, inclusive o de simpatia pelos criminosos. O p\u00fablico at\u00e9 torceu para que, no final, o grupo liderado pelo Professor obtivesse sucesso no crime.<\/p>\r\n<p>\r\n\r\n<\/p>\r\n<p>A rela\u00e7\u00e3o mais inesperada da obra foi, com certeza, entre as personagens <strong>Denver, um dos ladr\u00f5es, e Monica, funcion\u00e1ria do banco e sua ref\u00e9m<\/strong>. Ela, gr\u00e1vida, vulner\u00e1vel e <strong><a href=\"https:\/\/www.telavita.com.br\/blog\/traumas-emocionais\/\">em choque pelo trauma sofrido no sequestro<\/a><\/strong>, encontrou nos cuidados e preocupa\u00e7\u00e3o do jovem Denver, a calma que precisava para enfrentar todo o caos da situa\u00e7\u00e3o. Entretanto, a rela\u00e7\u00e3o desenvolveu de amizade para romance, e o casal foi ent\u00e3o formado.<\/p>\r\n<p>\r\n\r\n<\/p>\r\n<p>Mas o que fez com que sentimentos de afei\u00e7\u00e3o e paix\u00e3o surgissem por parte de Monica? E o que fez com que Denver quebrasse todas as regras do grupo para ficar com a ref\u00e9m? \u00c9 a\u00ed que entra a psicologia da <strong>S\u00edndrome de Estocolmo. <\/strong><\/p>\r\n<p>\r\n\r\n<\/p>\r\n<h2 class=\"wp-block-heading\"><strong>O que \u00e9 S\u00edndrome de Estocolmo?<\/strong><\/h2>\r\n<p>\r\n\r\n<\/p>\r\n<p>Como visto, a S\u00edndrome de Estocolmo \u00e9 caracterizada por um estado psicol\u00f3gico de intimida\u00e7\u00e3o, viol\u00eancia ou abuso em que a v\u00edtima \u00e9 submetida por seu agressor. Por\u00e9m, ao inv\u00e9s de repulsa, ela cria <strong>simpatia ou at\u00e9 mesmo um la\u00e7o emocional forte de amizade ou amor por ele.<\/strong><\/p>\r\n<p>\r\n\r\n<\/p>\r\n<p>Isso acontece pois as v\u00edtimas criam um tipo de identifica\u00e7\u00e3o com os agressores, de modo que entendem a situa\u00e7\u00e3o em que est\u00e3o e <strong>partilham de seus sentimentos.<\/strong> No entanto, o que favorece esse cen\u00e1rio s\u00e3o as poss\u00edveis atitudes simp\u00e1ticas e gestos gentis que o raptor pode ter com a v\u00edtima, e, essa, <strong><a href=\"https:\/\/www.telavita.com.br\/blog\/transtorno-de-estresse-pos-traumatico\/\">sob o estresse da situa\u00e7\u00e3o iminente de perigo<\/a><\/strong>, passa a se sentir ligada a ele.<\/p>\r\n<p>\r\n\r\n<\/p>\r\n<p>\u201c<em>A s\u00edndrome de Estocolmo foi descrita por <strong>Nils Bejerot<\/strong>, em 1973, como um estado psicol\u00f3gico particular, no qual a v\u00edtima demonstra ind\u00edcios de lealdade e sentimento de gratid\u00e3o para com seu sequestrador.<\/em>\u00a0 \u00c9 um mecanismo de defesa por medo de retalia\u00e7\u00e3o. (Montero, 1999).&#8221;<\/p>\r\n<p>\r\n\r\n\r\n\r\n\r\n\r\n<\/p>\r\n<h2 class=\"wp-block-heading\"><strong>Sintomas<\/strong><\/h2>\r\n<p>\r\n\r\n<\/p>\r\n<p>A s\u00edndrome de Estocolmo n\u00e3o \u00e9 clinicamente listada no <strong>Manual Oficial de Doen\u00e7as MSD<\/strong>, portanto, n\u00e3o possui sintomas amplamente estudados ou comprovados. Entretanto, Elizabeth L Sampson, pesquisadora, reuniu o perfil de cinco casos em que, os cinco, apresentavam os mesmos sintomas:<\/p>\r\n<p>\r\n\r\n<\/p>\r\n<ul>\r\n<li>Traumas de abuso f\u00edsico e\/ou psicol\u00f3gico;<\/li>\r\n<li>Amea\u00e7as;<\/li>\r\n<li>Epis\u00f3dios de isolamento e confinamento em que tiveram oportunidades de escapar, mas n\u00e3o o fizeram;<\/li>\r\n<li>Simpatia, compress\u00e3o e la\u00e7os emocionais criados pelos captores.<\/li>\r\n<\/ul>\r\n<p>\r\n\r\n<\/p>\r\n<h2 class=\"wp-block-heading\"><strong>S\u00edndrome de Estocolmo: Tratamento<\/strong><\/h2>\r\n<p>\r\n\r\n<\/p>\r\n<p>O <strong>tratamento da S\u00edndrome de Estocolmo<\/strong> \u00e9 complexo e pode variar dependendo das circunst\u00e2ncias individuais e das necessidades da pessoa afetada. Como a s\u00edndrome envolve aspectos psicol\u00f3gicos e emocionais, \u00e9 essencial que seja realizado por profissionais de sa\u00fade mental, como <a href=\"https:\/\/www.telavita.com.br\/blog\/diferenca-entre-psicologo-psiquiatra\/\"><strong>psic\u00f3logos ou psiquiatras.<\/strong><\/a><\/p>\r\n<p>A<strong> psicoterapia<\/strong>, no entanto, \u00e9 uma grande aliada nesses casos. Isso pois, o psic\u00f3logo consegue identificar as origens do comportamento e utilizar t\u00e9cnicas para fazer com que o paciente compreenda melhor suas motiva\u00e7\u00f5es e transforme esse comportamento. Esse \u00e9 o tipo de terapia chamada \u201c<strong><a href=\"https:\/\/www.telavita.com.br\/blog\/beneficios-terapia-cognitiva-comportamental\/\">cognitivo-comportamental<\/a><\/strong>\u201d.<\/p>\r\n<p>\r\n\r\n<\/p>\r\n<p>A TCC concentra-se na identifica\u00e7\u00e3o e modifica\u00e7\u00e3o de padr\u00f5es de pensamentos disfuncionais e comportamentos inadequados, buscando <strong>promover mudan\u00e7as positivas na maneira como a pessoa percebe e responde \u00e0s situa\u00e7\u00f5es.<\/strong><\/p>\r\n<span class='mb-center maxbutton-4-center'><span class='maxbutton-4-container mb-container'><a class=\"maxbutton-4 maxbutton maxbutton-manda-para-o-catalogo-de-psicologos\" href=\"https:\/\/app.telavita.com.br\/psicologia-online\/encontre-seu-psicologo\"><span class='mb-text'>Encontre seu psic\u00f3logo online<\/span><\/a><\/span><\/span>\r\n","protected":false},"excerpt":{"rendered":"<p>A S\u00edndrome de Estocolmo \u00e9 um fen\u00f4meno psicol\u00f3gico que ocorre quando uma pessoa desenvolve uma liga\u00e7\u00e3o emocional com seu sequestrador ou agressor, e come\u00e7a a ter sentimentos de simpatia, empatia ou at\u00e9 mesmo amor por essa pessoa. No entanto, esse fen\u00f4meno recebeu esse nome devido a um assalto a banco que ocorreu em Estocolmo, Su\u00e9cia, [&hellip;]<\/p>\n","protected":false},"author":8,"featured_media":4742,"comment_status":"open","ping_status":"open","sticky":false,"template":"","format":"standard","meta":{"_lmt_disableupdate":"","_lmt_disable":"","footnotes":""},"categories":[277],"tags":[],"yoast_head":"<!-- This site is optimized with the Yoast SEO plugin v19.8 - https:\/\/yoast.com\/wordpress\/plugins\/seo\/ -->\n<title>Compreenda os aspectos da S\u00edndrome de Estocolmo | Telavita<\/title>\n<meta name=\"description\" content=\"A S\u00edndrome de Estocolmo \u00e9 uma condi\u00e7\u00e3o psicol\u00f3gica que aparece como um mecanismo de defesa em sequestros e assaltos. Saiba mais sobre ela.\" \/>\n<meta name=\"robots\" content=\"index, follow, max-snippet:-1, max-image-preview:large, max-video-preview:-1\" \/>\n<link rel=\"canonical\" href=\"https:\/\/www.telavita.com.br\/blog\/sindrome-de-estocolmo\/\" \/>\n<meta property=\"og:locale\" content=\"pt_BR\" \/>\n<meta property=\"og:type\" content=\"article\" \/>\n<meta property=\"og:title\" content=\"Compreenda os aspectos da S\u00edndrome de Estocolmo | Telavita\" \/>\n<meta property=\"og:description\" content=\"A S\u00edndrome de Estocolmo \u00e9 uma condi\u00e7\u00e3o psicol\u00f3gica que aparece como um mecanismo de defesa em sequestros e assaltos. Saiba mais sobre ela.\" \/>\n<meta property=\"og:url\" content=\"https:\/\/www.telavita.com.br\/blog\/sindrome-de-estocolmo\/\" \/>\n<meta property=\"og:site_name\" content=\"Telavita\" \/>\n<meta property=\"article:publisher\" content=\"https:\/\/www.facebook.com\/Telavita\" \/>\n<meta property=\"article:published_time\" content=\"2019-01-30T09:37:34+00:00\" \/>\n<meta property=\"article:modified_time\" content=\"2023-06-12T16:15:16+00:00\" \/>\n<meta property=\"og:image\" content=\"https:\/\/www.telavita.com.br\/blog\/wp-content\/uploads\/2019\/02\/sindrome-de-estocolmo.jpg\" \/>\n\t<meta property=\"og:image:width\" content=\"900\" \/>\n\t<meta property=\"og:image:height\" content=\"560\" \/>\n\t<meta property=\"og:image:type\" content=\"image\/jpeg\" \/>\n<meta name=\"author\" content=\"Juliana Sonsin\" \/>\n<meta name=\"twitter:card\" content=\"summary_large_image\" \/>\n<meta name=\"twitter:label1\" content=\"Escrito por\" \/>\n\t<meta name=\"twitter:data1\" content=\"Juliana Sonsin\" \/>\n\t<meta name=\"twitter:label2\" content=\"Est. tempo de leitura\" \/>\n\t<meta name=\"twitter:data2\" content=\"4 minutos\" \/>\n<!-- \/ Yoast SEO plugin. -->","yoast_head_json":{"title":"Compreenda os aspectos da S\u00edndrome de Estocolmo | Telavita","description":"A S\u00edndrome de Estocolmo \u00e9 uma condi\u00e7\u00e3o psicol\u00f3gica que aparece como um mecanismo de defesa em sequestros e assaltos. Saiba mais sobre ela.","robots":{"index":"index","follow":"follow","max-snippet":"max-snippet:-1","max-image-preview":"max-image-preview:large","max-video-preview":"max-video-preview:-1"},"canonical":"https:\/\/www.telavita.com.br\/blog\/sindrome-de-estocolmo\/","og_locale":"pt_BR","og_type":"article","og_title":"Compreenda os aspectos da S\u00edndrome de Estocolmo | Telavita","og_description":"A S\u00edndrome de Estocolmo \u00e9 uma condi\u00e7\u00e3o psicol\u00f3gica que aparece como um mecanismo de defesa em sequestros e assaltos. Saiba mais sobre ela.","og_url":"https:\/\/www.telavita.com.br\/blog\/sindrome-de-estocolmo\/","og_site_name":"Telavita","article_publisher":"https:\/\/www.facebook.com\/Telavita","article_published_time":"2019-01-30T09:37:34+00:00","article_modified_time":"2023-06-12T16:15:16+00:00","og_image":[{"width":900,"height":560,"url":"https:\/\/www.telavita.com.br\/blog\/wp-content\/uploads\/2019\/02\/sindrome-de-estocolmo.jpg","type":"image\/jpeg"}],"author":"Juliana Sonsin","twitter_card":"summary_large_image","twitter_misc":{"Escrito por":"Juliana Sonsin","Est. tempo de leitura":"4 minutos"},"schema":{"@context":"https:\/\/schema.org","@graph":[{"@type":"Article","@id":"https:\/\/www.telavita.com.br\/blog\/sindrome-de-estocolmo\/#article","isPartOf":{"@id":"https:\/\/www.telavita.com.br\/blog\/sindrome-de-estocolmo\/"},"author":{"name":"Juliana Sonsin","@id":"https:\/\/www.telavita.com.br\/blog\/#\/schema\/person\/c9d2f268651fd6d6bf440495dd23b40e"},"headline":"S\u00edndrome de Estocolmo: os intrigantes v\u00ednculos emocionais entre v\u00edtimas e agressores","datePublished":"2019-01-30T09:37:34+00:00","dateModified":"2023-06-12T16:15:16+00:00","mainEntityOfPage":{"@id":"https:\/\/www.telavita.com.br\/blog\/sindrome-de-estocolmo\/"},"wordCount":700,"commentCount":0,"publisher":{"@id":"https:\/\/www.telavita.com.br\/blog\/#organization"},"articleSection":["Outras S\u00edndromes"],"inLanguage":"pt-BR","potentialAction":[{"@type":"CommentAction","name":"Comment","target":["https:\/\/www.telavita.com.br\/blog\/sindrome-de-estocolmo\/#respond"]}]},{"@type":"WebPage","@id":"https:\/\/www.telavita.com.br\/blog\/sindrome-de-estocolmo\/","url":"https:\/\/www.telavita.com.br\/blog\/sindrome-de-estocolmo\/","name":"Compreenda os aspectos da S\u00edndrome de Estocolmo | Telavita","isPartOf":{"@id":"https:\/\/www.telavita.com.br\/blog\/#website"},"datePublished":"2019-01-30T09:37:34+00:00","dateModified":"2023-06-12T16:15:16+00:00","description":"A S\u00edndrome de Estocolmo \u00e9 uma condi\u00e7\u00e3o psicol\u00f3gica que aparece como um mecanismo de defesa em sequestros e assaltos. Saiba mais sobre ela.","breadcrumb":{"@id":"https:\/\/www.telavita.com.br\/blog\/sindrome-de-estocolmo\/#breadcrumb"},"inLanguage":"pt-BR","potentialAction":[{"@type":"ReadAction","target":["https:\/\/www.telavita.com.br\/blog\/sindrome-de-estocolmo\/"]}]},{"@type":"BreadcrumbList","@id":"https:\/\/www.telavita.com.br\/blog\/sindrome-de-estocolmo\/#breadcrumb","itemListElement":[{"@type":"ListItem","position":1,"name":"In\u00edcio","item":"https:\/\/www.telavita.com.br\/blog\/"},{"@type":"ListItem","position":2,"name":"S\u00edndrome de Estocolmo: os intrigantes v\u00ednculos emocionais entre v\u00edtimas e agressores"}]},{"@type":"WebSite","@id":"https:\/\/www.telavita.com.br\/blog\/#website","url":"https:\/\/www.telavita.com.br\/blog\/","name":"Telavita","description":"Conte\u00fados especializados sobre sa\u00fade mental e bem-estar","publisher":{"@id":"https:\/\/www.telavita.com.br\/blog\/#organization"},"potentialAction":[{"@type":"SearchAction","target":{"@type":"EntryPoint","urlTemplate":"https:\/\/www.telavita.com.br\/blog\/?s={search_term_string}"},"query-input":"required name=search_term_string"}],"inLanguage":"pt-BR"},{"@type":"Organization","@id":"https:\/\/www.telavita.com.br\/blog\/#organization","name":"Telavita","url":"https:\/\/www.telavita.com.br\/blog\/","sameAs":["https:\/\/www.linkedin.com\/company\/telavita\/mycompany\/verification\/","https:\/\/www.instagram.com\/telavita\/","https:\/\/www.facebook.com\/Telavita"],"logo":{"@type":"ImageObject","inLanguage":"pt-BR","@id":"https:\/\/www.telavita.com.br\/blog\/#\/schema\/logo\/image\/","url":"https:\/\/www.telavita.com.br\/blog\/wp-content\/uploads\/2021\/05\/telavita.jpg","contentUrl":"https:\/\/www.telavita.com.br\/blog\/wp-content\/uploads\/2021\/05\/telavita.jpg","width":200,"height":200,"caption":"Telavita"},"image":{"@id":"https:\/\/www.telavita.com.br\/blog\/#\/schema\/logo\/image\/"}},{"@type":"Person","@id":"https:\/\/www.telavita.com.br\/blog\/#\/schema\/person\/c9d2f268651fd6d6bf440495dd23b40e","name":"Juliana Sonsin","image":{"@type":"ImageObject","inLanguage":"pt-BR","@id":"https:\/\/www.telavita.com.br\/blog\/#\/schema\/person\/image\/","url":"https:\/\/secure.gravatar.com\/avatar\/dfb14c6228cdf7312fea984efc84d04e?s=96&d=mm&r=g","contentUrl":"https:\/\/secure.gravatar.com\/avatar\/dfb14c6228cdf7312fea984efc84d04e?s=96&d=mm&r=g","caption":"Juliana Sonsin"},"description":"Jornalista formada pela Faculdade C\u00e1sper Libero e especializada em sa\u00fade. Apaixonada por escrever roteiros de v\u00eddeos, produzir (e assistir) document\u00e1rios e ler sobre tudo um pouco. Acredito no jornalismo \u00e9tico como um meio de trazer ao p\u00fablico informa\u00e7\u00f5es e hist\u00f3rias que valem a pena serem contadas. Gosto de viajar, fazer yoga e assistir s\u00e9ries.","url":"https:\/\/www.telavita.com.br\/blog\/author\/juliana-sonsin\/"}]}},"modified_by":null,"_links":{"self":[{"href":"https:\/\/www.telavita.com.br\/blog\/wp-json\/wp\/v2\/posts\/3608"}],"collection":[{"href":"https:\/\/www.telavita.com.br\/blog\/wp-json\/wp\/v2\/posts"}],"about":[{"href":"https:\/\/www.telavita.com.br\/blog\/wp-json\/wp\/v2\/types\/post"}],"author":[{"embeddable":true,"href":"https:\/\/www.telavita.com.br\/blog\/wp-json\/wp\/v2\/users\/8"}],"replies":[{"embeddable":true,"href":"https:\/\/www.telavita.com.br\/blog\/wp-json\/wp\/v2\/comments?post=3608"}],"version-history":[{"count":6,"href":"https:\/\/www.telavita.com.br\/blog\/wp-json\/wp\/v2\/posts\/3608\/revisions"}],"predecessor-version":[{"id":8789,"href":"https:\/\/www.telavita.com.br\/blog\/wp-json\/wp\/v2\/posts\/3608\/revisions\/8789"}],"wp:featuredmedia":[{"embeddable":true,"href":"https:\/\/www.telavita.com.br\/blog\/wp-json\/wp\/v2\/media\/4742"}],"wp:attachment":[{"href":"https:\/\/www.telavita.com.br\/blog\/wp-json\/wp\/v2\/media?parent=3608"}],"wp:term":[{"taxonomy":"category","embeddable":true,"href":"https:\/\/www.telavita.com.br\/blog\/wp-json\/wp\/v2\/categories?post=3608"},{"taxonomy":"post_tag","embeddable":true,"href":"https:\/\/www.telavita.com.br\/blog\/wp-json\/wp\/v2\/tags?post=3608"}],"curies":[{"name":"wp","href":"https:\/\/api.w.org\/{rel}","templated":true}]}}