{"id":3612,"date":"2019-12-15T12:43:40","date_gmt":"2019-12-15T14:43:40","guid":{"rendered":"https:\/\/www.telavita.com.br\/blog\/?p=3612"},"modified":"2024-06-27T14:44:45","modified_gmt":"2024-06-27T17:44:45","slug":"acreditar-no-papai-noel","status":"publish","type":"post","link":"https:\/\/www.telavita.com.br\/blog\/acreditar-no-papai-noel\/","title":{"rendered":"Ser\u00e1 que acreditar no Papai Noel faz bem?"},"content":{"rendered":"\r\n<p><em>Contar ou n\u00e3o contar, eis a quest\u00e3o. Acreditar no Papai Noel faz bem?<\/em><\/p>\r\n\r\n\r\n\r\n<p>\u00c9 na inf\u00e2ncia que o mundo da fantasia e imagina\u00e7\u00e3o reina: fadas, drag\u00f5es, lendas de mundos distantes e personagens m\u00edticos fazem a cabe\u00e7a dos pequenos. Uma das lendas mais populares \u00e9 a <strong>hist\u00f3ria do papai noel, <\/strong>que de t\u00e3o forte, sobreviveu s\u00e9culos e atravessou fronteiras. Hoje, o papai noel que conhecemos \u00e9 retratado na figura do <strong>bom velhinho <\/strong>que veste trajes vermelhos e entrega presentes para crian\u00e7as do mundo inteiro na noite de Natal. Mas, o fato \u00e9 que ele nem sempre foi assim.<\/p>\r\n\r\n\r\n\r\n<p>A <strong>origem do papai noel<\/strong> possui muitas vers\u00f5es. Uma delas \u00e9 a crist\u00e3 e que remonta ao s\u00e9culo 4, com o bispo Nicolau da cidade de Mira, na \u00c1sia Menor. Associa-se a ele diversos milagres e atitudes caridosas, o que fez com que fosse canonizado, se tornando, ent\u00e3o, um santo e s\u00edmbolo do Natal. Nas ra\u00edzes n\u00f3rdicas, acredita-se que o deus Odin tenha sido o precursor do<strong> mito do papai noel <\/strong>e vestisse roupas r\u00fasticas e de outras cores.<\/p>\r\n\r\n\r\n\r\n<p>Mas, sob a \u00f3tica psicol\u00f3gica, ser\u00e1 que estimular as crian\u00e7as a <strong>acreditar em papai noel <\/strong>faz bem? Muitos pais se questionam se devem ou n\u00e3o incentivar a cren\u00e7a no bom velhinho. Outros, que escolhem dizer que o <strong>papai noel existe<\/strong>, t\u00eam imensa dificuldade de contar a verdade conforme os anos passam.<\/p>\r\n\r\n\r\n\r\n<p>Como quase tudo na vida, existem sempre os pr\u00f3s e os contras de tornar a lenda presente na vida das crian\u00e7as. At\u00e9 os 7 anos, a imagina\u00e7\u00e3o dos pequenos ainda \u00e9 bem f\u00e9rtil e cria os mais variados cen\u00e1rios, por isso, fica mais dif\u00edcil a decis\u00e3o de incentivar ou n\u00e3o mais uma hist\u00f3ria fantasiosa.<\/p>\r\n\r\n\r\n\r\n<h2 class=\"wp-block-heading\">Pr\u00f3s em <strong>acreditar em papai noel<\/strong><\/h2>\r\n\r\n\r\n\r\n<h3 class=\"wp-block-heading\">Impulsiona a imagina\u00e7\u00e3o<\/h3>\r\n\r\n\r\n\r\n<p>A professora de psicologia <strong>Alison Gopnik<\/strong>, da<strong>\u00a0Berkeley<\/strong>, estuda a forma como constru\u00edmos nossa imagina\u00e7\u00e3o. Ela descobriu, por exemplo, que as crian\u00e7as que brincam \u201cacreditando no imposs\u00edvel\u201d tendem a desenvolver uma cogni\u00e7\u00e3o mais avan\u00e7ada. Elas desenvolvem o pensamento hipot\u00e9tico muito melhor do que quem n\u00e3o imagina tanto, al\u00e9m da tend\u00eancia em ter uma <strong>\u201cteoria da mente\u201d<\/strong> mais avan\u00e7ada, ou seja, \u00a0possuem uma compreens\u00e3o maior sobre os motivos e inten\u00e7\u00f5es dos outros. \u201cMuito do que elas fazem na brincadeira \u00e9 formar uma hip\u00f3tese e segui-la at\u00e9 a conclus\u00e3o l\u00f3gica\u201d, diz <strong>Gopnik<\/strong>.<\/p>\r\n\r\n\r\n\r\n<p>E quem mergulha em hist\u00f3rias de fantasia e fic\u00e7\u00e3o? Tamb\u00e9m tem poderes m\u00e1gicos de cogni\u00e7\u00e3o? O pesquisador Travis Proulx, da <a href=\"https:\/\/www.tilburguniversity.edu\/\"><strong>Universidade de Tilburg<\/strong><\/a>, na Holanda, estudou a forma com que a as hist\u00f3rias fant\u00e1sticas influenciam a nossa cogni\u00e7\u00e3o. Quando nos aventuramos com dinossauros, lutamos contra monstros ou acreditamos que <strong>papai noel existe<\/strong>, rompemos com as nossas expectativas, tornando o c\u00e9rebro mais flex\u00edvel e, aquele que l\u00ea, mais criativo e \u00e1gil para compreender novas ideias. \u201cN\u00e3o tenho nenhuma d\u00favida de que estimular esses estados mentais contribui para o desenvolvimento da aprendizagem e origina novas conex\u00f5es\u201d, explica Proulx.<\/p>\r\n\r\n\r\n\r\n<h3 class=\"wp-block-heading\">Promove o sentimento de uni\u00e3o e fraternidade<\/h3>\r\n\r\n\r\n\r\n<p>Se Noel \u00e9 chamado de \u201cpapai\u201d, ent\u00e3o entende-se que todos n\u00f3s somos irm\u00e3os, n\u00e3o \u00e9 mesmo? Essa ideia promove o sentimento de uni\u00e3o entre as crian\u00e7as do mundo todo que, como iguais, receber\u00e3o os presentes do papai noel. &#8220;Essa rela\u00e7\u00e3o de filia\u00e7\u00e3o \u00e9 muito interessante, evoca a ideia de que somos todos irm\u00e3os, favorecendo um v\u00ednculo mais afetuoso e pr\u00f3ximo com o outro, mesmo que ele seja um estranho. Nos dias de hoje, alimentar esse tipo de sentimento \u00e9 muito positivo&#8221;, afirma <strong>T\u00e2nia Ramos Fortuna<\/strong>, professora de psicologia da educa\u00e7\u00e3o da <strong><a href=\"http:\/\/www.ufrgs.br\/ufrgs\/inicial\">UFRGS (Universidade Federal do Rio Grande do Sul). <\/a><\/strong><\/p>\r\n\r\n\r\n\r\n<h3 class=\"wp-block-heading\">Incentiva a doa\u00e7\u00e3o ao pr\u00f3ximo<\/h3>\r\n\r\n\r\n\r\n<p>O<strong> significado do papai noel <\/strong>est\u00e1 muito atrelado aos presentes. O Natal evoca valores como amor ao pr\u00f3ximo e gratid\u00e3o, portanto, se os pais fortalecerem esses ideais, o simbolismo que o papai noel traz pode ser atrelado \u00e0 doa\u00e7\u00e3o aos outros, seja com presentes materiais ou com gestos de caridade.<\/p>\r\n\r\n\r\n\r\n<p><em>\u201cSe acham que n\u00e3o lemos, est\u00e3o enganados; mas se acharem que n\u00e3o chegaram muitas coisas que pediram, e talvez nem na mesma quantidade em que chegavam outras vezes, lembrem-se que neste Natal h\u00e1 em todo mundo um n\u00famero imenso de pessoas pobres e famintas. Eu (e tamb\u00e9m meu Irm\u00e3o Verde) fizemos uma coleta de comida e roupas, e brinquedos tamb\u00e9m, para as crian\u00e7as cujos pais, m\u00e3es e amigos n\u00e3o podem lhes dar nada, \u00e0s vezes nem um jantar. Sei que voc\u00eas n\u00e3o ser\u00e3o esquecidos pelos seus.&#8221; <\/em><strong><em>\u00a0(Cartas do Papai Noel &#8211; J. R. R. Tolkien)<\/em><\/strong><\/p>\r\n\r\n\r\n\r\n<h3 class=\"wp-block-heading\">Ajuda a construir a paci\u00eancia<\/h3>\r\n\r\n\r\n\r\n<p>Se voc\u00ea j\u00e1 acreditou em papai noel um dia, sabe que o bom velhinho s\u00f3 chega \u00e0 meia-noite. \u00c9 preciso esperar e ir dormir, pacientemente, para <strong>receber os presentes no dia 25 de dezembro. <\/strong>A tradi\u00e7\u00e3o ajuda a criar consci\u00eancia de que as vontades da crian\u00e7a t\u00eam limite e tempo para acontecerem e que nada \u00e9 ditado no hor\u00e1rio que eles querem. Por isso, <strong>o conceito da paci\u00eancia pode ser constru\u00eddo<\/strong> e enfatizado pelos pais a fim de que seus filhos saibam a hora certa para ter as coisas.<\/p>\r\n\r\n\r\n\r\n<p><em>&#8220;O tempo \u00e9 mais precioso que ouro, mais precioso que diamantes ou quaisquer tesouros. \u00c9 o tempo, o que nunca temos em quantidade suficiente. \u00c9 o tempo que causa a guerra dentro de nossos cora\u00e7\u00f5es. Devemos us\u00e1-lo com sabedoria. \u00a0O tempo n\u00e3o pode ser embrulhado para presente e deixado embaixo de uma \u00e1rvore na manh\u00e3 de Natal. O tempo nao pode ser dado. Mas pode ser compartilhado.&#8221;\u00a0(<\/em><strong><em>O Presente &#8211; Cecelia Ahern)<\/em><\/strong><\/p>\r\n\r\n\r\n\r\n<h3 class=\"wp-block-heading\">Ensina a superar frustra\u00e7\u00f5es<\/h3>\r\n\r\n\r\n\r\n<p>A <strong>verdade sobre papai <\/strong>\u00e9 um momento muito delicado e deve ser tratado com muita aten\u00e7\u00e3o pelos pais, a fim de evitar qualquer trauma. Quando a crian\u00e7a descobre que <strong>papai noel n\u00e3o existe,<\/strong> a frustra\u00e7\u00e3o \u00e9 inevit\u00e1vel. Por\u00e9m com ela, tamb\u00e9m s\u00e3o desenvolvidos o amadurecimento e a <strong>capacidade de supera\u00e7\u00e3o<\/strong>, afinal, a realidade \u00e9 dura mas ensina.<\/p>\r\n\r\n\r\n\r\n<h2 class=\"wp-block-heading\">Contras em achar que<strong> papai noel \u00e9 de verdade<\/strong><\/h2>\r\n\r\n\r\n\r\n<h3 class=\"wp-block-heading\">Deturpa a no\u00e7\u00e3o sobre quest\u00f5es financeiras<\/h3>\r\n\r\n\r\n\r\n<p>Sabemos que a situa\u00e7\u00e3o econ\u00f4mica de cada fam\u00edlia \u00e9 diferente e que uma pode ter condi\u00e7\u00f5es de presentear os filhos com objetos caros, enquanto outras, n\u00e3o. Por isso \u00e9 essencial estabelecer limites e deixar claro que os presentes ser\u00e3o de acordo com a renda da fam\u00edlia, assim, a frustra\u00e7\u00e3o fica menor.<\/p>\r\n\r\n\r\n\r\n<p>Um dos questionamentos que podem surgir \u00e9 ao de que o coleguinha da escola ganhou um super aparato tecnol\u00f3gico do papai noel e a outra crian\u00e7a, algo mais simples. Essa \u00e9 uma situa\u00e7\u00e3o perigosa pois pode alimentar conceitos de merecimento e at\u00e9 autoestima, j\u00e1 que usa-se muito a premissa de que somente as crian\u00e7as comportadas e boas recebem presentes. Se a crian\u00e7a perceber que existe uma diferen\u00e7a, pode pensar que n\u00e3o \u00e9 boa o bastante como o amiguinho que ganhou algo caro e que o papai noel est\u00e1 decepcionado com ela.<\/p>\r\n\r\n\r\n\r\n<p>&#8220;\u00c9 poss\u00edvel trabalhar esses limites sem estragar a fantasia da crian\u00e7a. Uma alternativa \u00e9 pedir ao filho que fa\u00e7a uma cartinha e coloque diversas possibilidades de presente, tendo o cuidado de informar \u00e0 crian\u00e7a que o Papai Noel far\u00e1 a escolha&#8221;, afirma T\u00e2nia.<\/p>\r\n\r\n\r\n\r\n<h3 class=\"wp-block-heading\">Ensina que os adultos mentem<\/h3>\r\n\r\n\r\n\r\n<p>Seja da maneira que for, um dia a crian\u00e7a descobrir\u00e1 que papai noel n\u00e3o existe. Essa revela\u00e7\u00e3o pode engatilhar diversos sentimentos e questionamentos, e um deles \u00e9 acerca dos <strong>motivos pelos quais os pais esconderam a verdade por anos<\/strong>. Essa consci\u00eancia de que os adultos podem mentir gera muitas problem\u00e1ticas, dentre elas, o exemplo a ser seguido. Se a crian\u00e7a perceber esse tipo de comportamento, pode tentar copiar os adultos e, assim, dar in\u00edcio \u00e0s suas pr\u00f3prias inven\u00e7\u00f5es.<\/p>\r\n\r\n\r\n\r\n<h3 class=\"wp-block-heading\">Prejudica os valores e significado do natal<\/h3>\r\n\r\n\r\n\r\n<p>Ganhar presentes \u00e9 muito bom, mas se a fam\u00edlia <strong>n\u00e3o fortalecer o sentimento de amor, doa\u00e7\u00e3o e gratid\u00e3o que o natal promove,<\/strong> a crian\u00e7a pode atrelar a data somente aos ganhos materiais. A sociedade de consumo em que vivemos bombardeia an\u00fancios e propagandas o tempo todo, principalmente na \u00e9poca natalina, em que tudo gira em torno dos presentes. \u00c9 preciso fortalecer os v\u00ednculos da crian\u00e7a com os valores que o natal sempre plantou e que os presentes s\u00e3o apenas coadjuvantes na hist\u00f3ria.<\/p>\r\n\r\n\r\n\r\n<p>Seja qual for a decis\u00e3o, contar ou n\u00e3o contar, o papai noel sempre trar\u00e1 magia e brilho nos olhos de adultos e crian\u00e7as na \u00e9poca do Natal.<\/p>\r\n\r\n\r\n\r\n<p>&nbsp;<\/p>\r\n","protected":false},"excerpt":{"rendered":"<p>Contar ou n\u00e3o contar, eis a quest\u00e3o. Acreditar no Papai Noel faz bem? \u00c9 na inf\u00e2ncia que o mundo da fantasia e imagina\u00e7\u00e3o reina: fadas, drag\u00f5es, lendas de mundos distantes e personagens m\u00edticos fazem a cabe\u00e7a dos pequenos. Uma das lendas mais populares \u00e9 a hist\u00f3ria do papai noel, que de t\u00e3o forte, sobreviveu s\u00e9culos [&hellip;]<\/p>\n","protected":false},"author":8,"featured_media":5951,"comment_status":"open","ping_status":"open","sticky":false,"template":"","format":"standard","meta":{"_lmt_disableupdate":"","_lmt_disable":"","footnotes":""},"categories":[269],"tags":[],"yoast_head":"<!-- This site is optimized with the Yoast SEO plugin v19.8 - https:\/\/yoast.com\/wordpress\/plugins\/seo\/ -->\n<title>Papai Noel Existe? Acreditar Em Papai Noel Faz Bem? | TelaVita<\/title>\n<meta name=\"description\" content=\"Estimular as crian\u00e7as a acreditar em papai noel faz bem? Muitos pais questionam se devem ou n\u00e3o incentivar tal cren\u00e7a. Conhe\u00e7a os pr\u00f3s e os contrar disso.\" \/>\n<meta name=\"robots\" content=\"index, follow, max-snippet:-1, max-image-preview:large, max-video-preview:-1\" \/>\n<link rel=\"canonical\" href=\"https:\/\/www.telavita.com.br\/blog\/acreditar-no-papai-noel\/\" \/>\n<meta property=\"og:locale\" content=\"pt_BR\" \/>\n<meta property=\"og:type\" content=\"article\" \/>\n<meta property=\"og:title\" content=\"Papai Noel Existe? Acreditar Em Papai Noel Faz Bem? | TelaVita\" \/>\n<meta property=\"og:description\" content=\"Estimular as crian\u00e7as a acreditar em papai noel faz bem? Muitos pais questionam se devem ou n\u00e3o incentivar tal cren\u00e7a. Conhe\u00e7a os pr\u00f3s e os contrar disso.\" \/>\n<meta property=\"og:url\" content=\"https:\/\/www.telavita.com.br\/blog\/acreditar-no-papai-noel\/\" \/>\n<meta property=\"og:site_name\" content=\"Telavita\" \/>\n<meta property=\"article:publisher\" content=\"https:\/\/www.facebook.com\/Telavita\" \/>\n<meta property=\"article:published_time\" content=\"2019-12-15T14:43:40+00:00\" \/>\n<meta property=\"article:modified_time\" content=\"2024-06-27T17:44:45+00:00\" \/>\n<meta property=\"og:image\" content=\"https:\/\/www.telavita.com.br\/blog\/wp-content\/uploads\/2019\/03\/acreditar-no-papai-noel.jpg\" \/>\n\t<meta property=\"og:image:width\" content=\"900\" \/>\n\t<meta property=\"og:image:height\" content=\"560\" \/>\n\t<meta property=\"og:image:type\" content=\"image\/jpeg\" \/>\n<meta name=\"author\" content=\"Juliana Sonsin\" \/>\n<meta name=\"twitter:card\" content=\"summary_large_image\" \/>\n<meta name=\"twitter:label1\" content=\"Escrito por\" \/>\n\t<meta name=\"twitter:data1\" content=\"Juliana Sonsin\" \/>\n\t<meta name=\"twitter:label2\" content=\"Est. tempo de leitura\" \/>\n\t<meta name=\"twitter:data2\" content=\"7 minutos\" \/>\n<!-- \/ Yoast SEO plugin. -->","yoast_head_json":{"title":"Papai Noel Existe? Acreditar Em Papai Noel Faz Bem? | TelaVita","description":"Estimular as crian\u00e7as a acreditar em papai noel faz bem? Muitos pais questionam se devem ou n\u00e3o incentivar tal cren\u00e7a. Conhe\u00e7a os pr\u00f3s e os contrar disso.","robots":{"index":"index","follow":"follow","max-snippet":"max-snippet:-1","max-image-preview":"max-image-preview:large","max-video-preview":"max-video-preview:-1"},"canonical":"https:\/\/www.telavita.com.br\/blog\/acreditar-no-papai-noel\/","og_locale":"pt_BR","og_type":"article","og_title":"Papai Noel Existe? Acreditar Em Papai Noel Faz Bem? | TelaVita","og_description":"Estimular as crian\u00e7as a acreditar em papai noel faz bem? Muitos pais questionam se devem ou n\u00e3o incentivar tal cren\u00e7a. Conhe\u00e7a os pr\u00f3s e os contrar disso.","og_url":"https:\/\/www.telavita.com.br\/blog\/acreditar-no-papai-noel\/","og_site_name":"Telavita","article_publisher":"https:\/\/www.facebook.com\/Telavita","article_published_time":"2019-12-15T14:43:40+00:00","article_modified_time":"2024-06-27T17:44:45+00:00","og_image":[{"width":900,"height":560,"url":"https:\/\/www.telavita.com.br\/blog\/wp-content\/uploads\/2019\/03\/acreditar-no-papai-noel.jpg","type":"image\/jpeg"}],"author":"Juliana Sonsin","twitter_card":"summary_large_image","twitter_misc":{"Escrito por":"Juliana Sonsin","Est. tempo de leitura":"7 minutos"},"schema":{"@context":"https:\/\/schema.org","@graph":[{"@type":"Article","@id":"https:\/\/www.telavita.com.br\/blog\/acreditar-no-papai-noel\/#article","isPartOf":{"@id":"https:\/\/www.telavita.com.br\/blog\/acreditar-no-papai-noel\/"},"author":{"name":"Juliana Sonsin","@id":"https:\/\/www.telavita.com.br\/blog\/#\/schema\/person\/c9d2f268651fd6d6bf440495dd23b40e"},"headline":"Ser\u00e1 que acreditar no Papai Noel faz bem?","datePublished":"2019-12-15T14:43:40+00:00","dateModified":"2024-06-27T17:44:45+00:00","mainEntityOfPage":{"@id":"https:\/\/www.telavita.com.br\/blog\/acreditar-no-papai-noel\/"},"wordCount":1492,"commentCount":0,"publisher":{"@id":"https:\/\/www.telavita.com.br\/blog\/#organization"},"articleSection":["Inf\u00e2ncia e Adolesc\u00eancia"],"inLanguage":"pt-BR","potentialAction":[{"@type":"CommentAction","name":"Comment","target":["https:\/\/www.telavita.com.br\/blog\/acreditar-no-papai-noel\/#respond"]}]},{"@type":"WebPage","@id":"https:\/\/www.telavita.com.br\/blog\/acreditar-no-papai-noel\/","url":"https:\/\/www.telavita.com.br\/blog\/acreditar-no-papai-noel\/","name":"Papai Noel Existe? Acreditar Em Papai Noel Faz Bem? | TelaVita","isPartOf":{"@id":"https:\/\/www.telavita.com.br\/blog\/#website"},"datePublished":"2019-12-15T14:43:40+00:00","dateModified":"2024-06-27T17:44:45+00:00","description":"Estimular as crian\u00e7as a acreditar em papai noel faz bem? Muitos pais questionam se devem ou n\u00e3o incentivar tal cren\u00e7a. Conhe\u00e7a os pr\u00f3s e os contrar disso.","breadcrumb":{"@id":"https:\/\/www.telavita.com.br\/blog\/acreditar-no-papai-noel\/#breadcrumb"},"inLanguage":"pt-BR","potentialAction":[{"@type":"ReadAction","target":["https:\/\/www.telavita.com.br\/blog\/acreditar-no-papai-noel\/"]}]},{"@type":"BreadcrumbList","@id":"https:\/\/www.telavita.com.br\/blog\/acreditar-no-papai-noel\/#breadcrumb","itemListElement":[{"@type":"ListItem","position":1,"name":"In\u00edcio","item":"https:\/\/www.telavita.com.br\/blog\/"},{"@type":"ListItem","position":2,"name":"Ser\u00e1 que acreditar no Papai Noel faz bem?"}]},{"@type":"WebSite","@id":"https:\/\/www.telavita.com.br\/blog\/#website","url":"https:\/\/www.telavita.com.br\/blog\/","name":"Telavita","description":"Conte\u00fados especializados sobre sa\u00fade mental e bem-estar","publisher":{"@id":"https:\/\/www.telavita.com.br\/blog\/#organization"},"potentialAction":[{"@type":"SearchAction","target":{"@type":"EntryPoint","urlTemplate":"https:\/\/www.telavita.com.br\/blog\/?s={search_term_string}"},"query-input":"required name=search_term_string"}],"inLanguage":"pt-BR"},{"@type":"Organization","@id":"https:\/\/www.telavita.com.br\/blog\/#organization","name":"Telavita","url":"https:\/\/www.telavita.com.br\/blog\/","sameAs":["https:\/\/www.linkedin.com\/company\/telavita\/mycompany\/verification\/","https:\/\/www.instagram.com\/telavita\/","https:\/\/www.facebook.com\/Telavita"],"logo":{"@type":"ImageObject","inLanguage":"pt-BR","@id":"https:\/\/www.telavita.com.br\/blog\/#\/schema\/logo\/image\/","url":"https:\/\/www.telavita.com.br\/blog\/wp-content\/uploads\/2021\/05\/telavita.jpg","contentUrl":"https:\/\/www.telavita.com.br\/blog\/wp-content\/uploads\/2021\/05\/telavita.jpg","width":200,"height":200,"caption":"Telavita"},"image":{"@id":"https:\/\/www.telavita.com.br\/blog\/#\/schema\/logo\/image\/"}},{"@type":"Person","@id":"https:\/\/www.telavita.com.br\/blog\/#\/schema\/person\/c9d2f268651fd6d6bf440495dd23b40e","name":"Juliana Sonsin","image":{"@type":"ImageObject","inLanguage":"pt-BR","@id":"https:\/\/www.telavita.com.br\/blog\/#\/schema\/person\/image\/","url":"https:\/\/secure.gravatar.com\/avatar\/dfb14c6228cdf7312fea984efc84d04e?s=96&d=mm&r=g","contentUrl":"https:\/\/secure.gravatar.com\/avatar\/dfb14c6228cdf7312fea984efc84d04e?s=96&d=mm&r=g","caption":"Juliana Sonsin"},"description":"Jornalista formada pela Faculdade C\u00e1sper Libero e especializada em sa\u00fade. Apaixonada por escrever roteiros de v\u00eddeos, produzir (e assistir) document\u00e1rios e ler sobre tudo um pouco. Acredito no jornalismo \u00e9tico como um meio de trazer ao p\u00fablico informa\u00e7\u00f5es e hist\u00f3rias que valem a pena serem contadas. Gosto de viajar, fazer yoga e assistir s\u00e9ries.","url":"https:\/\/www.telavita.com.br\/blog\/author\/juliana-sonsin\/"}]}},"modified_by":null,"_links":{"self":[{"href":"https:\/\/www.telavita.com.br\/blog\/wp-json\/wp\/v2\/posts\/3612"}],"collection":[{"href":"https:\/\/www.telavita.com.br\/blog\/wp-json\/wp\/v2\/posts"}],"about":[{"href":"https:\/\/www.telavita.com.br\/blog\/wp-json\/wp\/v2\/types\/post"}],"author":[{"embeddable":true,"href":"https:\/\/www.telavita.com.br\/blog\/wp-json\/wp\/v2\/users\/8"}],"replies":[{"embeddable":true,"href":"https:\/\/www.telavita.com.br\/blog\/wp-json\/wp\/v2\/comments?post=3612"}],"version-history":[{"count":5,"href":"https:\/\/www.telavita.com.br\/blog\/wp-json\/wp\/v2\/posts\/3612\/revisions"}],"predecessor-version":[{"id":9499,"href":"https:\/\/www.telavita.com.br\/blog\/wp-json\/wp\/v2\/posts\/3612\/revisions\/9499"}],"wp:featuredmedia":[{"embeddable":true,"href":"https:\/\/www.telavita.com.br\/blog\/wp-json\/wp\/v2\/media\/5951"}],"wp:attachment":[{"href":"https:\/\/www.telavita.com.br\/blog\/wp-json\/wp\/v2\/media?parent=3612"}],"wp:term":[{"taxonomy":"category","embeddable":true,"href":"https:\/\/www.telavita.com.br\/blog\/wp-json\/wp\/v2\/categories?post=3612"},{"taxonomy":"post_tag","embeddable":true,"href":"https:\/\/www.telavita.com.br\/blog\/wp-json\/wp\/v2\/tags?post=3612"}],"curies":[{"name":"wp","href":"https:\/\/api.w.org\/{rel}","templated":true}]}}