{"id":3618,"date":"2019-03-03T09:08:34","date_gmt":"2019-03-03T12:08:34","guid":{"rendered":"https:\/\/www.telavita.com.br\/blog\/?p=3618"},"modified":"2022-09-23T17:25:57","modified_gmt":"2022-09-23T20:25:57","slug":"agorafobia","status":"publish","type":"post","link":"https:\/\/www.telavita.com.br\/blog\/agorafobia\/","title":{"rendered":"Saiba o que \u00e9 a agorafobia e como ela se manifesta"},"content":{"rendered":"<p><span style=\"font-weight: 400;\">Estamos constantemente cercados por situa\u00e7\u00f5es potencialmente perigosas: a viol\u00eancia, o tr\u00e2nsito das cidades grandes e os edif\u00edcios gigantescos podem ser alvo de muito medo para algumas pessoas. Sentimentos de fobia na atualidade s\u00e3o muito comuns em determinadas situa\u00e7\u00f5es. Entre eles, a<\/span><b> agorafobia.<\/b><\/p>\n<p><span style=\"font-weight: 400;\">Mais de 7 milh\u00f5es de carros circulam, diariamente, pela cidade de S\u00e3o Paulo. Parece simples sair de casa, n\u00e3o? Mas, para algumas pessoas, esse ritual n\u00e3o \u00e9 t\u00e3o f\u00e1cil assim. O medo do perigo \u00e9 maior, e <\/span><b>colocar os p\u00e9s na rua pode ser sinal de que algo ruim pode acontecer.\u00a0<\/b><\/p>\n<p><span style=\"font-weight: 400;\">Os <\/span><a href=\"https:\/\/www.telavita.com.br\/blog\/diferenca-de-medo-e-fobia\/\"><b>sentimentos advindos de uma fobia<\/b><\/a><span style=\"font-weight: 400;\"> agem dessa forma. Um medo extremo toma conta dos pensamentos da pessoa acometida e s\u00e3o capazes de paralisar a pessoa, a <\/span><b>impedindo de realizar suas tarefas di\u00e1rias e ter uma vida normal.<\/b><\/p>\n<h2><b>Afinal, o que \u00e9 agorafobia?<\/b><\/h2>\n<p><span style=\"font-weight: 400;\">A<\/span><b> agorafobia<\/b><span style=\"font-weight: 400;\"> \u00e9 uma condi\u00e7\u00e3o que<\/span> <a href=\"https:\/\/jornaldebrasilia.com.br\/noticias\/saude\/agorafobia-atinge-150-mil-brasileiros-aponta-estudo\/\"><b>acomete cerca de 30 a 50% das pessoas que possuem a s\u00edndrome do p\u00e2nico. <\/b><\/a><span style=\"font-weight: 400;\">O agoraf\u00f3bico sente profunda ang\u00fastia, medo e ansiedade quando se encontra em lugares ou situa\u00e7\u00f5es das quais<\/span><b> n\u00e3o consegue enxergar sa\u00edda e maneiras f\u00e1ceis de escapar caso algo lhe aconte\u00e7a.<\/b><\/p>\n<p><span style=\"font-weight: 400;\"> Dessa forma, a agorafobia se trata de um transtorno de ansiedade que est\u00e1, muitas vezes,<\/span><b> atrelado a crises de p\u00e2nico. <\/b><span style=\"font-weight: 400;\">O termo, por sua vez, prov\u00e9m das palavras gregas <\/span><b>\u201c\u00e1gora\u201d<\/b><span style=\"font-weight: 400;\">, um tipo de pra\u00e7a na Gr\u00e9cia Antiga onde reuni\u00f5es eram realizadas, e <\/span><b>\u201cfobos\u201d<\/b><span style=\"font-weight: 400;\">, que quer dizer \u201cmedo\u201d. <\/span><span style=\"font-weight: 400;\">Esse nome foi dado ao problema pois, inicialmente, ele era atrelado apenas ao medo que as pessoas sentiam de estarem em lugares abertos.\u00a0<\/span><\/p>\n<p><span style=\"font-weight: 400;\">Por\u00e9m, com o aprofundamento das pesquisas acerca do tema, temos um significado mais amplo e <\/span><b>que n\u00e3o se limita somente a lugares abertos,<\/b><span style=\"font-weight: 400;\"> e, sim, a comportamentos de esquiva e ansiedade frente a situa\u00e7\u00f5es que seria dif\u00edcil receber ajuda caso necess\u00e1rio.<\/span><\/p>\n<p><b>LEIA MAIS: <\/b><a href=\"https:\/\/www.telavita.com.br\/blog\/sindrome-do-panico\/\"><b>O que \u00e9 a S\u00edndrome do P\u00e2nico?<\/b><\/a><\/p>\n<h2><b>O que causa a agorafobia?<\/b><\/h2>\n<p><span style=\"font-weight: 400;\">Quando falamos do surgimento de transtornos psicol\u00f3gicos, \u00e9 comum associarmos seu aparecimento com fatores gen\u00e9ticos e ambientais. Logo, sabemos que a presen\u00e7a de transtornos de ansiedade entre membros da mesma fam\u00edlia pode influenciar, mas<\/span><b> a hereditariedade n\u00e3o \u00e9 a causa principal<\/b><span style=\"font-weight: 400;\">.<\/span><\/p>\n<p><span style=\"font-weight: 400;\">Na maioria das vezes, o surgimento dos <\/span><a href=\"https:\/\/www.telavita.com.br\/blog\/tipos-transtorno-de-ansiedade\/\"><b>transtornos de ansiedade<\/b><\/a><span style=\"font-weight: 400;\"> s\u00e3o dados pelo ambiente externo.\u00a0<\/span><span style=\"font-weight: 400;\">Crian\u00e7as maltratadas na inf\u00e2ncia, epis\u00f3dios traum\u00e1ticos, situa\u00e7\u00f5es adversas estressantes, bullying e a pr\u00f3pria personalidade t\u00edmida, <\/span><b>podem ser grandes vil\u00f5es no aparecimento de transtornos como a agorafobia.<\/b><\/p>\n<p><span style=\"font-weight: 400;\">Logo, uma das teorias \u00e9 a de que algum evento traum\u00e1tico possa ter proporcionado uma experi\u00eancia desagrad\u00e1vel para o indiv\u00edduo, e a partir dessa situa\u00e7\u00e3o aversiva que lhe proporcionou sentimentos ruins, ele toma a partir de ent\u00e3o, <\/span><b>medo de vivenci\u00e1-la novamente<\/b><span style=\"font-weight: 400;\">, experienciando um limbo emocional.<\/span><\/p>\n<h2><b>Sintomas da agorafobia\u00a0<\/b><\/h2>\n<p><span style=\"font-weight: 400;\">Geralmente, na agorafobia, a pessoa relaciona determinadas situa\u00e7\u00f5es ou ambientes com seus medos e passa a evit\u00e1-los com receio que deflagrem ataques de p\u00e2nico. Ainda, passa a <\/span><b>precisar sempre de algu\u00e9m de confian\u00e7a por perto.<\/b><\/p>\n<p><span style=\"font-weight: 400;\">Quem tem agorafobia pode sofrer dos sintomas abaixo:<\/span><\/p>\n<ul>\n<li style=\"font-weight: 400;\" aria-level=\"1\"><span style=\"font-weight: 400;\">Medo;<\/span><\/li>\n<li style=\"font-weight: 400;\" aria-level=\"1\"><span style=\"font-weight: 400;\">Esquiva de lugares e situa\u00e7\u00f5es que possam causar sentimentos como p\u00e2nico, aprisionamento, humilha\u00e7\u00e3o, vergonha e impot\u00eancia;<\/span><\/li>\n<li style=\"font-weight: 400;\" aria-level=\"1\"><span style=\"font-weight: 400;\">Depress\u00e3o;<\/span><\/li>\n<li style=\"font-weight: 400;\" aria-level=\"1\"><span style=\"font-weight: 400;\">Ansiedade;<\/span><\/li>\n<li style=\"font-weight: 400;\" aria-level=\"1\"><span style=\"font-weight: 400;\">Ang\u00fastia;<\/span><\/li>\n<li style=\"font-weight: 400;\" aria-level=\"1\"><span style=\"font-weight: 400;\">Apreens\u00e3o;<\/span><\/li>\n<li style=\"font-weight: 400;\" aria-level=\"1\"><span style=\"font-weight: 400;\">Tremores;<\/span><\/li>\n<li style=\"font-weight: 400;\" aria-level=\"1\"><span style=\"font-weight: 400;\">Aumento da frequ\u00eancia card\u00edaca;<\/span><\/li>\n<li style=\"font-weight: 400;\" aria-level=\"1\"><span style=\"font-weight: 400;\">Ataques de p\u00e2nico.<\/span><\/li>\n<\/ul>\n<p><b>LEIA MAIS: <\/b><a href=\"https:\/\/www.telavita.com.br\/blog\/prevenir-ataque-panico\/\"><b>Descubra como prevenir um ataque de p\u00e2nico<\/b><\/a><\/p>\n<h2><b>O tratamento para agorafobia<\/b><\/h2>\n<p><span style=\"font-weight: 400;\">Assim como todos os<\/span><b> transtornos de ansiedade<\/b><span style=\"font-weight: 400;\">, a agorafobia\u00a0 n\u00e3o tem cura, pois \u00e9 uma doen\u00e7a cr\u00f4nica. No entanto, existem <\/span><a href=\"https:\/\/www.telavita.com.br\/blog\/tratamentos-transtorno-ansiedade\/\"><b>meios de trat\u00e1-la e diminuir os efeitos negativos na vida do paciente.<\/b><\/a><\/p>\n<p><span style=\"font-weight: 400;\">O <\/span><b>principal m\u00e9todo para enfrentar a agorafobia \u00e9 por meio da psicoterapia.<\/b><span style=\"font-weight: 400;\"> Assim, com um tratamento colaborativo entre o paciente e psic\u00f3logo, o profissional aplicar\u00e1 suas t\u00e9cnicas e abordagens baseadas no caso que est\u00e1 lidando e iniciar\u00e1 o tratamento dial\u00e9tico com o paciente.\u00a0<\/span><span style=\"font-weight: 400;\">A terapia ensina como <\/span><b>controlar a fobia <\/b><span style=\"font-weight: 400;\">e identifica as causas do transtorno. <\/span><\/p>\n<p><span style=\"font-weight: 400;\">O <\/span><b>tratamento medicamentoso <\/b><span style=\"font-weight: 400;\">tamb\u00e9m \u00e9 poss\u00edvel, mas somente com prescri\u00e7\u00e3o m\u00e9dica. Os rem\u00e9dios, por sua vez,\u00a0 envolvem\u00a0 o uso de inibidores de recapta\u00e7\u00e3o de serotonina e noradrenalina, drogas antidepressivas e ansiol\u00edticas que regulam as concentra\u00e7\u00f5es de <\/span><b>neurotransmissores<\/b><span style=\"font-weight: 400;\"> relacionados ao bem-estar e ao estresse no c\u00e9rebro.<\/span><\/p>\n<p><b>Como qualquer doen\u00e7a, a agorafobia tamb\u00e9m precisa ser tratada e levada a s\u00e9rio.<\/b><\/p>\n<span class='mb-center maxbutton-4-center'><span class='maxbutton-4-container mb-container'><a class=\"maxbutton-4 maxbutton maxbutton-manda-para-o-catalogo-de-psicologos\" href=\"https:\/\/app.telavita.com.br\/psicologia-online\/encontre-seu-psicologo\"><span class='mb-text'>Encontre seu psic\u00f3logo online<\/span><\/a><\/span><\/span>\n","protected":false},"excerpt":{"rendered":"<p>Estamos constantemente cercados por situa\u00e7\u00f5es potencialmente perigosas: a viol\u00eancia, o tr\u00e2nsito das cidades grandes e os edif\u00edcios gigantescos podem ser alvo de muito medo para algumas pessoas. Sentimentos de fobia na atualidade s\u00e3o muito comuns em determinadas situa\u00e7\u00f5es. Entre eles, a agorafobia. Mais de 7 milh\u00f5es de carros circulam, diariamente, pela cidade de S\u00e3o Paulo. [&hellip;]<\/p>\n","protected":false},"author":8,"featured_media":4756,"comment_status":"open","ping_status":"open","sticky":false,"template":"","format":"standard","meta":{"_lmt_disableupdate":"","_lmt_disable":"","footnotes":""},"categories":[34],"tags":[],"yoast_head":"<!-- This site is optimized with the Yoast SEO plugin v19.8 - https:\/\/yoast.com\/wordpress\/plugins\/seo\/ -->\n<title>O que \u00e9 a agorafobia? Descubra seus sintomas e causas!<\/title>\n<meta name=\"description\" content=\"A agorafobia \u00e9 uma condi\u00e7\u00e3o que aparece em portadores da s\u00edndrome do p\u00e2nico. Descubra seus sintomas e como ela se manifesta.\" \/>\n<meta name=\"robots\" content=\"index, follow, max-snippet:-1, max-image-preview:large, max-video-preview:-1\" \/>\n<link rel=\"canonical\" href=\"https:\/\/www.telavita.com.br\/blog\/agorafobia\/\" \/>\n<meta property=\"og:locale\" content=\"pt_BR\" \/>\n<meta property=\"og:type\" content=\"article\" \/>\n<meta property=\"og:title\" content=\"O que \u00e9 a agorafobia? Descubra seus sintomas e causas!\" \/>\n<meta property=\"og:description\" content=\"A agorafobia \u00e9 uma condi\u00e7\u00e3o que aparece em portadores da s\u00edndrome do p\u00e2nico. Descubra seus sintomas e como ela se manifesta.\" \/>\n<meta property=\"og:url\" content=\"https:\/\/www.telavita.com.br\/blog\/agorafobia\/\" \/>\n<meta property=\"og:site_name\" content=\"Telavita\" \/>\n<meta property=\"article:publisher\" content=\"https:\/\/www.facebook.com\/Telavita\" \/>\n<meta property=\"article:published_time\" content=\"2019-03-03T12:08:34+00:00\" \/>\n<meta property=\"article:modified_time\" content=\"2022-09-23T20:25:57+00:00\" \/>\n<meta property=\"og:image\" content=\"https:\/\/www.telavita.com.br\/blog\/wp-content\/uploads\/2019\/02\/agorafobia.jpg\" \/>\n\t<meta property=\"og:image:width\" content=\"900\" \/>\n\t<meta property=\"og:image:height\" content=\"560\" \/>\n\t<meta property=\"og:image:type\" content=\"image\/jpeg\" \/>\n<meta name=\"author\" content=\"Juliana Sonsin\" \/>\n<meta name=\"twitter:card\" content=\"summary_large_image\" \/>\n<meta name=\"twitter:label1\" content=\"Escrito por\" \/>\n\t<meta name=\"twitter:data1\" content=\"Juliana Sonsin\" \/>\n\t<meta name=\"twitter:label2\" content=\"Est. tempo de leitura\" \/>\n\t<meta name=\"twitter:data2\" content=\"4 minutos\" \/>\n<!-- \/ Yoast SEO plugin. -->","yoast_head_json":{"title":"O que \u00e9 a agorafobia? Descubra seus sintomas e causas!","description":"A agorafobia \u00e9 uma condi\u00e7\u00e3o que aparece em portadores da s\u00edndrome do p\u00e2nico. Descubra seus sintomas e como ela se manifesta.","robots":{"index":"index","follow":"follow","max-snippet":"max-snippet:-1","max-image-preview":"max-image-preview:large","max-video-preview":"max-video-preview:-1"},"canonical":"https:\/\/www.telavita.com.br\/blog\/agorafobia\/","og_locale":"pt_BR","og_type":"article","og_title":"O que \u00e9 a agorafobia? Descubra seus sintomas e causas!","og_description":"A agorafobia \u00e9 uma condi\u00e7\u00e3o que aparece em portadores da s\u00edndrome do p\u00e2nico. Descubra seus sintomas e como ela se manifesta.","og_url":"https:\/\/www.telavita.com.br\/blog\/agorafobia\/","og_site_name":"Telavita","article_publisher":"https:\/\/www.facebook.com\/Telavita","article_published_time":"2019-03-03T12:08:34+00:00","article_modified_time":"2022-09-23T20:25:57+00:00","og_image":[{"width":900,"height":560,"url":"https:\/\/www.telavita.com.br\/blog\/wp-content\/uploads\/2019\/02\/agorafobia.jpg","type":"image\/jpeg"}],"author":"Juliana Sonsin","twitter_card":"summary_large_image","twitter_misc":{"Escrito por":"Juliana Sonsin","Est. tempo de leitura":"4 minutos"},"schema":{"@context":"https:\/\/schema.org","@graph":[{"@type":"Article","@id":"https:\/\/www.telavita.com.br\/blog\/agorafobia\/#article","isPartOf":{"@id":"https:\/\/www.telavita.com.br\/blog\/agorafobia\/"},"author":{"name":"Juliana Sonsin","@id":"https:\/\/www.telavita.com.br\/blog\/#\/schema\/person\/c9d2f268651fd6d6bf440495dd23b40e"},"headline":"Saiba o que \u00e9 a agorafobia e como ela se manifesta","datePublished":"2019-03-03T12:08:34+00:00","dateModified":"2022-09-23T20:25:57+00:00","mainEntityOfPage":{"@id":"https:\/\/www.telavita.com.br\/blog\/agorafobia\/"},"wordCount":764,"commentCount":0,"publisher":{"@id":"https:\/\/www.telavita.com.br\/blog\/#organization"},"articleSection":["Ansiedade"],"inLanguage":"pt-BR","potentialAction":[{"@type":"CommentAction","name":"Comment","target":["https:\/\/www.telavita.com.br\/blog\/agorafobia\/#respond"]}]},{"@type":"WebPage","@id":"https:\/\/www.telavita.com.br\/blog\/agorafobia\/","url":"https:\/\/www.telavita.com.br\/blog\/agorafobia\/","name":"O que \u00e9 a agorafobia? Descubra seus sintomas e causas!","isPartOf":{"@id":"https:\/\/www.telavita.com.br\/blog\/#website"},"datePublished":"2019-03-03T12:08:34+00:00","dateModified":"2022-09-23T20:25:57+00:00","description":"A agorafobia \u00e9 uma condi\u00e7\u00e3o que aparece em portadores da s\u00edndrome do p\u00e2nico. Descubra seus sintomas e como ela se manifesta.","breadcrumb":{"@id":"https:\/\/www.telavita.com.br\/blog\/agorafobia\/#breadcrumb"},"inLanguage":"pt-BR","potentialAction":[{"@type":"ReadAction","target":["https:\/\/www.telavita.com.br\/blog\/agorafobia\/"]}]},{"@type":"BreadcrumbList","@id":"https:\/\/www.telavita.com.br\/blog\/agorafobia\/#breadcrumb","itemListElement":[{"@type":"ListItem","position":1,"name":"In\u00edcio","item":"https:\/\/www.telavita.com.br\/blog\/"},{"@type":"ListItem","position":2,"name":"Saiba o que \u00e9 a agorafobia e como ela se manifesta"}]},{"@type":"WebSite","@id":"https:\/\/www.telavita.com.br\/blog\/#website","url":"https:\/\/www.telavita.com.br\/blog\/","name":"Telavita","description":"Conte\u00fados especializados sobre sa\u00fade mental e bem-estar","publisher":{"@id":"https:\/\/www.telavita.com.br\/blog\/#organization"},"potentialAction":[{"@type":"SearchAction","target":{"@type":"EntryPoint","urlTemplate":"https:\/\/www.telavita.com.br\/blog\/?s={search_term_string}"},"query-input":"required name=search_term_string"}],"inLanguage":"pt-BR"},{"@type":"Organization","@id":"https:\/\/www.telavita.com.br\/blog\/#organization","name":"Telavita","url":"https:\/\/www.telavita.com.br\/blog\/","sameAs":["https:\/\/www.linkedin.com\/company\/telavita\/mycompany\/verification\/","https:\/\/www.instagram.com\/telavita\/","https:\/\/www.facebook.com\/Telavita"],"logo":{"@type":"ImageObject","inLanguage":"pt-BR","@id":"https:\/\/www.telavita.com.br\/blog\/#\/schema\/logo\/image\/","url":"https:\/\/www.telavita.com.br\/blog\/wp-content\/uploads\/2021\/05\/telavita.jpg","contentUrl":"https:\/\/www.telavita.com.br\/blog\/wp-content\/uploads\/2021\/05\/telavita.jpg","width":200,"height":200,"caption":"Telavita"},"image":{"@id":"https:\/\/www.telavita.com.br\/blog\/#\/schema\/logo\/image\/"}},{"@type":"Person","@id":"https:\/\/www.telavita.com.br\/blog\/#\/schema\/person\/c9d2f268651fd6d6bf440495dd23b40e","name":"Juliana Sonsin","image":{"@type":"ImageObject","inLanguage":"pt-BR","@id":"https:\/\/www.telavita.com.br\/blog\/#\/schema\/person\/image\/","url":"https:\/\/secure.gravatar.com\/avatar\/dfb14c6228cdf7312fea984efc84d04e?s=96&d=mm&r=g","contentUrl":"https:\/\/secure.gravatar.com\/avatar\/dfb14c6228cdf7312fea984efc84d04e?s=96&d=mm&r=g","caption":"Juliana Sonsin"},"description":"Jornalista formada pela Faculdade C\u00e1sper Libero e especializada em sa\u00fade. Apaixonada por escrever roteiros de v\u00eddeos, produzir (e assistir) document\u00e1rios e ler sobre tudo um pouco. Acredito no jornalismo \u00e9tico como um meio de trazer ao p\u00fablico informa\u00e7\u00f5es e hist\u00f3rias que valem a pena serem contadas. Gosto de viajar, fazer yoga e assistir s\u00e9ries.","url":"https:\/\/www.telavita.com.br\/blog\/author\/juliana-sonsin\/"}]}},"modified_by":null,"_links":{"self":[{"href":"https:\/\/www.telavita.com.br\/blog\/wp-json\/wp\/v2\/posts\/3618"}],"collection":[{"href":"https:\/\/www.telavita.com.br\/blog\/wp-json\/wp\/v2\/posts"}],"about":[{"href":"https:\/\/www.telavita.com.br\/blog\/wp-json\/wp\/v2\/types\/post"}],"author":[{"embeddable":true,"href":"https:\/\/www.telavita.com.br\/blog\/wp-json\/wp\/v2\/users\/8"}],"replies":[{"embeddable":true,"href":"https:\/\/www.telavita.com.br\/blog\/wp-json\/wp\/v2\/comments?post=3618"}],"version-history":[{"count":7,"href":"https:\/\/www.telavita.com.br\/blog\/wp-json\/wp\/v2\/posts\/3618\/revisions"}],"predecessor-version":[{"id":8055,"href":"https:\/\/www.telavita.com.br\/blog\/wp-json\/wp\/v2\/posts\/3618\/revisions\/8055"}],"wp:featuredmedia":[{"embeddable":true,"href":"https:\/\/www.telavita.com.br\/blog\/wp-json\/wp\/v2\/media\/4756"}],"wp:attachment":[{"href":"https:\/\/www.telavita.com.br\/blog\/wp-json\/wp\/v2\/media?parent=3618"}],"wp:term":[{"taxonomy":"category","embeddable":true,"href":"https:\/\/www.telavita.com.br\/blog\/wp-json\/wp\/v2\/categories?post=3618"},{"taxonomy":"post_tag","embeddable":true,"href":"https:\/\/www.telavita.com.br\/blog\/wp-json\/wp\/v2\/tags?post=3618"}],"curies":[{"name":"wp","href":"https:\/\/api.w.org\/{rel}","templated":true}]}}