{"id":3622,"date":"2019-03-06T09:45:45","date_gmt":"2019-03-06T12:45:45","guid":{"rendered":"https:\/\/www.telavita.com.br\/blog\/?p=3622"},"modified":"2019-10-17T14:27:32","modified_gmt":"2019-10-17T17:27:32","slug":"lacos-familiares-na-construcao-psicologica","status":"publish","type":"post","link":"https:\/\/www.telavita.com.br\/blog\/lacos-familiares-na-construcao-psicologica\/","title":{"rendered":"A import\u00e2ncia dos la\u00e7os familiares na constru\u00e7\u00e3o psicol\u00f3gica"},"content":{"rendered":"\r\n<p>O nome <strong>Clarice Lispector<\/strong> \u00e9 comumente evocado quando se fala de literatura brasileira ou <strong>sobre fam\u00edlia<\/strong>. A escritora ucraniana naturalizada brasileira, escreveu e compreendeu a profundidade das rela\u00e7\u00f5es familiares desde as a\u00e7\u00f5es e emo\u00e7\u00f5es mais sutis, at\u00e9 as mais tempestuosas. Um simples gesto \u00e9 entendido com tal complexidade psicol\u00f3gica que o livro <strong>\u201cLa\u00e7os De Fam\u00edlia\u201d <\/strong>se tornou um dos mais aclamados de nossa literatura. <\/p>\r\n\r\n\r\n\r\n<p>\u201cA filha observava divertida. Ningu\u00e9m mais pode te amar sen\u00e3o eu, pensou a mulher rindo pelos olhos; e o peso da responsabilidade deu-lhe \u00e0 boca um gosto de sangue. Como se \u201cm\u00e3e e filha\u201d fosse vida e repugn\u00e2ncia. N\u00e3o, n\u00e3o se podia dizer que amava sua m\u00e3e. Sua m\u00e3e lhe do\u00eda, era isso. A velha guardara o espelho na bolsa, e fitava-a sorrindo\u201d. <\/p>\r\n\r\n\r\n\r\n<p><strong>Toda rela\u00e7\u00e3o humana \u00e9 complexa. <\/strong>Quando a conviv\u00eancia \u00e9 di\u00e1ria, essa complexidade tende a ficar maior, seja para o lado positivo, quanto para o negativo. Independentemente dos problemas que os la\u00e7os possam causar, a import\u00e2ncia da fam\u00edlia na sociedade ainda \u00e9 expressiva, essencialmente na inf\u00e2ncia, onde a <strong>fam\u00edlia se torna a base de tudo. \u201c<\/strong>Boas experi\u00eancias afetivas iniciais t\u00eam influ\u00eancia positiva no desenrolar da vida do indiv\u00edduo\u201d, aponta o <strong><a href=\"https:\/\/www.fmcsv.org.br\/pt-BR\/o-que-fazemos\/mobilizar-as-liderancas\/nucleo-ciencia-pela-infancia\/\">N\u00facleo Ci\u00eancia Pela Inf\u00e2ncia. <\/a><\/strong><\/p>\r\n\r\n\r\n\r\n<p>\u00c9 atrav\u00e9s das primeiras experi\u00eancias sociais e de constru\u00e7\u00e3o de v\u00ednculos que a crian\u00e7a desenvolve seus valores e personalidade, al\u00e9m de serem a base onde o seu psicol\u00f3gico e emocional ser\u00e3o fundadas. <strong>Crian\u00e7as que n\u00e3o receberam amparo, carinho, exemplos positivos e valores, podem desenvolver traumas <\/strong>que, se n\u00e3o tratados, t\u00eam grandes chances de evolu\u00edrem para transtornos psicol\u00f3gicos, como depress\u00e3o, ansiedade, s\u00edndrome do p\u00e2nico ou outros dist\u00farbios graves. <\/p>\r\n\r\n\r\n\r\n<p>Um caso muito pol\u00eamico d\u00e1 for\u00e7as a premissa de que, sem uma base de la\u00e7os fortes e cheia de amparo, as crian\u00e7as podem sofrer psicologicamente. <strong>Na d\u00e9cada de 60, a Rom\u00eania adotou uma pol\u00edtica de aumento populacional<\/strong>, por\u00e9m, com isso, gerou um d\u00e9ficit econ\u00f4mico grave que impactou as fam\u00edlias. Essas, sem ter dinheiro para sustentar os cinco, seis, sete filhos que tinham, come\u00e7aram a abandon\u00e1-los em orfanatos. O mais bizarro \u00e9 que os funcion\u00e1rios dos orfanatos foram instru\u00eddos a n\u00e3o darem nenhum tipo de carinho ou demonstra\u00e7\u00f5es de afeto para com aquelas crian\u00e7as. <\/p>\r\n\r\n\r\n\r\n<p>O resultado? Ao visitar um desses internatos, o pediatra Charles Nelson, do <a href=\"http:\/\/www.childrenshospital.org\/\">Hospital de Crian\u00e7as de Boston<\/a>, nos Estados Unidos, ficou chocado ao se deparar com crian\u00e7as pedindo por carinho e esperando desesperadamente aten\u00e7\u00e3o. Impactado com os resultados que a falta de amor nos primeiros anos de vida causa, ele lan\u00e7ou o \u00a0<a href=\"http:\/\/www.bucharestearlyinterventionproject.org\/\">\u201cProjeto de Interven\u00e7\u00e3o Precoce de Bucareste\u201d<\/a>, onde analisou a quest\u00e3o da car\u00eancia extrema. \u00a0<\/p>\r\n\r\n\r\n\r\n<p>\u201cIn\u00fameros estudos t\u00eam mostrado que investimentos em programas voltados para a primeira inf\u00e2ncia podem dar um retorno bastante positivo para as crian\u00e7as e para a sociedade como um todo. <a href=\"https:\/\/www.telavita.com.br\/blog\/ferias-criancas\/\">Crian\u00e7as que tiveram boas oportunidades na inf\u00e2ncia<\/a> (escolares, afetivas e sociais) tendem a apresentar um melhor desempenho acad\u00eamico e profissional, um maior ajuste social e uma menor propens\u00e3o \u00e0 criminalidade, uso de drogas, adoecimento f\u00edsico ou mental\u201d, informa o N\u00facleo Ci\u00eancia Pela Inf\u00e2ncia. <\/p>\r\n\r\n\r\n\r\n<p>Na vida adulta, o <strong>conceito de fam\u00edlia <\/strong>pode mudar e n\u00e3o necessariamente se fixar somente nas rela\u00e7\u00f5es sangu\u00edneas. Afinal, <strong>o que \u00e9 fam\u00edlia? <\/strong>Ser\u00e1 a <strong>fam\u00edlia feliz <\/strong>que aparece nos comerciais de televis\u00e3o? Ou ser\u00e1 aquela que protagoniza os dramas e desaven\u00e7as das novelas mexicanas? A <a href=\"https:\/\/www.telavita.com.br\/blog\/separacao-e-filhos\/\"><strong>estrutura familiar<\/strong><\/a> \u00e9, hoje em dia, extremamente vasta e diferente do modelo tradicional que t\u00ednhamos h\u00e1 alguns anos. <\/p>\r\n\r\n\r\n\r\n<p>\u201cAssim, pensar em constituir uma fam\u00edlia, ou n\u00e3o, est\u00e1 relacionado com o problema do v\u00ednculo social na contemporaneidade na medida em que os la\u00e7os familiares consistem em uma rede social importante para o indiv\u00edduo no cen\u00e1rio da contemporaneidade. S\u00e3o as experi\u00eancias dos indiv\u00edduos relacionadas \u00e0 import\u00e2ncia desses la\u00e7os, inclusive aquelas experi\u00eancias vividas dentro de suas pr\u00f3prias fam\u00edlias de origem, que dar\u00e3o sentido aos seus projetos futuros\u201d, observa tese da <strong><a href=\"http:\/\/www.puc-rio.br\/index.html\">Puc-Rio. <\/a><\/strong><\/p>\r\n\r\n\r\n\r\n<p>Segundo o dicion\u00e1rio <strong><a href=\"https:\/\/michaelis.uol.com.br\/\">Michaellis<\/a><\/strong>, o significado de fam\u00edlia se d\u00e1 por \u201cpessoas do mesmo sangue ou n\u00e3o, ligadas entre si por casamento, filia\u00e7\u00e3o, ou mesmo ado\u00e7\u00e3o; parentes, parentela\u201d, ou ainda \u201cum grupo de pessoas unidas por convic\u00e7\u00f5es, interesses ou origem comuns\u201d. Ou seja, fam\u00edlia pode ser aquele grupo de amigos que te d\u00e1 apoio e suporte emocional e psicol\u00f3gico todos os dias. <a href=\"https:\/\/www.telavita.com.br\/blog\/lidar-com-a-adocao\/\">\u00c9 o filho adotivo que encontrou em novos pais<\/a>, a sua base existencial. <\/p>\r\n\r\n\r\n\r\n<p><strong>A import\u00e2ncia da fam\u00edlia na sociedade<\/strong>, seja ela qual for, ainda \u00e9 vital para a sobreviv\u00eancia, visto que enfrentamos um processo de individualiza\u00e7\u00e3o como nunca antes. Esse processo \u00e9 fortalecido pelo avan\u00e7o tecnol\u00f3gico que, ao mesmo tempo em que torna a comunica\u00e7\u00e3o mais f\u00e1cil entre pessoas, as separa do conv\u00edvio e da presen\u00e7a f\u00edsica. <\/p>\r\n\r\n\r\n\r\n<p>A <strong>terapia familiar<\/strong> \u00e9 uma ferramenta importante em casos de conflitos, traumas ou mesmo a \u00a0necessidade e interesse de se aproximar, reaproximar e conviver bem com os membros desse grupo social. O <strong>valor de uma fam\u00edlia unida <\/strong>\u00e9 inestim\u00e1vel, visto que, como j\u00e1 abordamos no in\u00edcio desse artigo, \u00e9 a base para que o indiv\u00edduo construa a sua <a href=\"https:\/\/www.telavita.com.br\/blog\/inteligencia-emocional\/\">intelig\u00eancia emocional<\/a>, valores, atitudes e bons exemplos. <\/p>\r\n\r\n\r\n\r\n<p><strong>A fam\u00edlia \u00e9 o nosso primeiro contato com o mundo,<\/strong> pela qual experienciamos as primeiras trocas de informa\u00e7\u00e3o e afeto, transformando o indiv\u00edduo e o preparando para tudo na vida. Uma vez que essa entidade social n\u00e3o realiza tais fun\u00e7\u00f5es, e sim, o contr\u00e1rio, os efeitos no indiv\u00edduo que sofre abusos, humilha\u00e7\u00f5es e grandes traumas, \u00e9 igualmente grande.<\/p>\r\n\r\n\r\n\r\n<p>\u00c9 preciso fortalecer os la\u00e7os familiares, seja a sua fam\u00edlia quem for: parente de sangue, amigo que \u00e9 quase irm\u00e3o, m\u00e3e que tamb\u00e9m \u00e9 pai, pai que tamb\u00e9m \u00e9 m\u00e3e, v\u00f3 que cria no lugar dos pais. <\/p>\r\n","protected":false},"excerpt":{"rendered":"<p>O nome Clarice Lispector \u00e9 comumente evocado quando se fala de literatura brasileira ou sobre fam\u00edlia. A escritora ucraniana naturalizada brasileira, escreveu e compreendeu a profundidade das rela\u00e7\u00f5es familiares desde as a\u00e7\u00f5es e emo\u00e7\u00f5es mais sutis, at\u00e9 as mais tempestuosas. Um simples gesto \u00e9 entendido com tal complexidade psicol\u00f3gica que o livro \u201cLa\u00e7os De Fam\u00edlia\u201d [&hellip;]<\/p>\n","protected":false},"author":8,"featured_media":4762,"comment_status":"open","ping_status":"open","sticky":false,"template":"","format":"standard","meta":{"_lmt_disableupdate":"","_lmt_disable":"","footnotes":""},"categories":[253],"tags":[],"yoast_head":"<!-- This site is optimized with the Yoast SEO plugin v19.8 - https:\/\/yoast.com\/wordpress\/plugins\/seo\/ -->\n<title>A Psicologia Na Import\u00e2ncia Dos La\u00e7os Familiares | Telavita<\/title>\n<meta name=\"description\" content=\"O impacto dos la\u00e7os afetivos na mente humana \u00e9 enorme. Entenda como a fam\u00edlia e os la\u00e7os afeitvos moldam o psicol\u00f3gico do ser humano.\" \/>\n<meta name=\"robots\" content=\"index, follow, max-snippet:-1, max-image-preview:large, max-video-preview:-1\" \/>\n<link rel=\"canonical\" href=\"https:\/\/www.telavita.com.br\/blog\/lacos-familiares-na-construcao-psicologica\/\" \/>\n<meta property=\"og:locale\" content=\"pt_BR\" \/>\n<meta property=\"og:type\" content=\"article\" \/>\n<meta property=\"og:title\" content=\"A Psicologia Na Import\u00e2ncia Dos La\u00e7os Familiares | Telavita\" \/>\n<meta property=\"og:description\" content=\"O impacto dos la\u00e7os afetivos na mente humana \u00e9 enorme. Entenda como a fam\u00edlia e os la\u00e7os afeitvos moldam o psicol\u00f3gico do ser humano.\" \/>\n<meta property=\"og:url\" content=\"https:\/\/www.telavita.com.br\/blog\/lacos-familiares-na-construcao-psicologica\/\" \/>\n<meta property=\"og:site_name\" content=\"Telavita\" \/>\n<meta property=\"article:publisher\" content=\"https:\/\/www.facebook.com\/Telavita\" \/>\n<meta property=\"article:published_time\" content=\"2019-03-06T12:45:45+00:00\" \/>\n<meta property=\"article:modified_time\" content=\"2019-10-17T17:27:32+00:00\" \/>\n<meta property=\"og:image\" content=\"https:\/\/www.telavita.com.br\/blog\/wp-content\/uploads\/2019\/02\/lacos-familiares.jpg\" \/>\n\t<meta property=\"og:image:width\" content=\"900\" \/>\n\t<meta property=\"og:image:height\" content=\"560\" \/>\n\t<meta property=\"og:image:type\" content=\"image\/jpeg\" \/>\n<meta name=\"author\" content=\"Juliana Sonsin\" \/>\n<meta name=\"twitter:card\" content=\"summary_large_image\" \/>\n<meta name=\"twitter:label1\" content=\"Escrito por\" \/>\n\t<meta name=\"twitter:data1\" content=\"Juliana Sonsin\" \/>\n\t<meta name=\"twitter:label2\" content=\"Est. tempo de leitura\" \/>\n\t<meta name=\"twitter:data2\" content=\"5 minutos\" \/>\n<!-- \/ Yoast SEO plugin. -->","yoast_head_json":{"title":"A Psicologia Na Import\u00e2ncia Dos La\u00e7os Familiares | Telavita","description":"O impacto dos la\u00e7os afetivos na mente humana \u00e9 enorme. Entenda como a fam\u00edlia e os la\u00e7os afeitvos moldam o psicol\u00f3gico do ser humano.","robots":{"index":"index","follow":"follow","max-snippet":"max-snippet:-1","max-image-preview":"max-image-preview:large","max-video-preview":"max-video-preview:-1"},"canonical":"https:\/\/www.telavita.com.br\/blog\/lacos-familiares-na-construcao-psicologica\/","og_locale":"pt_BR","og_type":"article","og_title":"A Psicologia Na Import\u00e2ncia Dos La\u00e7os Familiares | Telavita","og_description":"O impacto dos la\u00e7os afetivos na mente humana \u00e9 enorme. Entenda como a fam\u00edlia e os la\u00e7os afeitvos moldam o psicol\u00f3gico do ser humano.","og_url":"https:\/\/www.telavita.com.br\/blog\/lacos-familiares-na-construcao-psicologica\/","og_site_name":"Telavita","article_publisher":"https:\/\/www.facebook.com\/Telavita","article_published_time":"2019-03-06T12:45:45+00:00","article_modified_time":"2019-10-17T17:27:32+00:00","og_image":[{"width":900,"height":560,"url":"https:\/\/www.telavita.com.br\/blog\/wp-content\/uploads\/2019\/02\/lacos-familiares.jpg","type":"image\/jpeg"}],"author":"Juliana Sonsin","twitter_card":"summary_large_image","twitter_misc":{"Escrito por":"Juliana Sonsin","Est. tempo de leitura":"5 minutos"},"schema":{"@context":"https:\/\/schema.org","@graph":[{"@type":"Article","@id":"https:\/\/www.telavita.com.br\/blog\/lacos-familiares-na-construcao-psicologica\/#article","isPartOf":{"@id":"https:\/\/www.telavita.com.br\/blog\/lacos-familiares-na-construcao-psicologica\/"},"author":{"name":"Juliana Sonsin","@id":"https:\/\/www.telavita.com.br\/blog\/#\/schema\/person\/c9d2f268651fd6d6bf440495dd23b40e"},"headline":"A import\u00e2ncia dos la\u00e7os familiares na constru\u00e7\u00e3o psicol\u00f3gica","datePublished":"2019-03-06T12:45:45+00:00","dateModified":"2019-10-17T17:27:32+00:00","mainEntityOfPage":{"@id":"https:\/\/www.telavita.com.br\/blog\/lacos-familiares-na-construcao-psicologica\/"},"wordCount":1056,"commentCount":0,"publisher":{"@id":"https:\/\/www.telavita.com.br\/blog\/#organization"},"articleSection":["Fam\u00edlia"],"inLanguage":"pt-BR","potentialAction":[{"@type":"CommentAction","name":"Comment","target":["https:\/\/www.telavita.com.br\/blog\/lacos-familiares-na-construcao-psicologica\/#respond"]}]},{"@type":"WebPage","@id":"https:\/\/www.telavita.com.br\/blog\/lacos-familiares-na-construcao-psicologica\/","url":"https:\/\/www.telavita.com.br\/blog\/lacos-familiares-na-construcao-psicologica\/","name":"A Psicologia Na Import\u00e2ncia Dos La\u00e7os Familiares | Telavita","isPartOf":{"@id":"https:\/\/www.telavita.com.br\/blog\/#website"},"datePublished":"2019-03-06T12:45:45+00:00","dateModified":"2019-10-17T17:27:32+00:00","description":"O impacto dos la\u00e7os afetivos na mente humana \u00e9 enorme. Entenda como a fam\u00edlia e os la\u00e7os afeitvos moldam o psicol\u00f3gico do ser humano.","breadcrumb":{"@id":"https:\/\/www.telavita.com.br\/blog\/lacos-familiares-na-construcao-psicologica\/#breadcrumb"},"inLanguage":"pt-BR","potentialAction":[{"@type":"ReadAction","target":["https:\/\/www.telavita.com.br\/blog\/lacos-familiares-na-construcao-psicologica\/"]}]},{"@type":"BreadcrumbList","@id":"https:\/\/www.telavita.com.br\/blog\/lacos-familiares-na-construcao-psicologica\/#breadcrumb","itemListElement":[{"@type":"ListItem","position":1,"name":"In\u00edcio","item":"https:\/\/www.telavita.com.br\/blog\/"},{"@type":"ListItem","position":2,"name":"A import\u00e2ncia dos la\u00e7os familiares na constru\u00e7\u00e3o psicol\u00f3gica"}]},{"@type":"WebSite","@id":"https:\/\/www.telavita.com.br\/blog\/#website","url":"https:\/\/www.telavita.com.br\/blog\/","name":"Telavita","description":"Conte\u00fados especializados sobre sa\u00fade mental e bem-estar","publisher":{"@id":"https:\/\/www.telavita.com.br\/blog\/#organization"},"potentialAction":[{"@type":"SearchAction","target":{"@type":"EntryPoint","urlTemplate":"https:\/\/www.telavita.com.br\/blog\/?s={search_term_string}"},"query-input":"required name=search_term_string"}],"inLanguage":"pt-BR"},{"@type":"Organization","@id":"https:\/\/www.telavita.com.br\/blog\/#organization","name":"Telavita","url":"https:\/\/www.telavita.com.br\/blog\/","sameAs":["https:\/\/www.linkedin.com\/company\/telavita\/mycompany\/verification\/","https:\/\/www.instagram.com\/telavita\/","https:\/\/www.facebook.com\/Telavita"],"logo":{"@type":"ImageObject","inLanguage":"pt-BR","@id":"https:\/\/www.telavita.com.br\/blog\/#\/schema\/logo\/image\/","url":"https:\/\/www.telavita.com.br\/blog\/wp-content\/uploads\/2021\/05\/telavita.jpg","contentUrl":"https:\/\/www.telavita.com.br\/blog\/wp-content\/uploads\/2021\/05\/telavita.jpg","width":200,"height":200,"caption":"Telavita"},"image":{"@id":"https:\/\/www.telavita.com.br\/blog\/#\/schema\/logo\/image\/"}},{"@type":"Person","@id":"https:\/\/www.telavita.com.br\/blog\/#\/schema\/person\/c9d2f268651fd6d6bf440495dd23b40e","name":"Juliana Sonsin","image":{"@type":"ImageObject","inLanguage":"pt-BR","@id":"https:\/\/www.telavita.com.br\/blog\/#\/schema\/person\/image\/","url":"https:\/\/secure.gravatar.com\/avatar\/dfb14c6228cdf7312fea984efc84d04e?s=96&d=mm&r=g","contentUrl":"https:\/\/secure.gravatar.com\/avatar\/dfb14c6228cdf7312fea984efc84d04e?s=96&d=mm&r=g","caption":"Juliana Sonsin"},"description":"Jornalista formada pela Faculdade C\u00e1sper Libero e especializada em sa\u00fade. Apaixonada por escrever roteiros de v\u00eddeos, produzir (e assistir) document\u00e1rios e ler sobre tudo um pouco. Acredito no jornalismo \u00e9tico como um meio de trazer ao p\u00fablico informa\u00e7\u00f5es e hist\u00f3rias que valem a pena serem contadas. Gosto de viajar, fazer yoga e assistir s\u00e9ries.","url":"https:\/\/www.telavita.com.br\/blog\/author\/juliana-sonsin\/"}]}},"modified_by":null,"_links":{"self":[{"href":"https:\/\/www.telavita.com.br\/blog\/wp-json\/wp\/v2\/posts\/3622"}],"collection":[{"href":"https:\/\/www.telavita.com.br\/blog\/wp-json\/wp\/v2\/posts"}],"about":[{"href":"https:\/\/www.telavita.com.br\/blog\/wp-json\/wp\/v2\/types\/post"}],"author":[{"embeddable":true,"href":"https:\/\/www.telavita.com.br\/blog\/wp-json\/wp\/v2\/users\/8"}],"replies":[{"embeddable":true,"href":"https:\/\/www.telavita.com.br\/blog\/wp-json\/wp\/v2\/comments?post=3622"}],"version-history":[{"count":3,"href":"https:\/\/www.telavita.com.br\/blog\/wp-json\/wp\/v2\/posts\/3622\/revisions"}],"predecessor-version":[{"id":4763,"href":"https:\/\/www.telavita.com.br\/blog\/wp-json\/wp\/v2\/posts\/3622\/revisions\/4763"}],"wp:featuredmedia":[{"embeddable":true,"href":"https:\/\/www.telavita.com.br\/blog\/wp-json\/wp\/v2\/media\/4762"}],"wp:attachment":[{"href":"https:\/\/www.telavita.com.br\/blog\/wp-json\/wp\/v2\/media?parent=3622"}],"wp:term":[{"taxonomy":"category","embeddable":true,"href":"https:\/\/www.telavita.com.br\/blog\/wp-json\/wp\/v2\/categories?post=3622"},{"taxonomy":"post_tag","embeddable":true,"href":"https:\/\/www.telavita.com.br\/blog\/wp-json\/wp\/v2\/tags?post=3622"}],"curies":[{"name":"wp","href":"https:\/\/api.w.org\/{rel}","templated":true}]}}