{"id":3655,"date":"2019-12-01T11:38:49","date_gmt":"2019-12-01T13:38:49","guid":{"rendered":"https:\/\/www.telavita.com.br\/blog\/?p=3655"},"modified":"2019-11-12T17:33:46","modified_gmt":"2019-11-12T19:33:46","slug":"diferenca-entre-hiv-e-aids","status":"publish","type":"post","link":"https:\/\/www.telavita.com.br\/blog\/diferenca-entre-hiv-e-aids\/","title":{"rendered":"Voc\u00ea sabe a diferen\u00e7a entre HIV e Aids?"},"content":{"rendered":"\r\n<p><em>Um dos maiores inimigos da AIDS \u00e9 o preconceito. Entenda a <strong>diferen\u00e7a entre HIV e AIDS<\/strong>, do que se trata a doen\u00e7a e seu tratamento.<\/em><\/p>\r\n\r\n\r\n\r\n<p>Quem assistiu Freddie Mercury se apresentar nos palcos, nunca esqueceu a energia e o poder que sentiu daquele cantor que marcou uma gera\u00e7\u00e3o. O Queen foi uma das maiores bandas de todos os tempos e Freddie se consagrou como cantor, produtor, compositor e um showman como poucos antes ou depois de seu tempo. <strong>Farrokh Bulsara era o nome que constava em sua certid\u00e3o de nascimento, mas ao adotar Freddie Mercury, <\/strong>foi genial em tudo o que fez: sua voz alcan\u00e7ava notas surpreendentes e, principalmente, o cora\u00e7\u00e3o das pessoas. Apesar de toda a sua energia e vigor, ele teve um inimigo mortal: a AIDS.<\/p>\r\n\r\n\r\n\r\n<p>Embora soubesse que o seu destino poderia estar selado, afinal, <strong>na d\u00e9cada de 80 a AIDS ainda n\u00e3o tinha tratamento<\/strong>, Freddie decidiu que a doen\u00e7a poderia levar a sua vida, mas n\u00e3o a sua luz e protagonismo. Ele manteve o diagn\u00f3stico em segredo da m\u00eddia e dos f\u00e3s por anos e s\u00f3 confidenciou o seu quadro \u00e0 banda e pessoas pr\u00f3ximas: \u201cVoc\u00eas provavelmente sabem qual \u00e9 o meu problema. Bem, \u00e9 isso. Eu n\u00e3o quero que isso fa\u00e7a qualquer diferen\u00e7a. Eu n\u00e3o quero que as pessoas saibam disso. Eu n\u00e3o quero falar sobre isso. Eu s\u00f3 quero trabalhar at\u00e9 cair. E eu gostaria que voc\u00eas me apoiassem.\u201d O guitarrista do Queen e amigo de Freddie, Brian May, explica que essa foi a \u00fanica conversa que tiveram sobre o assunto. \u201cMentimos descaradamente para proteger sua privacidade, conta May.<\/p>\r\n\r\n\r\n\r\n<p><em>N\u00e3o h\u00e1 tempo para n\u00f3s, n\u00e3o h\u00e1 lugar para n\u00f3s. O que \u00e9 essa coisa que constr\u00f3i nossos sonhos e vai para longe de n\u00f3s? Quem quer viver para sempre? Quem quer viver para sempre?<\/em> (Who Wants to live forever &#8211; Queen)<\/p>\r\n\r\n\r\n\r\n<p>Houve um tempo em que descobrir que se tinha o <strong>v\u00edrus da AIDS<\/strong> era receber um atestado de \u00f3bito. Em 1981, a <strong>AIDS <\/strong>foi reconhecida como doen\u00e7a, embora ela seja bem mais antiga do que isso, com pesquisas desde antes de 1930. O primeiro caso de morte por AIDS comprovado foi em <strong>1959 e <\/strong>a primeira droga criada para auxiliar o tratamento da doen\u00e7a, o AZT, s\u00f3 foi criada em 1987, ou seja, a AIDS teve tempo de sobra para que fazer milhares de v\u00edtimas. Freddie Mercury foi uma delas. O cantor teve <strong>broncopneumonia<\/strong>, acarretada pela AIDS e faleceu 24 horas ap\u00f3s fazer um comunicado oficial informando a m\u00eddia e os f\u00e3s de sua doen\u00e7a.<\/p>\r\n\r\n\r\n\r\n<p>\u201cSeguindo a enorme como\u00e7\u00e3o da m\u00eddia nas \u00faltimas duas semanas, eu gostaria de confirmar que fui testado como <strong>soropositivo<\/strong> e tenho AIDS. Eu senti que era melhor manter isso privado at\u00e9 agora para proteger a mim e aqueles ao meu redor. No entanto, chegou a hora de meus amigos e meus f\u00e3s saberem a verdade, e espero que todos se juntem a mim e aos meus m\u00e9dicos na luta contra essa terr\u00edvel doen\u00e7a. Minha privacidade sempre foi importante para mim e sou famoso por minha falta de entrevistas, por favor, entendam que essa pol\u00edtica continuar\u00e1\u201d.<\/p>\r\n\r\n\r\n\r\n<h2 class=\"wp-block-heading\">Qual a diferen\u00e7a entre HIV e AIDS? \u00a0<\/h2>\r\n\r\n\r\n\r\n<p><strong>O que \u00e9 ser soropositivo? o que \u00e9 AIDS? O que \u00e9 HIV? <\/strong>Essas s\u00e3o as perguntas mais frequentes, j\u00e1 que h\u00e1 muita confus\u00e3o entre os termos.<\/p>\r\n\r\n\r\n\r\n<p>O portal do Dr. Drauzio Varella explica:\u201cAIDS, ou S\u00edndrome da Imunodefici\u00eancia Adquirida, \u00e9 uma doen\u00e7a infecto-contagiosa causada pelo v\u00edrus HIV (Human Immunodeficiency Virus), que leva \u00e0 perda progressiva da imunidade. A doen\u00e7a \u2013 na verdade uma s\u00edndrome \u2013 caracteriza-se por um conjunto de sinais e sintomas advindos da queda da taxa dos <a href=\"https:\/\/drauziovarella.uol.com.br\/corpo-humano\/linfocitos\/\"><strong>linf\u00f3citos<\/strong><\/a> CD4, c\u00e9lulas muito importantes na defesa imunol\u00f3gica do organismo. Quanto mais a mol\u00e9stia progride, mais compromete o sistema imunol\u00f3gico e, consequentemente, a capacidade de o portador defender-se de infec\u00e7\u00f5es\u201d.<\/p>\r\n\r\n\r\n\r\n<p>Ou seja, h\u00e1 <strong>diferen\u00e7a entre ter HIV e ter AIDS.<\/strong> Uma pessoa pode ser portadora do <strong>v\u00edrus HIV<\/strong> mas n\u00e3o desenvolver a doen\u00e7a, AIDS.<\/p>\r\n\r\n\r\n\r\n<p><strong>HIV<\/strong> = v\u00edrus da imunodefici\u00eancia humana<\/p>\r\n\r\n\r\n\r\n<p><strong>AIDS<\/strong> = s\u00edndrome da imunodefici\u00eancia adquirida<\/p>\r\n\r\n\r\n\r\n<h2 class=\"wp-block-heading\"><strong> AIDS e transmiss\u00e3o<\/strong><\/h2>\r\n\r\n\r\n\r\n<p>Um dos maiores inimigos da AIDS e do HIV \u00e9 o preconceito. \u00c9 importante dar in\u00edcio a esse artigo chamando a aten\u00e7\u00e3o para um grande equ\u00edvoco sobre o tema: <strong>AIDS<\/strong> n\u00e3o \u00e9 sin\u00f4nimo de libertinagem.<\/p>\r\n\r\n\r\n\r\n<p>O tabu cultural acerca da doen\u00e7a perfaz o pensamento de que somente o comportamento libertino e daqueles que n\u00e3o mant\u00eam um relacionamento est\u00e1vel est\u00e3o sujeitos a virarem <strong>soropositivo<\/strong>. O que \u00e9 completamente err\u00f4neo, j\u00e1 que indiv\u00edduos em um relacionamentos est\u00e1veis e duradouros, ao confiarem totalmente em seus parceiros, deixam de se prevenir e podem descobrir que s\u00e3o portadores do v\u00edrus HIV e, desenvolverem a AIDS.<\/p>\r\n\r\n\r\n\r\n<p><strong>Pessoas portadoras do HIV <\/strong>n\u00e3o est\u00e3o nessa condi\u00e7\u00e3o por falta de car\u00e1ter ou m\u00e1 conduta, pois s\u00e3o v\u00edtimas da ignor\u00e2ncia da sociedade em que est\u00e3o inseridas.<\/p>\r\n\r\n\r\n\r\n<p>A<strong> transmiss\u00e3o do HIV<\/strong> depende do contato com as mucosas ou com alguma \u00e1rea ferida do corpo. Diferentemente do que muita gente pensa, o v\u00edrus \u201cn\u00e3o se transmite por suor, beijo, alicates de unha, l\u00e2minas de barbear, uso de banheiros p\u00fablicos, picadas de mosquitos ou qualquer outro meio que n\u00e3o envolva penetra\u00e7\u00e3o sexual desprotegida, uso de agulhas ou produtos sangu\u00edneos infectados. Existe tamb\u00e9m a possibilidade da transmiss\u00e3o vertical, ou seja, da m\u00e3e infectada para o feto durante a gesta\u00e7\u00e3o e o parto (aids cong\u00eanita)\u201d, explica o<a href=\"https:\/\/drauziovarella.uol.com.br\/\"> portal de Drauzio Varella.<\/a><\/p>\r\n\r\n\r\n\r\n<h2 class=\"wp-block-heading\">AIDS e tratamento<\/h2>\r\n\r\n\r\n\r\n<p><strong>Freddie Mercury morreu em 1991<\/strong>. Quatro anos depois, em 1995, o coquetel de medicamentos para tratar a AIDS come\u00e7ou a ser prescrito. \u201cA possibilidade de associar v\u00e1rias drogas diferentes, entre elas o AZT, mudou por completo o panorama do <a href=\"https:\/\/drauziovarella.uol.com.br\/sexualidade\/aids-esquemas-de-tratamento\/\"><strong>tratamento da aids<\/strong><\/a>, que deixou de ser uma mol\u00e9stia uniformemente fatal para transformar-se em doen\u00e7a cr\u00f4nica pass\u00edvel de controle\u201d, informa o Dr. Drauzio Varella.<\/p>\r\n\r\n\r\n\r\n<p>Infelizmente, <strong>a AIDS n\u00e3o tem cura<\/strong>. Mesmo que a pessoa seja somente portadora e n\u00e3o desenvolva <strong>AIDS<\/strong>, ela viver\u00e1 para sempre com o v\u00edrus no corpo, ou seja ela poder\u00e1 transmitir a doen\u00e7a para todos aqueles com quem tiver rela\u00e7\u00e3o sexual sem prote\u00e7\u00e3o ou contato de alguma maneira com seu sangue, s\u00eamen e fluidos vaginais.<\/p>\r\n\r\n\r\n\r\n<p>Com a contamina\u00e7\u00e3o, o corpo do indiv\u00edduo passa a ter baixa imunidade pois o v\u00edrus ataca as c\u00e9lulas, principalmente a CD4, que se instala nelas e se multiplicam juntamente com elas.<\/p>\r\n\r\n\r\n\r\n<p>O rem\u00e9dio mais popular para o tratamento s\u00e3o popularmente conhecidos como coquet\u00e9is e s\u00e3o respons\u00e1veis por inibir o avan\u00e7o da prolifera\u00e7\u00e3o do v\u00edrus, causando tamb\u00e9m o seu enfraquecimento. Atualmente, com os coquet\u00e9is e avan\u00e7ados m\u00e9todos de tratamentos, os HIV-positivos podem conviver com o v\u00edrus por longos anos.<\/p>\r\n<p><a href=\"https:\/\/www.telavita.com.br\/blog\/aids\/\">LEIA MAIS:\u00a0A import\u00e2ncia do acompanhamento psicol\u00f3gico para as pessoas com AIDS ou HIV.<\/a><\/p>\r\n\r\n\r\n\r\n<h2 class=\"wp-block-heading\"><strong>Sintomas de AIDS<\/strong><\/h2>\r\n\r\n\r\n\r\n<p><strong>Quais os sintomas do HIV e sinais de AIDS? <\/strong>Tomar alguns sintomas como base para diagnosticar a doen\u00e7a n\u00e3o \u00e9 recomendado. N\u00e3o h\u00e1 como confiar nos sintomas para saber se tem ou n\u00e3o a AIDS. \u201cMuitas pessoas que est\u00e3o infectadas com o HIV n\u00e3o t\u00eam nenhum sintoma durante 10 anos ou mais. Algumas pessoas que est\u00e3o infectadas com o HIV relatam ter sintomas semelhantes aos da gripe de 2 a 4 semanas ap\u00f3s a exposi\u00e7\u00e3o\u201d, explica o UNAIDS (Programa Conjunto das Na\u00e7\u00f5es Unidas sobre HIV\/AIDS ) Os sintomas podem ser:<\/p>\r\n\r\n\r\n\r\n<ul>\r\n<li>Febre<\/li>\r\n<li>Aumento dos g\u00e2nglios linf\u00e1ticos<\/li>\r\n<li>Garganta inflamada<\/li>\r\n<li>Erup\u00e7\u00e3o cut\u00e2nea \/ assadura<\/li>\r\n<\/ul>\r\n\r\n\r\n\r\n<p>\u201cEstes sintomas podem durar alguns dias ou v\u00e1rias semanas. Durante este tempo, a \u00a0infec\u00e7\u00e3o pelo HIV pode n\u00e3o aparecer em um teste de HIV, mas as pessoas que o t\u00eam s\u00e3o altamente contagiosas e podem espalhar a infec\u00e7\u00e3o para outras pessoas\u201d, explica a organiza\u00e7\u00e3o. O essencial \u00e9 procurar uma entidade m\u00e9dica e realizar o teste de HIV.<\/p>\r\n\r\n\r\n\r\n<p>Em 2017, cerca de 36,9 milh\u00f5es de pessoas em todo o mundo viviam com HIV. O n\u00famero ainda assusta, mas a boa not\u00edcia \u00e9 que os coquet\u00e9is t\u00eam se provado bastante efetivos. Para que o n\u00famero diminua, a preven\u00e7\u00e3o deve existir com o uso da camisinha nas rela\u00e7\u00f5es sexuais e a utiliza\u00e7\u00e3o de seringas descart\u00e1veis.<\/p>\r\n\r\n\r\n\r\n<p>Freddie sempre foi muito mais do a sua doen\u00e7a. Embora tenha sido v\u00edtima da AIDS, ele nunca quis se tornar o que a doen\u00e7a causava<strong>. Sua luta contra a AIDS<\/strong>,\u00a0assim\u00a0como\u00a0o preconceito, ainda ecoam nos dias de hoje e inspiram milhares de pessoas a se protegerem e a lutarem contra a doen\u00e7a. Mais do que apenas sobreviver, Freddie ensinou a viver, apesar do grave problema de sa\u00fade, afinal, como ele mesmo cantou, <strong>o show tem que continuar<\/strong>.<\/p>\r\n","protected":false},"excerpt":{"rendered":"<p>Um dos maiores inimigos da AIDS \u00e9 o preconceito. Entenda a diferen\u00e7a entre HIV e AIDS, do que se trata a doen\u00e7a e seu tratamento. Quem assistiu Freddie Mercury se apresentar nos palcos, nunca esqueceu a energia e o poder que sentiu daquele cantor que marcou uma gera\u00e7\u00e3o. O Queen foi uma das maiores bandas [&hellip;]<\/p>\n","protected":false},"author":8,"featured_media":5921,"comment_status":"open","ping_status":"open","sticky":false,"template":"","format":"standard","meta":{"_lmt_disableupdate":"","_lmt_disable":"","footnotes":""},"categories":[272],"tags":[],"yoast_head":"<!-- This site is optimized with the Yoast SEO plugin v19.8 - https:\/\/yoast.com\/wordpress\/plugins\/seo\/ -->\n<title>Qual A Diferen\u00e7a Entre HIV e AIDS? - O Que \u00c9 Aids? | TelaVita<\/title>\n<meta name=\"description\" content=\"Um dos maiores inimigos da AIDS \u00e9 o preconceito. Entenda a diferen\u00e7a entre HIV e AIDS, do que se trata a doen\u00e7a e seu tratamento.\" \/>\n<meta name=\"robots\" content=\"index, follow, max-snippet:-1, max-image-preview:large, max-video-preview:-1\" \/>\n<link rel=\"canonical\" href=\"https:\/\/www.telavita.com.br\/blog\/diferenca-entre-hiv-e-aids\/\" \/>\n<meta property=\"og:locale\" content=\"pt_BR\" \/>\n<meta property=\"og:type\" content=\"article\" \/>\n<meta property=\"og:title\" content=\"Qual A Diferen\u00e7a Entre HIV e AIDS? - O Que \u00c9 Aids? | TelaVita\" \/>\n<meta property=\"og:description\" content=\"Um dos maiores inimigos da AIDS \u00e9 o preconceito. Entenda a diferen\u00e7a entre HIV e AIDS, do que se trata a doen\u00e7a e seu tratamento.\" \/>\n<meta property=\"og:url\" content=\"https:\/\/www.telavita.com.br\/blog\/diferenca-entre-hiv-e-aids\/\" \/>\n<meta property=\"og:site_name\" content=\"Telavita\" \/>\n<meta property=\"article:publisher\" content=\"https:\/\/www.facebook.com\/Telavita\" \/>\n<meta property=\"article:published_time\" content=\"2019-12-01T13:38:49+00:00\" \/>\n<meta property=\"article:modified_time\" content=\"2019-11-12T19:33:46+00:00\" \/>\n<meta property=\"og:image\" content=\"https:\/\/www.telavita.com.br\/blog\/wp-content\/uploads\/2019\/02\/diferenca-de-hiv-e-aids.jpg\" \/>\n\t<meta property=\"og:image:width\" content=\"900\" \/>\n\t<meta property=\"og:image:height\" content=\"560\" \/>\n\t<meta property=\"og:image:type\" content=\"image\/jpeg\" \/>\n<meta name=\"author\" content=\"Juliana Sonsin\" \/>\n<meta name=\"twitter:card\" content=\"summary_large_image\" \/>\n<meta name=\"twitter:label1\" content=\"Escrito por\" \/>\n\t<meta name=\"twitter:data1\" content=\"Juliana Sonsin\" \/>\n\t<meta name=\"twitter:label2\" content=\"Est. tempo de leitura\" \/>\n\t<meta name=\"twitter:data2\" content=\"8 minutos\" \/>\n<!-- \/ Yoast SEO plugin. -->","yoast_head_json":{"title":"Qual A Diferen\u00e7a Entre HIV e AIDS? - O Que \u00c9 Aids? | TelaVita","description":"Um dos maiores inimigos da AIDS \u00e9 o preconceito. Entenda a diferen\u00e7a entre HIV e AIDS, do que se trata a doen\u00e7a e seu tratamento.","robots":{"index":"index","follow":"follow","max-snippet":"max-snippet:-1","max-image-preview":"max-image-preview:large","max-video-preview":"max-video-preview:-1"},"canonical":"https:\/\/www.telavita.com.br\/blog\/diferenca-entre-hiv-e-aids\/","og_locale":"pt_BR","og_type":"article","og_title":"Qual A Diferen\u00e7a Entre HIV e AIDS? - O Que \u00c9 Aids? | TelaVita","og_description":"Um dos maiores inimigos da AIDS \u00e9 o preconceito. Entenda a diferen\u00e7a entre HIV e AIDS, do que se trata a doen\u00e7a e seu tratamento.","og_url":"https:\/\/www.telavita.com.br\/blog\/diferenca-entre-hiv-e-aids\/","og_site_name":"Telavita","article_publisher":"https:\/\/www.facebook.com\/Telavita","article_published_time":"2019-12-01T13:38:49+00:00","article_modified_time":"2019-11-12T19:33:46+00:00","og_image":[{"width":900,"height":560,"url":"https:\/\/www.telavita.com.br\/blog\/wp-content\/uploads\/2019\/02\/diferenca-de-hiv-e-aids.jpg","type":"image\/jpeg"}],"author":"Juliana Sonsin","twitter_card":"summary_large_image","twitter_misc":{"Escrito por":"Juliana Sonsin","Est. tempo de leitura":"8 minutos"},"schema":{"@context":"https:\/\/schema.org","@graph":[{"@type":"Article","@id":"https:\/\/www.telavita.com.br\/blog\/diferenca-entre-hiv-e-aids\/#article","isPartOf":{"@id":"https:\/\/www.telavita.com.br\/blog\/diferenca-entre-hiv-e-aids\/"},"author":{"name":"Juliana Sonsin","@id":"https:\/\/www.telavita.com.br\/blog\/#\/schema\/person\/c9d2f268651fd6d6bf440495dd23b40e"},"headline":"Voc\u00ea sabe a diferen\u00e7a entre HIV e Aids?","datePublished":"2019-12-01T13:38:49+00:00","dateModified":"2019-11-12T19:33:46+00:00","mainEntityOfPage":{"@id":"https:\/\/www.telavita.com.br\/blog\/diferenca-entre-hiv-e-aids\/"},"wordCount":1543,"commentCount":0,"publisher":{"@id":"https:\/\/www.telavita.com.br\/blog\/#organization"},"articleSection":["Doen\u00e7as"],"inLanguage":"pt-BR","potentialAction":[{"@type":"CommentAction","name":"Comment","target":["https:\/\/www.telavita.com.br\/blog\/diferenca-entre-hiv-e-aids\/#respond"]}]},{"@type":"WebPage","@id":"https:\/\/www.telavita.com.br\/blog\/diferenca-entre-hiv-e-aids\/","url":"https:\/\/www.telavita.com.br\/blog\/diferenca-entre-hiv-e-aids\/","name":"Qual A Diferen\u00e7a Entre HIV e AIDS? - O Que \u00c9 Aids? | TelaVita","isPartOf":{"@id":"https:\/\/www.telavita.com.br\/blog\/#website"},"datePublished":"2019-12-01T13:38:49+00:00","dateModified":"2019-11-12T19:33:46+00:00","description":"Um dos maiores inimigos da AIDS \u00e9 o preconceito. Entenda a diferen\u00e7a entre HIV e AIDS, do que se trata a doen\u00e7a e seu tratamento.","breadcrumb":{"@id":"https:\/\/www.telavita.com.br\/blog\/diferenca-entre-hiv-e-aids\/#breadcrumb"},"inLanguage":"pt-BR","potentialAction":[{"@type":"ReadAction","target":["https:\/\/www.telavita.com.br\/blog\/diferenca-entre-hiv-e-aids\/"]}]},{"@type":"BreadcrumbList","@id":"https:\/\/www.telavita.com.br\/blog\/diferenca-entre-hiv-e-aids\/#breadcrumb","itemListElement":[{"@type":"ListItem","position":1,"name":"In\u00edcio","item":"https:\/\/www.telavita.com.br\/blog\/"},{"@type":"ListItem","position":2,"name":"Voc\u00ea sabe a diferen\u00e7a entre HIV e Aids?"}]},{"@type":"WebSite","@id":"https:\/\/www.telavita.com.br\/blog\/#website","url":"https:\/\/www.telavita.com.br\/blog\/","name":"Telavita","description":"Conte\u00fados especializados sobre sa\u00fade mental e bem-estar","publisher":{"@id":"https:\/\/www.telavita.com.br\/blog\/#organization"},"potentialAction":[{"@type":"SearchAction","target":{"@type":"EntryPoint","urlTemplate":"https:\/\/www.telavita.com.br\/blog\/?s={search_term_string}"},"query-input":"required name=search_term_string"}],"inLanguage":"pt-BR"},{"@type":"Organization","@id":"https:\/\/www.telavita.com.br\/blog\/#organization","name":"Telavita","url":"https:\/\/www.telavita.com.br\/blog\/","sameAs":["https:\/\/www.linkedin.com\/company\/telavita\/mycompany\/verification\/","https:\/\/www.instagram.com\/telavita\/","https:\/\/www.facebook.com\/Telavita"],"logo":{"@type":"ImageObject","inLanguage":"pt-BR","@id":"https:\/\/www.telavita.com.br\/blog\/#\/schema\/logo\/image\/","url":"https:\/\/www.telavita.com.br\/blog\/wp-content\/uploads\/2021\/05\/telavita.jpg","contentUrl":"https:\/\/www.telavita.com.br\/blog\/wp-content\/uploads\/2021\/05\/telavita.jpg","width":200,"height":200,"caption":"Telavita"},"image":{"@id":"https:\/\/www.telavita.com.br\/blog\/#\/schema\/logo\/image\/"}},{"@type":"Person","@id":"https:\/\/www.telavita.com.br\/blog\/#\/schema\/person\/c9d2f268651fd6d6bf440495dd23b40e","name":"Juliana Sonsin","image":{"@type":"ImageObject","inLanguage":"pt-BR","@id":"https:\/\/www.telavita.com.br\/blog\/#\/schema\/person\/image\/","url":"https:\/\/secure.gravatar.com\/avatar\/dfb14c6228cdf7312fea984efc84d04e?s=96&d=mm&r=g","contentUrl":"https:\/\/secure.gravatar.com\/avatar\/dfb14c6228cdf7312fea984efc84d04e?s=96&d=mm&r=g","caption":"Juliana Sonsin"},"description":"Jornalista formada pela Faculdade C\u00e1sper Libero e especializada em sa\u00fade. Apaixonada por escrever roteiros de v\u00eddeos, produzir (e assistir) document\u00e1rios e ler sobre tudo um pouco. Acredito no jornalismo \u00e9tico como um meio de trazer ao p\u00fablico informa\u00e7\u00f5es e hist\u00f3rias que valem a pena serem contadas. Gosto de viajar, fazer yoga e assistir s\u00e9ries.","url":"https:\/\/www.telavita.com.br\/blog\/author\/juliana-sonsin\/"}]}},"modified_by":"Juliana Sonsin","_links":{"self":[{"href":"https:\/\/www.telavita.com.br\/blog\/wp-json\/wp\/v2\/posts\/3655"}],"collection":[{"href":"https:\/\/www.telavita.com.br\/blog\/wp-json\/wp\/v2\/posts"}],"about":[{"href":"https:\/\/www.telavita.com.br\/blog\/wp-json\/wp\/v2\/types\/post"}],"author":[{"embeddable":true,"href":"https:\/\/www.telavita.com.br\/blog\/wp-json\/wp\/v2\/users\/8"}],"replies":[{"embeddable":true,"href":"https:\/\/www.telavita.com.br\/blog\/wp-json\/wp\/v2\/comments?post=3655"}],"version-history":[{"count":3,"href":"https:\/\/www.telavita.com.br\/blog\/wp-json\/wp\/v2\/posts\/3655\/revisions"}],"predecessor-version":[{"id":6040,"href":"https:\/\/www.telavita.com.br\/blog\/wp-json\/wp\/v2\/posts\/3655\/revisions\/6040"}],"wp:featuredmedia":[{"embeddable":true,"href":"https:\/\/www.telavita.com.br\/blog\/wp-json\/wp\/v2\/media\/5921"}],"wp:attachment":[{"href":"https:\/\/www.telavita.com.br\/blog\/wp-json\/wp\/v2\/media?parent=3655"}],"wp:term":[{"taxonomy":"category","embeddable":true,"href":"https:\/\/www.telavita.com.br\/blog\/wp-json\/wp\/v2\/categories?post=3655"},{"taxonomy":"post_tag","embeddable":true,"href":"https:\/\/www.telavita.com.br\/blog\/wp-json\/wp\/v2\/tags?post=3655"}],"curies":[{"name":"wp","href":"https:\/\/api.w.org\/{rel}","templated":true}]}}