{"id":3992,"date":"2019-12-21T11:03:23","date_gmt":"2019-12-21T13:03:23","guid":{"rendered":"https:\/\/www.telavita.com.br\/blog\/?p=3992"},"modified":"2021-06-30T09:12:10","modified_gmt":"2021-06-30T12:12:10","slug":"cesarea-e-depressao-pos-parto","status":"publish","type":"post","link":"https:\/\/www.telavita.com.br\/blog\/cesarea-e-depressao-pos-parto\/","title":{"rendered":"A rela\u00e7\u00e3o entre a ces\u00e1rea n\u00e3o planejada e a depress\u00e3o p\u00f3s-parto"},"content":{"rendered":"\r\n<p><em>Primeiro parto, ces\u00e1rea de emerg\u00eancia e depress\u00e3o p\u00f3s-parto: entenda os riscos desse ciclo e como trat\u00e1-lo.<\/em><\/p>\r\n\r\n\r\n\r\n<p>O debate acerca da<strong> ces\u00e1rea x parto natural x parto humanizado <\/strong>\u00e9 bastante complexo e tem tido cada vez mais espa\u00e7o e repercuss\u00e3o, o que \u00e9 positivo, j\u00e1 que com o debate tamb\u00e9m cresce a dissemina\u00e7\u00e3o da informa\u00e7\u00e3o e o poder de decis\u00e3o da mulher para com o seu pr\u00f3prio corpo. Al\u00e9m disso, \u00e9 preciso chamar aten\u00e7\u00e3o para a quest\u00e3o da sa\u00fade mental durante a gesta\u00e7\u00e3o e ap\u00f3s <strong>dar \u00e0 luz<\/strong>, pois cada<strong> tipo de parto<\/strong> tem um cuidado. Nesse artigo, focaremos apenas na <strong>ces\u00e1rea n\u00e3o-planejada<\/strong> e nos perigos que ela apresenta para o aparecimento da <strong>depress\u00e3o p\u00f3s-parto.<\/strong><\/p>\r\n<span class='mb-center maxbutton-2-center'><span class='maxbutton-2-container mb-container'><a class=\"maxbutton-2 maxbutton maxbutton-home-telavita\" href=\"https:\/\/www.telavita.com.br\"><span class='mb-text'>Conhe\u00e7a a Telavita<\/span><\/a><\/span><\/span>\r\n\r\n\r\n\r\n<p><a href=\"https:\/\/www.telavita.com.br\/blog\/ansiedade-na-gravidez\/\">Ansiedade na gravidez: conhe\u00e7a os perigos.<\/a><\/p>\r\n\r\n\r\n\r\n<h2 class=\"wp-block-heading\"><strong>O que \u00e9 cesariana?<\/strong><\/h2>\r\n\r\n\r\n\r\n<p>Esse \u00e9 o parto realizado por procedimentos cir\u00fargicos atrav\u00e9s do corte no abd\u00f4men e \u00fatero por onde \u00e9 poss\u00edvel fazer o parto. A <strong><a href=\"https:\/\/www.who.int\/es\">OMS (Organiza\u00e7\u00e3o Mundial da Sa\u00fade)<\/a><\/strong> recomenda que a<strong> taxa das ces\u00e1reas<\/strong> em cada pa\u00eds fique entre 10 a 15%, mas essa est\u00e1 longe de ser a realidade mundial, j\u00e1 que o n\u00famero est\u00e1 acima do limite aceit\u00e1vel. A <strong>cesariana \u00e9 o tipo mais realizado no Brasil <\/strong>e levanta diversas quest\u00f5es sobre a sa\u00fade f\u00edsica e mental da m\u00e3e e tamb\u00e9m do beb\u00ea.<\/p>\r\n\r\n\r\n\r\n<p>Pesquisas anteriores mostram que as ces\u00e1reas s\u00e3o respons\u00e1veis por aumentar a probabilidade de problemas respirat\u00f3rios e obesidade para o beb\u00ea. \u201c<strong>A exagerada populariza\u00e7\u00e3o da ces\u00e1ria <\/strong>nas \u00faltimas d\u00e9cadas provocou na popula\u00e7\u00e3o a falsa impress\u00e3o de que o parto por ces\u00e1ria \u00e9 mais seguro e acarreta menos complica\u00e7\u00f5es para o beb\u00ea. Entretanto, o que ocorre \u00e9 exatamente o oposto. Alguns estudos mostram que o risco de complica\u00e7\u00f5es na cesariana chega a ser o dobro do parto normal\u201d, explica a a <a href=\"https:\/\/www.mdsaude.com\/gravidez\/parto-cesariana\">MDS<\/a>.<\/p>\r\n\r\n\r\n\r\n<p><a href=\"https:\/\/www.telavita.com.br\/blog\/5dicas-gestacao-saudavel\/\">Confira aqui 5 dicas para uma gesta\u00e7\u00e3o saud\u00e1vel.<\/a><\/p>\r\n\r\n\r\n\r\n<p>Por\u00e9m, \u00e9 importante ressaltar que a ces\u00e1rea, al\u00e9m de poder ser uma op\u00e7\u00e3o da mulher, pode tamb\u00e9m ser uma necessidade. \u201cA cesariana pode ser indicada por quest\u00f5es m\u00e9dicas relativas a problemas na gravidez, ou simplesmente por solicita\u00e7\u00e3o da gestante\u201d, ressalta o MDS.<\/p>\r\n\r\n\r\n\r\n<p>A <strong>ces\u00e1rea n\u00e3o-planejada<\/strong> pode ser um gatilho para muitas m\u00e3es que se preparam por muito tempo para o t\u00e3o sonhado parto natural ou parto normal e, na hora do parto, algum empecilho acontece. Esse momento t\u00e3o aguardado e cheio de expectativas, quando n\u00e3o acontece, gera frustra\u00e7\u00e3o, decep\u00e7\u00e3o e culpa, sentimentos nada bons para se nutrir ap\u00f3s a gesta\u00e7\u00e3o, j\u00e1 que a <strong>depress\u00e3o p\u00f3s-parto<\/strong> traz in\u00fameros riscos.<\/p>\r\n\r\n\r\n\r\n<p>Pesquisadores da <a href=\"https:\/\/www.york.ac.uk\/\">Universidade de York<\/a>, Inglaterra, apontam a<strong> ces\u00e1rea emergencial e n\u00e3o planejada abala a sa\u00fade mental<\/strong> das mam\u00e3es e abre as portas para a depress\u00e3o p\u00f3s-parto. 5 mil brit\u00e2nicas que fizeram uma ces\u00e1rea de emerg\u00eancia em sua primeira <a href=\"https:\/\/saude.abril.com.br\/tudo-sobre\/gravidez\/\">gesta\u00e7\u00e3o<\/a> foram ouvidas para o estudo. O resultado? Essas mulheres possuem um risco de 15% a mais de terem depress\u00e3o p\u00f3s-parto.<\/p>\r\n<span class='mb-center maxbutton-4-center'><span class='maxbutton-4-container mb-container'><a class=\"maxbutton-4 maxbutton maxbutton-manda-para-o-catalogo-de-psicologos\" href=\"https:\/\/app.telavita.com.br\/psicologia-online\/encontre-seu-psicologo\"><span class='mb-text'>Encontre seu psic\u00f3logo online<\/span><\/a><\/span><\/span>\r\n\r\n\r\n\r\n<h2 class=\"wp-block-heading\"><strong>Depress\u00e3o p\u00f3s-parto<\/strong><\/h2>\r\n\r\n\r\n\r\n<p>Tamb\u00e9m conhecida como <strong>DPP<\/strong>, a\u00a0<strong>depress\u00e3o p\u00f3s-parto<\/strong>\u00a0atinge mais de 25% das m\u00e3es brasileiras. Apesar do grande n\u00famero de casos, ela ainda carrega muito preconceito, o que dificulta o seu diagn\u00f3stico e tratamento. Esse <strong>tipo de depress\u00e3o<\/strong> tem como uma de suas causas as mudan\u00e7as hormonais e de estilo de vida, al\u00e9m de traumas ocorridos antes, durante e ap\u00f3s o parto.<\/p>\r\n\r\n\r\n\r\n<p>Dentre os sintomas est\u00e3o o cansa\u00e7o extremo, baixa auto-estima, desinteresse pelo beb\u00ea, tristeza constante, medo de ficar sozinha, e culpa, sendo esta \u00faltima, o fator inibidor da procura por um profissional assim que os sinais de depress\u00e3o p\u00f3s-parto s\u00e3o identificados. \u00c9 bom esclarecer que esses sentimentos s\u00e3o normais nos primeiros dias p\u00f3s-parto. O caso se agrava quando os sintomas permanecem de 2 semanas para mais desde o t\u00e9rmino da gesta\u00e7\u00e3o.<\/p>\r\n\r\n\r\n\r\n<p><a href=\"https:\/\/www.telavita.com.br\/blog\/depressao\/\">Saiba tudo sobre depress\u00e3o aqui!<\/a><\/p>\r\n\r\n\r\n\r\n<p><strong>Um dos tratamentos da depress\u00e3o p\u00f3s-parto \u00e9 a psicoterapia.<\/strong> A terapia ajuda a modificar comportamentos e pensamentos, e permite medir os avan\u00e7os na melhora do quadro. Al\u00e9m disso, \u00e9 importante seguir todas as recomenda\u00e7\u00f5es m\u00e9dicas para cada caso.<\/p>\r\n<p>O acompanhamento psicol\u00f3gico em um momento t\u00e3o delicado e cheio de expectativas \u00e9 essencial, pois a sa\u00fade da mulher, seja ela f\u00edsica ou mental, deve vir sempre em primeiro lugar. A <a href=\"https:\/\/www.telavita.com.br\/\">Telavita<\/a> \u00e9 uma plataforma de psicologia online com psic\u00f3logos experientes e especializados. Conhe\u00e7a mais sobre o nosso servi\u00e7o e d\u00ea o primeiro passo para cuidar da sua sa\u00fade mental.<\/p>\r\n","protected":false},"excerpt":{"rendered":"<p>Primeiro parto, ces\u00e1rea de emerg\u00eancia e depress\u00e3o p\u00f3s-parto: entenda os riscos desse ciclo e como trat\u00e1-lo. O debate acerca da ces\u00e1rea x parto natural x parto humanizado \u00e9 bastante complexo e tem tido cada vez mais espa\u00e7o e repercuss\u00e3o, o que \u00e9 positivo, j\u00e1 que com o debate tamb\u00e9m cresce a dissemina\u00e7\u00e3o da informa\u00e7\u00e3o e [&hellip;]<\/p>\n","protected":false},"author":8,"featured_media":5940,"comment_status":"open","ping_status":"open","sticky":false,"template":"","format":"standard","meta":{"_lmt_disableupdate":"","_lmt_disable":"","footnotes":""},"categories":[25],"tags":[],"yoast_head":"<!-- This site is optimized with the Yoast SEO plugin v19.8 - https:\/\/yoast.com\/wordpress\/plugins\/seo\/ -->\n<title>A Ces\u00e1ria De Emerg\u00eancia Na Primeira Gesta\u00e7\u00e3o E A Depress\u00e3o<\/title>\n<meta name=\"description\" content=\"Primeiro parto, ces\u00e1rea de emerg\u00eancia e depress\u00e3o p\u00f3s-parto: A depress\u00e3o p\u00f3s-parto \u00e9 um risco \u00e0 sa\u00fade da m\u00e3e e do beb\u00ea. Saiba mais sobre esse mal.\" \/>\n<meta name=\"robots\" content=\"index, follow, max-snippet:-1, max-image-preview:large, max-video-preview:-1\" \/>\n<link rel=\"canonical\" href=\"https:\/\/www.telavita.com.br\/blog\/cesarea-e-depressao-pos-parto\/\" \/>\n<meta property=\"og:locale\" content=\"pt_BR\" \/>\n<meta property=\"og:type\" content=\"article\" \/>\n<meta property=\"og:title\" content=\"A Ces\u00e1ria De Emerg\u00eancia Na Primeira Gesta\u00e7\u00e3o E A Depress\u00e3o\" \/>\n<meta property=\"og:description\" content=\"Primeiro parto, ces\u00e1rea de emerg\u00eancia e depress\u00e3o p\u00f3s-parto: A depress\u00e3o p\u00f3s-parto \u00e9 um risco \u00e0 sa\u00fade da m\u00e3e e do beb\u00ea. Saiba mais sobre esse mal.\" \/>\n<meta property=\"og:url\" content=\"https:\/\/www.telavita.com.br\/blog\/cesarea-e-depressao-pos-parto\/\" \/>\n<meta property=\"og:site_name\" content=\"Telavita\" \/>\n<meta property=\"article:publisher\" content=\"https:\/\/www.facebook.com\/Telavita\" \/>\n<meta property=\"article:published_time\" content=\"2019-12-21T13:03:23+00:00\" \/>\n<meta property=\"article:modified_time\" content=\"2021-06-30T12:12:10+00:00\" \/>\n<meta property=\"og:image\" content=\"https:\/\/www.telavita.com.br\/blog\/wp-content\/uploads\/2019\/04\/cesarea-e-depressao.jpg\" \/>\n\t<meta property=\"og:image:width\" content=\"900\" \/>\n\t<meta property=\"og:image:height\" content=\"560\" \/>\n\t<meta property=\"og:image:type\" content=\"image\/jpeg\" \/>\n<meta name=\"author\" content=\"Juliana Sonsin\" \/>\n<meta name=\"twitter:card\" content=\"summary_large_image\" \/>\n<meta name=\"twitter:label1\" content=\"Escrito por\" \/>\n\t<meta name=\"twitter:data1\" content=\"Juliana Sonsin\" \/>\n\t<meta name=\"twitter:label2\" content=\"Est. tempo de leitura\" \/>\n\t<meta name=\"twitter:data2\" content=\"4 minutos\" \/>\n<!-- \/ Yoast SEO plugin. -->","yoast_head_json":{"title":"A Ces\u00e1ria De Emerg\u00eancia Na Primeira Gesta\u00e7\u00e3o E A Depress\u00e3o","description":"Primeiro parto, ces\u00e1rea de emerg\u00eancia e depress\u00e3o p\u00f3s-parto: A depress\u00e3o p\u00f3s-parto \u00e9 um risco \u00e0 sa\u00fade da m\u00e3e e do beb\u00ea. Saiba mais sobre esse mal.","robots":{"index":"index","follow":"follow","max-snippet":"max-snippet:-1","max-image-preview":"max-image-preview:large","max-video-preview":"max-video-preview:-1"},"canonical":"https:\/\/www.telavita.com.br\/blog\/cesarea-e-depressao-pos-parto\/","og_locale":"pt_BR","og_type":"article","og_title":"A Ces\u00e1ria De Emerg\u00eancia Na Primeira Gesta\u00e7\u00e3o E A Depress\u00e3o","og_description":"Primeiro parto, ces\u00e1rea de emerg\u00eancia e depress\u00e3o p\u00f3s-parto: A depress\u00e3o p\u00f3s-parto \u00e9 um risco \u00e0 sa\u00fade da m\u00e3e e do beb\u00ea. Saiba mais sobre esse mal.","og_url":"https:\/\/www.telavita.com.br\/blog\/cesarea-e-depressao-pos-parto\/","og_site_name":"Telavita","article_publisher":"https:\/\/www.facebook.com\/Telavita","article_published_time":"2019-12-21T13:03:23+00:00","article_modified_time":"2021-06-30T12:12:10+00:00","og_image":[{"width":900,"height":560,"url":"https:\/\/www.telavita.com.br\/blog\/wp-content\/uploads\/2019\/04\/cesarea-e-depressao.jpg","type":"image\/jpeg"}],"author":"Juliana Sonsin","twitter_card":"summary_large_image","twitter_misc":{"Escrito por":"Juliana Sonsin","Est. tempo de leitura":"4 minutos"},"schema":{"@context":"https:\/\/schema.org","@graph":[{"@type":"Article","@id":"https:\/\/www.telavita.com.br\/blog\/cesarea-e-depressao-pos-parto\/#article","isPartOf":{"@id":"https:\/\/www.telavita.com.br\/blog\/cesarea-e-depressao-pos-parto\/"},"author":{"name":"Juliana Sonsin","@id":"https:\/\/www.telavita.com.br\/blog\/#\/schema\/person\/c9d2f268651fd6d6bf440495dd23b40e"},"headline":"A rela\u00e7\u00e3o entre a ces\u00e1rea n\u00e3o planejada e a depress\u00e3o p\u00f3s-parto","datePublished":"2019-12-21T13:03:23+00:00","dateModified":"2021-06-30T12:12:10+00:00","mainEntityOfPage":{"@id":"https:\/\/www.telavita.com.br\/blog\/cesarea-e-depressao-pos-parto\/"},"wordCount":820,"commentCount":0,"publisher":{"@id":"https:\/\/www.telavita.com.br\/blog\/#organization"},"articleSection":["Gesta\u00e7\u00e3o"],"inLanguage":"pt-BR","potentialAction":[{"@type":"CommentAction","name":"Comment","target":["https:\/\/www.telavita.com.br\/blog\/cesarea-e-depressao-pos-parto\/#respond"]}]},{"@type":"WebPage","@id":"https:\/\/www.telavita.com.br\/blog\/cesarea-e-depressao-pos-parto\/","url":"https:\/\/www.telavita.com.br\/blog\/cesarea-e-depressao-pos-parto\/","name":"A Ces\u00e1ria De Emerg\u00eancia Na Primeira Gesta\u00e7\u00e3o E A Depress\u00e3o","isPartOf":{"@id":"https:\/\/www.telavita.com.br\/blog\/#website"},"datePublished":"2019-12-21T13:03:23+00:00","dateModified":"2021-06-30T12:12:10+00:00","description":"Primeiro parto, ces\u00e1rea de emerg\u00eancia e depress\u00e3o p\u00f3s-parto: A depress\u00e3o p\u00f3s-parto \u00e9 um risco \u00e0 sa\u00fade da m\u00e3e e do beb\u00ea. Saiba mais sobre esse mal.","breadcrumb":{"@id":"https:\/\/www.telavita.com.br\/blog\/cesarea-e-depressao-pos-parto\/#breadcrumb"},"inLanguage":"pt-BR","potentialAction":[{"@type":"ReadAction","target":["https:\/\/www.telavita.com.br\/blog\/cesarea-e-depressao-pos-parto\/"]}]},{"@type":"BreadcrumbList","@id":"https:\/\/www.telavita.com.br\/blog\/cesarea-e-depressao-pos-parto\/#breadcrumb","itemListElement":[{"@type":"ListItem","position":1,"name":"In\u00edcio","item":"https:\/\/www.telavita.com.br\/blog\/"},{"@type":"ListItem","position":2,"name":"A rela\u00e7\u00e3o entre a ces\u00e1rea n\u00e3o planejada e a depress\u00e3o p\u00f3s-parto"}]},{"@type":"WebSite","@id":"https:\/\/www.telavita.com.br\/blog\/#website","url":"https:\/\/www.telavita.com.br\/blog\/","name":"Telavita","description":"Conte\u00fados especializados sobre sa\u00fade mental e bem-estar","publisher":{"@id":"https:\/\/www.telavita.com.br\/blog\/#organization"},"potentialAction":[{"@type":"SearchAction","target":{"@type":"EntryPoint","urlTemplate":"https:\/\/www.telavita.com.br\/blog\/?s={search_term_string}"},"query-input":"required name=search_term_string"}],"inLanguage":"pt-BR"},{"@type":"Organization","@id":"https:\/\/www.telavita.com.br\/blog\/#organization","name":"Telavita","url":"https:\/\/www.telavita.com.br\/blog\/","sameAs":["https:\/\/www.linkedin.com\/company\/telavita\/mycompany\/verification\/","https:\/\/www.instagram.com\/telavita\/","https:\/\/www.facebook.com\/Telavita"],"logo":{"@type":"ImageObject","inLanguage":"pt-BR","@id":"https:\/\/www.telavita.com.br\/blog\/#\/schema\/logo\/image\/","url":"https:\/\/www.telavita.com.br\/blog\/wp-content\/uploads\/2021\/05\/telavita.jpg","contentUrl":"https:\/\/www.telavita.com.br\/blog\/wp-content\/uploads\/2021\/05\/telavita.jpg","width":200,"height":200,"caption":"Telavita"},"image":{"@id":"https:\/\/www.telavita.com.br\/blog\/#\/schema\/logo\/image\/"}},{"@type":"Person","@id":"https:\/\/www.telavita.com.br\/blog\/#\/schema\/person\/c9d2f268651fd6d6bf440495dd23b40e","name":"Juliana Sonsin","image":{"@type":"ImageObject","inLanguage":"pt-BR","@id":"https:\/\/www.telavita.com.br\/blog\/#\/schema\/person\/image\/","url":"https:\/\/secure.gravatar.com\/avatar\/dfb14c6228cdf7312fea984efc84d04e?s=96&d=mm&r=g","contentUrl":"https:\/\/secure.gravatar.com\/avatar\/dfb14c6228cdf7312fea984efc84d04e?s=96&d=mm&r=g","caption":"Juliana Sonsin"},"description":"Jornalista formada pela Faculdade C\u00e1sper Libero e especializada em sa\u00fade. Apaixonada por escrever roteiros de v\u00eddeos, produzir (e assistir) document\u00e1rios e ler sobre tudo um pouco. Acredito no jornalismo \u00e9tico como um meio de trazer ao p\u00fablico informa\u00e7\u00f5es e hist\u00f3rias que valem a pena serem contadas. Gosto de viajar, fazer yoga e assistir s\u00e9ries.","url":"https:\/\/www.telavita.com.br\/blog\/author\/juliana-sonsin\/"}]}},"modified_by":null,"_links":{"self":[{"href":"https:\/\/www.telavita.com.br\/blog\/wp-json\/wp\/v2\/posts\/3992"}],"collection":[{"href":"https:\/\/www.telavita.com.br\/blog\/wp-json\/wp\/v2\/posts"}],"about":[{"href":"https:\/\/www.telavita.com.br\/blog\/wp-json\/wp\/v2\/types\/post"}],"author":[{"embeddable":true,"href":"https:\/\/www.telavita.com.br\/blog\/wp-json\/wp\/v2\/users\/8"}],"replies":[{"embeddable":true,"href":"https:\/\/www.telavita.com.br\/blog\/wp-json\/wp\/v2\/comments?post=3992"}],"version-history":[{"count":9,"href":"https:\/\/www.telavita.com.br\/blog\/wp-json\/wp\/v2\/posts\/3992\/revisions"}],"predecessor-version":[{"id":7332,"href":"https:\/\/www.telavita.com.br\/blog\/wp-json\/wp\/v2\/posts\/3992\/revisions\/7332"}],"wp:featuredmedia":[{"embeddable":true,"href":"https:\/\/www.telavita.com.br\/blog\/wp-json\/wp\/v2\/media\/5940"}],"wp:attachment":[{"href":"https:\/\/www.telavita.com.br\/blog\/wp-json\/wp\/v2\/media?parent=3992"}],"wp:term":[{"taxonomy":"category","embeddable":true,"href":"https:\/\/www.telavita.com.br\/blog\/wp-json\/wp\/v2\/categories?post=3992"},{"taxonomy":"post_tag","embeddable":true,"href":"https:\/\/www.telavita.com.br\/blog\/wp-json\/wp\/v2\/tags?post=3992"}],"curies":[{"name":"wp","href":"https:\/\/api.w.org\/{rel}","templated":true}]}}