{"id":4724,"date":"2019-04-16T13:55:35","date_gmt":"2019-04-16T16:55:35","guid":{"rendered":"https:\/\/www.telavita.com.br\/blog\/?p=4724"},"modified":"2024-06-28T13:38:55","modified_gmt":"2024-06-28T16:38:55","slug":"nao-quero-ser-mae","status":"publish","type":"post","link":"https:\/\/www.telavita.com.br\/blog\/nao-quero-ser-mae\/","title":{"rendered":"&#8220;N\u00e3o quero ser m\u00e3e&#8221; &#8211; A press\u00e3o psicol\u00f3gica em n\u00e3o querer filhos"},"content":{"rendered":"<p>A <strong>estrela de Hollywood Jennifer Aniston<\/strong> \u00e9 uma das atrizes de maior sucesso desde que protagonizou o <strong>seriado Friends<\/strong>, nos anos 90. Desde ent\u00e3o, os holofotes nunca a deixaram, por\u00e9m, quase como rotina, Jen \u00e9 alvo de coment\u00e1rios maldosos e uma incessante persegui\u00e7\u00e3o, tudo porque a eterna Rachel jamais ser\u00e1 m\u00e3e. Aos 50 anos de idade, a atriz nunca se livrou do questionamento e declarou em uma entrevista o quanto isso a machuca. &#8220;Ningu\u00e9m considera como isso pode ser para um parceiro e para mim, e n\u00e3o sabem o que j\u00e1 passei f\u00edsica e emocionalmente. Existe uma press\u00e3o para as mulheres serem m\u00e3es, e se elas n\u00e3o s\u00e3o, elas n\u00e3o s\u00e3o boas. <strong>Talvez meu prop\u00f3sito neste planeta n\u00e3o seja procriar.<\/strong> Talvez eu tenha outras coisas que possa fazer&#8221;.<\/p>\n<p>Ao mesmo tempo que Jennifer, uma mulher bonita, bem-sucedida, acima dos 40 e sem filhos \u00e9 perseguida, <strong>Leonardo Di Caprio<\/strong>, um homem bonito, bem-sucedido, acima dos 40 e que tamb\u00e9m n\u00e3o tem filhos, n\u00e3o sofre esse tipo de persegui\u00e7\u00e3o. Das poucas vezes que foi questionado sobre ainda n\u00e3o ter sido pai, Di Caprio declarou: &#8220;Voc\u00ea quer dizer se eu quero trazer crian\u00e7as a um mundo como esse? Se acontecer, aconteceu. Eu prefiro n\u00e3o adentrar no assunto porque isso pode ser descontextualizado. Se eu me aprofundar sobre como me sinto sobre o assunto serei mal-interpretado\u201d. E o mundo pareceu assentir, aceitar e n\u00e3o tocar mais no assunto. Enquanto que Jen jamais se livrou do estigma.<\/p>\n<p>Por que, caro leitor, Jen e Di Caprio, ambos com a mesma profiss\u00e3o, status, dinheiro e acima dos 40, t\u00eam tanta diferen\u00e7a no modo como s\u00e3o tratados? Se a sua resposta foi <strong>\u201c<a href=\"https:\/\/www.telavita.com.br\/blog\/machismo-problemas-psicologicos\/\">machismo<\/a>\u201d<\/strong>, acertou na mosca. <strong>A humanidade sempre se viu no direito de decidir pela vida das mulheres<\/strong> e pint\u00e1-las como seres angelicais, divinos e com a sagrada miss\u00e3o de trazer vida ao mundo. Mesmo que sejam aptas para <strong>gerar um filho<\/strong>, muitas simplesmente n\u00e3o querem, e por que a sociedade se acha no direito de julgar ou questionar a decis\u00e3o de um outro ser humano? Afinal, quando se tem um filho, nascem outras responsabilidades. \u00c9 a sociedade que vai arcar com essas responsabilidades? N\u00e3o, n\u00e3o \u00e9.<strong> Quando uma mulher decide n\u00e3o ter filho, seja pelo motivo que for, acredite, ela pensou muito no assunto.<\/strong><\/p>\n<p>Hoje, s\u00e3o 7 bilh\u00f5es de pessoas habitando o planeta Terra. H\u00e1 pa\u00edses que sofrem com a superpopula\u00e7\u00e3o, outros que vivem na mis\u00e9ria e pobreza, e a viol\u00eancia parece n\u00e3o dar tr\u00e9gua. Mesmo assim, a sociedade ainda se incomoda com as<strong> mulheres que n\u00e3o querem trazer uma crian\u00e7a ao mundo<\/strong>. No atual cen\u00e1rio mundial, <a href=\"https:\/\/www.telavita.com.br\/blog\/mulheres-no-mercado-de-trabalho\/\">as mulheres participam ativamente do mercado de trabalho<\/a>, as fam\u00edlias optam por ter menos filhos e as mulheres finalmente est\u00e3o decidindo mais sobre os pr\u00f3prios destinos. Mesmo assim, a sociedade ainda se incomoda com as mulheres que n\u00e3o querem trazer uma crian\u00e7a ao mundo.<\/p>\n<h2>\u201cNunca me vi nesse papel\u201d<\/h2>\n<p>Jessica Miranda tem 30 anos, namora e \u00e9 gerente de Marketing Digital. Desde cedo, ela nunca se identificou com as brincadeiras de casinha ou bonecas, mas as Barbies que tinham profiss\u00e3o brilhavam aos seus olhos. \u201cAcho que eu sempre soube, mas faltava admitir para mim mesma\u201d, comenta. A vontade de ser m\u00e3e nunca existiu em Jessica, por\u00e9m ela achava que isso eventualmente apareceria.<\/p>\n<blockquote class=\"td_quote_box td_box_center\"><p>\u201cTive contato muito pr\u00f3ximo com amigas que viraram m\u00e3es, acompanhei todo o processo e nunca me vi nesse papel. A vontade nunca existiu, e depois de pensar racionalmente em todas as implica\u00e7\u00f5es de ser m\u00e3e, cheguei a conclus\u00e3o de que n\u00e3o quero. Existe \u201cex\u201d para tudo nessa vida, mas \u201cex-m\u00e3e\u201d, n\u00e3o. Lidar com isso envolveu muita reflex\u00e3o e proje\u00e7\u00e3o, mas a parte mais delicada, creio eu, \u00e9 o outro. Eu estou bem resolvida com a minha decis\u00e3o, hoje eu lido bem e assumo publicamente a minha posi\u00e7\u00e3o. \u00c9 diferente, sabe? Um pensamento pode viver muito tempo na sua cabe\u00e7a, mas quando voc\u00ea diz em voz alta e consegue dizer para os outros, considero que o t\u00f3pico est\u00e1 resolvido mesmo\u201d, aponta.<\/p><\/blockquote>\n<p>A pedagoga e doutora em Ci\u00eancias da Educa\u00e7\u00e3o, Elane Tonin, tem 43 anos e tamb\u00e9m sempre soube que <strong>a hora da maternidade<\/strong> nunca seria uma realidade para ela.<\/p>\n<blockquote class=\"td_quote_box td_box_center\"><p>\u201cDesde de muito cedo percebi que n\u00e3o seria m\u00e3e, apesar de ter cuidado de muitos sobrinhos. Mas sempre pareceu algo assumidamente comum e simples na minha vida, assim lidar com esse fato. Acredito que optamos pela maternidade ou n\u00e3o, como optamos por outros rumos e caminhos em nossa vida. O discurso da maternidade \u00e9 apreendido e utilizado por muitos como mecanismos de culpabilizar ou diferenciar mulheres que optam por n\u00e3o se tornarem m\u00e3es. Nesse sentido e percebendo isso, fiz a op\u00e7\u00e3o muito consciente e tranquila pela n\u00e3o maternidade\u201d, explica.<\/p><\/blockquote>\n<h2>\u201cVoc\u00ea \u00e9 ego\u00edsta\u2019, me dizem\u201d<\/h2>\n<p>Com certeza Di Caprio nunca ouviu que \u00e9 ego\u00edsta por nunca ter tido filhos, em contrapartida, Jennifer Aniston j\u00e1 teve que ouvir muitas acusa\u00e7\u00f5es. &#8220;\u00c9 uma loucura. Dizem &#8216;Jen n\u00e3o consegue manter um homem&#8217; e &#8216;Jen se recusa a ter um beb\u00ea porque ela \u00e9 ego\u00edsta e comprometida com a carreira&#8217;, ou que estou triste ou de cora\u00e7\u00e3o partido. Eu n\u00e3o estou. E isso s\u00e3o conclus\u00f5es sem base. Ningu\u00e9m sabe o que se passa atr\u00e1s de portas fechadas&#8221;, confessa.<\/p>\n<p>Culpar, apontar o dedo, julgar e chamar de ego\u00edsta aquelas que optaram pela <strong>vida sem filho<\/strong>s \u00e9 comum, mas n\u00e3o deveria ser. <strong>Ter filhos \u00e9 uma responsabilidade imensa<\/strong> e um trabalho para a vida toda. Algumas mulheres simplesmente n\u00e3o desejam viver esse papel, uma escolha previamente pensada, discutida e refletida. Mas e os pais que t\u00eam filhos e abandonam suas parceiras e filhos? Isso sim \u00e9 ego\u00edsmo. Isso sim \u00e9 maldade. No Brasil, mais de 1 milh\u00e3o de fam\u00edlias s\u00e3o compostas por <a href=\"https:\/\/www.telavita.com.br\/blog\/mae-solo\/\">m\u00e3e solo<\/a>, segundo dados do IBGE \u2013 Instituto Brasileiro de Geografia e Estat\u00edstica.<\/p>\n<p>Juliene Cabeiro tem 30 anos e \u00e9 coordenadora de Marketing Digital. Diferentemente de todas as primas, ela optou por n\u00e3o ter filhos, pois nunca foi um desejo seu.<\/p>\n<blockquote class=\"td_quote_box td_box_center\"><p>\u201cEu n\u00e3o quero colocar um filho nesse mundo que vivemos. N\u00e3o quero essa responsabilidade\u201d.<\/p><\/blockquote>\n<p>Juliene, Jessica e Elane j\u00e1 se cansaram de ouvir que s\u00e3o ego\u00edstas ou outras frases clich\u00e9s de quem tenta mudar a cabe\u00e7a delas.<\/p>\n<blockquote class=\"td_quote_box td_box_center\"><p>\u201dDizem que vou mudar de ideia, que sou ego\u00edsta, que nunca serei uma mulher completa e plena se n\u00e3o experimentar a maternidade, que estou negando uma grande ben\u00e7\u00e3o\u201d, conta Jessica.<\/p><\/blockquote>\n<blockquote class=\"td_quote_box td_box_center\"><p>\u201cN\u00e3o me sinto incompleta, ego\u00edsta ou qualquer outro estere\u00f3tipo da mulher que optou em n\u00e3o ser m\u00e3e. N\u00e3o penso em termos de vantagens ou desvantagens, penso em decis\u00f5es, em op\u00e7\u00f5es e escolhas\u201d, observa Elane.<\/p><\/blockquote>\n<h2>\u201cQuero outras coisas para mim\u201d<\/h2>\n<p>Juliene gosta de viajar, sair, conhecer lugares novos, estudar e focar na carreira. Para ela, a liberdade \u00e9 um quest\u00e3o muito importante.<\/p>\n<blockquote class=\"td_quote_box td_box_center\"><p>\u201cNunca quis dividir o meu tempo e as minhas coisas com outra pessoa. Quero viajar bastante, ser independente. <strong>Ser m\u00e3e nunca foi um desejo<\/strong>, nem mesmo quando eu era casada\u201d, conta.<\/p><\/blockquote>\n<blockquote class=\"td_quote_box td_box_center\"><p>\u201cNunca disse: Ah quando tiver filhos, ou quero fazer \u2018x\u2019 coisas com meu filho. N\u00e3o tenho d\u00favidas que criaria um ser humano \u00f3timo, mas n\u00e3o quero. E tamb\u00e9m penso que criar um ser humano \u00e9 a maior responsabilidade que voc\u00ea pode assumir, e a menos que voc\u00ea esteja 100% certa disso, isso ser\u00e1 um erro. As coisas que voc\u00ea ter\u00e1 de sacrificar na sua vida, o jeito que as exig\u00eancias do mundo est\u00e3o aumentando os recursos se tornando escassos, cabe pensar, voc\u00ea precisa mesmo trazer outro ser para o mundo? A liberdade de escolha sobre todas as minhas a\u00e7\u00f5es \u00e9 essencial para mim\u201d.<\/p><\/blockquote>\n<p>Por que as escolhas conscientes incomodam? N\u00e3o deveria, n\u00e3o \u00e9? A responsabilidade de ser ou n\u00e3o ser m\u00e3e cabe somente a quem vivencia essas realidades.<\/p>\n<p>Muitas mulheres sofrem por n\u00e3o nutrirem em si o desejo e a miss\u00e3o de serem m\u00e3es, pois esse papel est\u00e1 h\u00e1 muito tempo enraizado na nossa cultura. Ir contra o que a sociedade espera \u00e9 um grande desafio.<\/p>\n<blockquote class=\"td_quote_box td_box_center\"><p>\u201cSinto que \u00e9 dif\u00edcil para as outras pessoas conceberem a ideia que ter mulheres que n\u00e3o est\u00e3o interessadas em reprodu\u00e7\u00e3o e no universo da maternidade\u201d, comenta Jessica.<\/p><\/blockquote>\n<p>A quest\u00e3o da maternidade tamb\u00e9m influencia nos relacionamentos que essas mulheres ter\u00e3o, afinal, e se o parceiro deseja ter filhos? Para Jessica, esse foi um de seus maiores medos.<\/p>\n<blockquote class=\"td_quote_box td_box_center\"><p>\u201cTer que partilhar isso com o meu parceiro e como isso poderia afetar meu relacionamento, pois se ter filhos fosse algo essencial para ele, n\u00e3o poder\u00edamos continuar juntos\u201d, conta.<\/p><\/blockquote>\n<p>Seja como for, com filhos ou sem filhos, o que importa mesmo \u00e9 estar segura de sua decis\u00e3o. Ser feliz, completa e plena com o caminho que escolheu para si &#8212; e deixar de se importar tanto com o caminho que outras mulheres seguiram.<\/p>\n<blockquote class=\"td_quote_box td_box_center\"><p>\u201cDigam de vez em voz alta, n\u00e3o pensem em ter filhos por press\u00e3o da sociedade, da sua m\u00e3e do seu parceiro, n\u00e3o existe nenhum padr\u00e3o de vida que uma mulher precise seguir. <strong>Maternidade \u00e9 uma escolha e n\u00e3o uma obriga\u00e7\u00e3o<\/strong>\u201d, finaliza Jessica.<\/p><\/blockquote>\n","protected":false},"excerpt":{"rendered":"<p>A estrela de Hollywood Jennifer Aniston \u00e9 uma das atrizes de maior sucesso desde que protagonizou o seriado Friends, nos anos 90. Desde ent\u00e3o, os holofotes nunca a deixaram, por\u00e9m, quase como rotina, Jen \u00e9 alvo de coment\u00e1rios maldosos e uma incessante persegui\u00e7\u00e3o, tudo porque a eterna Rachel jamais ser\u00e1 m\u00e3e. Aos 50 anos de [&hellip;]<\/p>\n","protected":false},"author":8,"featured_media":4828,"comment_status":"open","ping_status":"open","sticky":false,"template":"","format":"standard","meta":{"_lmt_disableupdate":"","_lmt_disable":"","footnotes":""},"categories":[25],"tags":[],"yoast_head":"<!-- This site is optimized with the Yoast SEO plugin v19.8 - https:\/\/yoast.com\/wordpress\/plugins\/seo\/ -->\n<title>&quot;N\u00e3o quero ser m\u00e3e&quot; - Telavita<\/title>\n<meta name=\"description\" content=\"A sociedade ainda se incomoda com as mulheres que n\u00e3o querem ter filhos, at\u00e9 onde podemos opinar e at\u00e9 onde essas mulheres devem se importar? Confira!\" \/>\n<meta name=\"robots\" content=\"index, follow, max-snippet:-1, max-image-preview:large, max-video-preview:-1\" \/>\n<link rel=\"canonical\" href=\"https:\/\/www.telavita.com.br\/blog\/nao-quero-ser-mae\/\" \/>\n<meta property=\"og:locale\" content=\"pt_BR\" \/>\n<meta property=\"og:type\" content=\"article\" \/>\n<meta property=\"og:title\" content=\"&quot;N\u00e3o quero ser m\u00e3e&quot; - Telavita\" \/>\n<meta property=\"og:description\" content=\"A sociedade ainda se incomoda com as mulheres que n\u00e3o querem ter filhos, at\u00e9 onde podemos opinar e at\u00e9 onde essas mulheres devem se importar? Confira!\" \/>\n<meta property=\"og:url\" content=\"https:\/\/www.telavita.com.br\/blog\/nao-quero-ser-mae\/\" \/>\n<meta property=\"og:site_name\" content=\"Telavita\" \/>\n<meta property=\"article:publisher\" content=\"https:\/\/www.facebook.com\/Telavita\" \/>\n<meta property=\"article:published_time\" content=\"2019-04-16T16:55:35+00:00\" \/>\n<meta property=\"article:modified_time\" content=\"2024-06-28T16:38:55+00:00\" \/>\n<meta property=\"og:image\" content=\"https:\/\/www.telavita.com.br\/blog\/wp-content\/uploads\/2019\/04\/nao-quero-ser-mae.jpg\" \/>\n\t<meta property=\"og:image:width\" content=\"900\" \/>\n\t<meta property=\"og:image:height\" content=\"560\" \/>\n\t<meta property=\"og:image:type\" content=\"image\/jpeg\" \/>\n<meta name=\"author\" content=\"Juliana Sonsin\" \/>\n<meta name=\"twitter:card\" content=\"summary_large_image\" \/>\n<meta name=\"twitter:label1\" content=\"Escrito por\" \/>\n\t<meta name=\"twitter:data1\" content=\"Juliana Sonsin\" \/>\n\t<meta name=\"twitter:label2\" content=\"Est. tempo de leitura\" \/>\n\t<meta name=\"twitter:data2\" content=\"8 minutos\" \/>\n<!-- \/ Yoast SEO plugin. -->","yoast_head_json":{"title":"\"N\u00e3o quero ser m\u00e3e\" - Telavita","description":"A sociedade ainda se incomoda com as mulheres que n\u00e3o querem ter filhos, at\u00e9 onde podemos opinar e at\u00e9 onde essas mulheres devem se importar? Confira!","robots":{"index":"index","follow":"follow","max-snippet":"max-snippet:-1","max-image-preview":"max-image-preview:large","max-video-preview":"max-video-preview:-1"},"canonical":"https:\/\/www.telavita.com.br\/blog\/nao-quero-ser-mae\/","og_locale":"pt_BR","og_type":"article","og_title":"\"N\u00e3o quero ser m\u00e3e\" - Telavita","og_description":"A sociedade ainda se incomoda com as mulheres que n\u00e3o querem ter filhos, at\u00e9 onde podemos opinar e at\u00e9 onde essas mulheres devem se importar? Confira!","og_url":"https:\/\/www.telavita.com.br\/blog\/nao-quero-ser-mae\/","og_site_name":"Telavita","article_publisher":"https:\/\/www.facebook.com\/Telavita","article_published_time":"2019-04-16T16:55:35+00:00","article_modified_time":"2024-06-28T16:38:55+00:00","og_image":[{"width":900,"height":560,"url":"https:\/\/www.telavita.com.br\/blog\/wp-content\/uploads\/2019\/04\/nao-quero-ser-mae.jpg","type":"image\/jpeg"}],"author":"Juliana Sonsin","twitter_card":"summary_large_image","twitter_misc":{"Escrito por":"Juliana Sonsin","Est. tempo de leitura":"8 minutos"},"schema":{"@context":"https:\/\/schema.org","@graph":[{"@type":"Article","@id":"https:\/\/www.telavita.com.br\/blog\/nao-quero-ser-mae\/#article","isPartOf":{"@id":"https:\/\/www.telavita.com.br\/blog\/nao-quero-ser-mae\/"},"author":{"name":"Juliana Sonsin","@id":"https:\/\/www.telavita.com.br\/blog\/#\/schema\/person\/c9d2f268651fd6d6bf440495dd23b40e"},"headline":"&#8220;N\u00e3o quero ser m\u00e3e&#8221; &#8211; A press\u00e3o psicol\u00f3gica em n\u00e3o querer filhos","datePublished":"2019-04-16T16:55:35+00:00","dateModified":"2024-06-28T16:38:55+00:00","mainEntityOfPage":{"@id":"https:\/\/www.telavita.com.br\/blog\/nao-quero-ser-mae\/"},"wordCount":1612,"commentCount":0,"publisher":{"@id":"https:\/\/www.telavita.com.br\/blog\/#organization"},"articleSection":["Gesta\u00e7\u00e3o"],"inLanguage":"pt-BR","potentialAction":[{"@type":"CommentAction","name":"Comment","target":["https:\/\/www.telavita.com.br\/blog\/nao-quero-ser-mae\/#respond"]}]},{"@type":"WebPage","@id":"https:\/\/www.telavita.com.br\/blog\/nao-quero-ser-mae\/","url":"https:\/\/www.telavita.com.br\/blog\/nao-quero-ser-mae\/","name":"\"N\u00e3o quero ser m\u00e3e\" - Telavita","isPartOf":{"@id":"https:\/\/www.telavita.com.br\/blog\/#website"},"datePublished":"2019-04-16T16:55:35+00:00","dateModified":"2024-06-28T16:38:55+00:00","description":"A sociedade ainda se incomoda com as mulheres que n\u00e3o querem ter filhos, at\u00e9 onde podemos opinar e at\u00e9 onde essas mulheres devem se importar? Confira!","breadcrumb":{"@id":"https:\/\/www.telavita.com.br\/blog\/nao-quero-ser-mae\/#breadcrumb"},"inLanguage":"pt-BR","potentialAction":[{"@type":"ReadAction","target":["https:\/\/www.telavita.com.br\/blog\/nao-quero-ser-mae\/"]}]},{"@type":"BreadcrumbList","@id":"https:\/\/www.telavita.com.br\/blog\/nao-quero-ser-mae\/#breadcrumb","itemListElement":[{"@type":"ListItem","position":1,"name":"In\u00edcio","item":"https:\/\/www.telavita.com.br\/blog\/"},{"@type":"ListItem","position":2,"name":"&#8220;N\u00e3o quero ser m\u00e3e&#8221; &#8211; A press\u00e3o psicol\u00f3gica em n\u00e3o querer filhos"}]},{"@type":"WebSite","@id":"https:\/\/www.telavita.com.br\/blog\/#website","url":"https:\/\/www.telavita.com.br\/blog\/","name":"Telavita","description":"Conte\u00fados especializados sobre sa\u00fade mental e bem-estar","publisher":{"@id":"https:\/\/www.telavita.com.br\/blog\/#organization"},"potentialAction":[{"@type":"SearchAction","target":{"@type":"EntryPoint","urlTemplate":"https:\/\/www.telavita.com.br\/blog\/?s={search_term_string}"},"query-input":"required name=search_term_string"}],"inLanguage":"pt-BR"},{"@type":"Organization","@id":"https:\/\/www.telavita.com.br\/blog\/#organization","name":"Telavita","url":"https:\/\/www.telavita.com.br\/blog\/","sameAs":["https:\/\/www.linkedin.com\/company\/telavita\/mycompany\/verification\/","https:\/\/www.instagram.com\/telavita\/","https:\/\/www.facebook.com\/Telavita"],"logo":{"@type":"ImageObject","inLanguage":"pt-BR","@id":"https:\/\/www.telavita.com.br\/blog\/#\/schema\/logo\/image\/","url":"https:\/\/www.telavita.com.br\/blog\/wp-content\/uploads\/2021\/05\/telavita.jpg","contentUrl":"https:\/\/www.telavita.com.br\/blog\/wp-content\/uploads\/2021\/05\/telavita.jpg","width":200,"height":200,"caption":"Telavita"},"image":{"@id":"https:\/\/www.telavita.com.br\/blog\/#\/schema\/logo\/image\/"}},{"@type":"Person","@id":"https:\/\/www.telavita.com.br\/blog\/#\/schema\/person\/c9d2f268651fd6d6bf440495dd23b40e","name":"Juliana Sonsin","image":{"@type":"ImageObject","inLanguage":"pt-BR","@id":"https:\/\/www.telavita.com.br\/blog\/#\/schema\/person\/image\/","url":"https:\/\/secure.gravatar.com\/avatar\/dfb14c6228cdf7312fea984efc84d04e?s=96&d=mm&r=g","contentUrl":"https:\/\/secure.gravatar.com\/avatar\/dfb14c6228cdf7312fea984efc84d04e?s=96&d=mm&r=g","caption":"Juliana Sonsin"},"description":"Jornalista formada pela Faculdade C\u00e1sper Libero e especializada em sa\u00fade. Apaixonada por escrever roteiros de v\u00eddeos, produzir (e assistir) document\u00e1rios e ler sobre tudo um pouco. Acredito no jornalismo \u00e9tico como um meio de trazer ao p\u00fablico informa\u00e7\u00f5es e hist\u00f3rias que valem a pena serem contadas. Gosto de viajar, fazer yoga e assistir s\u00e9ries.","url":"https:\/\/www.telavita.com.br\/blog\/author\/juliana-sonsin\/"}]}},"modified_by":null,"_links":{"self":[{"href":"https:\/\/www.telavita.com.br\/blog\/wp-json\/wp\/v2\/posts\/4724"}],"collection":[{"href":"https:\/\/www.telavita.com.br\/blog\/wp-json\/wp\/v2\/posts"}],"about":[{"href":"https:\/\/www.telavita.com.br\/blog\/wp-json\/wp\/v2\/types\/post"}],"author":[{"embeddable":true,"href":"https:\/\/www.telavita.com.br\/blog\/wp-json\/wp\/v2\/users\/8"}],"replies":[{"embeddable":true,"href":"https:\/\/www.telavita.com.br\/blog\/wp-json\/wp\/v2\/comments?post=4724"}],"version-history":[{"count":4,"href":"https:\/\/www.telavita.com.br\/blog\/wp-json\/wp\/v2\/posts\/4724\/revisions"}],"predecessor-version":[{"id":9531,"href":"https:\/\/www.telavita.com.br\/blog\/wp-json\/wp\/v2\/posts\/4724\/revisions\/9531"}],"wp:featuredmedia":[{"embeddable":true,"href":"https:\/\/www.telavita.com.br\/blog\/wp-json\/wp\/v2\/media\/4828"}],"wp:attachment":[{"href":"https:\/\/www.telavita.com.br\/blog\/wp-json\/wp\/v2\/media?parent=4724"}],"wp:term":[{"taxonomy":"category","embeddable":true,"href":"https:\/\/www.telavita.com.br\/blog\/wp-json\/wp\/v2\/categories?post=4724"},{"taxonomy":"post_tag","embeddable":true,"href":"https:\/\/www.telavita.com.br\/blog\/wp-json\/wp\/v2\/tags?post=4724"}],"curies":[{"name":"wp","href":"https:\/\/api.w.org\/{rel}","templated":true}]}}