{"id":502,"date":"2017-05-26T14:38:53","date_gmt":"2017-05-26T17:38:53","guid":{"rendered":"https:\/\/www.telavita.com.br\/blog\/?p=502"},"modified":"2024-04-19T15:51:59","modified_gmt":"2024-04-19T18:51:59","slug":"desmotivacao-no-trabalho","status":"publish","type":"post","link":"https:\/\/www.telavita.com.br\/blog\/desmotivacao-no-trabalho\/","title":{"rendered":"Conhe\u00e7a o que ocasiona a desmotiva\u00e7\u00e3o no trabalho"},"content":{"rendered":"<p><span style=\"font-weight: 400;\">A <\/span><b>desmotiva\u00e7\u00e3o no trabalho <\/b><span style=\"font-weight: 400;\">\u00e9 um fator recorrente na atualidade. Isso pois, existem dias e dias no ambiente corporativo. Em alguns deles, as pessoas gostam mais de estar ali, j\u00e1 em outros, querem <\/span><b>sair correndo o mais r\u00e1pido poss\u00edvel do escrit\u00f3rio.<\/b><\/p>\n<p><span style=\"font-weight: 400;\">Entretanto, o problema surge quando os pontos negativos passam a ser constantes.Ou seja, a situa\u00e7\u00e3o est\u00e1 t\u00e3o ruim que o indiv\u00edduo n\u00e3o se sente mais<\/span><b> atra\u00eddo e estimulado a desempenhar as suas fun\u00e7\u00f5es.<\/b><\/p>\n<h2><b>As consequ\u00eancias da desmotiva\u00e7\u00e3o no trabalho<\/b><\/h2>\n<p><span style=\"font-weight: 400;\">S\u00e3o diversas as <\/span><b>consequ\u00eancias da desmotiva\u00e7\u00e3o no trabalho<\/b><span style=\"font-weight: 400;\">. A mais \u00f3bvia, \u00e9 <\/span><a href=\"https:\/\/www.telavita.com.br\/blog\/produtividade-saude-mental\/\"><b>a queda de produtividade<\/b><\/a> <span style=\"font-weight: 400;\">da pessoa desmotivada. Al\u00e9m disso, existe um impacto na esfera pessoal, pois a falta de realiza\u00e7\u00e3o traz repercuss\u00f5es negativas ao \u00e2nimo e felicidade do indiv\u00edduo, j\u00e1 que <\/span><b>precisa lidar com a frustra\u00e7\u00e3o frequente<\/b><span style=\"font-weight: 400;\">.\u00a0<\/span><\/p>\n<p><span style=\"font-weight: 400;\">Logo, se engana quem acha que esse assunto interessa<\/span><b> somente aos funcion\u00e1rios.<\/b><span style=\"font-weight: 400;\"> Ali\u00e1s, grande parte da desmotiva\u00e7\u00e3o do trabalhador est\u00e1 relacionada \u00e0s <\/span><b>atitudes e costumes mal definidos dentro de uma empresa.<\/b><span style=\"font-weight: 400;\"> Portanto, o empregador precisa prestar aten\u00e7\u00e3o aos sinais que os colaboradores indicam para evitar o desgaste nas equipes.<\/span><\/p>\n<p><span style=\"font-weight: 400;\">Al\u00e9m disso, \u00e9 importante que o funcion\u00e1rio desmotivado tamb\u00e9m conhe\u00e7a quais problemas causam essa frustra\u00e7\u00e3o. <\/span><a href=\"https:\/\/www.telavita.com.br\/blog\/diferenca-conversar-psicologo-e-amigo\/\"><b>Procurar um psic\u00f3logo<\/b><\/a><span style=\"font-weight: 400;\">, por exemplo, pode ajudar a <\/span><b>compreender o que est\u00e1 acontecendo e ajudar a lidar melhor com a situa\u00e7\u00e3o.<\/b><\/p>\n<h2><b>Poss\u00edveis causas da falta de motiva\u00e7\u00e3o<\/b><\/h2>\n<p><span style=\"font-weight: 400;\">Tendo em vista o aumento da <\/span><b>desmotiva\u00e7\u00e3o nas empresas<\/b><span style=\"font-weight: 400;\">, o<\/span> <b>Hay Group <\/b><span style=\"font-weight: 400;\">(<\/span><b>Grupo de Consultoria e Gest\u00e3o de Neg\u00f3cios)<\/b><span style=\"font-weight: 400;\"> realizou um estudo que procurou compreender <\/span><a href=\"https:\/\/veja.abril.com.br\/educacao\/cinco-causas-de-desmotivacao-no-trabalho-e-como-o-chefe-pode-lidar-com-elas\/\"><b>os fatores que mais impactam na produ\u00e7\u00e3o e satisfa\u00e7\u00e3o dos funcion\u00e1rios com rela\u00e7\u00e3o \u00e0s empresas.<\/b><\/a><\/p>\n<p><span style=\"font-weight: 400;\">Nesse sentido, a pesquisa levantou alguns sinais que influenciam a\u00a0 desmotiva\u00e7\u00e3o no trabalho. S\u00e3o eles:\u00a0<\/span><\/p>\n<h3><b>Sal\u00e1rio abaixo do aplicado no mercado<\/b><\/h3>\n<p><span style=\"font-weight: 400;\">Dinheiro n\u00e3o \u00e9 o \u00fanico fator que influencia na <\/span><a href=\"https:\/\/www.telavita.com.br\/blog\/importancia-da-felicidade-no-trabalho\/\"><b>felicidade dos funcion\u00e1rios dentro da empresa,<\/b><\/a><span style=\"font-weight: 400;\"> entretanto, com certeza, \u00e9 algo importante. Dessa forma, a falta de motiva\u00e7\u00e3o pode ser a consequ\u00eancia de uma <\/span><b>remunera\u00e7\u00e3o abaixo do esperado.<\/b><\/p>\n<p><span style=\"font-weight: 400;\">Ali\u00e1s, \u00e9 dif\u00edcil saber como evitar a desmotiva\u00e7\u00e3o no trabalho quando a recompensa de estar ali n\u00e3o \u00e9 compat\u00edvel com a fun\u00e7\u00e3o desempenhada. Por isso, <\/span><b>\u00e9 preciso que outros fatores compensem essa quest\u00e3o deficit\u00e1ria.<\/b><\/p>\n<p><span style=\"font-weight: 400;\">Ent\u00e3o, se n\u00e3o h\u00e1 condi\u00e7\u00f5es, por parte do empregador, de oferecer um sal\u00e1rio compat\u00edvel com o do mercado, ele, como representante da empresa, deve <\/span><b>estimular o funcion\u00e1rio da melhor forma poss\u00edvel.<\/b><\/p>\n<h3><b>Falta de reconhecimento<\/b><\/h3>\n<p><span style=\"font-weight: 400;\">O funcion\u00e1rio n\u00e3o est\u00e1 trabalhando para a empresa sem um prop\u00f3sito. Ou seja, ele busca <\/span><b>reconhecimento em sua carreira<\/b><span style=\"font-weight: 400;\">, pois emprega grande parte de seu tempo, conhecimento e dedica\u00e7\u00e3o ao cargo exercido.<\/span><\/p>\n<p><span style=\"font-weight: 400;\">Quando estes atributos s\u00e3o not\u00e1veis, essa pessoa <\/span><b>precisa ser valorizada. <\/b><span style=\"font-weight: 400;\">Afinal, quanto mais retorno ela receber pelo que \u00e9 realizado, <\/span><b>mais motivada ela estar\u00e1 para fazer um bom trabalho.\u00a0<\/b><\/p>\n<h3><b>Falta feedback de forma correta<\/b><\/h3>\n<p><span style=\"font-weight: 400;\">Muitos gestores n\u00e3o possuem clareza de <\/span><a href=\"https:\/\/www.telavita.com.br\/blog\/comunicacao-nao-violenta-2\/\"><b>como utilizar a comunica\u00e7\u00e3o n\u00e3o violenta.<\/b><\/a><span style=\"font-weight: 400;\"> Sendo assim, muitas vezes, acabam agindo com falta de respeito, <\/span><b>o que gera um desconforto dentro da equipe.<\/b><\/p>\n<p><span style=\"font-weight: 400;\">N\u00e3o saber tratar com zelo e respeito os colaboradores pode gerar <\/span><b>pessoas desmotivadas<\/b><span style=\"font-weight: 400;\">. Isso acontece, pois \u00e9 criada uma no\u00e7\u00e3o de <\/span><b>desconsidera\u00e7\u00e3o com os indiv\u00edduos que est\u00e3o ali.\u00a0<\/b><\/p>\n<h3><b>Competitividade<\/b><\/h3>\n<p><span style=\"font-weight: 400;\">A competitividade, muitas vezes, n\u00e3o \u00e9 saud\u00e1vel em uma equipe. Apesar de ser uma t\u00e9cnica bastante utilizada, ela pode promover a <\/span><b>competi\u00e7\u00e3o real entre os funcion\u00e1rios.<\/b><span style=\"font-weight: 400;\"> A consequ\u00eancia disso \u00e9 a menor colabora\u00e7\u00e3o entre eles, al\u00e9m de tornar o ambiente insalubre.<\/span><\/p>\n<p><span style=\"font-weight: 400;\">Conviver num local individualista e de pouca coopera\u00e7\u00e3o \u00e9 um da falta de motiva\u00e7\u00e3o no trabalho. Afinal, as pessoas passam a maior parte do dia dentro do escrit\u00f3rio, ent\u00e3o, <\/span><b>elas precisam estar num espa\u00e7o estimulante e agrad\u00e1vel.<\/b><\/p>\n<p><span style=\"font-weight: 400;\">A maneira mais eficaz de amenizar esse ambiente de disputas \u00e9 solicitar tarefas em que haja a necessidade de colabora\u00e7\u00e3o. Sendo assim, todos conseguem mostrar suas aptid\u00f5es e se conhecerem de forma saud\u00e1vel com<\/span> <a href=\"https:\/\/www.telavita.com.br\/blog\/trabalho-em-equipe\/\"><b>o trabalho em equipe.<\/b><\/a><\/p>\n<h3><b>Metas imposs\u00edveis<\/b><\/h3>\n<p><span style=\"font-weight: 400;\">Um dos motivos que tamb\u00e9m desmotiva<\/span> <span style=\"font-weight: 400;\">os colaboradores \u00e9 <\/span><b>ter metas imposs\u00edveis.<\/b><span style=\"font-weight: 400;\"> Afinal, se o objetivo \u00e9 algo imposs\u00edvel, os funcion\u00e1rios n\u00e3o se sentem motivados a cumpri-la ou <\/span><b>acreditam que eles n\u00e3o s\u00e3o bons o suficiente no que fazem. <\/b><span style=\"font-weight: 400;\">Dessa forma, o resultado se torna o aparecimento de um grande clima depressivo nas equipes.<\/span><\/p>\n<p><span style=\"font-weight: 400;\">Uma das melhores formas de organizar o que deve ser atingido, \u00e9 atrav\u00e9s de reuni\u00f5es onde todos possam<\/span><b> opinar sobre a import\u00e2ncia e viabilidade de algo ser executado. <\/b><span style=\"font-weight: 400;\">Sendo assim, \u00e9 poss\u00edvel evitar desgastes futuros.<\/span><\/p>\n<h2><b>Como aumentar o engajamento e motiva\u00e7\u00e3o dos colaboradores?<\/b><\/h2>\n<p><span style=\"font-weight: 400;\">Para erradicar de vez a desmotiva\u00e7\u00e3o no trabalho e ainda, aumentar o engajamento dos funcion\u00e1rios \u00e9 preciso criar planos de a\u00e7\u00e3o para que esse sentimento possa ser diminu\u00eddo. Para isso, <\/span><b>os programas de sa\u00fade mental para as empresas s\u00e3o extremamente eficientes.<\/b><\/p>\n<p><span style=\"font-weight: 400;\">O <\/span><b>Programa de Sa\u00fade Emocional da Telavita<\/b><span style=\"font-weight: 400;\"> proporciona para as empresas o monitoramento completo dos n\u00edveis de ansiedade, depress\u00e3o e estresse dos colaboradores e ainda, conseguem identificar quais as causas da desmotiva\u00e7\u00e3o por meio de question\u00e1rios realizados.<\/span><\/p>\n<p><span style=\"font-weight: 400;\">Ainda, ap\u00f3s o resultado dos dados coletados, \u00e9 identificado a necessidade de maiores interven\u00e7\u00f5es psicol\u00f3gicas e, caso isso seja decretado, juntamente com nossos psic\u00f3logos dispon\u00edveis e trilhas de conhecimento,<\/span><b> trazemos a resolutividade do problema para a empresa.<\/b><\/p>\n<span class='mb-center maxbutton-6-center'><span class='maxbutton-6-container mb-container'><a class=\"maxbutton-6 maxbutton maxbutton-pse\" target=\"_blank\" rel=\"noopener\" href=\"https:\/\/conteudo.telavita.com.br\/telavitaempresas2022?_ga=2.92428570.665564727.1667953363-113301591.1659119672&amp;_gl=1*2kagbv*_ga*MTEzMzAxNTkxLjE2NTkxMTk2NzI.*_ga_2DZ1C7BK62*MTY2Nzk1MzM2Mi4xMjIuMS4xNjY3OTUzNTUxLjUwLjAuMA..\"><span class='mb-text'>Saiba mais sobre o Programa de Sa\u00fade Emocional<\/span><\/a><\/span><\/span>\n","protected":false},"excerpt":{"rendered":"<p>A desmotiva\u00e7\u00e3o no trabalho \u00e9 um fator recorrente na atualidade. Isso pois, existem dias e dias no ambiente corporativo. Em alguns deles, as pessoas gostam mais de estar ali, j\u00e1 em outros, querem sair correndo o mais r\u00e1pido poss\u00edvel do escrit\u00f3rio. Entretanto, o problema surge quando os pontos negativos passam a ser constantes.Ou seja, a [&hellip;]<\/p>\n","protected":false},"author":11,"featured_media":504,"comment_status":"open","ping_status":"open","sticky":false,"template":"","format":"standard","meta":{"_lmt_disableupdate":"","_lmt_disable":"","footnotes":""},"categories":[384],"tags":[],"yoast_head":"<!-- This site is optimized with the Yoast SEO plugin v19.8 - https:\/\/yoast.com\/wordpress\/plugins\/seo\/ -->\n<title>O que provoca a desmotiva\u00e7\u00e3o no trabalho? | Telavita<\/title>\n<meta name=\"description\" content=\"Saiba quais s\u00e3o as principais causas da desmotiva\u00e7\u00e3o no trabalho e conhe\u00e7a formas de lidar com essa situa\u00e7\u00e3o.\" \/>\n<meta name=\"robots\" content=\"index, follow, max-snippet:-1, max-image-preview:large, max-video-preview:-1\" \/>\n<link rel=\"canonical\" href=\"https:\/\/www.telavita.com.br\/blog\/desmotivacao-no-trabalho\/\" \/>\n<meta property=\"og:locale\" content=\"pt_BR\" \/>\n<meta property=\"og:type\" content=\"article\" \/>\n<meta property=\"og:title\" content=\"O que provoca a desmotiva\u00e7\u00e3o no trabalho? | Telavita\" \/>\n<meta property=\"og:description\" content=\"Saiba quais s\u00e3o as principais causas da desmotiva\u00e7\u00e3o no trabalho e conhe\u00e7a formas de lidar com essa situa\u00e7\u00e3o.\" \/>\n<meta property=\"og:url\" content=\"https:\/\/www.telavita.com.br\/blog\/desmotivacao-no-trabalho\/\" \/>\n<meta property=\"og:site_name\" content=\"Telavita\" \/>\n<meta property=\"article:publisher\" content=\"https:\/\/www.facebook.com\/Telavita\" \/>\n<meta property=\"article:published_time\" content=\"2017-05-26T17:38:53+00:00\" \/>\n<meta property=\"article:modified_time\" content=\"2024-04-19T18:51:59+00:00\" \/>\n<meta property=\"og:image\" content=\"https:\/\/www.telavita.com.br\/blog\/wp-content\/uploads\/2017\/05\/desmotivacao-no-trabalho.jpg\" \/>\n\t<meta property=\"og:image:width\" content=\"900\" \/>\n\t<meta property=\"og:image:height\" content=\"560\" \/>\n\t<meta property=\"og:image:type\" content=\"image\/jpeg\" \/>\n<meta name=\"author\" content=\"Telavita\" \/>\n<meta name=\"twitter:card\" content=\"summary_large_image\" \/>\n<meta name=\"twitter:label1\" content=\"Escrito por\" \/>\n\t<meta name=\"twitter:data1\" content=\"Telavita\" \/>\n\t<meta name=\"twitter:label2\" content=\"Est. tempo de leitura\" \/>\n\t<meta name=\"twitter:data2\" content=\"5 minutos\" \/>\n<!-- \/ Yoast SEO plugin. -->","yoast_head_json":{"title":"O que provoca a desmotiva\u00e7\u00e3o no trabalho? | Telavita","description":"Saiba quais s\u00e3o as principais causas da desmotiva\u00e7\u00e3o no trabalho e conhe\u00e7a formas de lidar com essa situa\u00e7\u00e3o.","robots":{"index":"index","follow":"follow","max-snippet":"max-snippet:-1","max-image-preview":"max-image-preview:large","max-video-preview":"max-video-preview:-1"},"canonical":"https:\/\/www.telavita.com.br\/blog\/desmotivacao-no-trabalho\/","og_locale":"pt_BR","og_type":"article","og_title":"O que provoca a desmotiva\u00e7\u00e3o no trabalho? | Telavita","og_description":"Saiba quais s\u00e3o as principais causas da desmotiva\u00e7\u00e3o no trabalho e conhe\u00e7a formas de lidar com essa situa\u00e7\u00e3o.","og_url":"https:\/\/www.telavita.com.br\/blog\/desmotivacao-no-trabalho\/","og_site_name":"Telavita","article_publisher":"https:\/\/www.facebook.com\/Telavita","article_published_time":"2017-05-26T17:38:53+00:00","article_modified_time":"2024-04-19T18:51:59+00:00","og_image":[{"width":900,"height":560,"url":"https:\/\/www.telavita.com.br\/blog\/wp-content\/uploads\/2017\/05\/desmotivacao-no-trabalho.jpg","type":"image\/jpeg"}],"author":"Telavita","twitter_card":"summary_large_image","twitter_misc":{"Escrito por":"Telavita","Est. tempo de leitura":"5 minutos"},"schema":{"@context":"https:\/\/schema.org","@graph":[{"@type":"Article","@id":"https:\/\/www.telavita.com.br\/blog\/desmotivacao-no-trabalho\/#article","isPartOf":{"@id":"https:\/\/www.telavita.com.br\/blog\/desmotivacao-no-trabalho\/"},"author":{"name":"Telavita","@id":"https:\/\/www.telavita.com.br\/blog\/#\/schema\/person\/365e554815ae72366924ab1f2b06fdaa"},"headline":"Conhe\u00e7a o que ocasiona a desmotiva\u00e7\u00e3o no trabalho","datePublished":"2017-05-26T17:38:53+00:00","dateModified":"2024-04-19T18:51:59+00:00","mainEntityOfPage":{"@id":"https:\/\/www.telavita.com.br\/blog\/desmotivacao-no-trabalho\/"},"wordCount":957,"commentCount":0,"publisher":{"@id":"https:\/\/www.telavita.com.br\/blog\/#organization"},"articleSection":["Recursos Humanos"],"inLanguage":"pt-BR","potentialAction":[{"@type":"CommentAction","name":"Comment","target":["https:\/\/www.telavita.com.br\/blog\/desmotivacao-no-trabalho\/#respond"]}]},{"@type":"WebPage","@id":"https:\/\/www.telavita.com.br\/blog\/desmotivacao-no-trabalho\/","url":"https:\/\/www.telavita.com.br\/blog\/desmotivacao-no-trabalho\/","name":"O que provoca a desmotiva\u00e7\u00e3o no trabalho? | Telavita","isPartOf":{"@id":"https:\/\/www.telavita.com.br\/blog\/#website"},"datePublished":"2017-05-26T17:38:53+00:00","dateModified":"2024-04-19T18:51:59+00:00","description":"Saiba quais s\u00e3o as principais causas da desmotiva\u00e7\u00e3o no trabalho e conhe\u00e7a formas de lidar com essa situa\u00e7\u00e3o.","breadcrumb":{"@id":"https:\/\/www.telavita.com.br\/blog\/desmotivacao-no-trabalho\/#breadcrumb"},"inLanguage":"pt-BR","potentialAction":[{"@type":"ReadAction","target":["https:\/\/www.telavita.com.br\/blog\/desmotivacao-no-trabalho\/"]}]},{"@type":"BreadcrumbList","@id":"https:\/\/www.telavita.com.br\/blog\/desmotivacao-no-trabalho\/#breadcrumb","itemListElement":[{"@type":"ListItem","position":1,"name":"In\u00edcio","item":"https:\/\/www.telavita.com.br\/blog\/"},{"@type":"ListItem","position":2,"name":"Conhe\u00e7a o que ocasiona a desmotiva\u00e7\u00e3o no trabalho"}]},{"@type":"WebSite","@id":"https:\/\/www.telavita.com.br\/blog\/#website","url":"https:\/\/www.telavita.com.br\/blog\/","name":"Telavita","description":"Conte\u00fados especializados sobre sa\u00fade mental e bem-estar","publisher":{"@id":"https:\/\/www.telavita.com.br\/blog\/#organization"},"potentialAction":[{"@type":"SearchAction","target":{"@type":"EntryPoint","urlTemplate":"https:\/\/www.telavita.com.br\/blog\/?s={search_term_string}"},"query-input":"required name=search_term_string"}],"inLanguage":"pt-BR"},{"@type":"Organization","@id":"https:\/\/www.telavita.com.br\/blog\/#organization","name":"Telavita","url":"https:\/\/www.telavita.com.br\/blog\/","sameAs":["https:\/\/www.linkedin.com\/company\/telavita\/mycompany\/verification\/","https:\/\/www.instagram.com\/telavita\/","https:\/\/www.facebook.com\/Telavita"],"logo":{"@type":"ImageObject","inLanguage":"pt-BR","@id":"https:\/\/www.telavita.com.br\/blog\/#\/schema\/logo\/image\/","url":"https:\/\/www.telavita.com.br\/blog\/wp-content\/uploads\/2021\/05\/telavita.jpg","contentUrl":"https:\/\/www.telavita.com.br\/blog\/wp-content\/uploads\/2021\/05\/telavita.jpg","width":200,"height":200,"caption":"Telavita"},"image":{"@id":"https:\/\/www.telavita.com.br\/blog\/#\/schema\/logo\/image\/"}},{"@type":"Person","@id":"https:\/\/www.telavita.com.br\/blog\/#\/schema\/person\/365e554815ae72366924ab1f2b06fdaa","name":"Telavita","image":{"@type":"ImageObject","inLanguage":"pt-BR","@id":"https:\/\/www.telavita.com.br\/blog\/#\/schema\/person\/image\/","url":"https:\/\/secure.gravatar.com\/avatar\/ac2e61ce00e3238eb646b649fdcae5e4?s=96&d=mm&r=g","contentUrl":"https:\/\/secure.gravatar.com\/avatar\/ac2e61ce00e3238eb646b649fdcae5e4?s=96&d=mm&r=g","caption":"Telavita"},"url":"https:\/\/www.telavita.com.br\/blog\/author\/telavita\/"}]}},"modified_by":null,"_links":{"self":[{"href":"https:\/\/www.telavita.com.br\/blog\/wp-json\/wp\/v2\/posts\/502"}],"collection":[{"href":"https:\/\/www.telavita.com.br\/blog\/wp-json\/wp\/v2\/posts"}],"about":[{"href":"https:\/\/www.telavita.com.br\/blog\/wp-json\/wp\/v2\/types\/post"}],"author":[{"embeddable":true,"href":"https:\/\/www.telavita.com.br\/blog\/wp-json\/wp\/v2\/users\/11"}],"replies":[{"embeddable":true,"href":"https:\/\/www.telavita.com.br\/blog\/wp-json\/wp\/v2\/comments?post=502"}],"version-history":[{"count":16,"href":"https:\/\/www.telavita.com.br\/blog\/wp-json\/wp\/v2\/posts\/502\/revisions"}],"predecessor-version":[{"id":8590,"href":"https:\/\/www.telavita.com.br\/blog\/wp-json\/wp\/v2\/posts\/502\/revisions\/8590"}],"wp:featuredmedia":[{"embeddable":true,"href":"https:\/\/www.telavita.com.br\/blog\/wp-json\/wp\/v2\/media\/504"}],"wp:attachment":[{"href":"https:\/\/www.telavita.com.br\/blog\/wp-json\/wp\/v2\/media?parent=502"}],"wp:term":[{"taxonomy":"category","embeddable":true,"href":"https:\/\/www.telavita.com.br\/blog\/wp-json\/wp\/v2\/categories?post=502"},{"taxonomy":"post_tag","embeddable":true,"href":"https:\/\/www.telavita.com.br\/blog\/wp-json\/wp\/v2\/tags?post=502"}],"curies":[{"name":"wp","href":"https:\/\/api.w.org\/{rel}","templated":true}]}}