{"id":5058,"date":"2019-05-25T08:24:10","date_gmt":"2019-05-25T11:24:10","guid":{"rendered":"https:\/\/www.telavita.com.br\/blog\/?p=5058"},"modified":"2025-12-08T18:34:01","modified_gmt":"2025-12-08T20:34:01","slug":"idoso-e-homossexual","status":"publish","type":"post","link":"https:\/\/www.telavita.com.br\/blog\/idoso-e-homossexual\/","title":{"rendered":"Envelhecimento do casal gay e o duplo preconceito"},"content":{"rendered":"<p><span style=\"font-weight: 400;\">Um novo <strong>meme<\/strong> tomou conta das redes: o<strong> \u201cPrivilegiado, sim\u201d,<\/strong> uma s\u00e9rie de frases compostas por situa\u00e7\u00f5es cotidianas de quem tem algum tipo de privil\u00e9gio social. O meme teve origem no \u00e1udio de uma jovem que afirma \u201cMeu pai \u00e9, sim, empres\u00e1rio. Eu trabalhei, sim, com o meu pai. E se eu continuei trabalhando com ele foi porque eu mereci\u201d. E a\u00ed a onda se espalhou. Mas a discuss\u00e3o que o meme trouxe \u00e9 bastante importante porque quem \u00e9 branco, heterossexual, homem, jovem e de classe m\u00e9dia, raramente enxerga que \u00e9 privilegiado, sim, e que <strong>as minorias<\/strong>, ou seja, as mulheres, os idosos, os LGBTs, os negros e tantos outros grupos, sofrem preconceito e desvantagens apenas por serem quem s\u00e3o. <\/span><\/p>\n<p><span style=\"font-weight: 400;\">No Brasil, <strong>ser LGBT<\/strong>\u00a0\u00e9 tamb\u00e9m conviver com o medo de morrer. <\/span><span style=\"font-weight: 400;\">Em pleno s\u00e9culo 21, em 2019, os LGBTs ainda sentem na pele o impacto que o preconceito traz. Dados publicados pelo <a href=\"https:\/\/www.uol.com.br\/\">UOL<\/a> e tabulados por <strong>Julio Pinheiro Cardia<\/strong>, ex-coordenador da Diretoria de Promo\u00e7\u00e3o dos Direitos LGBT do <\/span><a href=\"https:\/\/www.mdh.gov.br\/\"><b>Minist\u00e9rio dos Direitos Humanos<\/b><\/a><span style=\"font-weight: 400;\">, mostram que 8.027 pessoas LGBTs foram assassinadas no Brasil entre 1963 e 2018 por conta do preconceito. Isso s\u00f3 mostra o quanto ainda precisamos progredir e lutar contra esse tipo de viol\u00eancia.<\/span><\/p>\n<p><span style=\"font-weight: 400;\">Com os idosos, o descaso e abandono \u00e9 um grande problema social que enfrentamos no Brasil. A situa\u00e7\u00e3o do desamparo familiar e abandono de idosos em asilos ou albergues p\u00fablicos \u00e9 preocupante e s\u00f3 faz crescer o n\u00famero de idosos com transtornos psicol\u00f3gicos.<\/span><span style=\"font-weight: 400;\"> O <\/span><a href=\"https:\/\/www.ibge.gov.br\/\"><b>Instituto Brasileiro de Geografia e Estat\u00edstica (IBGE) <\/b><\/a><span style=\"font-weight: 400;\">analisou o per\u00edodo entre 2012 e 2017 e constatou que a popula\u00e7\u00e3o de idosos no pa\u00eds saltou de 25,4 milh\u00f5es para mais de 30,2 milh\u00f5es de pessoas. Nesse mesmo per\u00edodo, notou-se tamb\u00e9m que o n\u00famero de homens e mulheres com 60 anos ou mais nos albergues p\u00fablicos subiu 33%, de 45,8 mil para 60,8 mil. \u00a0Ou seja, tratamos mal quem nos tratou bem a vida inteira.<\/span><\/p>\n<p><span style=\"font-weight: 400;\">Lembra quando falamos de minorias e privil\u00e9gios? Lembrou? Agora pense em quem \u00e9 idoso e tamb\u00e9m LGBT+. Some os dados mostrados acima e tente se colocar no lugar desse(a) <\/span><b>idoso(a) LGBT <\/b><span style=\"font-weight: 400;\">que quase sempre n\u00e3o encontra espa\u00e7o na pr\u00f3pria fam\u00edlia, no c\u00edrculo de amigos e at\u00e9 na pr\u00f3pria comunidade LGBT.<\/span><\/p>\n<p><span style=\"font-weight: 400;\">Em pleno s\u00e9culo 21, em 2019, os <\/span><a href=\"https:\/\/www.telavita.com.br\/blog\/casal-homoafetivo\/\"><b>casais homoafetivos<\/b><\/a><span style=\"font-weight: 400;\"> ainda sentem na pele o impacto que o preconceito traz.\u00a0<\/span><span style=\"font-weight: 400;\">Andar de m\u00e3os dadas na rua, se beijar durante um jantar rom\u00e2ntico ou abra\u00e7ar quem ama: isso pode parecer simples e normal para quem vive um <\/span><b>relacionamento heterossexual<\/b><span style=\"font-weight: 400;\">, mas para quem \u00e9 LGBTQIA+ , um simples toque, um simples beijo ou um simples abra\u00e7o, desperta olhares tortos, ofensas e, em muitos casos, a agress\u00e3o f\u00edsica, como citado anteriormente no relat\u00f3rio de <\/span><b>mortes por homofobia. <\/b>Ou seja, o casal homoafetivo, quando envelhece, sofre todas essas barreiras com o adendo de estarem na terceira idade e serem exclu\u00eddos da sociedade e, ao mesmo tempo, lembrados somente para serem hostilizados.<\/p>\n<h2><span style=\"font-weight: 400;\">Assumir ou n\u00e3o?<\/span><\/h2>\n<p><span style=\"font-weight: 400;\">A inglesa <strong>Barbara Hosking<\/strong> decidiu assumir a sua homossexualidade aos 91 anos de idade. A funcion\u00e1ria p\u00fablica viveu nos tempos em que o conservadorismo e a onda do HIV tiveram o seu auge e, assim como muitas outras pessoas, ela se escondeu e viveu uma vida que n\u00e3o era a dela para n\u00e3o sofrer ainda mais. <\/span><\/p>\n<p><span style=\"font-weight: 400;\">O renomado ator ingl\u00eas<strong> Sir Ian Mckellen<\/strong>, o eterno <strong>Gandalf da trilogia \u201cO Senhor dos An\u00e9is\u201d,<\/strong> tamb\u00e9m demorou um tempinho para contar sobre a sua orienta\u00e7\u00e3o sexual. Hoje, Mckellen \u00e9 um dos grandes ativistas LGBT, mas s\u00f3 se assumiu aos 49. Em entrevista ao <\/span><a href=\"http:\/\/www.huffingtonpost.com\/2015\/06\/02\/ian-mckellen-trevor-project_n_7484700.html\"><span style=\"font-weight: 400;\">Huffington Post<\/span><\/a><span style=\"font-weight: 400;\">, McKellen disse: &#8220;Eu me arrependo e sempre vou me arrepender de n\u00e3o ter visto a import\u00e2ncia de sair do arm\u00e1rio antes porque eu acho que teria sido uma pessoa diferente e mais feliz. Autoconfian\u00e7a \u00e9 a coisa mais importante que qualquer um pode ter. Voc\u00ea n\u00e3o tem isso se parte de voc\u00ea est\u00e1 envergonhada ou escondendo algo. Eu posso assegurar \u00e0s pessoas que acham que n\u00e3o conseguiriam se assumir de que o mundo vai gostar mais de voc\u00eas porque as pessoas gostam de honestidade e autenticidade&#8221;.<\/span><\/p>\n<p><span style=\"font-weight: 400;\">Tanto Hosking quanto Mckellen tiveram sua juventude marcada pela repress\u00e3o e o medo. N\u00e3o que hoje os tempos estejam \u00e1ureos para os LGBT, muito pelo contr\u00e1rio, mas existe muito mais liberdade e leis do que nos anos 60, por exemplo. Por\u00e9m, os resqu\u00edcios da intoler\u00e2ncia ainda s\u00e3o fortes e teimam a esmorecer.<\/span><\/p>\n<h2><span style=\"font-weight: 400;\">Duplo preconceito e o impacto psicol\u00f3gico<\/span><\/h2>\n<p><span style=\"font-weight: 400;\">O idoso que \u00e9 homossexual sofre o impacto de ser minoria \u201cduas vezes\u201d, j\u00e1 que a terceira idade \u00e9 vista pela sociedade como ultrapassada e incapaz de realizar fun\u00e7\u00f5es e atividades como na juventude, e os LGBTs s\u00e3o vistos como imorais e anti\u00e9ticos pela sociedade conservadora. Ou seja, esse idoso sofre o duplo preconceito, e sofrer preconceito pode ser devastador em diversos aspectos, seja na realiza\u00e7\u00e3o de objetivos, como n\u00e3o conseguir um emprego, no psicol\u00f3gico, como a baixa autoestima e desenvolvimento de transtornos, ou no emocional, como a solid\u00e3o. <\/span><\/p>\n<p><span style=\"font-weight: 400;\">O <a href=\"https:\/\/idosos.com.br\/\">Portal do Idoso<\/a> comenta o problema: \u201cOs homossexuais idosos de hoje internalizaram essas atitudes e cren\u00e7as culturais negativas. Sofreram opress\u00e3o e desvaloriza\u00e7\u00e3o de si mesmos. Isso afetou inquestionavelmente sua sa\u00fade mental. Em muitos casos, sua sa\u00fade f\u00edsica tamb\u00e9m foi afetada. Um estudo cient\u00edfico de 2008 (por Anderson, 2008) revelou que os idosos homossexuais eram mais propensos a viver sozinhos no ciclo final da vida. Eram 4 vezes menos propensos a pensar em ter filhos e menos propenso a pedir ajuda de familiares que heterossexuais da mesma idade. Outro estudo cient\u00edfico de 2004 (Grossman et al) evidenciou melhor <a href=\"https:\/\/www.telavita.com.br\/blog\/qualidade-de-vida\/\">qualidade de vida<\/a> para os idosos homossexuais quando estes viviam com um parceiro. Contudo, os autores verificaram que apenas 29%, de um total de 416 homossexuais, viviam com um parceiro. Um n\u00famero muito baixo comparado \u00e0 amostra total\u201d.<\/span><\/p>\n<p><span style=\"font-weight: 400;\">\u00c9 inevit\u00e1vel que algu\u00e9m nessa situa\u00e7\u00e3o se sinta mal, afinal, o preconceito vem em duas vias. Ser abandonado, reprimido, hostilizado e agredido verbalmente ou fisicamente \u00e9 uma realidade para essas pessoas, e isso causa s\u00e9rios danos \u00e0 sa\u00fade mental. <\/span><span style=\"font-weight: 400;\">A solid\u00e3o \u00e9 uma das grandes epidemias do s\u00e9culo 21 e afeta pessoas de todas as idades e em diversas fases da vidas. A <\/span><b>solid\u00e3o na velhice<\/b><span style=\"font-weight: 400;\"> \u00e9 muito comum, pois com a aposentadoria e poss\u00edvel afastamento da fam\u00edlia, os idosos acabam se desconectando do mundo que conheciam. Acontecimentos como a morte do(a) parceiro(a) ou a separa\u00e7\u00e3o podem fazer com que esses indiv\u00edduos escolham <\/span><a href=\"https:\/\/www.telavita.com.br\/blog\/ministerio-da-solidao\/\"><b>viver na solid\u00e3o<\/b><\/a><span style=\"font-weight: 400;\">. O problema tamb\u00e9m \u00e9 associado a dem\u00eancia, mortalidade prematura e press\u00e3o sangu\u00ednea alta.<\/span><\/p>\n<p><span style=\"font-weight: 400;\">\u201cOs <\/span><a href=\"https:\/\/brasil.elpais.com\/tag\/heterosexualidad\/a\/\"><b>heterossexuais<\/b><\/a><b> da terceira idade<\/b><span style=\"font-weight: 400;\"> est\u00e3o esquecidos, abandonados, postos de lado, segregados. Mas os<\/span> <a href=\"https:\/\/brasil.elpais.com\/tag\/ancianos\/a\"><b>idosos<\/b><\/a><b> LGBT <\/b><span style=\"font-weight: 400;\">s\u00e3o simplesmente invis\u00edveis. Ningu\u00e9m sabe que n\u00f3s existimos. Queremos satisfazer a mais b\u00e1sica das necessidades: acabar com a solid\u00e3o e podermos nos reunir como uma grande fam\u00edlia\u201d, conta Samantha Flores, de 84 anos, em entrevista ao El Pa\u00eds. Ela \u00e9<\/span> <a href=\"https:\/\/brasil.elpais.com\/tag\/transexuales\/a\"><b>transexual<\/b><\/a><b>, ativista e criadora do centro de conviv\u00eancia<\/b><span style=\"font-weight: 400;\"> para <\/span><b>idosos gays <\/b><span style=\"font-weight: 400;\">na Cidade do M\u00e9xico.<\/span><\/p>\n<p><span style=\"font-weight: 400;\">A depress\u00e3o em idosos homossexuais tamb\u00e9m pode ser comum por conta dos in\u00fameros traumas, tristeza, nega\u00e7\u00f5es e viol\u00eancia que sofreram ao longo da vida. <\/span><span style=\"font-weight: 400;\">A <\/span><b>depress\u00e3o <\/b><span style=\"font-weight: 400;\">j\u00e1 atinge <\/span><b>400 milh\u00f5es de pessoas em todo o mundo<\/b><span style=\"font-weight: 400;\">, segundo a <\/span><a href=\"http:\/\/www.who.int\/\"><span style=\"font-weight: 400;\">Organiza\u00e7\u00e3o Mundial da Sa\u00fade<\/span><\/a><span style=\"font-weight: 400;\">. Esse transtorno \u00e9 caracterizado pela <\/span><b>diminui\u00e7\u00e3o ou perda de interesse<\/b><span style=\"font-weight: 400;\"> pelas atividades di\u00e1rias, comprometendo n\u00e3o s\u00f3 a mente, mas tamb\u00e9m o corpo. Erroneamente tratada como tabu e sem a devida aten\u00e7\u00e3o, <\/span><b>depress\u00e3o \u00e9 doen\u00e7a<\/b><span style=\"font-weight: 400;\"> sim e precisa de tratamento.<\/span><\/p>\n<p><span style=\"font-weight: 400;\">Dentre os <\/span><b>sintomas iniciais da depress\u00e3o<\/b><span style=\"font-weight: 400;\"> est\u00e3o o cansa\u00e7o extremo, altera\u00e7\u00f5es no sono, <\/span><b>dificuldade de concentra\u00e7\u00e3o, irritabilidade, ang\u00fastia<\/b><span style=\"font-weight: 400;\"> e outros fatores que alteram muito o dia-a-dia e a sa\u00fade de quem sofre com a doen\u00e7a. E engana-se quem pensa que depress\u00e3o s\u00f3 atinge a cabe\u00e7a, pois ela est\u00e1 relacionada diretamente com <\/span><b>sintomas f\u00edsicos<\/b><span style=\"font-weight: 400;\"> e <\/span><b>males que prejudicam o corpo inteiro<\/b><span style=\"font-weight: 400;\">.<\/span><\/p>\n<p><span style=\"font-weight: 400;\">Al\u00e9m de sofrer preconceito pela sociedade e estar entre o p\u00fablico de risco das doen\u00e7as psicol\u00f3gicas, f\u00edsicas e da solid\u00e3o, os idosos LGBT muitas vezes n\u00e3o recebem apoio da fam\u00edlia e nem da pr\u00f3pria comunidade LGBT. Afinal, eles s\u00e3o idosos e o estere\u00f3tipo de incapacidade perpetua na comunidade tamb\u00e9m.<\/span><\/p>\n","protected":false},"excerpt":{"rendered":"<p>Um novo meme tomou conta das redes: o \u201cPrivilegiado, sim\u201d, uma s\u00e9rie de frases compostas por situa\u00e7\u00f5es cotidianas de quem tem algum tipo de privil\u00e9gio social. O meme teve origem no \u00e1udio de uma jovem que afirma \u201cMeu pai \u00e9, sim, empres\u00e1rio. Eu trabalhei, sim, com o meu pai. E se eu continuei trabalhando com [&hellip;]<\/p>\n","protected":false},"author":8,"featured_media":5186,"comment_status":"open","ping_status":"open","sticky":false,"template":"","format":"standard","meta":{"_lmt_disableupdate":"no","_lmt_disable":"no","footnotes":""},"categories":[253],"tags":[],"yoast_head":"<!-- This site is optimized with the Yoast SEO plugin v19.8 - https:\/\/yoast.com\/wordpress\/plugins\/seo\/ -->\n<title>Envelhecimento do Casal Gay: Idoso e Homossexual - Duplo Preconceito<\/title>\n<meta name=\"description\" content=\"Casal gay sofre preconceito na vida devido as barreiras sociais. Imagine a situa\u00e7\u00e3o de ser idoso e homossexual. O duplo preconceito \u00e9 vis\u00edvel na sociedade.\" \/>\n<meta name=\"robots\" content=\"index, follow, max-snippet:-1, max-image-preview:large, max-video-preview:-1\" \/>\n<link rel=\"canonical\" href=\"https:\/\/www.telavita.com.br\/blog\/idoso-e-homossexual\/\" \/>\n<meta property=\"og:locale\" content=\"pt_BR\" \/>\n<meta property=\"og:type\" content=\"article\" \/>\n<meta property=\"og:title\" content=\"Envelhecimento do Casal Gay: Idoso e Homossexual - Duplo Preconceito\" \/>\n<meta property=\"og:description\" content=\"Casal gay sofre preconceito na vida devido as barreiras sociais. Imagine a situa\u00e7\u00e3o de ser idoso e homossexual. O duplo preconceito \u00e9 vis\u00edvel na sociedade.\" \/>\n<meta property=\"og:url\" content=\"https:\/\/www.telavita.com.br\/blog\/idoso-e-homossexual\/\" \/>\n<meta property=\"og:site_name\" content=\"Telavita\" \/>\n<meta property=\"article:publisher\" content=\"https:\/\/www.facebook.com\/Telavita\" \/>\n<meta property=\"article:published_time\" content=\"2019-05-25T11:24:10+00:00\" \/>\n<meta property=\"article:modified_time\" content=\"2025-12-08T20:34:01+00:00\" \/>\n<meta property=\"og:image\" content=\"https:\/\/www.telavita.com.br\/blog\/wp-content\/uploads\/2019\/05\/idoso-e-homossexual.jpg\" \/>\n\t<meta property=\"og:image:width\" content=\"900\" \/>\n\t<meta property=\"og:image:height\" content=\"560\" \/>\n\t<meta property=\"og:image:type\" content=\"image\/jpeg\" \/>\n<meta name=\"author\" content=\"Juliana Sonsin\" \/>\n<meta name=\"twitter:card\" content=\"summary_large_image\" \/>\n<meta name=\"twitter:label1\" content=\"Escrito por\" \/>\n\t<meta name=\"twitter:data1\" content=\"Juliana Sonsin\" \/>\n\t<meta name=\"twitter:label2\" content=\"Est. tempo de leitura\" \/>\n\t<meta name=\"twitter:data2\" content=\"7 minutos\" \/>\n<!-- \/ Yoast SEO plugin. -->","yoast_head_json":{"title":"Envelhecimento do Casal Gay: Idoso e Homossexual - Duplo Preconceito","description":"Casal gay sofre preconceito na vida devido as barreiras sociais. Imagine a situa\u00e7\u00e3o de ser idoso e homossexual. O duplo preconceito \u00e9 vis\u00edvel na sociedade.","robots":{"index":"index","follow":"follow","max-snippet":"max-snippet:-1","max-image-preview":"max-image-preview:large","max-video-preview":"max-video-preview:-1"},"canonical":"https:\/\/www.telavita.com.br\/blog\/idoso-e-homossexual\/","og_locale":"pt_BR","og_type":"article","og_title":"Envelhecimento do Casal Gay: Idoso e Homossexual - Duplo Preconceito","og_description":"Casal gay sofre preconceito na vida devido as barreiras sociais. Imagine a situa\u00e7\u00e3o de ser idoso e homossexual. O duplo preconceito \u00e9 vis\u00edvel na sociedade.","og_url":"https:\/\/www.telavita.com.br\/blog\/idoso-e-homossexual\/","og_site_name":"Telavita","article_publisher":"https:\/\/www.facebook.com\/Telavita","article_published_time":"2019-05-25T11:24:10+00:00","article_modified_time":"2025-12-08T20:34:01+00:00","og_image":[{"width":900,"height":560,"url":"https:\/\/www.telavita.com.br\/blog\/wp-content\/uploads\/2019\/05\/idoso-e-homossexual.jpg","type":"image\/jpeg"}],"author":"Juliana Sonsin","twitter_card":"summary_large_image","twitter_misc":{"Escrito por":"Juliana Sonsin","Est. tempo de leitura":"7 minutos"},"schema":{"@context":"https:\/\/schema.org","@graph":[{"@type":"Article","@id":"https:\/\/www.telavita.com.br\/blog\/idoso-e-homossexual\/#article","isPartOf":{"@id":"https:\/\/www.telavita.com.br\/blog\/idoso-e-homossexual\/"},"author":{"name":"Juliana Sonsin","@id":"https:\/\/www.telavita.com.br\/blog\/#\/schema\/person\/c9d2f268651fd6d6bf440495dd23b40e"},"headline":"Envelhecimento do casal gay e o duplo preconceito","datePublished":"2019-05-25T11:24:10+00:00","dateModified":"2025-12-08T20:34:01+00:00","mainEntityOfPage":{"@id":"https:\/\/www.telavita.com.br\/blog\/idoso-e-homossexual\/"},"wordCount":1454,"commentCount":1,"publisher":{"@id":"https:\/\/www.telavita.com.br\/blog\/#organization"},"articleSection":["Fam\u00edlia"],"inLanguage":"pt-BR","potentialAction":[{"@type":"CommentAction","name":"Comment","target":["https:\/\/www.telavita.com.br\/blog\/idoso-e-homossexual\/#respond"]}]},{"@type":"WebPage","@id":"https:\/\/www.telavita.com.br\/blog\/idoso-e-homossexual\/","url":"https:\/\/www.telavita.com.br\/blog\/idoso-e-homossexual\/","name":"Envelhecimento do Casal Gay: Idoso e Homossexual - Duplo Preconceito","isPartOf":{"@id":"https:\/\/www.telavita.com.br\/blog\/#website"},"datePublished":"2019-05-25T11:24:10+00:00","dateModified":"2025-12-08T20:34:01+00:00","description":"Casal gay sofre preconceito na vida devido as barreiras sociais. Imagine a situa\u00e7\u00e3o de ser idoso e homossexual. O duplo preconceito \u00e9 vis\u00edvel na sociedade.","breadcrumb":{"@id":"https:\/\/www.telavita.com.br\/blog\/idoso-e-homossexual\/#breadcrumb"},"inLanguage":"pt-BR","potentialAction":[{"@type":"ReadAction","target":["https:\/\/www.telavita.com.br\/blog\/idoso-e-homossexual\/"]}]},{"@type":"BreadcrumbList","@id":"https:\/\/www.telavita.com.br\/blog\/idoso-e-homossexual\/#breadcrumb","itemListElement":[{"@type":"ListItem","position":1,"name":"In\u00edcio","item":"https:\/\/www.telavita.com.br\/blog\/"},{"@type":"ListItem","position":2,"name":"Envelhecimento do casal gay e o duplo preconceito"}]},{"@type":"WebSite","@id":"https:\/\/www.telavita.com.br\/blog\/#website","url":"https:\/\/www.telavita.com.br\/blog\/","name":"Telavita","description":"Conte\u00fados especializados sobre sa\u00fade mental e bem-estar","publisher":{"@id":"https:\/\/www.telavita.com.br\/blog\/#organization"},"potentialAction":[{"@type":"SearchAction","target":{"@type":"EntryPoint","urlTemplate":"https:\/\/www.telavita.com.br\/blog\/?s={search_term_string}"},"query-input":"required name=search_term_string"}],"inLanguage":"pt-BR"},{"@type":"Organization","@id":"https:\/\/www.telavita.com.br\/blog\/#organization","name":"Telavita","url":"https:\/\/www.telavita.com.br\/blog\/","sameAs":["https:\/\/www.linkedin.com\/company\/telavita\/mycompany\/verification\/","https:\/\/www.instagram.com\/telavita\/","https:\/\/www.facebook.com\/Telavita"],"logo":{"@type":"ImageObject","inLanguage":"pt-BR","@id":"https:\/\/www.telavita.com.br\/blog\/#\/schema\/logo\/image\/","url":"https:\/\/www.telavita.com.br\/blog\/wp-content\/uploads\/2021\/05\/telavita.jpg","contentUrl":"https:\/\/www.telavita.com.br\/blog\/wp-content\/uploads\/2021\/05\/telavita.jpg","width":200,"height":200,"caption":"Telavita"},"image":{"@id":"https:\/\/www.telavita.com.br\/blog\/#\/schema\/logo\/image\/"}},{"@type":"Person","@id":"https:\/\/www.telavita.com.br\/blog\/#\/schema\/person\/c9d2f268651fd6d6bf440495dd23b40e","name":"Juliana Sonsin","image":{"@type":"ImageObject","inLanguage":"pt-BR","@id":"https:\/\/www.telavita.com.br\/blog\/#\/schema\/person\/image\/","url":"https:\/\/secure.gravatar.com\/avatar\/dfb14c6228cdf7312fea984efc84d04e?s=96&d=mm&r=g","contentUrl":"https:\/\/secure.gravatar.com\/avatar\/dfb14c6228cdf7312fea984efc84d04e?s=96&d=mm&r=g","caption":"Juliana Sonsin"},"description":"Jornalista formada pela Faculdade C\u00e1sper Libero e especializada em sa\u00fade. Apaixonada por escrever roteiros de v\u00eddeos, produzir (e assistir) document\u00e1rios e ler sobre tudo um pouco. Acredito no jornalismo \u00e9tico como um meio de trazer ao p\u00fablico informa\u00e7\u00f5es e hist\u00f3rias que valem a pena serem contadas. Gosto de viajar, fazer yoga e assistir s\u00e9ries.","url":"https:\/\/www.telavita.com.br\/blog\/author\/juliana-sonsin\/"}]}},"modified_by":"Marcelo Vilas Boas","_links":{"self":[{"href":"https:\/\/www.telavita.com.br\/blog\/wp-json\/wp\/v2\/posts\/5058"}],"collection":[{"href":"https:\/\/www.telavita.com.br\/blog\/wp-json\/wp\/v2\/posts"}],"about":[{"href":"https:\/\/www.telavita.com.br\/blog\/wp-json\/wp\/v2\/types\/post"}],"author":[{"embeddable":true,"href":"https:\/\/www.telavita.com.br\/blog\/wp-json\/wp\/v2\/users\/8"}],"replies":[{"embeddable":true,"href":"https:\/\/www.telavita.com.br\/blog\/wp-json\/wp\/v2\/comments?post=5058"}],"version-history":[{"count":5,"href":"https:\/\/www.telavita.com.br\/blog\/wp-json\/wp\/v2\/posts\/5058\/revisions"}],"predecessor-version":[{"id":9650,"href":"https:\/\/www.telavita.com.br\/blog\/wp-json\/wp\/v2\/posts\/5058\/revisions\/9650"}],"wp:featuredmedia":[{"embeddable":true,"href":"https:\/\/www.telavita.com.br\/blog\/wp-json\/wp\/v2\/media\/5186"}],"wp:attachment":[{"href":"https:\/\/www.telavita.com.br\/blog\/wp-json\/wp\/v2\/media?parent=5058"}],"wp:term":[{"taxonomy":"category","embeddable":true,"href":"https:\/\/www.telavita.com.br\/blog\/wp-json\/wp\/v2\/categories?post=5058"},{"taxonomy":"post_tag","embeddable":true,"href":"https:\/\/www.telavita.com.br\/blog\/wp-json\/wp\/v2\/tags?post=5058"}],"curies":[{"name":"wp","href":"https:\/\/api.w.org\/{rel}","templated":true}]}}