{"id":5171,"date":"2019-06-03T10:15:19","date_gmt":"2019-06-03T13:15:19","guid":{"rendered":"https:\/\/www.telavita.com.br\/blog\/?p=5171"},"modified":"2025-12-08T18:54:53","modified_gmt":"2025-12-08T20:54:53","slug":"alimentacao-saudavel-na-saude-mental","status":"publish","type":"post","link":"https:\/\/www.telavita.com.br\/blog\/alimentacao-saudavel-na-saude-mental\/","title":{"rendered":"A influ\u00eancia da alimenta\u00e7\u00e3o saud\u00e1vel na sa\u00fade mental"},"content":{"rendered":"<p><span style=\"font-weight: 400;\">Somos o que comemos. Apesar de ser um chav\u00e3o, a frase popular possui a sua verdade. A alimenta\u00e7\u00e3o influencia a nossa sa\u00fade, por\u00e9m \u2013 ao contr\u00e1rio do que \u00e9 imaginado pela maioria \u2013 <\/span><b>ela n\u00e3o reflete somente na condi\u00e7\u00e3o f\u00edsica.<\/b><span style=\"font-weight: 400;\"> A alimenta\u00e7\u00e3o saud\u00e1vel para a sa\u00fade<\/span> <span style=\"font-weight: 400;\">mental \u00e9 tamb\u00e9m de grande impacto.<\/span><\/p>\n<p><span style=\"font-weight: 400;\">Possuir uma boa alimenta\u00e7\u00e3o pode, inclusive, ajudar na<\/span> <a href=\"https:\/\/www.telavita.com.br\/blog\/transtornos-mentais-comuns\/\"><b>recupera\u00e7\u00e3o de transtornos mentais<\/b><\/a>,<span style=\"font-weight: 400;\"> como ansiedade e depress\u00e3o. Segundo a endocrinologista,<\/span><b> Cintia Cercato<\/b><span style=\"font-weight: 400;\">,<\/span><i><span style=\"font-weight: 400;\"> \u201cPesquisas apontam que indiv\u00edduos que possuem um padr\u00e3o de dieta saud\u00e1vel s\u00e3o capazes de reduzir 16% o risco de transtorno depressivo\u201d.<\/span><\/i><\/p>\n<p><span style=\"font-weight: 400;\">De acordo com a especialista, uma alimenta\u00e7\u00e3o saud\u00e1vel composta por alto consumo de frutas, vegetais, gr\u00e3os integrais, carnes magras e peixe, e produtos l\u00e1cteos desnatados pode <\/span><b>garantir uma melhor sa\u00fade mental.<\/b><\/p>\n<h2><b>Import\u00e2ncia da alimenta\u00e7\u00e3o saud\u00e1vel na sa\u00fade mental<\/b><\/h2>\n<p><span style=\"font-weight: 400;\">A comida impacta nosso c\u00e9rebro, cogni\u00e7\u00e3o e estado emocional. <\/span><b>Alimenta\u00e7\u00e3o saud\u00e1vel \u00e9 <a href=\"https:\/\/www.telavita.com.br\/blog\/qualidade-de-vida\/\">qualidade de vida<\/a><\/b><span style=\"font-weight: 400;\">. Uma dieta com a combina\u00e7\u00e3o certa de vitaminas, minerais, \u00f3leos e gorduras saud\u00e1veis pode ajudar a melhorar nossas fun\u00e7\u00f5es cerebrais, n\u00edveis de energia, mem\u00f3ria, al\u00e9m de<\/span><b> controlar as emo\u00e7\u00f5es.<\/b><\/p>\n<p><span style=\"font-weight: 400;\">Nesse sentido, uma pesquisa divulgada na revista <\/span><b>BMJ Open<\/b><span style=\"font-weight: 400;\"> apontou que a alimenta\u00e7\u00e3o saud\u00e1vel na sa\u00fade mental est\u00e1 ligada ao consumo de frutas e vegetais. Dessa forma, segundo os pesquisadores<\/span><i><span style=\"font-weight: 400;\">:<\/span><\/i><\/p>\n<p><i><span style=\"font-weight: 400;\">&#8220;Essas novas descobertas sugerem que a ingest\u00e3o de frutas e vegetais pode desempenhar um papel potencial como um fator n\u00e3o apenas f\u00edsico, mas tamb\u00e9m de bem-estar mental na popula\u00e7\u00e3o em geral\u201d.<\/span><\/i><\/p>\n<h2><b>Benef\u00edcios de ter uma boa alimenta\u00e7\u00e3o<\/b><\/h2>\n<p><span style=\"font-weight: 400;\">\u00c9 poss\u00edvel que uma melhora na alimenta\u00e7\u00e3o v\u00e1 al\u00e9m do<\/span> <a href=\"https:\/\/www.telavita.com.br\/blog\/rotina-de-autocuidado\/\"><b>bem-estar mental.<\/b><\/a><span style=\"font-weight: 400;\"> Tendo isso em vista, um estudo <\/span><a href=\"https:\/\/www.ncbi.nlm.nih.gov\/pmc\/articles\/PMC6115820\/\"><b>publicado na revista Nutrients<\/b><\/a><span style=\"font-weight: 400;\"> analisou estudantes universit\u00e1rios e os seus h\u00e1bitos alimentares \u2013 e os resultados foram surpreendentes.\u00a0<\/span><\/p>\n<p><span style=\"font-weight: 400;\">Segundo os dados da pesquisa, uma <\/span><b>boa alimenta\u00e7\u00e3o saud\u00e1vel<\/b><span style=\"font-weight: 400;\"> pode melhorar os sintomas de transtornos mentais e at\u00e9 <\/span><b>melhorar o sucesso acad\u00eamico dos alunos. <\/b><span style=\"font-weight: 400;\">Por outro lado, a <\/span><b>alimenta\u00e7\u00e3o inadequada<\/b><span style=\"font-weight: 400;\"> pode causar ou agravar s\u00e9rias condi\u00e7\u00f5es de sa\u00fade.<\/span><a href=\"https:\/\/www.ncbi.nlm.nih.gov\/pmc\/articles\/PMC4167107\/\"><span style=\"font-weight: 400;\">\u00a0<\/span><\/a><\/p>\n<p><a href=\"https:\/\/www.ncbi.nlm.nih.gov\/pmc\/articles\/PMC4167107\/\"><b>Uma revis\u00e3o de diversas pesquisas<\/b><\/a> <span style=\"font-weight: 400;\">constatou que uma dieta pobre (com altos n\u00edveis de gordura saturada, carboidratos refinados e alimentos processados) est\u00e1 ligada \u00e0 uma <\/span><b>pior sa\u00fade mental em crian\u00e7as e adolescentes.<\/b><\/p>\n<h2><b>Boa alimenta\u00e7\u00e3o substitui o tratamento psicol\u00f3gico?<\/b><\/h2>\n<p><b>Alimenta\u00e7\u00e3o e sa\u00fade<\/b><span style=\"font-weight: 400;\"> andam lado a lado, j\u00e1 sabemos disso. Por\u00e9m, mudar o seu padr\u00e3o alimentar n\u00e3o se traduz em uma cura para os transtornos psicol\u00f3gicos. De acordo com <\/span><b>Kelly Matheson<\/b><span style=\"font-weight: 400;\">, nutricionista especializada em dietas da <\/span><b>Centre for Addiction and Mental Health<\/b><span style=\"font-weight: 400;\">, ainda h\u00e1 um longo caminho a percorrer quando tratamos de doen\u00e7as mentais.<\/span><\/p>\n<p><span style=\"font-weight: 400;\">\u201cMe perguntam muito, &#8216;Bem, se eu comer os alimentos certos, posso n\u00e3o tomar meu rem\u00e9dio?&#8217;, e a resposta \u00e9 <\/span><b>n\u00e3o.<\/b><span style=\"font-weight: 400;\"> Muito do que estamos falando \u00e9 cuidar da nossa sa\u00fade mental no geral, mas quando se trata de depress\u00e3o ou esquizofrenia, n\u00e3o podemos dizer que isso vai curar voc\u00ea, relata Matheson.<\/span><\/p>\n<p><span style=\"font-weight: 400;\">Dessa forma, \u00e9 importante frisar:<\/span><b> a comida sozinha n\u00e3o conserta os problemas de sa\u00fade mental.<\/b><span style=\"font-weight: 400;\"> Entretanto, ela \u00e9 uma parte importante da nossa vida e que devemos tomar conta dela. A qualidade dos alimentos que ingerimos interfere no nosso humor e energia e est\u00e1 frequentemente envolvida em <\/span><b>gatilhos ou sintomas relacionados \u00e0 doen\u00e7a mental.<\/b><\/p>\n<h2><b>Psicologia online: alternativa pr\u00e1tica<\/b><\/h2>\n<p><b>Como manter uma boa sa\u00fade mental, ent\u00e3o?<\/b><span style=\"font-weight: 400;\"> Nos casos em que h\u00e1 suspeita de algum transtorno mental, \u00e9 fundamental procurar ajuda de especialistas. O tratamento psicol\u00f3gico atuar\u00e1 pr\u00f3ximo ao paciente para reduzir os sintomas indesejados e<\/span><b> descobrir os gatilhos mentais que causam o sofrimento.<\/b><\/p>\n<p><span style=\"font-weight: 400;\">Ali\u00e1s, hoje em dia nem \u00e9 mais preciso realizar o atendimento presencial. J\u00e1 existem empresas, como a <\/span><b>Telavita<\/b><span style=\"font-weight: 400;\">, que oferecem o <\/span><a href=\"https:\/\/www.telavita.com.br\/blog\/psicologia-online-e-saude-mental\/\"><b>servi\u00e7o de psicologia online<\/b><\/a><span style=\"font-weight: 400;\"> e disponibilizam psic\u00f3logos para atend\u00ea-lo no conforto da sua casa.<\/span><\/p>\n<span class='mb-center maxbutton-4-center'><span class='maxbutton-4-container mb-container'><a class=\"maxbutton-4 maxbutton maxbutton-manda-para-o-catalogo-de-psicologos\" href=\"https:\/\/app.telavita.com.br\/psicologia-online\/encontre-seu-psicologo\"><span class='mb-text'>Encontre seu psic\u00f3logo online<\/span><\/a><\/span><\/span>\n","protected":false},"excerpt":{"rendered":"<p>Somos o que comemos. Apesar de ser um chav\u00e3o, a frase popular possui a sua verdade. A alimenta\u00e7\u00e3o influencia a nossa sa\u00fade, por\u00e9m \u2013 ao contr\u00e1rio do que \u00e9 imaginado pela maioria \u2013 ela n\u00e3o reflete somente na condi\u00e7\u00e3o f\u00edsica. A alimenta\u00e7\u00e3o saud\u00e1vel para a sa\u00fade mental \u00e9 tamb\u00e9m de grande impacto. Possuir uma boa [&hellip;]<\/p>\n","protected":false},"author":11,"featured_media":5249,"comment_status":"open","ping_status":"open","sticky":false,"template":"","format":"standard","meta":{"_lmt_disableupdate":"no","_lmt_disable":"no","footnotes":""},"categories":[273],"tags":[],"yoast_head":"<!-- This site is optimized with the Yoast SEO plugin v19.8 - https:\/\/yoast.com\/wordpress\/plugins\/seo\/ -->\n<title>O impacto da alimenta\u00e7\u00e3o saud\u00e1vel na sa\u00fade mental l Telavita<\/title>\n<meta name=\"description\" content=\"Uma dieta rica em nutrientes pode mudar para melhor nossa rotina. Saiba o impacto da alimenta\u00e7\u00e3o saud\u00e1vel na sa\u00fade mental\" \/>\n<meta name=\"robots\" content=\"index, follow, max-snippet:-1, max-image-preview:large, max-video-preview:-1\" \/>\n<link rel=\"canonical\" href=\"https:\/\/www.telavita.com.br\/blog\/alimentacao-saudavel-na-saude-mental\/\" \/>\n<meta property=\"og:locale\" content=\"pt_BR\" \/>\n<meta property=\"og:type\" content=\"article\" \/>\n<meta property=\"og:title\" content=\"O impacto da alimenta\u00e7\u00e3o saud\u00e1vel na sa\u00fade mental l Telavita\" \/>\n<meta property=\"og:description\" content=\"Uma dieta rica em nutrientes pode mudar para melhor nossa rotina. Saiba o impacto da alimenta\u00e7\u00e3o saud\u00e1vel na sa\u00fade mental\" \/>\n<meta property=\"og:url\" content=\"https:\/\/www.telavita.com.br\/blog\/alimentacao-saudavel-na-saude-mental\/\" \/>\n<meta property=\"og:site_name\" content=\"Telavita\" \/>\n<meta property=\"article:publisher\" content=\"https:\/\/www.facebook.com\/Telavita\" \/>\n<meta property=\"article:published_time\" content=\"2019-06-03T13:15:19+00:00\" \/>\n<meta property=\"article:modified_time\" content=\"2025-12-08T20:54:53+00:00\" \/>\n<meta property=\"og:image\" content=\"https:\/\/www.telavita.com.br\/blog\/wp-content\/uploads\/2019\/06\/aliemntacao-saudavel-na-saude-mental.jpg\" \/>\n\t<meta property=\"og:image:width\" content=\"900\" \/>\n\t<meta property=\"og:image:height\" content=\"560\" \/>\n\t<meta property=\"og:image:type\" content=\"image\/jpeg\" \/>\n<meta name=\"author\" content=\"Telavita\" \/>\n<meta name=\"twitter:card\" content=\"summary_large_image\" \/>\n<meta name=\"twitter:label1\" content=\"Escrito por\" \/>\n\t<meta name=\"twitter:data1\" content=\"Telavita\" \/>\n\t<meta name=\"twitter:label2\" content=\"Est. tempo de leitura\" \/>\n\t<meta name=\"twitter:data2\" content=\"4 minutos\" \/>\n<!-- \/ Yoast SEO plugin. -->","yoast_head_json":{"title":"O impacto da alimenta\u00e7\u00e3o saud\u00e1vel na sa\u00fade mental l Telavita","description":"Uma dieta rica em nutrientes pode mudar para melhor nossa rotina. Saiba o impacto da alimenta\u00e7\u00e3o saud\u00e1vel na sa\u00fade mental","robots":{"index":"index","follow":"follow","max-snippet":"max-snippet:-1","max-image-preview":"max-image-preview:large","max-video-preview":"max-video-preview:-1"},"canonical":"https:\/\/www.telavita.com.br\/blog\/alimentacao-saudavel-na-saude-mental\/","og_locale":"pt_BR","og_type":"article","og_title":"O impacto da alimenta\u00e7\u00e3o saud\u00e1vel na sa\u00fade mental l Telavita","og_description":"Uma dieta rica em nutrientes pode mudar para melhor nossa rotina. Saiba o impacto da alimenta\u00e7\u00e3o saud\u00e1vel na sa\u00fade mental","og_url":"https:\/\/www.telavita.com.br\/blog\/alimentacao-saudavel-na-saude-mental\/","og_site_name":"Telavita","article_publisher":"https:\/\/www.facebook.com\/Telavita","article_published_time":"2019-06-03T13:15:19+00:00","article_modified_time":"2025-12-08T20:54:53+00:00","og_image":[{"width":900,"height":560,"url":"https:\/\/www.telavita.com.br\/blog\/wp-content\/uploads\/2019\/06\/aliemntacao-saudavel-na-saude-mental.jpg","type":"image\/jpeg"}],"author":"Telavita","twitter_card":"summary_large_image","twitter_misc":{"Escrito por":"Telavita","Est. tempo de leitura":"4 minutos"},"schema":{"@context":"https:\/\/schema.org","@graph":[{"@type":"Article","@id":"https:\/\/www.telavita.com.br\/blog\/alimentacao-saudavel-na-saude-mental\/#article","isPartOf":{"@id":"https:\/\/www.telavita.com.br\/blog\/alimentacao-saudavel-na-saude-mental\/"},"author":{"name":"Telavita","@id":"https:\/\/www.telavita.com.br\/blog\/#\/schema\/person\/365e554815ae72366924ab1f2b06fdaa"},"headline":"A influ\u00eancia da alimenta\u00e7\u00e3o saud\u00e1vel na sa\u00fade mental","datePublished":"2019-06-03T13:15:19+00:00","dateModified":"2025-12-08T20:54:53+00:00","mainEntityOfPage":{"@id":"https:\/\/www.telavita.com.br\/blog\/alimentacao-saudavel-na-saude-mental\/"},"wordCount":688,"commentCount":0,"publisher":{"@id":"https:\/\/www.telavita.com.br\/blog\/#organization"},"articleSection":["Comportamento"],"inLanguage":"pt-BR","potentialAction":[{"@type":"CommentAction","name":"Comment","target":["https:\/\/www.telavita.com.br\/blog\/alimentacao-saudavel-na-saude-mental\/#respond"]}]},{"@type":"WebPage","@id":"https:\/\/www.telavita.com.br\/blog\/alimentacao-saudavel-na-saude-mental\/","url":"https:\/\/www.telavita.com.br\/blog\/alimentacao-saudavel-na-saude-mental\/","name":"O impacto da alimenta\u00e7\u00e3o saud\u00e1vel na sa\u00fade mental l Telavita","isPartOf":{"@id":"https:\/\/www.telavita.com.br\/blog\/#website"},"datePublished":"2019-06-03T13:15:19+00:00","dateModified":"2025-12-08T20:54:53+00:00","description":"Uma dieta rica em nutrientes pode mudar para melhor nossa rotina. Saiba o impacto da alimenta\u00e7\u00e3o saud\u00e1vel na sa\u00fade mental","breadcrumb":{"@id":"https:\/\/www.telavita.com.br\/blog\/alimentacao-saudavel-na-saude-mental\/#breadcrumb"},"inLanguage":"pt-BR","potentialAction":[{"@type":"ReadAction","target":["https:\/\/www.telavita.com.br\/blog\/alimentacao-saudavel-na-saude-mental\/"]}]},{"@type":"BreadcrumbList","@id":"https:\/\/www.telavita.com.br\/blog\/alimentacao-saudavel-na-saude-mental\/#breadcrumb","itemListElement":[{"@type":"ListItem","position":1,"name":"In\u00edcio","item":"https:\/\/www.telavita.com.br\/blog\/"},{"@type":"ListItem","position":2,"name":"A influ\u00eancia da alimenta\u00e7\u00e3o saud\u00e1vel na sa\u00fade mental"}]},{"@type":"WebSite","@id":"https:\/\/www.telavita.com.br\/blog\/#website","url":"https:\/\/www.telavita.com.br\/blog\/","name":"Telavita","description":"Conte\u00fados especializados sobre sa\u00fade mental e bem-estar","publisher":{"@id":"https:\/\/www.telavita.com.br\/blog\/#organization"},"potentialAction":[{"@type":"SearchAction","target":{"@type":"EntryPoint","urlTemplate":"https:\/\/www.telavita.com.br\/blog\/?s={search_term_string}"},"query-input":"required name=search_term_string"}],"inLanguage":"pt-BR"},{"@type":"Organization","@id":"https:\/\/www.telavita.com.br\/blog\/#organization","name":"Telavita","url":"https:\/\/www.telavita.com.br\/blog\/","sameAs":["https:\/\/www.linkedin.com\/company\/telavita\/mycompany\/verification\/","https:\/\/www.instagram.com\/telavita\/","https:\/\/www.facebook.com\/Telavita"],"logo":{"@type":"ImageObject","inLanguage":"pt-BR","@id":"https:\/\/www.telavita.com.br\/blog\/#\/schema\/logo\/image\/","url":"https:\/\/www.telavita.com.br\/blog\/wp-content\/uploads\/2021\/05\/telavita.jpg","contentUrl":"https:\/\/www.telavita.com.br\/blog\/wp-content\/uploads\/2021\/05\/telavita.jpg","width":200,"height":200,"caption":"Telavita"},"image":{"@id":"https:\/\/www.telavita.com.br\/blog\/#\/schema\/logo\/image\/"}},{"@type":"Person","@id":"https:\/\/www.telavita.com.br\/blog\/#\/schema\/person\/365e554815ae72366924ab1f2b06fdaa","name":"Telavita","image":{"@type":"ImageObject","inLanguage":"pt-BR","@id":"https:\/\/www.telavita.com.br\/blog\/#\/schema\/person\/image\/","url":"https:\/\/secure.gravatar.com\/avatar\/ac2e61ce00e3238eb646b649fdcae5e4?s=96&d=mm&r=g","contentUrl":"https:\/\/secure.gravatar.com\/avatar\/ac2e61ce00e3238eb646b649fdcae5e4?s=96&d=mm&r=g","caption":"Telavita"},"url":"https:\/\/www.telavita.com.br\/blog\/author\/telavita\/"}]}},"modified_by":"Marcelo Vilas Boas","_links":{"self":[{"href":"https:\/\/www.telavita.com.br\/blog\/wp-json\/wp\/v2\/posts\/5171"}],"collection":[{"href":"https:\/\/www.telavita.com.br\/blog\/wp-json\/wp\/v2\/posts"}],"about":[{"href":"https:\/\/www.telavita.com.br\/blog\/wp-json\/wp\/v2\/types\/post"}],"author":[{"embeddable":true,"href":"https:\/\/www.telavita.com.br\/blog\/wp-json\/wp\/v2\/users\/11"}],"replies":[{"embeddable":true,"href":"https:\/\/www.telavita.com.br\/blog\/wp-json\/wp\/v2\/comments?post=5171"}],"version-history":[{"count":10,"href":"https:\/\/www.telavita.com.br\/blog\/wp-json\/wp\/v2\/posts\/5171\/revisions"}],"predecessor-version":[{"id":9664,"href":"https:\/\/www.telavita.com.br\/blog\/wp-json\/wp\/v2\/posts\/5171\/revisions\/9664"}],"wp:featuredmedia":[{"embeddable":true,"href":"https:\/\/www.telavita.com.br\/blog\/wp-json\/wp\/v2\/media\/5249"}],"wp:attachment":[{"href":"https:\/\/www.telavita.com.br\/blog\/wp-json\/wp\/v2\/media?parent=5171"}],"wp:term":[{"taxonomy":"category","embeddable":true,"href":"https:\/\/www.telavita.com.br\/blog\/wp-json\/wp\/v2\/categories?post=5171"},{"taxonomy":"post_tag","embeddable":true,"href":"https:\/\/www.telavita.com.br\/blog\/wp-json\/wp\/v2\/tags?post=5171"}],"curies":[{"name":"wp","href":"https:\/\/api.w.org\/{rel}","templated":true}]}}